{"id":20564,"date":"2023-05-16T17:09:39","date_gmt":"2023-05-16T21:09:39","guid":{"rendered":"http:\/\/cenal.gob.ve\/?p=20564"},"modified":"2023-05-16T17:57:27","modified_gmt":"2023-05-16T21:57:27","slug":"la-18a-filven-llego-a-falcon","status":"publish","type":"post","link":"https:\/\/cenal.gob.ve\/?p=20564","title":{"rendered":"La 18\u00aa Filven lleg\u00f3 a Falc\u00f3n"},"content":{"rendered":"\n<p>La 18\u00aa Filven lleg\u00f3 este 16 de mayo al estado Falc\u00f3n, donde permanecer\u00e1 hasta el viernes 19 en el Centro Hist\u00f3rico de Coro, bajo el lema \u201cLeer descoloniza\u201d, con actividades en el Club Bol\u00edvar, la Casa del Sol y Balc\u00f3n de los Arcaya.<\/p>\n\n\n\n<p>El acto de inauguraci\u00f3n estuvo encabezado por el gobernador V\u00edctor Clark y el vicepresidente de Comunicaci\u00f3n, Cultura y Turismo y ministro del Poder Popular para la Comunicaci\u00f3n e Informaci\u00f3n, Freddy \u00d1a\u00f1ez, acompa\u00f1ados por el viceministro de Fomento para Econom\u00eda Cultural y presidente del Centro Nacional del Libro (Cenal), Ra\u00fal Cazal; la autoridad \u00fanica de Cultura de Falc\u00f3n, Inti Clark, y la escritora regional homenajeada, Mar\u00eda Elvira G\u00f3mez, quien es pedagoga y fil\u00f3sofa, autora, entre otros textos, de <em>Duendes, hadas y encantos de la sierra falconiana<\/em> (2010). Tambi\u00e9n asisti\u00f3 el alcalde de municipio Miranda, Henry Hern\u00e1ndez.<\/p>\n\n\n\n<p>El gobernador del estado Falc\u00f3n, V\u00edctor Clark, expres\u00f3 sus creencias en el poder de los libros y la lectura como un hecho de vida. &#8220;A trav\u00e9s de la lectura se define al hombre, su visi\u00f3n de vida y de lo que somos; seguro tendr\u00e1 un horizonte despejado&#8221;, dijo.<\/p>\n\n\n\n<figure class=\"wp-block-image size-large\"><img width=\"1024\" height=\"682\" src=\"http:\/\/cenal.gob.ve\/wp-content\/uploads\/2023\/05\/image-5-1-1024x682.png\" alt=\"\" class=\"wp-image-20580\" srcset=\"https:\/\/cenal.gob.ve\/wp-content\/uploads\/2023\/05\/image-5-1-1024x682.png 1024w, https:\/\/cenal.gob.ve\/wp-content\/uploads\/2023\/05\/image-5-1-300x200.png 300w, https:\/\/cenal.gob.ve\/wp-content\/uploads\/2023\/05\/image-5-1-768x512.png 768w, https:\/\/cenal.gob.ve\/wp-content\/uploads\/2023\/05\/image-5-1-640x427.png 640w, https:\/\/cenal.gob.ve\/wp-content\/uploads\/2023\/05\/image-5-1.png 1280w\" sizes=\"(max-width: 1024px) 100vw, 1024px\" \/><\/figure>\n\n\n\n<p>El mandatario regional asegur\u00f3 que no habr\u00e1 bloqueo ni sanciones que puedan con la voluntad de un pueblo de ser libre y culto.<\/p>\n\n\n\n<p>Por su parte, el ministro \u00d1\u00e1\u00f1ez, quien tambi\u00e9n asiste al encuentro literario para presentar su libro <em>Casa ajena<\/em> (\u00c9pica ediciones, Colombia), consider\u00f3 un gesto de esperanza y hero\u00edsmo el realizar anualmente la Filven.<\/p>\n\n\n\n<p>&#8220;A pesar de las guerras deshonestas contra Venezuela, no se ha detenido la fuerza de la Patria&#8221;, afirm\u00f3.<\/p>\n\n\n\n<figure class=\"wp-block-image size-full\"><img width=\"960\" height=\"640\" src=\"http:\/\/cenal.gob.ve\/wp-content\/uploads\/2023\/05\/Imagen-de-WhatsApp-2023-05-16-a-las-16.50.47.jpg\" alt=\"\" class=\"wp-image-20565\" srcset=\"https:\/\/cenal.gob.ve\/wp-content\/uploads\/2023\/05\/Imagen-de-WhatsApp-2023-05-16-a-las-16.50.47.jpg 960w, https:\/\/cenal.gob.ve\/wp-content\/uploads\/2023\/05\/Imagen-de-WhatsApp-2023-05-16-a-las-16.50.47-300x200.jpg 300w, https:\/\/cenal.gob.ve\/wp-content\/uploads\/2023\/05\/Imagen-de-WhatsApp-2023-05-16-a-las-16.50.47-768x512.jpg 768w, https:\/\/cenal.gob.ve\/wp-content\/uploads\/2023\/05\/Imagen-de-WhatsApp-2023-05-16-a-las-16.50.47-640x427.jpg 640w\" sizes=\"(max-width: 960px) 100vw, 960px\" \/><\/figure>\n\n\n\n<p>Dijo: \u201cCuando hablamos de una feria del libro, hablamos de todo un sistema social que nos mueve. Escritores, editores, lectores y una gran pol\u00edtica, nacional, regional y municipal que convergen en una sola voluntad, que es construir espacios de comunidad\u201d.<\/p>\n\n\n\n<p>El viceministro Ra\u00fal Cazal recalc\u00f3 que al ser un pa\u00eds editor, la producci\u00f3n editorial de Venezuela no solo se visibiliza en Caracas, sino en todo el territorio nacional, con la esperanza de que la palabra se mantenga, como sigue haci\u00e9ndose cada a\u00f1o en Falc\u00f3n.<\/p>\n\n\n\n<figure class=\"wp-block-image size-large\"><img width=\"1024\" height=\"682\" src=\"http:\/\/cenal.gob.ve\/wp-content\/uploads\/2023\/05\/image-2-1024x682.png\" alt=\"\" class=\"wp-image-20582\" srcset=\"https:\/\/cenal.gob.ve\/wp-content\/uploads\/2023\/05\/image-2-1024x682.png 1024w, https:\/\/cenal.gob.ve\/wp-content\/uploads\/2023\/05\/image-2-300x200.png 300w, https:\/\/cenal.gob.ve\/wp-content\/uploads\/2023\/05\/image-2-768x512.png 768w, https:\/\/cenal.gob.ve\/wp-content\/uploads\/2023\/05\/image-2-640x427.png 640w, https:\/\/cenal.gob.ve\/wp-content\/uploads\/2023\/05\/image-2.png 1280w\" sizes=\"(max-width: 1024px) 100vw, 1024px\" \/><\/figure>\n\n\n\n<p>La escritora homenajeada Mar\u00eda Elvira G\u00f3mez explic\u00f3 que ha desarrollado en su carrera como escritora la construcci\u00f3n de adivinanzas por su utilidad pedag\u00f3gica tanto en ni\u00f1os como adultos, pues constituyen un ejercicio constante de pensamiento l\u00f3gico.<\/p>\n\n\n\n<p>Por ello, manifest\u00f3 su satisfacci\u00f3n de mostrar por primera vez en esta feria su libro en versi\u00f3n impresa &#8220;<em>Las mil y una adivinanzas<\/em>&#8220;.<\/p>\n\n\n\n<figure class=\"wp-block-image size-large\"><img width=\"1024\" height=\"682\" src=\"http:\/\/cenal.gob.ve\/wp-content\/uploads\/2023\/05\/image-6-2-1024x682.png\" alt=\"\" class=\"wp-image-20576\" srcset=\"https:\/\/cenal.gob.ve\/wp-content\/uploads\/2023\/05\/image-6-2-1024x682.png 1024w, https:\/\/cenal.gob.ve\/wp-content\/uploads\/2023\/05\/image-6-2-300x200.png 300w, https:\/\/cenal.gob.ve\/wp-content\/uploads\/2023\/05\/image-6-2-768x512.png 768w, https:\/\/cenal.gob.ve\/wp-content\/uploads\/2023\/05\/image-6-2-640x427.png 640w, https:\/\/cenal.gob.ve\/wp-content\/uploads\/2023\/05\/image-6-2.png 1280w\" sizes=\"(max-width: 1024px) 100vw, 1024px\" \/><\/figure>\n\n\n\n<p><strong>M\u00e1s de 50 actividades<\/strong><\/p>\n\n\n\n<p>Los falconianos y falconianas podr\u00e1n disfrutar de una programaci\u00f3n con m\u00e1s de 50 actividades, entre bautizos y presentaciones de libros, conferencias, recitales de poes\u00eda, m\u00fasica, danza, foros, talleres, cine, teatro, cuentacuentos, t\u00edteres, gastronom\u00eda y artesan\u00eda, en un ambiente pensado para el encuentro creativo entre lectores y autores.<\/p>\n\n\n\n<figure class=\"wp-block-image size-full\"><img width=\"960\" height=\"640\" src=\"http:\/\/cenal.gob.ve\/wp-content\/uploads\/2023\/05\/Imagen-de-WhatsApp-2023-05-16-a-las-17.42.24-1.jpg\" alt=\"\" class=\"wp-image-20587\" srcset=\"https:\/\/cenal.gob.ve\/wp-content\/uploads\/2023\/05\/Imagen-de-WhatsApp-2023-05-16-a-las-17.42.24-1.jpg 960w, https:\/\/cenal.gob.ve\/wp-content\/uploads\/2023\/05\/Imagen-de-WhatsApp-2023-05-16-a-las-17.42.24-1-300x200.jpg 300w, https:\/\/cenal.gob.ve\/wp-content\/uploads\/2023\/05\/Imagen-de-WhatsApp-2023-05-16-a-las-17.42.24-1-768x512.jpg 768w, https:\/\/cenal.gob.ve\/wp-content\/uploads\/2023\/05\/Imagen-de-WhatsApp-2023-05-16-a-las-17.42.24-1-640x427.jpg 640w\" sizes=\"(max-width: 960px) 100vw, 960px\" \/><\/figure>\n\n\n\n<p>Se encuentran t\u00edtulos de diferentes g\u00e9neros y de diferentes editoriales p\u00fablicas, privadas e independientes, entre ellos las novedades literarias de la Plataforma del Libro y la Lectura del Ministerio del Poder Popular para la Cultura, integrada por El perro y la rana, Monte \u00c1vila y Biblioteca Ayacucho.<\/p>\n\n\n\n<p>En la Filven Falc\u00f3n participan como escritores nacionales invitados Esmeralda Torres, narradora y poeta venezolana, promotora de lectura con talleres de creaci\u00f3n literaria para j\u00f3venes y adultos, quien presentar\u00e1 <em>El libro de los tratados<\/em>, y Wilfredo Machado, narrador, poeta y editor, quien presentar\u00e1 <em>El pez de los sue\u00f1os<\/em>, su segunda novela, publicada por Monte \u00c1vila.<\/p>\n\n\n\n<figure class=\"wp-block-image size-large\"><img width=\"1024\" height=\"682\" src=\"http:\/\/cenal.gob.ve\/wp-content\/uploads\/2023\/05\/image-7-1-1024x682.png\" alt=\"\" class=\"wp-image-20588\" srcset=\"https:\/\/cenal.gob.ve\/wp-content\/uploads\/2023\/05\/image-7-1-1024x682.png 1024w, https:\/\/cenal.gob.ve\/wp-content\/uploads\/2023\/05\/image-7-1-300x200.png 300w, https:\/\/cenal.gob.ve\/wp-content\/uploads\/2023\/05\/image-7-1-768x512.png 768w, https:\/\/cenal.gob.ve\/wp-content\/uploads\/2023\/05\/image-7-1-640x427.png 640w, https:\/\/cenal.gob.ve\/wp-content\/uploads\/2023\/05\/image-7-1.png 1280w\" sizes=\"(max-width: 1024px) 100vw, 1024px\" \/><\/figure>\n\n\n\n<p>Tambi\u00e9n estar\u00e1n autores como Antonio Trujillo, Emilis Gonz\u00e1lez Ord\u00f3\u00f1ez, Heberto Gonz\u00e1lez, entre otros.<\/p>\n\n\n\n<p>La Filven Falc\u00f3n es posible producto del trabajo coordinado entre el Ministerio del Poder Popular para la Cultura, a trav\u00e9s del Centro Nacional del Libro (Cenal), y la Gobernaci\u00f3n de Falc\u00f3n y el Instituto de Cultura del Estado Falc\u00f3n (Incudef).<\/p>\n\n\n\n<figure class=\"wp-block-image size-full\"><img width=\"960\" height=\"640\" src=\"http:\/\/cenal.gob.ve\/wp-content\/uploads\/2023\/05\/Imagen-de-WhatsApp-2023-05-16-a-las-17.43.09.jpg\" alt=\"\" class=\"wp-image-20585\" srcset=\"https:\/\/cenal.gob.ve\/wp-content\/uploads\/2023\/05\/Imagen-de-WhatsApp-2023-05-16-a-las-17.43.09.jpg 960w, https:\/\/cenal.gob.ve\/wp-content\/uploads\/2023\/05\/Imagen-de-WhatsApp-2023-05-16-a-las-17.43.09-300x200.jpg 300w, https:\/\/cenal.gob.ve\/wp-content\/uploads\/2023\/05\/Imagen-de-WhatsApp-2023-05-16-a-las-17.43.09-768x512.jpg 768w, https:\/\/cenal.gob.ve\/wp-content\/uploads\/2023\/05\/Imagen-de-WhatsApp-2023-05-16-a-las-17.43.09-640x427.jpg 640w\" sizes=\"(max-width: 960px) 100vw, 960px\" \/><\/figure>\n\n\n\n<p><\/p>\n","protected":false},"excerpt":{"rendered":"<p>La 18\u00aa Filven lleg\u00f3 este 16 de mayo al estado Falc\u00f3n, donde permanecer\u00e1 hasta el viernes 19 en el Centro Hist\u00f3rico de Coro, bajo el lema \u201cLeer descoloniza\u201d, con actividades [&hellip;]<\/p>\n","protected":false},"author":10,"featured_media":20577,"comment_status":"open","ping_status":"closed","sticky":false,"template":"","format":"standard","meta":{"spay_email":"","jetpack_publicize_message":"","jetpack_is_tweetstorm":false,"jetpack_publicize_feature_enabled":true},"categories":[12],"tags":[79,9],"yoast_head":"<!-- This site is optimized with the Yoast SEO plugin v19.8 - https:\/\/yoast.com\/wordpress\/plugins\/seo\/ -->\n<title>La 18\u00aa Filven lleg\u00f3 a Falc\u00f3n<\/title>\n<meta name=\"robots\" content=\"index, follow, max-snippet:-1, max-image-preview:large, max-video-preview:-1\" \/>\n<link rel=\"canonical\" href=\"https:\/\/cenal.gob.ve\/?p=20564\" \/>\n<meta property=\"og:locale\" content=\"es_ES\" \/>\n<meta property=\"og:type\" content=\"article\" \/>\n<meta property=\"og:title\" content=\"La 18\u00aa Filven lleg\u00f3 a Falc\u00f3n\" \/>\n<meta property=\"og:description\" content=\"La 18\u00aa Filven lleg\u00f3 este 16 de mayo al estado Falc\u00f3n, donde permanecer\u00e1 hasta el viernes 19 en el Centro Hist\u00f3rico de Coro, bajo el lema \u201cLeer descoloniza\u201d, con actividades [&hellip;]\" \/>\n<meta property=\"og:url\" content=\"https:\/\/cenal.gob.ve\/?p=20564\" \/>\n<meta property=\"og:site_name\" content=\"Cenal\" \/>\n<meta property=\"article:published_time\" content=\"2023-05-16T21:09:39+00:00\" \/>\n<meta property=\"article:modified_time\" content=\"2023-05-16T21:57:27+00:00\" \/>\n<meta property=\"og:image\" content=\"https:\/\/i0.wp.com\/cenal.gob.ve\/wp-content\/uploads\/2023\/05\/Imagen-de-WhatsApp-2023-05-16-a-las-17.26.24.jpg?fit=960%2C640&ssl=1\" \/>\n\t<meta property=\"og:image:width\" content=\"960\" \/>\n\t<meta property=\"og:image:height\" content=\"640\" \/>\n\t<meta property=\"og:image:type\" content=\"image\/jpeg\" \/>\n<meta name=\"author\" content=\"Prensa Cenal\" \/>\n<meta name=\"twitter:card\" content=\"summary_large_image\" \/>\n<meta name=\"twitter:label1\" content=\"Written by\" \/>\n\t<meta name=\"twitter:data1\" content=\"Prensa Cenal\" \/>\n\t<meta name=\"twitter:label2\" content=\"Est. reading time\" \/>\n\t<meta name=\"twitter:data2\" content=\"5 minutos\" \/>\n<script type=\"application\/ld+json\" class=\"yoast-schema-graph\">{\"@context\":\"https:\/\/schema.org\",\"@graph\":[{\"@type\":\"Article\",\"@id\":\"https:\/\/cenal.gob.ve\/?p=20564#article\",\"isPartOf\":{\"@id\":\"https:\/\/cenal.gob.ve\/?p=20564\"},\"author\":{\"name\":\"Prensa Cenal\",\"@id\":\"https:\/\/cenal.gob.ve\/#\/schema\/person\/e3ed34623f400ffab8bc7a63b2f5533f\"},\"headline\":\"La 18\u00aa Filven lleg\u00f3 a Falc\u00f3n\",\"datePublished\":\"2023-05-16T21:09:39+00:00\",\"dateModified\":\"2023-05-16T21:57:27+00:00\",\"mainEntityOfPage\":{\"@id\":\"https:\/\/cenal.gob.ve\/?p=20564\"},\"wordCount\":675,\"commentCount\":0,\"publisher\":{\"@id\":\"https:\/\/cenal.gob.ve\/#organization\"},\"keywords\":[\"FILVEN\",\"Noticias\"],\"articleSection\":[\"Filven\"],\"inLanguage\":\"es\",\"potentialAction\":[{\"@type\":\"CommentAction\",\"name\":\"Comment\",\"target\":[\"https:\/\/cenal.gob.ve\/?p=20564#respond\"]}]},{\"@type\":\"WebPage\",\"@id\":\"https:\/\/cenal.gob.ve\/?p=20564\",\"url\":\"https:\/\/cenal.gob.ve\/?p=20564\",\"name\":\"La 18\u00aa Filven lleg\u00f3 a Falc\u00f3n\",\"isPartOf\":{\"@id\":\"https:\/\/cenal.gob.ve\/#website\"},\"datePublished\":\"2023-05-16T21:09:39+00:00\",\"dateModified\":\"2023-05-16T21:57:27+00:00\",\"breadcrumb\":{\"@id\":\"https:\/\/cenal.gob.ve\/?p=20564#breadcrumb\"},\"inLanguage\":\"es\",\"potentialAction\":[{\"@type\":\"ReadAction\",\"target\":[\"https:\/\/cenal.gob.ve\/?p=20564\"]}]},{\"@type\":\"BreadcrumbList\",\"@id\":\"https:\/\/cenal.gob.ve\/?p=20564#breadcrumb\",\"itemListElement\":[{\"@type\":\"ListItem\",\"position\":1,\"name\":\"Home\",\"item\":\"https:\/\/cenal.gob.ve\/\"},{\"@type\":\"ListItem\",\"position\":2,\"name\":\"La 18\u00aa Filven lleg\u00f3 a Falc\u00f3n\"}]},{\"@type\":\"WebSite\",\"@id\":\"https:\/\/cenal.gob.ve\/#website\",\"url\":\"https:\/\/cenal.gob.ve\/\",\"name\":\"Cenal\",\"description\":\"\",\"publisher\":{\"@id\":\"https:\/\/cenal.gob.ve\/#organization\"},\"potentialAction\":[{\"@type\":\"SearchAction\",\"target\":{\"@type\":\"EntryPoint\",\"urlTemplate\":\"https:\/\/cenal.gob.ve\/?s={search_term_string}\"},\"query-input\":\"required name=search_term_string\"}],\"inLanguage\":\"es\"},{\"@type\":\"Organization\",\"@id\":\"https:\/\/cenal.gob.ve\/#organization\",\"name\":\"CENAL\",\"url\":\"https:\/\/cenal.gob.ve\/\",\"sameAs\":[],\"logo\":{\"@type\":\"ImageObject\",\"inLanguage\":\"es\",\"@id\":\"https:\/\/cenal.gob.ve\/#\/schema\/logo\/image\/\",\"url\":\"https:\/\/i0.wp.com\/cenal.gob.ve\/wp-content\/uploads\/2022\/10\/cropped-images.jpg?fit=512%2C512\",\"contentUrl\":\"https:\/\/i0.wp.com\/cenal.gob.ve\/wp-content\/uploads\/2022\/10\/cropped-images.jpg?fit=512%2C512\",\"width\":512,\"height\":512,\"caption\":\"CENAL\"},\"image\":{\"@id\":\"https:\/\/cenal.gob.ve\/#\/schema\/logo\/image\/\"}},{\"@type\":\"Person\",\"@id\":\"https:\/\/cenal.gob.ve\/#\/schema\/person\/e3ed34623f400ffab8bc7a63b2f5533f\",\"name\":\"Prensa Cenal\",\"image\":{\"@type\":\"ImageObject\",\"inLanguage\":\"es\",\"@id\":\"https:\/\/cenal.gob.ve\/#\/schema\/person\/image\/\",\"url\":\"https:\/\/secure.gravatar.com\/avatar\/594b4ed34090910c619ac3679001d491?s=96&d=mm&r=g\",\"contentUrl\":\"https:\/\/secure.gravatar.com\/avatar\/594b4ed34090910c619ac3679001d491?s=96&d=mm&r=g\",\"caption\":\"Prensa Cenal\"},\"url\":\"https:\/\/cenal.gob.ve\/?author=10\"}]}<\/script>\n<!-- \/ Yoast SEO plugin. -->","yoast_head_json":{"title":"La 18\u00aa Filven lleg\u00f3 a Falc\u00f3n","robots":{"index":"index","follow":"follow","max-snippet":"max-snippet:-1","max-image-preview":"max-image-preview:large","max-video-preview":"max-video-preview:-1"},"canonical":"https:\/\/cenal.gob.ve\/?p=20564","og_locale":"es_ES","og_type":"article","og_title":"La 18\u00aa Filven lleg\u00f3 a Falc\u00f3n","og_description":"La 18\u00aa Filven lleg\u00f3 este 16 de mayo al estado Falc\u00f3n, donde permanecer\u00e1 hasta el viernes 19 en el Centro Hist\u00f3rico de Coro, bajo el lema \u201cLeer descoloniza\u201d, con actividades [&hellip;]","og_url":"https:\/\/cenal.gob.ve\/?p=20564","og_site_name":"Cenal","article_published_time":"2023-05-16T21:09:39+00:00","article_modified_time":"2023-05-16T21:57:27+00:00","og_image":[{"width":960,"height":640,"url":"https:\/\/i0.wp.com\/cenal.gob.ve\/wp-content\/uploads\/2023\/05\/Imagen-de-WhatsApp-2023-05-16-a-las-17.26.24.jpg?fit=960%2C640&ssl=1","type":"image\/jpeg"}],"author":"Prensa Cenal","twitter_card":"summary_large_image","twitter_misc":{"Written by":"Prensa Cenal","Est. reading time":"5 minutos"},"schema":{"@context":"https:\/\/schema.org","@graph":[{"@type":"Article","@id":"https:\/\/cenal.gob.ve\/?p=20564#article","isPartOf":{"@id":"https:\/\/cenal.gob.ve\/?p=20564"},"author":{"name":"Prensa Cenal","@id":"https:\/\/cenal.gob.ve\/#\/schema\/person\/e3ed34623f400ffab8bc7a63b2f5533f"},"headline":"La 18\u00aa Filven lleg\u00f3 a Falc\u00f3n","datePublished":"2023-05-16T21:09:39+00:00","dateModified":"2023-05-16T21:57:27+00:00","mainEntityOfPage":{"@id":"https:\/\/cenal.gob.ve\/?p=20564"},"wordCount":675,"commentCount":0,"publisher":{"@id":"https:\/\/cenal.gob.ve\/#organization"},"keywords":["FILVEN","Noticias"],"articleSection":["Filven"],"inLanguage":"es","potentialAction":[{"@type":"CommentAction","name":"Comment","target":["https:\/\/cenal.gob.ve\/?p=20564#respond"]}]},{"@type":"WebPage","@id":"https:\/\/cenal.gob.ve\/?p=20564","url":"https:\/\/cenal.gob.ve\/?p=20564","name":"La 18\u00aa Filven lleg\u00f3 a Falc\u00f3n","isPartOf":{"@id":"https:\/\/cenal.gob.ve\/#website"},"datePublished":"2023-05-16T21:09:39+00:00","dateModified":"2023-05-16T21:57:27+00:00","breadcrumb":{"@id":"https:\/\/cenal.gob.ve\/?p=20564#breadcrumb"},"inLanguage":"es","potentialAction":[{"@type":"ReadAction","target":["https:\/\/cenal.gob.ve\/?p=20564"]}]},{"@type":"BreadcrumbList","@id":"https:\/\/cenal.gob.ve\/?p=20564#breadcrumb","itemListElement":[{"@type":"ListItem","position":1,"name":"Home","item":"https:\/\/cenal.gob.ve\/"},{"@type":"ListItem","position":2,"name":"La 18\u00aa Filven lleg\u00f3 a Falc\u00f3n"}]},{"@type":"WebSite","@id":"https:\/\/cenal.gob.ve\/#website","url":"https:\/\/cenal.gob.ve\/","name":"Cenal","description":"","publisher":{"@id":"https:\/\/cenal.gob.ve\/#organization"},"potentialAction":[{"@type":"SearchAction","target":{"@type":"EntryPoint","urlTemplate":"https:\/\/cenal.gob.ve\/?s={search_term_string}"},"query-input":"required name=search_term_string"}],"inLanguage":"es"},{"@type":"Organization","@id":"https:\/\/cenal.gob.ve\/#organization","name":"CENAL","url":"https:\/\/cenal.gob.ve\/","sameAs":[],"logo":{"@type":"ImageObject","inLanguage":"es","@id":"https:\/\/cenal.gob.ve\/#\/schema\/logo\/image\/","url":"https:\/\/i0.wp.com\/cenal.gob.ve\/wp-content\/uploads\/2022\/10\/cropped-images.jpg?fit=512%2C512","contentUrl":"https:\/\/i0.wp.com\/cenal.gob.ve\/wp-content\/uploads\/2022\/10\/cropped-images.jpg?fit=512%2C512","width":512,"height":512,"caption":"CENAL"},"image":{"@id":"https:\/\/cenal.gob.ve\/#\/schema\/logo\/image\/"}},{"@type":"Person","@id":"https:\/\/cenal.gob.ve\/#\/schema\/person\/e3ed34623f400ffab8bc7a63b2f5533f","name":"Prensa Cenal","image":{"@type":"ImageObject","inLanguage":"es","@id":"https:\/\/cenal.gob.ve\/#\/schema\/person\/image\/","url":"https:\/\/secure.gravatar.com\/avatar\/594b4ed34090910c619ac3679001d491?s=96&d=mm&r=g","contentUrl":"https:\/\/secure.gravatar.com\/avatar\/594b4ed34090910c619ac3679001d491?s=96&d=mm&r=g","caption":"Prensa Cenal"},"url":"https:\/\/cenal.gob.ve\/?author=10"}]}},"jetpack_featured_media_url":"https:\/\/cenal.gob.ve\/wp-content\/uploads\/2023\/05\/Imagen-de-WhatsApp-2023-05-16-a-las-17.26.24.jpg","jetpack_publicize_connections":[],"jetpack_shortlink":"https:\/\/wp.me\/p5FMhp-5lG","_links":{"self":[{"href":"https:\/\/cenal.gob.ve\/index.php?rest_route=\/wp\/v2\/posts\/20564"}],"collection":[{"href":"https:\/\/cenal.gob.ve\/index.php?rest_route=\/wp\/v2\/posts"}],"about":[{"href":"https:\/\/cenal.gob.ve\/index.php?rest_route=\/wp\/v2\/types\/post"}],"author":[{"embeddable":true,"href":"https:\/\/cenal.gob.ve\/index.php?rest_route=\/wp\/v2\/users\/10"}],"replies":[{"embeddable":true,"href":"https:\/\/cenal.gob.ve\/index.php?rest_route=%2Fwp%2Fv2%2Fcomments&post=20564"}],"version-history":[{"count":7,"href":"https:\/\/cenal.gob.ve\/index.php?rest_route=\/wp\/v2\/posts\/20564\/revisions"}],"predecessor-version":[{"id":20591,"href":"https:\/\/cenal.gob.ve\/index.php?rest_route=\/wp\/v2\/posts\/20564\/revisions\/20591"}],"wp:featuredmedia":[{"embeddable":true,"href":"https:\/\/cenal.gob.ve\/index.php?rest_route=\/wp\/v2\/media\/20577"}],"wp:attachment":[{"href":"https:\/\/cenal.gob.ve\/index.php?rest_route=%2Fwp%2Fv2%2Fmedia&parent=20564"}],"wp:term":[{"taxonomy":"category","embeddable":true,"href":"https:\/\/cenal.gob.ve\/index.php?rest_route=%2Fwp%2Fv2%2Fcategories&post=20564"},{"taxonomy":"post_tag","embeddable":true,"href":"https:\/\/cenal.gob.ve\/index.php?rest_route=%2Fwp%2Fv2%2Ftags&post=20564"}],"curies":[{"name":"wp","href":"https:\/\/api.w.org\/{rel}","templated":true}]}}