{"id":20592,"date":"2023-05-19T15:41:18","date_gmt":"2023-05-19T19:41:18","guid":{"rendered":"http:\/\/cenal.gob.ve\/?p=20592"},"modified":"2023-05-19T15:41:27","modified_gmt":"2023-05-19T19:41:27","slug":"bautizaron-libro-geografia-vivencial-de-falcon-durante-clausura-de-18a-filven-en-coro","status":"publish","type":"post","link":"https:\/\/cenal.gob.ve\/?p=20592","title":{"rendered":"Bautizaron libro Geograf\u00eda vivencial de Falc\u00f3n durante clausura de 18\u00aa Filven en Coro"},"content":{"rendered":"\n<p>Hasta este viernes 19 de mayo se realiza la 18\u00aa Filven Falc\u00f3n en el Centro Hist\u00f3rico de Coro, instalada desde el martes 16, con m\u00e1s de 50 actividades para disfrute de falconianos y falconianas.<\/p>\n\n\n\n<p>Durante la jornada de cierre programada para este viernes <em>tuvo lugar el bautizo del Tomo I de \u201cGeograf\u00eda vivencial. Estado Falc\u00f3n<\/em>\u201d, una publicaci\u00f3n del gobernador V\u00edctor Clark y el escritor Olbby Monsalve. La actividad estuvo a cargo de V\u00edctor Clark junto a la autoridad regional de Cultura, Inti Clark. Tambi\u00e9n acompa\u00f1\u00f3 este acto el cantautor Sandino Primera.<\/p>\n\n\n\n<figure class=\"wp-block-image size-full\"><img width=\"960\" height=\"640\" src=\"http:\/\/cenal.gob.ve\/wp-content\/uploads\/2023\/05\/Imagen-de-WhatsApp-2023-05-19-a-las-13.40.24.jpg\" alt=\"\" class=\"wp-image-20596\" srcset=\"https:\/\/cenal.gob.ve\/wp-content\/uploads\/2023\/05\/Imagen-de-WhatsApp-2023-05-19-a-las-13.40.24.jpg 960w, https:\/\/cenal.gob.ve\/wp-content\/uploads\/2023\/05\/Imagen-de-WhatsApp-2023-05-19-a-las-13.40.24-300x200.jpg 300w, https:\/\/cenal.gob.ve\/wp-content\/uploads\/2023\/05\/Imagen-de-WhatsApp-2023-05-19-a-las-13.40.24-768x512.jpg 768w, https:\/\/cenal.gob.ve\/wp-content\/uploads\/2023\/05\/Imagen-de-WhatsApp-2023-05-19-a-las-13.40.24-640x427.jpg 640w\" sizes=\"(max-width: 960px) 100vw, 960px\" \/><\/figure>\n\n\n\n<p>Olbby Monsalve explic\u00f3 que la escritura del libro se fue disgregando en los espacios del estado Falc\u00f3n, con las vivencias, las historias y los mosaicos que construyen el territorio, de un modo comprensible para aquellos que lo habitan o est\u00e1n afuera de la entidad.<\/p>\n\n\n\n<figure class=\"wp-block-image size-full\"><img width=\"960\" height=\"640\" src=\"http:\/\/cenal.gob.ve\/wp-content\/uploads\/2023\/05\/Imagen-de-WhatsApp-2023-05-19-a-las-13.40.23.jpg\" alt=\"\" class=\"wp-image-20598\" srcset=\"https:\/\/cenal.gob.ve\/wp-content\/uploads\/2023\/05\/Imagen-de-WhatsApp-2023-05-19-a-las-13.40.23.jpg 960w, https:\/\/cenal.gob.ve\/wp-content\/uploads\/2023\/05\/Imagen-de-WhatsApp-2023-05-19-a-las-13.40.23-300x200.jpg 300w, https:\/\/cenal.gob.ve\/wp-content\/uploads\/2023\/05\/Imagen-de-WhatsApp-2023-05-19-a-las-13.40.23-768x512.jpg 768w, https:\/\/cenal.gob.ve\/wp-content\/uploads\/2023\/05\/Imagen-de-WhatsApp-2023-05-19-a-las-13.40.23-640x427.jpg 640w\" sizes=\"(max-width: 960px) 100vw, 960px\" \/><\/figure>\n\n\n\n<p>&#8220;La geograf\u00eda tiene que dejar de ser la mera descripci\u00f3n desde afuera y describirse con los pies, explorando y visualizando&#8221;, apunt\u00f3 Monsalve.<\/p>\n\n\n\n<p>Por su parte, el gobernador V\u00edctor Clark record\u00f3 que el Comandante Hugo Ch\u00e1vez exig\u00eda nuevas formas de ver la geograf\u00eda, es decir, nuevas formas de visualizar las tierras venezolanas, como ha ocurrido durante el proceso de investigaci\u00f3n que deriv\u00f3 en el libro <em>\u201cGeograf\u00eda Vivencial. Estado Falc\u00f3n\u201d<\/em>.<\/p>\n\n\n\n<p><strong>Cuatro d\u00edas de fiesta literaria<\/strong><\/p>\n\n\n\n<figure class=\"wp-block-image size-full\"><img width=\"960\" height=\"640\" src=\"http:\/\/cenal.gob.ve\/wp-content\/uploads\/2023\/05\/Imagen-de-WhatsApp-2023-05-19-a-las-13.42.19.jpg\" alt=\"\" class=\"wp-image-20599\" srcset=\"https:\/\/cenal.gob.ve\/wp-content\/uploads\/2023\/05\/Imagen-de-WhatsApp-2023-05-19-a-las-13.42.19.jpg 960w, https:\/\/cenal.gob.ve\/wp-content\/uploads\/2023\/05\/Imagen-de-WhatsApp-2023-05-19-a-las-13.42.19-300x200.jpg 300w, https:\/\/cenal.gob.ve\/wp-content\/uploads\/2023\/05\/Imagen-de-WhatsApp-2023-05-19-a-las-13.42.19-768x512.jpg 768w, https:\/\/cenal.gob.ve\/wp-content\/uploads\/2023\/05\/Imagen-de-WhatsApp-2023-05-19-a-las-13.42.19-640x427.jpg 640w\" sizes=\"(max-width: 960px) 100vw, 960px\" \/><\/figure>\n\n\n\n<p>En estos cuatro d\u00edas de fiesta literaria los presentes han podido disfrutar de presentaciones de libros, conferencias, recitales de poes\u00eda, m\u00fasica, danza, foros, talleres, cine, teatro, cuentacuentos, t\u00edteres, gastronom\u00eda y artesan\u00eda.<\/p>\n\n\n\n<figure class=\"wp-block-image size-full\"><img width=\"960\" height=\"640\" src=\"http:\/\/cenal.gob.ve\/wp-content\/uploads\/2023\/05\/Imagen-de-WhatsApp-2023-05-16-a-las-11.42.57.jpg\" alt=\"\" class=\"wp-image-20613\" srcset=\"https:\/\/cenal.gob.ve\/wp-content\/uploads\/2023\/05\/Imagen-de-WhatsApp-2023-05-16-a-las-11.42.57.jpg 960w, https:\/\/cenal.gob.ve\/wp-content\/uploads\/2023\/05\/Imagen-de-WhatsApp-2023-05-16-a-las-11.42.57-300x200.jpg 300w, https:\/\/cenal.gob.ve\/wp-content\/uploads\/2023\/05\/Imagen-de-WhatsApp-2023-05-16-a-las-11.42.57-768x512.jpg 768w, https:\/\/cenal.gob.ve\/wp-content\/uploads\/2023\/05\/Imagen-de-WhatsApp-2023-05-16-a-las-11.42.57-640x427.jpg 640w\" sizes=\"(max-width: 960px) 100vw, 960px\" \/><\/figure>\n\n\n\n<p>Esta Filven rinde homenaje a la escritora Mar\u00eda Elvira G\u00f3mez, quien ha cautivado al p\u00fablico de todas las edades con su libro <em>Las mil y una adivinanzas<\/em>, texto que busca despertar la imaginaci\u00f3n a trav\u00e9s del ejercicio constante del pensamiento l\u00f3gico.<\/p>\n\n\n\n<p>Como parte de la programaci\u00f3n literaria han asistido escritores invitados como el poeta Freddy \u00d1\u00e1\u00f1ez, actual vicepresidente Sectorial de Comunicaci\u00f3n, Cultura y Turismo y ministro del Poder Popular para la Comunicaci\u00f3n e Informaci\u00f3n, quien present\u00f3 el libro <em>Casa ajena<\/em> (\u00c9pica ediciones. Colombia).<\/p>\n\n\n\n<figure class=\"wp-block-image size-full\"><img width=\"960\" height=\"640\" src=\"http:\/\/cenal.gob.ve\/wp-content\/uploads\/2023\/05\/Imagen-de-WhatsApp-2023-05-16-a-las-16.50.46-1.jpg\" alt=\"\" class=\"wp-image-20612\" srcset=\"https:\/\/cenal.gob.ve\/wp-content\/uploads\/2023\/05\/Imagen-de-WhatsApp-2023-05-16-a-las-16.50.46-1.jpg 960w, https:\/\/cenal.gob.ve\/wp-content\/uploads\/2023\/05\/Imagen-de-WhatsApp-2023-05-16-a-las-16.50.46-1-300x200.jpg 300w, https:\/\/cenal.gob.ve\/wp-content\/uploads\/2023\/05\/Imagen-de-WhatsApp-2023-05-16-a-las-16.50.46-1-768x512.jpg 768w, https:\/\/cenal.gob.ve\/wp-content\/uploads\/2023\/05\/Imagen-de-WhatsApp-2023-05-16-a-las-16.50.46-1-640x427.jpg 640w\" sizes=\"(max-width: 960px) 100vw, 960px\" \/><\/figure>\n\n\n\n<p>Recitales de poes\u00eda se realizaron en el Club Bol\u00edvar con los poetas Esmeralda Torres, Antonio Trujillo, Wilfredo Machado, Emilis Gonz\u00e1lez Ord\u00f3\u00f1ez, Leonardo Ru\u00edz, Heberto Gonz\u00e1lez, Celsa Acosta, Alejandro Silva, Jos\u00e9 Javier S\u00e1nchez, Giordana Garc\u00eda y Emily Gonz\u00e1lez Ord\u00f3\u00f1ez.<\/p>\n\n\n\n<figure class=\"wp-block-image size-full\"><img width=\"960\" height=\"640\" src=\"http:\/\/cenal.gob.ve\/wp-content\/uploads\/2023\/05\/Imagen-de-WhatsApp-2023-05-19-a-las-13.42.06.jpg\" alt=\"\" class=\"wp-image-20606\" srcset=\"https:\/\/cenal.gob.ve\/wp-content\/uploads\/2023\/05\/Imagen-de-WhatsApp-2023-05-19-a-las-13.42.06.jpg 960w, https:\/\/cenal.gob.ve\/wp-content\/uploads\/2023\/05\/Imagen-de-WhatsApp-2023-05-19-a-las-13.42.06-300x200.jpg 300w, https:\/\/cenal.gob.ve\/wp-content\/uploads\/2023\/05\/Imagen-de-WhatsApp-2023-05-19-a-las-13.42.06-768x512.jpg 768w, https:\/\/cenal.gob.ve\/wp-content\/uploads\/2023\/05\/Imagen-de-WhatsApp-2023-05-19-a-las-13.42.06-640x427.jpg 640w\" sizes=\"(max-width: 960px) 100vw, 960px\" \/><\/figure>\n\n\n\n<p>La escritora Esmeralda Torres, quien recientemente recibi\u00f3 una menci\u00f3n especial en el Premio Literario Casa de las Am\u00e9ricas 2023 (Cuba) por <em>La noche de la casa,<\/em> present\u00f3 de su autor\u00eda <em>El libro de los tratados, <\/em>ganador del Premio Stefania Mosca 2021. Adem\u00e1s, imparti\u00f3 el taller <em>Dise\u00f1o del perfil de los personajes en los cuentos<\/em>, dirigido a ni\u00f1os y ni\u00f1as.<\/p>\n\n\n\n<figure class=\"wp-block-image size-full\"><img width=\"960\" height=\"640\" src=\"http:\/\/cenal.gob.ve\/wp-content\/uploads\/2023\/05\/Imagen-de-WhatsApp-2023-05-19-a-las-13.49.59-2.jpg\" alt=\"\" class=\"wp-image-20607\" srcset=\"https:\/\/cenal.gob.ve\/wp-content\/uploads\/2023\/05\/Imagen-de-WhatsApp-2023-05-19-a-las-13.49.59-2.jpg 960w, https:\/\/cenal.gob.ve\/wp-content\/uploads\/2023\/05\/Imagen-de-WhatsApp-2023-05-19-a-las-13.49.59-2-300x200.jpg 300w, https:\/\/cenal.gob.ve\/wp-content\/uploads\/2023\/05\/Imagen-de-WhatsApp-2023-05-19-a-las-13.49.59-2-768x512.jpg 768w, https:\/\/cenal.gob.ve\/wp-content\/uploads\/2023\/05\/Imagen-de-WhatsApp-2023-05-19-a-las-13.49.59-2-640x427.jpg 640w\" sizes=\"(max-width: 960px) 100vw, 960px\" \/><\/figure>\n\n\n\n<p>Asimismo, el escritor invitado Wilfredo Machado present\u00f3 su novela <em>El pez de los sue\u00f1os<\/em>, publicada por Monte\u00e1vila, una de las novedades literarias que ofrece el Ministerio del Poder Popular para la Cultura a trav\u00e9s de la Plataforma del Libro y la Lectura. Acompa\u00f1aron a Machado las escritoras Giordana Garc\u00eda y Esmeralda Torres. Machado tambi\u00e9n dict\u00f3 el taller <em>El cuento, una estrategia en el aula<\/em>, para los docentes de Falc\u00f3n.<\/p>\n\n\n\n<figure class=\"wp-block-image size-full\"><img width=\"960\" height=\"640\" src=\"http:\/\/cenal.gob.ve\/wp-content\/uploads\/2023\/05\/Imagen-de-WhatsApp-2023-05-19-a-las-13.48.26-1.jpg\" alt=\"\" class=\"wp-image-20610\" srcset=\"https:\/\/cenal.gob.ve\/wp-content\/uploads\/2023\/05\/Imagen-de-WhatsApp-2023-05-19-a-las-13.48.26-1.jpg 960w, https:\/\/cenal.gob.ve\/wp-content\/uploads\/2023\/05\/Imagen-de-WhatsApp-2023-05-19-a-las-13.48.26-1-300x200.jpg 300w, https:\/\/cenal.gob.ve\/wp-content\/uploads\/2023\/05\/Imagen-de-WhatsApp-2023-05-19-a-las-13.48.26-1-768x512.jpg 768w, https:\/\/cenal.gob.ve\/wp-content\/uploads\/2023\/05\/Imagen-de-WhatsApp-2023-05-19-a-las-13.48.26-1-640x427.jpg 640w\" sizes=\"(max-width: 960px) 100vw, 960px\" \/><\/figure>\n\n\n\n<p>El cronista, poeta y editor Antonio Trujillo present\u00f3 el libro <em>Dios es un p\u00e1jaro sobre la escritura, antolog\u00eda po\u00e9tica.<\/em><\/p>\n\n\n\n<figure class=\"wp-block-image size-full\"><img width=\"960\" height=\"640\" src=\"http:\/\/cenal.gob.ve\/wp-content\/uploads\/2023\/05\/Imagen-de-WhatsApp-2023-05-19-a-las-13.50.32-2.jpg\" alt=\"\" class=\"wp-image-20609\" srcset=\"https:\/\/cenal.gob.ve\/wp-content\/uploads\/2023\/05\/Imagen-de-WhatsApp-2023-05-19-a-las-13.50.32-2.jpg 960w, https:\/\/cenal.gob.ve\/wp-content\/uploads\/2023\/05\/Imagen-de-WhatsApp-2023-05-19-a-las-13.50.32-2-300x200.jpg 300w, https:\/\/cenal.gob.ve\/wp-content\/uploads\/2023\/05\/Imagen-de-WhatsApp-2023-05-19-a-las-13.50.32-2-768x512.jpg 768w, https:\/\/cenal.gob.ve\/wp-content\/uploads\/2023\/05\/Imagen-de-WhatsApp-2023-05-19-a-las-13.50.32-2-640x427.jpg 640w\" sizes=\"(max-width: 960px) 100vw, 960px\" \/><\/figure>\n\n\n\n<p>Entre otras novedades, el Cuerpo de Investigaciones Cient\u00edficas, Penales y Criminal\u00edsticas (Cicpc) se incorpor\u00f3 a este encuentro con la palabra con su producci\u00f3n literaria, en la que se evidenci\u00f3 una muestra de los mejores relatos, ensayos, cuentos y poemas realizados por personal activo y jubilado de este organismo. El comisario Carlos Sifontes destac\u00f3 que desde 2019 el Cicpc est\u00e1 realizando un concurso de Cuentos policiales.<\/p>\n\n\n\n<p>Pr\u00f3ximamente la 18\u00aa Filven llegar\u00e1 a los estados Portuguesa y Nueva Esparta.<\/p>\n","protected":false},"excerpt":{"rendered":"<p>Hasta este viernes 19 de mayo se realiza la 18\u00aa Filven Falc\u00f3n en el Centro Hist\u00f3rico de Coro, instalada desde el martes 16, con m\u00e1s de 50 actividades para disfrute [&hellip;]<\/p>\n","protected":false},"author":10,"featured_media":20593,"comment_status":"open","ping_status":"closed","sticky":false,"template":"","format":"standard","meta":{"spay_email":"","jetpack_publicize_message":"","jetpack_is_tweetstorm":false,"jetpack_publicize_feature_enabled":true},"categories":[12],"tags":[79,9],"yoast_head":"<!-- This site is optimized with the Yoast SEO plugin v19.8 - https:\/\/yoast.com\/wordpress\/plugins\/seo\/ -->\n<title>Bautizaron libro Geograf\u00eda vivencial de Falc\u00f3n durante clausura de 18\u00aa Filven en Coro<\/title>\n<meta name=\"robots\" content=\"index, follow, max-snippet:-1, max-image-preview:large, max-video-preview:-1\" \/>\n<link rel=\"canonical\" href=\"https:\/\/cenal.gob.ve\/?p=20592\" \/>\n<meta property=\"og:locale\" content=\"es_ES\" \/>\n<meta property=\"og:type\" content=\"article\" \/>\n<meta property=\"og:title\" content=\"Bautizaron libro Geograf\u00eda vivencial de Falc\u00f3n durante clausura de 18\u00aa Filven en Coro\" \/>\n<meta property=\"og:description\" content=\"Hasta este viernes 19 de mayo se realiza la 18\u00aa Filven Falc\u00f3n en el Centro Hist\u00f3rico de Coro, instalada desde el martes 16, con m\u00e1s de 50 actividades para disfrute [&hellip;]\" \/>\n<meta property=\"og:url\" content=\"https:\/\/cenal.gob.ve\/?p=20592\" \/>\n<meta property=\"og:site_name\" content=\"Cenal\" \/>\n<meta property=\"article:published_time\" content=\"2023-05-19T19:41:18+00:00\" \/>\n<meta property=\"article:modified_time\" content=\"2023-05-19T19:41:27+00:00\" \/>\n<meta property=\"og:image\" content=\"https:\/\/i0.wp.com\/cenal.gob.ve\/wp-content\/uploads\/2023\/05\/Imagen-de-WhatsApp-2023-05-19-a-las-13.46.39.jpg?fit=960%2C640&ssl=1\" \/>\n\t<meta property=\"og:image:width\" content=\"960\" \/>\n\t<meta property=\"og:image:height\" content=\"640\" \/>\n\t<meta property=\"og:image:type\" content=\"image\/jpeg\" \/>\n<meta name=\"author\" content=\"Prensa Cenal\" \/>\n<meta name=\"twitter:card\" content=\"summary_large_image\" \/>\n<meta name=\"twitter:label1\" content=\"Written by\" \/>\n\t<meta name=\"twitter:data1\" content=\"Prensa Cenal\" \/>\n\t<meta name=\"twitter:label2\" content=\"Est. reading time\" \/>\n\t<meta name=\"twitter:data2\" content=\"5 minutos\" \/>\n<script type=\"application\/ld+json\" class=\"yoast-schema-graph\">{\"@context\":\"https:\/\/schema.org\",\"@graph\":[{\"@type\":\"Article\",\"@id\":\"https:\/\/cenal.gob.ve\/?p=20592#article\",\"isPartOf\":{\"@id\":\"https:\/\/cenal.gob.ve\/?p=20592\"},\"author\":{\"name\":\"Prensa Cenal\",\"@id\":\"https:\/\/cenal.gob.ve\/#\/schema\/person\/e3ed34623f400ffab8bc7a63b2f5533f\"},\"headline\":\"Bautizaron libro Geograf\u00eda vivencial de Falc\u00f3n durante clausura de 18\u00aa Filven en Coro\",\"datePublished\":\"2023-05-19T19:41:18+00:00\",\"dateModified\":\"2023-05-19T19:41:27+00:00\",\"mainEntityOfPage\":{\"@id\":\"https:\/\/cenal.gob.ve\/?p=20592\"},\"wordCount\":658,\"commentCount\":0,\"publisher\":{\"@id\":\"https:\/\/cenal.gob.ve\/#organization\"},\"keywords\":[\"FILVEN\",\"Noticias\"],\"articleSection\":[\"Filven\"],\"inLanguage\":\"es\",\"potentialAction\":[{\"@type\":\"CommentAction\",\"name\":\"Comment\",\"target\":[\"https:\/\/cenal.gob.ve\/?p=20592#respond\"]}]},{\"@type\":\"WebPage\",\"@id\":\"https:\/\/cenal.gob.ve\/?p=20592\",\"url\":\"https:\/\/cenal.gob.ve\/?p=20592\",\"name\":\"Bautizaron libro Geograf\u00eda vivencial de Falc\u00f3n durante clausura de 18\u00aa Filven en Coro\",\"isPartOf\":{\"@id\":\"https:\/\/cenal.gob.ve\/#website\"},\"datePublished\":\"2023-05-19T19:41:18+00:00\",\"dateModified\":\"2023-05-19T19:41:27+00:00\",\"breadcrumb\":{\"@id\":\"https:\/\/cenal.gob.ve\/?p=20592#breadcrumb\"},\"inLanguage\":\"es\",\"potentialAction\":[{\"@type\":\"ReadAction\",\"target\":[\"https:\/\/cenal.gob.ve\/?p=20592\"]}]},{\"@type\":\"BreadcrumbList\",\"@id\":\"https:\/\/cenal.gob.ve\/?p=20592#breadcrumb\",\"itemListElement\":[{\"@type\":\"ListItem\",\"position\":1,\"name\":\"Home\",\"item\":\"https:\/\/cenal.gob.ve\/\"},{\"@type\":\"ListItem\",\"position\":2,\"name\":\"Bautizaron libro Geograf\u00eda vivencial de Falc\u00f3n durante clausura de 18\u00aa Filven en Coro\"}]},{\"@type\":\"WebSite\",\"@id\":\"https:\/\/cenal.gob.ve\/#website\",\"url\":\"https:\/\/cenal.gob.ve\/\",\"name\":\"Cenal\",\"description\":\"\",\"publisher\":{\"@id\":\"https:\/\/cenal.gob.ve\/#organization\"},\"potentialAction\":[{\"@type\":\"SearchAction\",\"target\":{\"@type\":\"EntryPoint\",\"urlTemplate\":\"https:\/\/cenal.gob.ve\/?s={search_term_string}\"},\"query-input\":\"required name=search_term_string\"}],\"inLanguage\":\"es\"},{\"@type\":\"Organization\",\"@id\":\"https:\/\/cenal.gob.ve\/#organization\",\"name\":\"CENAL\",\"url\":\"https:\/\/cenal.gob.ve\/\",\"sameAs\":[],\"logo\":{\"@type\":\"ImageObject\",\"inLanguage\":\"es\",\"@id\":\"https:\/\/cenal.gob.ve\/#\/schema\/logo\/image\/\",\"url\":\"https:\/\/i0.wp.com\/cenal.gob.ve\/wp-content\/uploads\/2022\/10\/cropped-images.jpg?fit=512%2C512\",\"contentUrl\":\"https:\/\/i0.wp.com\/cenal.gob.ve\/wp-content\/uploads\/2022\/10\/cropped-images.jpg?fit=512%2C512\",\"width\":512,\"height\":512,\"caption\":\"CENAL\"},\"image\":{\"@id\":\"https:\/\/cenal.gob.ve\/#\/schema\/logo\/image\/\"}},{\"@type\":\"Person\",\"@id\":\"https:\/\/cenal.gob.ve\/#\/schema\/person\/e3ed34623f400ffab8bc7a63b2f5533f\",\"name\":\"Prensa Cenal\",\"image\":{\"@type\":\"ImageObject\",\"inLanguage\":\"es\",\"@id\":\"https:\/\/cenal.gob.ve\/#\/schema\/person\/image\/\",\"url\":\"https:\/\/secure.gravatar.com\/avatar\/594b4ed34090910c619ac3679001d491?s=96&d=mm&r=g\",\"contentUrl\":\"https:\/\/secure.gravatar.com\/avatar\/594b4ed34090910c619ac3679001d491?s=96&d=mm&r=g\",\"caption\":\"Prensa Cenal\"},\"url\":\"https:\/\/cenal.gob.ve\/?author=10\"}]}<\/script>\n<!-- \/ Yoast SEO plugin. -->","yoast_head_json":{"title":"Bautizaron libro Geograf\u00eda vivencial de Falc\u00f3n durante clausura de 18\u00aa Filven en Coro","robots":{"index":"index","follow":"follow","max-snippet":"max-snippet:-1","max-image-preview":"max-image-preview:large","max-video-preview":"max-video-preview:-1"},"canonical":"https:\/\/cenal.gob.ve\/?p=20592","og_locale":"es_ES","og_type":"article","og_title":"Bautizaron libro Geograf\u00eda vivencial de Falc\u00f3n durante clausura de 18\u00aa Filven en Coro","og_description":"Hasta este viernes 19 de mayo se realiza la 18\u00aa Filven Falc\u00f3n en el Centro Hist\u00f3rico de Coro, instalada desde el martes 16, con m\u00e1s de 50 actividades para disfrute [&hellip;]","og_url":"https:\/\/cenal.gob.ve\/?p=20592","og_site_name":"Cenal","article_published_time":"2023-05-19T19:41:18+00:00","article_modified_time":"2023-05-19T19:41:27+00:00","og_image":[{"width":960,"height":640,"url":"https:\/\/i0.wp.com\/cenal.gob.ve\/wp-content\/uploads\/2023\/05\/Imagen-de-WhatsApp-2023-05-19-a-las-13.46.39.jpg?fit=960%2C640&ssl=1","type":"image\/jpeg"}],"author":"Prensa Cenal","twitter_card":"summary_large_image","twitter_misc":{"Written by":"Prensa Cenal","Est. reading time":"5 minutos"},"schema":{"@context":"https:\/\/schema.org","@graph":[{"@type":"Article","@id":"https:\/\/cenal.gob.ve\/?p=20592#article","isPartOf":{"@id":"https:\/\/cenal.gob.ve\/?p=20592"},"author":{"name":"Prensa Cenal","@id":"https:\/\/cenal.gob.ve\/#\/schema\/person\/e3ed34623f400ffab8bc7a63b2f5533f"},"headline":"Bautizaron libro Geograf\u00eda vivencial de Falc\u00f3n durante clausura de 18\u00aa Filven en Coro","datePublished":"2023-05-19T19:41:18+00:00","dateModified":"2023-05-19T19:41:27+00:00","mainEntityOfPage":{"@id":"https:\/\/cenal.gob.ve\/?p=20592"},"wordCount":658,"commentCount":0,"publisher":{"@id":"https:\/\/cenal.gob.ve\/#organization"},"keywords":["FILVEN","Noticias"],"articleSection":["Filven"],"inLanguage":"es","potentialAction":[{"@type":"CommentAction","name":"Comment","target":["https:\/\/cenal.gob.ve\/?p=20592#respond"]}]},{"@type":"WebPage","@id":"https:\/\/cenal.gob.ve\/?p=20592","url":"https:\/\/cenal.gob.ve\/?p=20592","name":"Bautizaron libro Geograf\u00eda vivencial de Falc\u00f3n durante clausura de 18\u00aa Filven en Coro","isPartOf":{"@id":"https:\/\/cenal.gob.ve\/#website"},"datePublished":"2023-05-19T19:41:18+00:00","dateModified":"2023-05-19T19:41:27+00:00","breadcrumb":{"@id":"https:\/\/cenal.gob.ve\/?p=20592#breadcrumb"},"inLanguage":"es","potentialAction":[{"@type":"ReadAction","target":["https:\/\/cenal.gob.ve\/?p=20592"]}]},{"@type":"BreadcrumbList","@id":"https:\/\/cenal.gob.ve\/?p=20592#breadcrumb","itemListElement":[{"@type":"ListItem","position":1,"name":"Home","item":"https:\/\/cenal.gob.ve\/"},{"@type":"ListItem","position":2,"name":"Bautizaron libro Geograf\u00eda vivencial de Falc\u00f3n durante clausura de 18\u00aa Filven en Coro"}]},{"@type":"WebSite","@id":"https:\/\/cenal.gob.ve\/#website","url":"https:\/\/cenal.gob.ve\/","name":"Cenal","description":"","publisher":{"@id":"https:\/\/cenal.gob.ve\/#organization"},"potentialAction":[{"@type":"SearchAction","target":{"@type":"EntryPoint","urlTemplate":"https:\/\/cenal.gob.ve\/?s={search_term_string}"},"query-input":"required name=search_term_string"}],"inLanguage":"es"},{"@type":"Organization","@id":"https:\/\/cenal.gob.ve\/#organization","name":"CENAL","url":"https:\/\/cenal.gob.ve\/","sameAs":[],"logo":{"@type":"ImageObject","inLanguage":"es","@id":"https:\/\/cenal.gob.ve\/#\/schema\/logo\/image\/","url":"https:\/\/i0.wp.com\/cenal.gob.ve\/wp-content\/uploads\/2022\/10\/cropped-images.jpg?fit=512%2C512","contentUrl":"https:\/\/i0.wp.com\/cenal.gob.ve\/wp-content\/uploads\/2022\/10\/cropped-images.jpg?fit=512%2C512","width":512,"height":512,"caption":"CENAL"},"image":{"@id":"https:\/\/cenal.gob.ve\/#\/schema\/logo\/image\/"}},{"@type":"Person","@id":"https:\/\/cenal.gob.ve\/#\/schema\/person\/e3ed34623f400ffab8bc7a63b2f5533f","name":"Prensa Cenal","image":{"@type":"ImageObject","inLanguage":"es","@id":"https:\/\/cenal.gob.ve\/#\/schema\/person\/image\/","url":"https:\/\/secure.gravatar.com\/avatar\/594b4ed34090910c619ac3679001d491?s=96&d=mm&r=g","contentUrl":"https:\/\/secure.gravatar.com\/avatar\/594b4ed34090910c619ac3679001d491?s=96&d=mm&r=g","caption":"Prensa Cenal"},"url":"https:\/\/cenal.gob.ve\/?author=10"}]}},"jetpack_featured_media_url":"https:\/\/cenal.gob.ve\/wp-content\/uploads\/2023\/05\/Imagen-de-WhatsApp-2023-05-19-a-las-13.46.39.jpg","jetpack_publicize_connections":[],"jetpack_shortlink":"https:\/\/wp.me\/p5FMhp-5m8","_links":{"self":[{"href":"https:\/\/cenal.gob.ve\/index.php?rest_route=\/wp\/v2\/posts\/20592"}],"collection":[{"href":"https:\/\/cenal.gob.ve\/index.php?rest_route=\/wp\/v2\/posts"}],"about":[{"href":"https:\/\/cenal.gob.ve\/index.php?rest_route=\/wp\/v2\/types\/post"}],"author":[{"embeddable":true,"href":"https:\/\/cenal.gob.ve\/index.php?rest_route=\/wp\/v2\/users\/10"}],"replies":[{"embeddable":true,"href":"https:\/\/cenal.gob.ve\/index.php?rest_route=%2Fwp%2Fv2%2Fcomments&post=20592"}],"version-history":[{"count":7,"href":"https:\/\/cenal.gob.ve\/index.php?rest_route=\/wp\/v2\/posts\/20592\/revisions"}],"predecessor-version":[{"id":20615,"href":"https:\/\/cenal.gob.ve\/index.php?rest_route=\/wp\/v2\/posts\/20592\/revisions\/20615"}],"wp:featuredmedia":[{"embeddable":true,"href":"https:\/\/cenal.gob.ve\/index.php?rest_route=\/wp\/v2\/media\/20593"}],"wp:attachment":[{"href":"https:\/\/cenal.gob.ve\/index.php?rest_route=%2Fwp%2Fv2%2Fmedia&parent=20592"}],"wp:term":[{"taxonomy":"category","embeddable":true,"href":"https:\/\/cenal.gob.ve\/index.php?rest_route=%2Fwp%2Fv2%2Fcategories&post=20592"},{"taxonomy":"post_tag","embeddable":true,"href":"https:\/\/cenal.gob.ve\/index.php?rest_route=%2Fwp%2Fv2%2Ftags&post=20592"}],"curies":[{"name":"wp","href":"https:\/\/api.w.org\/{rel}","templated":true}]}}