{"id":20729,"date":"2023-05-25T17:25:54","date_gmt":"2023-05-25T21:25:54","guid":{"rendered":"http:\/\/cenal.gob.ve\/?p=20729"},"modified":"2023-05-25T17:25:59","modified_gmt":"2023-05-25T21:25:59","slug":"poesia-y-danza-engalanan-la-18a-filven-portuguesa","status":"publish","type":"post","link":"https:\/\/cenal.gob.ve\/?p=20729","title":{"rendered":"Poes\u00eda y danza engalanan la 18\u00aa Filven Portuguesa"},"content":{"rendered":"\n<p>Como parte de la programaci\u00f3n de la 18\u00aa Filven Portuguesa, en el Vicerrectorado de la Universidad Nacional Experimental de los Llanos Occidentales Ezequiel Zamora (Unellez) de Guanare, este jueves se desarrollaron varias actividades en torno a la poes\u00eda, con los escritores invitados, Bol\u00edvar P\u00e9rez y Jhoan Mar\u00edn.<\/p>\n\n\n\n<p>La primera actividad en la Nueva Casika estuvo enmarcada en el taller <em>Desnudando las palabras<\/em>, de Jhoan Mar\u00edn, en el que los participantes se sumergieron en el mundo de la poes\u00eda er\u00f3tica.<\/p>\n\n\n\n<figure class=\"wp-block-image size-large\"><img width=\"1024\" height=\"682\" src=\"http:\/\/cenal.gob.ve\/wp-content\/uploads\/2023\/05\/photo_5152680589114059646_y-1024x682.jpg\" alt=\"\" class=\"wp-image-20731\" srcset=\"https:\/\/cenal.gob.ve\/wp-content\/uploads\/2023\/05\/photo_5152680589114059646_y-1024x682.jpg 1024w, https:\/\/cenal.gob.ve\/wp-content\/uploads\/2023\/05\/photo_5152680589114059646_y-300x200.jpg 300w, https:\/\/cenal.gob.ve\/wp-content\/uploads\/2023\/05\/photo_5152680589114059646_y-768x512.jpg 768w, https:\/\/cenal.gob.ve\/wp-content\/uploads\/2023\/05\/photo_5152680589114059646_y-640x427.jpg 640w, https:\/\/cenal.gob.ve\/wp-content\/uploads\/2023\/05\/photo_5152680589114059646_y.jpg 1280w\" sizes=\"(max-width: 1024px) 100vw, 1024px\" \/><\/figure>\n\n\n\n<p>Mar\u00edn detall\u00f3 que la poes\u00eda es una de las escrituras m\u00e1s exquisitas que puede existir. Sin embargo, en este taller solo ofreci\u00f3 algunos indicios y elementos b\u00e1sicos de la literatura er\u00f3tica.<\/p>\n\n\n\n<p>Por otra parte, la escritora Bol\u00edvar P\u00e9rez present\u00f3 su poemario digital <em>Contra-Natura<\/em>, del Fondo Editorial Fundarte, que forma parte de una colecci\u00f3n llamada &#8220;Yo misma&#8221; proveniente de sus diarios.<\/p>\n\n\n\n<figure class=\"wp-block-image size-large\"><img width=\"1024\" height=\"682\" src=\"http:\/\/cenal.gob.ve\/wp-content\/uploads\/2023\/05\/photo_5152680589114059644_y-3-1024x682.jpg\" alt=\"\" class=\"wp-image-20730\" srcset=\"https:\/\/cenal.gob.ve\/wp-content\/uploads\/2023\/05\/photo_5152680589114059644_y-3-1024x682.jpg 1024w, https:\/\/cenal.gob.ve\/wp-content\/uploads\/2023\/05\/photo_5152680589114059644_y-3-300x200.jpg 300w, https:\/\/cenal.gob.ve\/wp-content\/uploads\/2023\/05\/photo_5152680589114059644_y-3-768x512.jpg 768w, https:\/\/cenal.gob.ve\/wp-content\/uploads\/2023\/05\/photo_5152680589114059644_y-3-640x427.jpg 640w, https:\/\/cenal.gob.ve\/wp-content\/uploads\/2023\/05\/photo_5152680589114059644_y-3.jpg 1280w\" sizes=\"(max-width: 1024px) 100vw, 1024px\" \/><\/figure>\n\n\n\n<p>&#8220;Un h\u00e1bito cat\u00e1rsico de exploraci\u00f3n personal, de autoconocimiento, que luego pasa por un proceso de edici\u00f3n y es cuando pasan a transformarse en una suerte de poemas&#8221;, detall\u00f3 Bol\u00edvar, quien adem\u00e1s indic\u00f3 que pueden ubicar todas sus publicaciones gratis en la plataforma de Fundarte.<\/p>\n\n\n\n<p>Estas y otras actividades de la 18\u00aa Filven se est\u00e1n desarrollando tambi\u00e9n en la CasaCoima, sede de la Corporaci\u00f3n Portuguese\u00f1a de Turismo (CorpoTur), adem\u00e1s del Pabell\u00f3n infantil a las afueras de la sede del Vicerrectorado de la Unellez.<\/p>\n\n\n\n<p><strong>\u00c1frica un continente m\u00e1gico<\/strong><\/p>\n\n\n\n<p>Este jueves los espacios de la sede del Vicerrectorado de la Universidad Nacional Experimental de los Llanos Occidentales Ezequiel Zamora (Unellez), en Guanare estado Portuguesa, donde se desarrolla la Filven, la Escuela de Formaci\u00f3n Art\u00edstica Infantil El \u00c1ngel de la Guardia y la Compa\u00f1\u00eda Juvenil Danza Fe y Alegr\u00eda deleitaron al p\u00fablico con su presentaci\u00f3n <em>\u00c1frica un continente m\u00e1gico<\/em>.<\/p>\n\n\n\n<figure class=\"wp-block-image size-large\"><img width=\"1024\" height=\"682\" src=\"http:\/\/cenal.gob.ve\/wp-content\/uploads\/2023\/05\/photo_5152680589114059655_y-1024x682.jpg\" alt=\"\" class=\"wp-image-20732\" srcset=\"https:\/\/cenal.gob.ve\/wp-content\/uploads\/2023\/05\/photo_5152680589114059655_y-1024x682.jpg 1024w, https:\/\/cenal.gob.ve\/wp-content\/uploads\/2023\/05\/photo_5152680589114059655_y-300x200.jpg 300w, https:\/\/cenal.gob.ve\/wp-content\/uploads\/2023\/05\/photo_5152680589114059655_y-768x511.jpg 768w, https:\/\/cenal.gob.ve\/wp-content\/uploads\/2023\/05\/photo_5152680589114059655_y-640x426.jpg 640w, https:\/\/cenal.gob.ve\/wp-content\/uploads\/2023\/05\/photo_5152680589114059655_y.jpg 1280w\" sizes=\"(max-width: 1024px) 100vw, 1024px\" \/><\/figure>\n\n\n\n<p>El director y core\u00f3grafo de las instituciones, F\u00e9lix la Cruz, detall\u00f3 que se trata de un resumen de la cultura africana, la importancia que tiene para nuestro continente y el sincretismo religioso que ha formado parte de la idiosincrasia y esencia del venezolano, empezando con la danza t\u00edpica tradicional africana.<\/p>\n\n\n\n<p>En ese mismo sentido, La Cruz inform\u00f3 que la presentaci\u00f3n tambi\u00e9n dio un peque\u00f1o paseo por las costas venezolanas, a trav\u00e9s del tambor de San mill\u00e1n y la danza nacionalista.<\/p>\n\n\n\n<p>Asimismo, expres\u00f3 la dicha de ser parte de la programaci\u00f3n de esta fiesta literaria que cerrar\u00e1 sus puertas este viernes 26 de mayo.<\/p>\n\n\n\n<p>La Filven Portuguesa abri\u00f3 este mi\u00e9rcoles 24 las puertas con una variada programaci\u00f3n.<\/p>\n","protected":false},"excerpt":{"rendered":"<p>Como parte de la programaci\u00f3n de la 18\u00aa Filven Portuguesa, en el Vicerrectorado de la Universidad Nacional Experimental de los Llanos Occidentales Ezequiel Zamora (Unellez) de Guanare, este jueves se [&hellip;]<\/p>\n","protected":false},"author":10,"featured_media":20733,"comment_status":"open","ping_status":"closed","sticky":false,"template":"","format":"standard","meta":{"spay_email":"","jetpack_publicize_message":"","jetpack_is_tweetstorm":false,"jetpack_publicize_feature_enabled":true},"categories":[12],"tags":[79,9],"yoast_head":"<!-- This site is optimized with the Yoast SEO plugin v19.8 - https:\/\/yoast.com\/wordpress\/plugins\/seo\/ -->\n<title>Poes\u00eda y danza engalanan la 18\u00aa Filven Portuguesa<\/title>\n<meta name=\"robots\" content=\"index, follow, max-snippet:-1, max-image-preview:large, max-video-preview:-1\" \/>\n<link rel=\"canonical\" href=\"https:\/\/cenal.gob.ve\/?p=20729\" \/>\n<meta property=\"og:locale\" content=\"es_ES\" \/>\n<meta property=\"og:type\" content=\"article\" \/>\n<meta property=\"og:title\" content=\"Poes\u00eda y danza engalanan la 18\u00aa Filven Portuguesa\" \/>\n<meta property=\"og:description\" content=\"Como parte de la programaci\u00f3n de la 18\u00aa Filven Portuguesa, en el Vicerrectorado de la Universidad Nacional Experimental de los Llanos Occidentales Ezequiel Zamora (Unellez) de Guanare, este jueves se [&hellip;]\" \/>\n<meta property=\"og:url\" content=\"https:\/\/cenal.gob.ve\/?p=20729\" \/>\n<meta property=\"og:site_name\" content=\"Cenal\" \/>\n<meta property=\"article:published_time\" content=\"2023-05-25T21:25:54+00:00\" \/>\n<meta property=\"article:modified_time\" content=\"2023-05-25T21:25:59+00:00\" \/>\n<meta property=\"og:image\" content=\"https:\/\/i0.wp.com\/cenal.gob.ve\/wp-content\/uploads\/2023\/05\/photo_5152680589114059659_y.jpg?fit=1280%2C852&ssl=1\" \/>\n\t<meta property=\"og:image:width\" content=\"1280\" \/>\n\t<meta property=\"og:image:height\" content=\"852\" \/>\n\t<meta property=\"og:image:type\" content=\"image\/jpeg\" \/>\n<meta name=\"author\" content=\"Prensa Cenal\" \/>\n<meta name=\"twitter:card\" content=\"summary_large_image\" \/>\n<meta name=\"twitter:label1\" content=\"Written by\" \/>\n\t<meta name=\"twitter:data1\" content=\"Prensa Cenal\" \/>\n\t<meta name=\"twitter:label2\" content=\"Est. reading time\" \/>\n\t<meta name=\"twitter:data2\" content=\"3 minutos\" \/>\n<script type=\"application\/ld+json\" class=\"yoast-schema-graph\">{\"@context\":\"https:\/\/schema.org\",\"@graph\":[{\"@type\":\"Article\",\"@id\":\"https:\/\/cenal.gob.ve\/?p=20729#article\",\"isPartOf\":{\"@id\":\"https:\/\/cenal.gob.ve\/?p=20729\"},\"author\":{\"name\":\"Prensa Cenal\",\"@id\":\"https:\/\/cenal.gob.ve\/#\/schema\/person\/e3ed34623f400ffab8bc7a63b2f5533f\"},\"headline\":\"Poes\u00eda y danza engalanan la 18\u00aa Filven Portuguesa\",\"datePublished\":\"2023-05-25T21:25:54+00:00\",\"dateModified\":\"2023-05-25T21:25:59+00:00\",\"mainEntityOfPage\":{\"@id\":\"https:\/\/cenal.gob.ve\/?p=20729\"},\"wordCount\":451,\"commentCount\":0,\"publisher\":{\"@id\":\"https:\/\/cenal.gob.ve\/#organization\"},\"keywords\":[\"FILVEN\",\"Noticias\"],\"articleSection\":[\"Filven\"],\"inLanguage\":\"es\",\"potentialAction\":[{\"@type\":\"CommentAction\",\"name\":\"Comment\",\"target\":[\"https:\/\/cenal.gob.ve\/?p=20729#respond\"]}]},{\"@type\":\"WebPage\",\"@id\":\"https:\/\/cenal.gob.ve\/?p=20729\",\"url\":\"https:\/\/cenal.gob.ve\/?p=20729\",\"name\":\"Poes\u00eda y danza engalanan la 18\u00aa Filven Portuguesa\",\"isPartOf\":{\"@id\":\"https:\/\/cenal.gob.ve\/#website\"},\"datePublished\":\"2023-05-25T21:25:54+00:00\",\"dateModified\":\"2023-05-25T21:25:59+00:00\",\"breadcrumb\":{\"@id\":\"https:\/\/cenal.gob.ve\/?p=20729#breadcrumb\"},\"inLanguage\":\"es\",\"potentialAction\":[{\"@type\":\"ReadAction\",\"target\":[\"https:\/\/cenal.gob.ve\/?p=20729\"]}]},{\"@type\":\"BreadcrumbList\",\"@id\":\"https:\/\/cenal.gob.ve\/?p=20729#breadcrumb\",\"itemListElement\":[{\"@type\":\"ListItem\",\"position\":1,\"name\":\"Home\",\"item\":\"https:\/\/cenal.gob.ve\/\"},{\"@type\":\"ListItem\",\"position\":2,\"name\":\"Poes\u00eda y danza engalanan la 18\u00aa Filven Portuguesa\"}]},{\"@type\":\"WebSite\",\"@id\":\"https:\/\/cenal.gob.ve\/#website\",\"url\":\"https:\/\/cenal.gob.ve\/\",\"name\":\"Cenal\",\"description\":\"\",\"publisher\":{\"@id\":\"https:\/\/cenal.gob.ve\/#organization\"},\"potentialAction\":[{\"@type\":\"SearchAction\",\"target\":{\"@type\":\"EntryPoint\",\"urlTemplate\":\"https:\/\/cenal.gob.ve\/?s={search_term_string}\"},\"query-input\":\"required name=search_term_string\"}],\"inLanguage\":\"es\"},{\"@type\":\"Organization\",\"@id\":\"https:\/\/cenal.gob.ve\/#organization\",\"name\":\"CENAL\",\"url\":\"https:\/\/cenal.gob.ve\/\",\"sameAs\":[],\"logo\":{\"@type\":\"ImageObject\",\"inLanguage\":\"es\",\"@id\":\"https:\/\/cenal.gob.ve\/#\/schema\/logo\/image\/\",\"url\":\"https:\/\/i0.wp.com\/cenal.gob.ve\/wp-content\/uploads\/2022\/10\/cropped-images.jpg?fit=512%2C512\",\"contentUrl\":\"https:\/\/i0.wp.com\/cenal.gob.ve\/wp-content\/uploads\/2022\/10\/cropped-images.jpg?fit=512%2C512\",\"width\":512,\"height\":512,\"caption\":\"CENAL\"},\"image\":{\"@id\":\"https:\/\/cenal.gob.ve\/#\/schema\/logo\/image\/\"}},{\"@type\":\"Person\",\"@id\":\"https:\/\/cenal.gob.ve\/#\/schema\/person\/e3ed34623f400ffab8bc7a63b2f5533f\",\"name\":\"Prensa Cenal\",\"image\":{\"@type\":\"ImageObject\",\"inLanguage\":\"es\",\"@id\":\"https:\/\/cenal.gob.ve\/#\/schema\/person\/image\/\",\"url\":\"https:\/\/secure.gravatar.com\/avatar\/594b4ed34090910c619ac3679001d491?s=96&d=mm&r=g\",\"contentUrl\":\"https:\/\/secure.gravatar.com\/avatar\/594b4ed34090910c619ac3679001d491?s=96&d=mm&r=g\",\"caption\":\"Prensa Cenal\"},\"url\":\"https:\/\/cenal.gob.ve\/?author=10\"}]}<\/script>\n<!-- \/ Yoast SEO plugin. -->","yoast_head_json":{"title":"Poes\u00eda y danza engalanan la 18\u00aa Filven Portuguesa","robots":{"index":"index","follow":"follow","max-snippet":"max-snippet:-1","max-image-preview":"max-image-preview:large","max-video-preview":"max-video-preview:-1"},"canonical":"https:\/\/cenal.gob.ve\/?p=20729","og_locale":"es_ES","og_type":"article","og_title":"Poes\u00eda y danza engalanan la 18\u00aa Filven Portuguesa","og_description":"Como parte de la programaci\u00f3n de la 18\u00aa Filven Portuguesa, en el Vicerrectorado de la Universidad Nacional Experimental de los Llanos Occidentales Ezequiel Zamora (Unellez) de Guanare, este jueves se [&hellip;]","og_url":"https:\/\/cenal.gob.ve\/?p=20729","og_site_name":"Cenal","article_published_time":"2023-05-25T21:25:54+00:00","article_modified_time":"2023-05-25T21:25:59+00:00","og_image":[{"width":1280,"height":852,"url":"https:\/\/i0.wp.com\/cenal.gob.ve\/wp-content\/uploads\/2023\/05\/photo_5152680589114059659_y.jpg?fit=1280%2C852&ssl=1","type":"image\/jpeg"}],"author":"Prensa Cenal","twitter_card":"summary_large_image","twitter_misc":{"Written by":"Prensa Cenal","Est. reading time":"3 minutos"},"schema":{"@context":"https:\/\/schema.org","@graph":[{"@type":"Article","@id":"https:\/\/cenal.gob.ve\/?p=20729#article","isPartOf":{"@id":"https:\/\/cenal.gob.ve\/?p=20729"},"author":{"name":"Prensa Cenal","@id":"https:\/\/cenal.gob.ve\/#\/schema\/person\/e3ed34623f400ffab8bc7a63b2f5533f"},"headline":"Poes\u00eda y danza engalanan la 18\u00aa Filven Portuguesa","datePublished":"2023-05-25T21:25:54+00:00","dateModified":"2023-05-25T21:25:59+00:00","mainEntityOfPage":{"@id":"https:\/\/cenal.gob.ve\/?p=20729"},"wordCount":451,"commentCount":0,"publisher":{"@id":"https:\/\/cenal.gob.ve\/#organization"},"keywords":["FILVEN","Noticias"],"articleSection":["Filven"],"inLanguage":"es","potentialAction":[{"@type":"CommentAction","name":"Comment","target":["https:\/\/cenal.gob.ve\/?p=20729#respond"]}]},{"@type":"WebPage","@id":"https:\/\/cenal.gob.ve\/?p=20729","url":"https:\/\/cenal.gob.ve\/?p=20729","name":"Poes\u00eda y danza engalanan la 18\u00aa Filven Portuguesa","isPartOf":{"@id":"https:\/\/cenal.gob.ve\/#website"},"datePublished":"2023-05-25T21:25:54+00:00","dateModified":"2023-05-25T21:25:59+00:00","breadcrumb":{"@id":"https:\/\/cenal.gob.ve\/?p=20729#breadcrumb"},"inLanguage":"es","potentialAction":[{"@type":"ReadAction","target":["https:\/\/cenal.gob.ve\/?p=20729"]}]},{"@type":"BreadcrumbList","@id":"https:\/\/cenal.gob.ve\/?p=20729#breadcrumb","itemListElement":[{"@type":"ListItem","position":1,"name":"Home","item":"https:\/\/cenal.gob.ve\/"},{"@type":"ListItem","position":2,"name":"Poes\u00eda y danza engalanan la 18\u00aa Filven Portuguesa"}]},{"@type":"WebSite","@id":"https:\/\/cenal.gob.ve\/#website","url":"https:\/\/cenal.gob.ve\/","name":"Cenal","description":"","publisher":{"@id":"https:\/\/cenal.gob.ve\/#organization"},"potentialAction":[{"@type":"SearchAction","target":{"@type":"EntryPoint","urlTemplate":"https:\/\/cenal.gob.ve\/?s={search_term_string}"},"query-input":"required name=search_term_string"}],"inLanguage":"es"},{"@type":"Organization","@id":"https:\/\/cenal.gob.ve\/#organization","name":"CENAL","url":"https:\/\/cenal.gob.ve\/","sameAs":[],"logo":{"@type":"ImageObject","inLanguage":"es","@id":"https:\/\/cenal.gob.ve\/#\/schema\/logo\/image\/","url":"https:\/\/i0.wp.com\/cenal.gob.ve\/wp-content\/uploads\/2022\/10\/cropped-images.jpg?fit=512%2C512","contentUrl":"https:\/\/i0.wp.com\/cenal.gob.ve\/wp-content\/uploads\/2022\/10\/cropped-images.jpg?fit=512%2C512","width":512,"height":512,"caption":"CENAL"},"image":{"@id":"https:\/\/cenal.gob.ve\/#\/schema\/logo\/image\/"}},{"@type":"Person","@id":"https:\/\/cenal.gob.ve\/#\/schema\/person\/e3ed34623f400ffab8bc7a63b2f5533f","name":"Prensa Cenal","image":{"@type":"ImageObject","inLanguage":"es","@id":"https:\/\/cenal.gob.ve\/#\/schema\/person\/image\/","url":"https:\/\/secure.gravatar.com\/avatar\/594b4ed34090910c619ac3679001d491?s=96&d=mm&r=g","contentUrl":"https:\/\/secure.gravatar.com\/avatar\/594b4ed34090910c619ac3679001d491?s=96&d=mm&r=g","caption":"Prensa Cenal"},"url":"https:\/\/cenal.gob.ve\/?author=10"}]}},"jetpack_featured_media_url":"https:\/\/cenal.gob.ve\/wp-content\/uploads\/2023\/05\/photo_5152680589114059659_y.jpg","jetpack_publicize_connections":[],"jetpack_shortlink":"https:\/\/wp.me\/p5FMhp-5ol","_links":{"self":[{"href":"https:\/\/cenal.gob.ve\/index.php?rest_route=\/wp\/v2\/posts\/20729"}],"collection":[{"href":"https:\/\/cenal.gob.ve\/index.php?rest_route=\/wp\/v2\/posts"}],"about":[{"href":"https:\/\/cenal.gob.ve\/index.php?rest_route=\/wp\/v2\/types\/post"}],"author":[{"embeddable":true,"href":"https:\/\/cenal.gob.ve\/index.php?rest_route=\/wp\/v2\/users\/10"}],"replies":[{"embeddable":true,"href":"https:\/\/cenal.gob.ve\/index.php?rest_route=%2Fwp%2Fv2%2Fcomments&post=20729"}],"version-history":[{"count":1,"href":"https:\/\/cenal.gob.ve\/index.php?rest_route=\/wp\/v2\/posts\/20729\/revisions"}],"predecessor-version":[{"id":20734,"href":"https:\/\/cenal.gob.ve\/index.php?rest_route=\/wp\/v2\/posts\/20729\/revisions\/20734"}],"wp:featuredmedia":[{"embeddable":true,"href":"https:\/\/cenal.gob.ve\/index.php?rest_route=\/wp\/v2\/media\/20733"}],"wp:attachment":[{"href":"https:\/\/cenal.gob.ve\/index.php?rest_route=%2Fwp%2Fv2%2Fmedia&parent=20729"}],"wp:term":[{"taxonomy":"category","embeddable":true,"href":"https:\/\/cenal.gob.ve\/index.php?rest_route=%2Fwp%2Fv2%2Fcategories&post=20729"},{"taxonomy":"post_tag","embeddable":true,"href":"https:\/\/cenal.gob.ve\/index.php?rest_route=%2Fwp%2Fv2%2Ftags&post=20729"}],"curies":[{"name":"wp","href":"https:\/\/api.w.org\/{rel}","templated":true}]}}