{"id":21072,"date":"2023-06-18T01:10:40","date_gmt":"2023-06-18T05:10:40","guid":{"rendered":"http:\/\/cenal.gob.ve\/?p=21072"},"modified":"2023-06-26T13:59:28","modified_gmt":"2023-06-26T17:59:28","slug":"18a-filven-monagas-continuo-invitando-a-leer-para-descolonizar-el-pensamiento","status":"publish","type":"post","link":"https:\/\/cenal.gob.ve\/?p=21072","title":{"rendered":"18\u00aa Filven Monagas continu\u00f3 invitando a leer para descolonizar el pensamiento"},"content":{"rendered":"\n<p>Hasta este s\u00e1bado 17 de junio se realiz\u00f3 la 18\u00aa Filven Monagas, en la sede de la Universidad Bolivariana de Venezuela (UBV) en Matur\u00edn, instalada desde el jueves 15 de junio con m\u00e1s de 40 actividades literarias, culturales y art\u00edsticas para el disfrute de los monaguenses.<\/p>\n\n\n\n<p>Durante estos 3 d\u00edas los presentes gozaron de presentaciones y bautizos de libros, talleres, m\u00fasica, bailes, conferencias, recitales de poes\u00eda, foros, teatro y cine.<\/p>\n\n\n\n<p>Como actividad de cierre, la escritora y diputada a la Asamblea Nacional Casimira Monasterio present\u00f3 el libro <em>Parto de pueblo cimarr\u00f3n<\/em>, una investigaci\u00f3n que re\u00fane la geneolog\u00eda afro y las herencias de la sociedad en Venezuela.<\/p>\n\n\n\n<p>A\u00f1adi\u00f3 que a\u00fan se reproducen en el pa\u00eds enfoques discriminatorios hacia lo africano y afrodescendiente en la educaci\u00f3n, por lo que espacios como la Filven son importantes para incentivar la lectura y descolonizar el pensamiento, a prop\u00f3sito del lema Leer descoloniza de esta edici\u00f3n de la fiesta literaria.<\/p>\n\n\n\n<figure class=\"wp-block-gallery has-nested-images columns-default is-cropped\">\n<figure class=\"wp-block-image size-large\"><img width=\"1024\" height=\"682\" data-id=\"21075\"  src=\"http:\/\/cenal.gob.ve\/wp-content\/uploads\/2023\/06\/WhatsApp-Image-2023-06-17-at-11.55.09-PM-1024x682.jpeg\" alt=\"\" class=\"wp-image-21075\" srcset=\"https:\/\/cenal.gob.ve\/wp-content\/uploads\/2023\/06\/WhatsApp-Image-2023-06-17-at-11.55.09-PM-1024x682.jpeg 1024w, https:\/\/cenal.gob.ve\/wp-content\/uploads\/2023\/06\/WhatsApp-Image-2023-06-17-at-11.55.09-PM-300x200.jpeg 300w, https:\/\/cenal.gob.ve\/wp-content\/uploads\/2023\/06\/WhatsApp-Image-2023-06-17-at-11.55.09-PM-768x511.jpeg 768w, https:\/\/cenal.gob.ve\/wp-content\/uploads\/2023\/06\/WhatsApp-Image-2023-06-17-at-11.55.09-PM-640x426.jpeg 640w, https:\/\/cenal.gob.ve\/wp-content\/uploads\/2023\/06\/WhatsApp-Image-2023-06-17-at-11.55.09-PM.jpeg 1080w\" sizes=\"(max-width: 1024px) 100vw, 1024px\" \/><figcaption>Casimira Monasterio<\/figcaption><\/figure>\n<\/figure>\n\n\n\n<p><strong>Encuentros de formaci\u00f3n<\/strong><\/p>\n\n\n\n<p>Como parte de los encuentros de formaci\u00f3n, el Centro Nacional del Libro (Cenal) imparti\u00f3 los talleres &#8220;Leamos juntos a Sim\u00f3n&#8221;, a cargo de Yris Villamizar y dirigido en esta oportunidad a docentes de Monagas, y el de &#8220;ISBN&#8221; y &#8220;Herramientas b\u00e1sicas para la elaboraci\u00f3n de libros electr\u00f3nicos&#8221;, con la facilitadora Angela Negr\u00edn, donde los autores y editores de la entidad identificaron y aclararon dudas sobre las normativas de los libros en el \u00e1mbito internacional y las nuevas formas de promover una publicaci\u00f3n en formato digital.<\/p>\n\n\n\n<figure class=\"wp-block-gallery has-nested-images columns-default is-cropped\">\n<figure class=\"wp-block-image size-large\"><img width=\"1024\" height=\"682\" data-id=\"21076\"  src=\"http:\/\/cenal.gob.ve\/wp-content\/uploads\/2023\/06\/WhatsApp-Image-2023-06-17-at-11.57.19-PM-1024x682.jpeg\" alt=\"\" class=\"wp-image-21076\" srcset=\"https:\/\/cenal.gob.ve\/wp-content\/uploads\/2023\/06\/WhatsApp-Image-2023-06-17-at-11.57.19-PM-1024x682.jpeg 1024w, https:\/\/cenal.gob.ve\/wp-content\/uploads\/2023\/06\/WhatsApp-Image-2023-06-17-at-11.57.19-PM-300x200.jpeg 300w, https:\/\/cenal.gob.ve\/wp-content\/uploads\/2023\/06\/WhatsApp-Image-2023-06-17-at-11.57.19-PM-768x511.jpeg 768w, https:\/\/cenal.gob.ve\/wp-content\/uploads\/2023\/06\/WhatsApp-Image-2023-06-17-at-11.57.19-PM-640x426.jpeg 640w, https:\/\/cenal.gob.ve\/wp-content\/uploads\/2023\/06\/WhatsApp-Image-2023-06-17-at-11.57.19-PM.jpeg 1080w\" sizes=\"(max-width: 1024px) 100vw, 1024px\" \/><figcaption>&#8220;Leamos juntos a Sim\u00f3n&#8221;, a cargo de Yris Villamizar<\/figcaption><\/figure>\n<\/figure>\n\n\n\n<figure class=\"wp-block-gallery has-nested-images columns-default is-cropped\">\n<figure class=\"wp-block-image size-large\"><img width=\"1024\" height=\"682\" data-id=\"21077\"  src=\"http:\/\/cenal.gob.ve\/wp-content\/uploads\/2023\/06\/WhatsApp-Image-2023-06-17-at-11.56.41-PM-1024x682.jpeg\" alt=\"\" class=\"wp-image-21077\" srcset=\"https:\/\/cenal.gob.ve\/wp-content\/uploads\/2023\/06\/WhatsApp-Image-2023-06-17-at-11.56.41-PM-1024x682.jpeg 1024w, https:\/\/cenal.gob.ve\/wp-content\/uploads\/2023\/06\/WhatsApp-Image-2023-06-17-at-11.56.41-PM-300x200.jpeg 300w, https:\/\/cenal.gob.ve\/wp-content\/uploads\/2023\/06\/WhatsApp-Image-2023-06-17-at-11.56.41-PM-768x511.jpeg 768w, https:\/\/cenal.gob.ve\/wp-content\/uploads\/2023\/06\/WhatsApp-Image-2023-06-17-at-11.56.41-PM-640x426.jpeg 640w, https:\/\/cenal.gob.ve\/wp-content\/uploads\/2023\/06\/WhatsApp-Image-2023-06-17-at-11.56.41-PM.jpeg 1080w\" sizes=\"(max-width: 1024px) 100vw, 1024px\" \/><figcaption>&#8220;Herramientas b\u00e1sicas para la elaboraci\u00f3n de libros electr\u00f3nicos&#8221;, con la facilitadora Angela Negr\u00edn<\/figcaption><\/figure>\n<\/figure>\n\n\n\n<p>Los ni\u00f1os y ni\u00f1as de Monagas tambi\u00e9n tuvieron momentos recreativos en los espacios del Pabell\u00f3n infantil; ah\u00ed particip\u00f3 la Fundaci\u00f3n Ni\u00f1o Sim\u00f3n con shows de magia, mimos, cuentacuentos, payasitos, lectura, entre otras actividades l\u00fadicas para el aprendizaje.<\/p>\n\n\n\n<figure class=\"wp-block-gallery has-nested-images columns-default is-cropped\">\n<figure class=\"wp-block-image size-large\"><img width=\"1024\" height=\"682\" data-id=\"21078\"  src=\"http:\/\/cenal.gob.ve\/wp-content\/uploads\/2023\/06\/WhatsApp-Image-2023-06-18-at-12.00.55-AM-1024x682.jpeg\" alt=\"\" class=\"wp-image-21078\" srcset=\"https:\/\/cenal.gob.ve\/wp-content\/uploads\/2023\/06\/WhatsApp-Image-2023-06-18-at-12.00.55-AM-1024x682.jpeg 1024w, https:\/\/cenal.gob.ve\/wp-content\/uploads\/2023\/06\/WhatsApp-Image-2023-06-18-at-12.00.55-AM-300x200.jpeg 300w, https:\/\/cenal.gob.ve\/wp-content\/uploads\/2023\/06\/WhatsApp-Image-2023-06-18-at-12.00.55-AM-768x511.jpeg 768w, https:\/\/cenal.gob.ve\/wp-content\/uploads\/2023\/06\/WhatsApp-Image-2023-06-18-at-12.00.55-AM-640x426.jpeg 640w, https:\/\/cenal.gob.ve\/wp-content\/uploads\/2023\/06\/WhatsApp-Image-2023-06-18-at-12.00.55-AM.jpeg 1080w\" sizes=\"(max-width: 1024px) 100vw, 1024px\" \/><\/figure>\n<\/figure>\n\n\n\n<figure class=\"wp-block-image size-large\"><img width=\"1024\" height=\"682\" src=\"http:\/\/cenal.gob.ve\/wp-content\/uploads\/2023\/06\/WhatsApp-Image-2023-06-18-at-12.00.57-AM-1024x682.jpeg\" alt=\"\" class=\"wp-image-21079\" srcset=\"https:\/\/cenal.gob.ve\/wp-content\/uploads\/2023\/06\/WhatsApp-Image-2023-06-18-at-12.00.57-AM-1024x682.jpeg 1024w, https:\/\/cenal.gob.ve\/wp-content\/uploads\/2023\/06\/WhatsApp-Image-2023-06-18-at-12.00.57-AM-300x200.jpeg 300w, https:\/\/cenal.gob.ve\/wp-content\/uploads\/2023\/06\/WhatsApp-Image-2023-06-18-at-12.00.57-AM-768x511.jpeg 768w, https:\/\/cenal.gob.ve\/wp-content\/uploads\/2023\/06\/WhatsApp-Image-2023-06-18-at-12.00.57-AM-640x426.jpeg 640w, https:\/\/cenal.gob.ve\/wp-content\/uploads\/2023\/06\/WhatsApp-Image-2023-06-18-at-12.00.57-AM.jpeg 1080w\" sizes=\"(max-width: 1024px) 100vw, 1024px\" \/><\/figure>\n\n\n\n<figure class=\"wp-block-gallery has-nested-images columns-default is-cropped\">\n<figure class=\"wp-block-image size-large\"><img width=\"1024\" height=\"682\" data-id=\"21080\"  src=\"http:\/\/cenal.gob.ve\/wp-content\/uploads\/2023\/06\/WhatsApp-Image-2023-06-18-at-12.00.57-AM1-1024x682.jpeg\" alt=\"\" class=\"wp-image-21080\" srcset=\"https:\/\/cenal.gob.ve\/wp-content\/uploads\/2023\/06\/WhatsApp-Image-2023-06-18-at-12.00.57-AM1-1024x682.jpeg 1024w, https:\/\/cenal.gob.ve\/wp-content\/uploads\/2023\/06\/WhatsApp-Image-2023-06-18-at-12.00.57-AM1-300x200.jpeg 300w, https:\/\/cenal.gob.ve\/wp-content\/uploads\/2023\/06\/WhatsApp-Image-2023-06-18-at-12.00.57-AM1-768x511.jpeg 768w, https:\/\/cenal.gob.ve\/wp-content\/uploads\/2023\/06\/WhatsApp-Image-2023-06-18-at-12.00.57-AM1-640x426.jpeg 640w, https:\/\/cenal.gob.ve\/wp-content\/uploads\/2023\/06\/WhatsApp-Image-2023-06-18-at-12.00.57-AM1.jpeg 1080w\" sizes=\"(max-width: 1024px) 100vw, 1024px\" \/><\/figure>\n<\/figure>\n\n\n\n<p><strong>Formaci\u00f3n de poetas<\/strong><\/p>\n\n\n\n<p>Asimismo, en el marco de la feria se realiz\u00f3 un recital de poes\u00eda con los talentos noveles de educaci\u00f3n secundaria de la &#8220;Escuela de Poes\u00eda Juan Calzadilla&#8221; en la entidad.<\/p>\n\n\n\n<figure class=\"wp-block-gallery has-nested-images columns-default is-cropped\">\n<figure class=\"wp-block-image size-large\"><img width=\"1024\" height=\"682\" data-id=\"21081\"  src=\"http:\/\/cenal.gob.ve\/wp-content\/uploads\/2023\/06\/WhatsApp-Image-2023-06-18-at-12.03.18-AM-1024x682.jpeg\" alt=\"\" class=\"wp-image-21081\" srcset=\"https:\/\/cenal.gob.ve\/wp-content\/uploads\/2023\/06\/WhatsApp-Image-2023-06-18-at-12.03.18-AM-1024x682.jpeg 1024w, https:\/\/cenal.gob.ve\/wp-content\/uploads\/2023\/06\/WhatsApp-Image-2023-06-18-at-12.03.18-AM-300x200.jpeg 300w, https:\/\/cenal.gob.ve\/wp-content\/uploads\/2023\/06\/WhatsApp-Image-2023-06-18-at-12.03.18-AM-768x511.jpeg 768w, https:\/\/cenal.gob.ve\/wp-content\/uploads\/2023\/06\/WhatsApp-Image-2023-06-18-at-12.03.18-AM-640x426.jpeg 640w, https:\/\/cenal.gob.ve\/wp-content\/uploads\/2023\/06\/WhatsApp-Image-2023-06-18-at-12.03.18-AM.jpeg 1080w\" sizes=\"(max-width: 1024px) 100vw, 1024px\" \/><\/figure>\n<\/figure>\n\n\n\n<figure class=\"wp-block-gallery has-nested-images columns-default is-cropped\">\n<figure class=\"wp-block-image size-large\"><img width=\"1024\" height=\"682\" data-id=\"21082\"  src=\"http:\/\/cenal.gob.ve\/wp-content\/uploads\/2023\/06\/WhatsApp-Image-2023-06-18-at-12.03.19-AM-1024x682.jpeg\" alt=\"\" class=\"wp-image-21082\" srcset=\"https:\/\/cenal.gob.ve\/wp-content\/uploads\/2023\/06\/WhatsApp-Image-2023-06-18-at-12.03.19-AM-1024x682.jpeg 1024w, https:\/\/cenal.gob.ve\/wp-content\/uploads\/2023\/06\/WhatsApp-Image-2023-06-18-at-12.03.19-AM-300x200.jpeg 300w, https:\/\/cenal.gob.ve\/wp-content\/uploads\/2023\/06\/WhatsApp-Image-2023-06-18-at-12.03.19-AM-768x511.jpeg 768w, https:\/\/cenal.gob.ve\/wp-content\/uploads\/2023\/06\/WhatsApp-Image-2023-06-18-at-12.03.19-AM-640x426.jpeg 640w, https:\/\/cenal.gob.ve\/wp-content\/uploads\/2023\/06\/WhatsApp-Image-2023-06-18-at-12.03.19-AM.jpeg 1080w\" sizes=\"(max-width: 1024px) 100vw, 1024px\" \/><\/figure>\n<\/figure>\n\n\n\n<p>A esta jornada asistieron los escritores C\u00f3simo Mandrillo, Mirla Alcib\u00edades y el homenajeado de la 18\u00aa Filven de Monagas, Miguel Mendoza Barreto.<\/p>\n\n\n\n<p>Miguel Mendoza Barreto, coordinador de la Escuela de Poes\u00eda Juan Calzadilla en el estado Monagas, resalt\u00f3 el valor de la lectura, la literatura, la creaci\u00f3n y el aporte esencial para los j\u00f3venes de frente a un mundo donde cada vez m\u00e1s estos corren el riesgo de ser atrapados por el consumo de tecnolog\u00edas que limitan la formaci\u00f3n de conciencias y la socializaci\u00f3n.<\/p>\n\n\n\n<p>En ese sentido, consider\u00f3 la poes\u00eda el principal promotor de la creatividad, los valores y el crecimiento de la conciencia.<\/p>\n\n\n\n<figure class=\"wp-block-gallery has-nested-images columns-default is-cropped\">\n<figure class=\"wp-block-image size-large\"><img width=\"1024\" height=\"682\" data-id=\"21083\"  src=\"http:\/\/cenal.gob.ve\/wp-content\/uploads\/2023\/06\/WhatsApp-Image-2023-06-18-at-12.06.54-AM-1024x682.jpeg\" alt=\"\" class=\"wp-image-21083\" srcset=\"https:\/\/cenal.gob.ve\/wp-content\/uploads\/2023\/06\/WhatsApp-Image-2023-06-18-at-12.06.54-AM-1024x682.jpeg 1024w, https:\/\/cenal.gob.ve\/wp-content\/uploads\/2023\/06\/WhatsApp-Image-2023-06-18-at-12.06.54-AM-300x200.jpeg 300w, https:\/\/cenal.gob.ve\/wp-content\/uploads\/2023\/06\/WhatsApp-Image-2023-06-18-at-12.06.54-AM-768x511.jpeg 768w, https:\/\/cenal.gob.ve\/wp-content\/uploads\/2023\/06\/WhatsApp-Image-2023-06-18-at-12.06.54-AM-640x426.jpeg 640w, https:\/\/cenal.gob.ve\/wp-content\/uploads\/2023\/06\/WhatsApp-Image-2023-06-18-at-12.06.54-AM.jpeg 1080w\" sizes=\"(max-width: 1024px) 100vw, 1024px\" \/><\/figure>\n<\/figure>\n\n\n\n<p><strong>Presentaciones<\/strong><\/p>\n\n\n\n<p>Por otra parte, el escritor nacional invitado C\u00f3simo Mandrillo present\u00f3 su libro <em>Conspiraci\u00f3n en el Mercado<\/em>, editado por Monte \u00c1vila, y estuvo a cargo del conversatorio &#8220;Literatura y petr\u00f3leo&#8221;.<\/p>\n\n\n\n<figure class=\"wp-block-gallery has-nested-images columns-default is-cropped\">\n<figure class=\"wp-block-image size-large\"><img width=\"1024\" height=\"682\" data-id=\"21084\"  src=\"http:\/\/cenal.gob.ve\/wp-content\/uploads\/2023\/06\/WhatsApp-Image-2023-06-18-at-12.07.19-AM-1024x682.jpeg\" alt=\"\" class=\"wp-image-21084\" srcset=\"https:\/\/cenal.gob.ve\/wp-content\/uploads\/2023\/06\/WhatsApp-Image-2023-06-18-at-12.07.19-AM-1024x682.jpeg 1024w, https:\/\/cenal.gob.ve\/wp-content\/uploads\/2023\/06\/WhatsApp-Image-2023-06-18-at-12.07.19-AM-300x200.jpeg 300w, https:\/\/cenal.gob.ve\/wp-content\/uploads\/2023\/06\/WhatsApp-Image-2023-06-18-at-12.07.19-AM-768x511.jpeg 768w, https:\/\/cenal.gob.ve\/wp-content\/uploads\/2023\/06\/WhatsApp-Image-2023-06-18-at-12.07.19-AM-640x426.jpeg 640w, https:\/\/cenal.gob.ve\/wp-content\/uploads\/2023\/06\/WhatsApp-Image-2023-06-18-at-12.07.19-AM.jpeg 1080w\" sizes=\"(max-width: 1024px) 100vw, 1024px\" \/><\/figure>\n<\/figure>\n\n\n\n<p>Mar\u00eda Magdalena Zambrano present\u00f3 el libro<em> Manuel Piar: Gloria y extrav\u00edo de un h\u00e9roe<\/em>, publicado por la Fundaci\u00f3n Editorial el perro y la rana.<\/p>\n\n\n\n<figure class=\"wp-block-gallery has-nested-images columns-default is-cropped\">\n<figure class=\"wp-block-image size-large\"><img width=\"1024\" height=\"682\" data-id=\"21085\"  src=\"http:\/\/cenal.gob.ve\/wp-content\/uploads\/2023\/06\/WhatsApp-Image-2023-06-18-at-12.08.40-AM-1024x682.jpeg\" alt=\"\" class=\"wp-image-21085\" srcset=\"https:\/\/cenal.gob.ve\/wp-content\/uploads\/2023\/06\/WhatsApp-Image-2023-06-18-at-12.08.40-AM-1024x682.jpeg 1024w, https:\/\/cenal.gob.ve\/wp-content\/uploads\/2023\/06\/WhatsApp-Image-2023-06-18-at-12.08.40-AM-300x200.jpeg 300w, https:\/\/cenal.gob.ve\/wp-content\/uploads\/2023\/06\/WhatsApp-Image-2023-06-18-at-12.08.40-AM-768x511.jpeg 768w, https:\/\/cenal.gob.ve\/wp-content\/uploads\/2023\/06\/WhatsApp-Image-2023-06-18-at-12.08.40-AM-640x426.jpeg 640w, https:\/\/cenal.gob.ve\/wp-content\/uploads\/2023\/06\/WhatsApp-Image-2023-06-18-at-12.08.40-AM.jpeg 1080w\" sizes=\"(max-width: 1024px) 100vw, 1024px\" \/><\/figure>\n<\/figure>\n\n\n\n<p>Asimismo, Mirla Alcib\u00edades, especializada como investigadora en cultura venezolana, particip\u00f3 con la presentaci\u00f3n del libro de Carmen Travieso que forma parte de la Colecci\u00f3n Bicentenaria.<\/p>\n\n\n\n<p><strong>Lee tambi\u00e9n: <\/strong><a href=\"http:\/\/cenal.gob.ve\/?p=20988\">La 18\u00aa Filven llegar\u00e1 a Cojedes y Monagas<\/a><\/p>\n\n\n\n<p><a href=\"http:\/\/cenal.gob.ve\/?p=21047\">La 18\u00aa Filven lleg\u00f3 a Monagas<\/a><\/p>\n","protected":false},"excerpt":{"rendered":"<p>Hasta este s\u00e1bado 17 de junio se realiz\u00f3 la 18\u00aa Filven Monagas, en la sede de la Universidad Bolivariana de Venezuela (UBV) en Matur\u00edn, instalada desde el jueves 15 de [&hellip;]<\/p>\n","protected":false},"author":10,"featured_media":21087,"comment_status":"open","ping_status":"closed","sticky":false,"template":"","format":"standard","meta":{"spay_email":"","jetpack_publicize_message":"","jetpack_is_tweetstorm":false,"jetpack_publicize_feature_enabled":true},"categories":[2,12],"tags":[],"yoast_head":"<!-- This site is optimized with the Yoast SEO plugin v19.8 - https:\/\/yoast.com\/wordpress\/plugins\/seo\/ -->\n<title>18\u00aa Filven Monagas continu\u00f3 invitando a leer para descolonizar el pensamiento<\/title>\n<meta name=\"robots\" content=\"index, follow, max-snippet:-1, max-image-preview:large, max-video-preview:-1\" \/>\n<link rel=\"canonical\" href=\"https:\/\/cenal.gob.ve\/?p=21072\" \/>\n<meta property=\"og:locale\" content=\"es_ES\" \/>\n<meta property=\"og:type\" content=\"article\" \/>\n<meta property=\"og:title\" content=\"18\u00aa Filven Monagas continu\u00f3 invitando a leer para descolonizar el pensamiento\" \/>\n<meta property=\"og:description\" content=\"Hasta este s\u00e1bado 17 de junio se realiz\u00f3 la 18\u00aa Filven Monagas, en la sede de la Universidad Bolivariana de Venezuela (UBV) en Matur\u00edn, instalada desde el jueves 15 de [&hellip;]\" \/>\n<meta property=\"og:url\" content=\"https:\/\/cenal.gob.ve\/?p=21072\" \/>\n<meta property=\"og:site_name\" content=\"Cenal\" \/>\n<meta property=\"article:published_time\" content=\"2023-06-18T05:10:40+00:00\" \/>\n<meta property=\"article:modified_time\" content=\"2023-06-26T17:59:28+00:00\" \/>\n<meta property=\"og:image\" content=\"https:\/\/i0.wp.com\/cenal.gob.ve\/wp-content\/uploads\/2023\/06\/formato-fotos-filven1.jpg?fit=1024%2C570&ssl=1\" \/>\n\t<meta property=\"og:image:width\" content=\"1024\" \/>\n\t<meta property=\"og:image:height\" content=\"570\" \/>\n\t<meta property=\"og:image:type\" content=\"image\/jpeg\" \/>\n<meta name=\"author\" content=\"Prensa Cenal\" \/>\n<meta name=\"twitter:card\" content=\"summary_large_image\" \/>\n<meta name=\"twitter:label1\" content=\"Written by\" \/>\n\t<meta name=\"twitter:data1\" content=\"Prensa Cenal\" \/>\n\t<meta name=\"twitter:label2\" content=\"Est. reading time\" \/>\n\t<meta name=\"twitter:data2\" content=\"5 minutos\" \/>\n<script type=\"application\/ld+json\" class=\"yoast-schema-graph\">{\"@context\":\"https:\/\/schema.org\",\"@graph\":[{\"@type\":\"Article\",\"@id\":\"https:\/\/cenal.gob.ve\/?p=21072#article\",\"isPartOf\":{\"@id\":\"https:\/\/cenal.gob.ve\/?p=21072\"},\"author\":{\"name\":\"Prensa Cenal\",\"@id\":\"https:\/\/cenal.gob.ve\/#\/schema\/person\/e3ed34623f400ffab8bc7a63b2f5533f\"},\"headline\":\"18\u00aa Filven Monagas continu\u00f3 invitando a leer para descolonizar el pensamiento\",\"datePublished\":\"2023-06-18T05:10:40+00:00\",\"dateModified\":\"2023-06-26T17:59:28+00:00\",\"mainEntityOfPage\":{\"@id\":\"https:\/\/cenal.gob.ve\/?p=21072\"},\"wordCount\":600,\"commentCount\":0,\"publisher\":{\"@id\":\"https:\/\/cenal.gob.ve\/#organization\"},\"articleSection\":[\"Cenal\",\"Filven\"],\"inLanguage\":\"es\",\"potentialAction\":[{\"@type\":\"CommentAction\",\"name\":\"Comment\",\"target\":[\"https:\/\/cenal.gob.ve\/?p=21072#respond\"]}]},{\"@type\":\"WebPage\",\"@id\":\"https:\/\/cenal.gob.ve\/?p=21072\",\"url\":\"https:\/\/cenal.gob.ve\/?p=21072\",\"name\":\"18\u00aa Filven Monagas continu\u00f3 invitando a leer para descolonizar el pensamiento\",\"isPartOf\":{\"@id\":\"https:\/\/cenal.gob.ve\/#website\"},\"datePublished\":\"2023-06-18T05:10:40+00:00\",\"dateModified\":\"2023-06-26T17:59:28+00:00\",\"breadcrumb\":{\"@id\":\"https:\/\/cenal.gob.ve\/?p=21072#breadcrumb\"},\"inLanguage\":\"es\",\"potentialAction\":[{\"@type\":\"ReadAction\",\"target\":[\"https:\/\/cenal.gob.ve\/?p=21072\"]}]},{\"@type\":\"BreadcrumbList\",\"@id\":\"https:\/\/cenal.gob.ve\/?p=21072#breadcrumb\",\"itemListElement\":[{\"@type\":\"ListItem\",\"position\":1,\"name\":\"Home\",\"item\":\"https:\/\/cenal.gob.ve\/\"},{\"@type\":\"ListItem\",\"position\":2,\"name\":\"18\u00aa Filven Monagas continu\u00f3 invitando a leer para descolonizar el pensamiento\"}]},{\"@type\":\"WebSite\",\"@id\":\"https:\/\/cenal.gob.ve\/#website\",\"url\":\"https:\/\/cenal.gob.ve\/\",\"name\":\"Cenal\",\"description\":\"\",\"publisher\":{\"@id\":\"https:\/\/cenal.gob.ve\/#organization\"},\"potentialAction\":[{\"@type\":\"SearchAction\",\"target\":{\"@type\":\"EntryPoint\",\"urlTemplate\":\"https:\/\/cenal.gob.ve\/?s={search_term_string}\"},\"query-input\":\"required name=search_term_string\"}],\"inLanguage\":\"es\"},{\"@type\":\"Organization\",\"@id\":\"https:\/\/cenal.gob.ve\/#organization\",\"name\":\"CENAL\",\"url\":\"https:\/\/cenal.gob.ve\/\",\"sameAs\":[],\"logo\":{\"@type\":\"ImageObject\",\"inLanguage\":\"es\",\"@id\":\"https:\/\/cenal.gob.ve\/#\/schema\/logo\/image\/\",\"url\":\"https:\/\/i0.wp.com\/cenal.gob.ve\/wp-content\/uploads\/2022\/10\/cropped-images.jpg?fit=512%2C512\",\"contentUrl\":\"https:\/\/i0.wp.com\/cenal.gob.ve\/wp-content\/uploads\/2022\/10\/cropped-images.jpg?fit=512%2C512\",\"width\":512,\"height\":512,\"caption\":\"CENAL\"},\"image\":{\"@id\":\"https:\/\/cenal.gob.ve\/#\/schema\/logo\/image\/\"}},{\"@type\":\"Person\",\"@id\":\"https:\/\/cenal.gob.ve\/#\/schema\/person\/e3ed34623f400ffab8bc7a63b2f5533f\",\"name\":\"Prensa Cenal\",\"image\":{\"@type\":\"ImageObject\",\"inLanguage\":\"es\",\"@id\":\"https:\/\/cenal.gob.ve\/#\/schema\/person\/image\/\",\"url\":\"https:\/\/secure.gravatar.com\/avatar\/594b4ed34090910c619ac3679001d491?s=96&d=mm&r=g\",\"contentUrl\":\"https:\/\/secure.gravatar.com\/avatar\/594b4ed34090910c619ac3679001d491?s=96&d=mm&r=g\",\"caption\":\"Prensa Cenal\"},\"url\":\"https:\/\/cenal.gob.ve\/?author=10\"}]}<\/script>\n<!-- \/ Yoast SEO plugin. -->","yoast_head_json":{"title":"18\u00aa Filven Monagas continu\u00f3 invitando a leer para descolonizar el pensamiento","robots":{"index":"index","follow":"follow","max-snippet":"max-snippet:-1","max-image-preview":"max-image-preview:large","max-video-preview":"max-video-preview:-1"},"canonical":"https:\/\/cenal.gob.ve\/?p=21072","og_locale":"es_ES","og_type":"article","og_title":"18\u00aa Filven Monagas continu\u00f3 invitando a leer para descolonizar el pensamiento","og_description":"Hasta este s\u00e1bado 17 de junio se realiz\u00f3 la 18\u00aa Filven Monagas, en la sede de la Universidad Bolivariana de Venezuela (UBV) en Matur\u00edn, instalada desde el jueves 15 de [&hellip;]","og_url":"https:\/\/cenal.gob.ve\/?p=21072","og_site_name":"Cenal","article_published_time":"2023-06-18T05:10:40+00:00","article_modified_time":"2023-06-26T17:59:28+00:00","og_image":[{"width":1024,"height":570,"url":"https:\/\/i0.wp.com\/cenal.gob.ve\/wp-content\/uploads\/2023\/06\/formato-fotos-filven1.jpg?fit=1024%2C570&ssl=1","type":"image\/jpeg"}],"author":"Prensa Cenal","twitter_card":"summary_large_image","twitter_misc":{"Written by":"Prensa Cenal","Est. reading time":"5 minutos"},"schema":{"@context":"https:\/\/schema.org","@graph":[{"@type":"Article","@id":"https:\/\/cenal.gob.ve\/?p=21072#article","isPartOf":{"@id":"https:\/\/cenal.gob.ve\/?p=21072"},"author":{"name":"Prensa Cenal","@id":"https:\/\/cenal.gob.ve\/#\/schema\/person\/e3ed34623f400ffab8bc7a63b2f5533f"},"headline":"18\u00aa Filven Monagas continu\u00f3 invitando a leer para descolonizar el pensamiento","datePublished":"2023-06-18T05:10:40+00:00","dateModified":"2023-06-26T17:59:28+00:00","mainEntityOfPage":{"@id":"https:\/\/cenal.gob.ve\/?p=21072"},"wordCount":600,"commentCount":0,"publisher":{"@id":"https:\/\/cenal.gob.ve\/#organization"},"articleSection":["Cenal","Filven"],"inLanguage":"es","potentialAction":[{"@type":"CommentAction","name":"Comment","target":["https:\/\/cenal.gob.ve\/?p=21072#respond"]}]},{"@type":"WebPage","@id":"https:\/\/cenal.gob.ve\/?p=21072","url":"https:\/\/cenal.gob.ve\/?p=21072","name":"18\u00aa Filven Monagas continu\u00f3 invitando a leer para descolonizar el pensamiento","isPartOf":{"@id":"https:\/\/cenal.gob.ve\/#website"},"datePublished":"2023-06-18T05:10:40+00:00","dateModified":"2023-06-26T17:59:28+00:00","breadcrumb":{"@id":"https:\/\/cenal.gob.ve\/?p=21072#breadcrumb"},"inLanguage":"es","potentialAction":[{"@type":"ReadAction","target":["https:\/\/cenal.gob.ve\/?p=21072"]}]},{"@type":"BreadcrumbList","@id":"https:\/\/cenal.gob.ve\/?p=21072#breadcrumb","itemListElement":[{"@type":"ListItem","position":1,"name":"Home","item":"https:\/\/cenal.gob.ve\/"},{"@type":"ListItem","position":2,"name":"18\u00aa Filven Monagas continu\u00f3 invitando a leer para descolonizar el pensamiento"}]},{"@type":"WebSite","@id":"https:\/\/cenal.gob.ve\/#website","url":"https:\/\/cenal.gob.ve\/","name":"Cenal","description":"","publisher":{"@id":"https:\/\/cenal.gob.ve\/#organization"},"potentialAction":[{"@type":"SearchAction","target":{"@type":"EntryPoint","urlTemplate":"https:\/\/cenal.gob.ve\/?s={search_term_string}"},"query-input":"required name=search_term_string"}],"inLanguage":"es"},{"@type":"Organization","@id":"https:\/\/cenal.gob.ve\/#organization","name":"CENAL","url":"https:\/\/cenal.gob.ve\/","sameAs":[],"logo":{"@type":"ImageObject","inLanguage":"es","@id":"https:\/\/cenal.gob.ve\/#\/schema\/logo\/image\/","url":"https:\/\/i0.wp.com\/cenal.gob.ve\/wp-content\/uploads\/2022\/10\/cropped-images.jpg?fit=512%2C512","contentUrl":"https:\/\/i0.wp.com\/cenal.gob.ve\/wp-content\/uploads\/2022\/10\/cropped-images.jpg?fit=512%2C512","width":512,"height":512,"caption":"CENAL"},"image":{"@id":"https:\/\/cenal.gob.ve\/#\/schema\/logo\/image\/"}},{"@type":"Person","@id":"https:\/\/cenal.gob.ve\/#\/schema\/person\/e3ed34623f400ffab8bc7a63b2f5533f","name":"Prensa Cenal","image":{"@type":"ImageObject","inLanguage":"es","@id":"https:\/\/cenal.gob.ve\/#\/schema\/person\/image\/","url":"https:\/\/secure.gravatar.com\/avatar\/594b4ed34090910c619ac3679001d491?s=96&d=mm&r=g","contentUrl":"https:\/\/secure.gravatar.com\/avatar\/594b4ed34090910c619ac3679001d491?s=96&d=mm&r=g","caption":"Prensa Cenal"},"url":"https:\/\/cenal.gob.ve\/?author=10"}]}},"jetpack_featured_media_url":"https:\/\/cenal.gob.ve\/wp-content\/uploads\/2023\/06\/formato-fotos-filven1.jpg","jetpack_publicize_connections":[],"jetpack_shortlink":"https:\/\/wp.me\/p5FMhp-5tS","_links":{"self":[{"href":"https:\/\/cenal.gob.ve\/index.php?rest_route=\/wp\/v2\/posts\/21072"}],"collection":[{"href":"https:\/\/cenal.gob.ve\/index.php?rest_route=\/wp\/v2\/posts"}],"about":[{"href":"https:\/\/cenal.gob.ve\/index.php?rest_route=\/wp\/v2\/types\/post"}],"author":[{"embeddable":true,"href":"https:\/\/cenal.gob.ve\/index.php?rest_route=\/wp\/v2\/users\/10"}],"replies":[{"embeddable":true,"href":"https:\/\/cenal.gob.ve\/index.php?rest_route=%2Fwp%2Fv2%2Fcomments&post=21072"}],"version-history":[{"count":6,"href":"https:\/\/cenal.gob.ve\/index.php?rest_route=\/wp\/v2\/posts\/21072\/revisions"}],"predecessor-version":[{"id":21222,"href":"https:\/\/cenal.gob.ve\/index.php?rest_route=\/wp\/v2\/posts\/21072\/revisions\/21222"}],"wp:featuredmedia":[{"embeddable":true,"href":"https:\/\/cenal.gob.ve\/index.php?rest_route=\/wp\/v2\/media\/21087"}],"wp:attachment":[{"href":"https:\/\/cenal.gob.ve\/index.php?rest_route=%2Fwp%2Fv2%2Fmedia&parent=21072"}],"wp:term":[{"taxonomy":"category","embeddable":true,"href":"https:\/\/cenal.gob.ve\/index.php?rest_route=%2Fwp%2Fv2%2Fcategories&post=21072"},{"taxonomy":"post_tag","embeddable":true,"href":"https:\/\/cenal.gob.ve\/index.php?rest_route=%2Fwp%2Fv2%2Ftags&post=21072"}],"curies":[{"name":"wp","href":"https:\/\/api.w.org\/{rel}","templated":true}]}}