{"id":21091,"date":"2023-06-19T14:03:33","date_gmt":"2023-06-19T18:03:33","guid":{"rendered":"http:\/\/cenal.gob.ve\/?p=21091"},"modified":"2023-06-19T17:02:18","modified_gmt":"2023-06-19T21:02:18","slug":"inauguraran-la-18a-filven-trujillo-este-21-de-junio","status":"publish","type":"post","link":"https:\/\/cenal.gob.ve\/?p=21091","title":{"rendered":"Inaugurar\u00e1n la 18\u00aa Filven Trujillo este 21 de junio"},"content":{"rendered":"\n<p>Este mi\u00e9rcoles 21 de junio, la 18\u00aa Filven Trujillo abrir\u00e1 sus puertas en el Foro Bolivariano de Valera, hasta el viernes 23, con el lema Leer Descoloniza.<\/p>\n\n\n\n<p>Esta edici\u00f3n regional de la Filven rendir\u00e1 homenaje a la escritora Wafi Salih, exponente de la poes\u00eda breve en Venezuela,&nbsp;y a los escritores nacionales Carmen Clemente Travieso, Iraida Vargas y Mario Sanoja Obediente.<\/p>\n\n\n\n<p>La programaci\u00f3n incluye presentaciones de libros, foros, seminarios, talleres, conversatorios, recitales de poes\u00eda, el tradicional pabell\u00f3n infantil y actividades culturales y art\u00edsticas.<\/p>\n\n\n\n<p>El inicio del acto de inauguraci\u00f3n est\u00e1 previsto para las 9:00 a. m. con la participaci\u00f3n de la Banda Oficial de Concierto Laudelino Mej\u00edas y la presentaci\u00f3n de \u201cEntre fiestas y santos\u201d a cargo de la Escuela de ballet Gladys Mota y Danzas Valera.<\/p>\n\n\n\n<p>Tambi\u00e9n realizar\u00e1n las presentaciones art\u00edsticas \u201cCartas de Amor\u201d con la Escuela de Arte Segundo Joaqu\u00edn Delgado y \u201cTodos con la danza en homenaje a Wafi Salih\u201d con la Escuela de Formaci\u00f3n Amanecer Andino.<\/p>\n\n\n\n<p>Este d\u00eda se instalar\u00e1 el foro \u201cDesde el wafismo\u201d, con la participaci\u00f3n de los escritores invitados Chemir Colina, Joel Linares, Kelly Pacheco, Pedro P\u00e9rez Aldana y Libertad Tinoco. Asimismo, bautizar\u00e1n el libro <em>Cielo Avaro<\/em> de Wafi Salih publicado por el Fondo Editorial Arturo Cardozo.<\/p>\n\n\n\n<p>Durante esta edici\u00f3n desarrollar\u00e1n tambi\u00e9n el seminario \u201cNos construimos: Diversas lecturas de lo femenino\u201d y el 1er Coloquio de \u201cLiteratura Infantil y Juvenil\u201d.<\/p>\n\n\n\n<p>Estar\u00e1n dictando los talleres \u00bfC\u00f3mo elaborar libros artesanales?; La lectura sensible: formaci\u00f3n \u00e9tica en valores; La palabra hecha rel\u00e1mpago (poes\u00eda breve) para j\u00f3venes y Sonidos sanadores y manejo de las emociones para j\u00f3venes.<\/p>\n\n\n\n<p>La 18\u00aa Filven Trujillo es posible con el trabajo coordinado entre el Centro Nacional del Libro (Cenal), adscrito al Ministerio del Poder Popular para la Cultura, el Gobierno Bolivariano de Trujillo, el Instituto de la Cultura y las Artes del Estado Trujillo (Incaet) y la alcald\u00eda del municipio Valera.<\/p>\n","protected":false},"excerpt":{"rendered":"<p>Este mi\u00e9rcoles 21 de junio, la 18\u00aa Filven Trujillo abrir\u00e1 sus puertas en el Foro Bolivariano de Valera, hasta el viernes 23, con el lema Leer Descoloniza. Esta edici\u00f3n regional [&hellip;]<\/p>\n","protected":false},"author":10,"featured_media":21093,"comment_status":"open","ping_status":"closed","sticky":false,"template":"","format":"standard","meta":{"spay_email":"","jetpack_publicize_message":"","jetpack_is_tweetstorm":false,"jetpack_publicize_feature_enabled":true},"categories":[2,12],"tags":[],"yoast_head":"<!-- This site is optimized with the Yoast SEO plugin v19.8 - https:\/\/yoast.com\/wordpress\/plugins\/seo\/ -->\n<title>Inaugurar\u00e1n la 18\u00aa Filven Trujillo este 21 de junio<\/title>\n<meta name=\"robots\" content=\"index, follow, max-snippet:-1, max-image-preview:large, max-video-preview:-1\" \/>\n<link rel=\"canonical\" href=\"https:\/\/cenal.gob.ve\/?p=21091\" \/>\n<meta property=\"og:locale\" content=\"es_ES\" \/>\n<meta property=\"og:type\" content=\"article\" \/>\n<meta property=\"og:title\" content=\"Inaugurar\u00e1n la 18\u00aa Filven Trujillo este 21 de junio\" \/>\n<meta property=\"og:description\" content=\"Este mi\u00e9rcoles 21 de junio, la 18\u00aa Filven Trujillo abrir\u00e1 sus puertas en el Foro Bolivariano de Valera, hasta el viernes 23, con el lema Leer Descoloniza. Esta edici\u00f3n regional [&hellip;]\" \/>\n<meta property=\"og:url\" content=\"https:\/\/cenal.gob.ve\/?p=21091\" \/>\n<meta property=\"og:site_name\" content=\"Cenal\" \/>\n<meta property=\"article:published_time\" content=\"2023-06-19T18:03:33+00:00\" \/>\n<meta property=\"article:modified_time\" content=\"2023-06-19T21:02:18+00:00\" \/>\n<meta property=\"og:image\" content=\"https:\/\/i0.wp.com\/cenal.gob.ve\/wp-content\/uploads\/2023\/06\/WhatsApp-Image-2023-06-17-at-11.51.56-PM.jpeg?fit=1080%2C719&ssl=1\" \/>\n\t<meta property=\"og:image:width\" content=\"1080\" \/>\n\t<meta property=\"og:image:height\" content=\"719\" \/>\n\t<meta property=\"og:image:type\" content=\"image\/jpeg\" \/>\n<meta name=\"author\" content=\"Prensa Cenal\" \/>\n<meta name=\"twitter:card\" content=\"summary_large_image\" \/>\n<meta name=\"twitter:label1\" content=\"Written by\" \/>\n\t<meta name=\"twitter:data1\" content=\"Prensa Cenal\" \/>\n\t<meta name=\"twitter:label2\" content=\"Est. reading time\" \/>\n\t<meta name=\"twitter:data2\" content=\"2 minutos\" \/>\n<script type=\"application\/ld+json\" class=\"yoast-schema-graph\">{\"@context\":\"https:\/\/schema.org\",\"@graph\":[{\"@type\":\"Article\",\"@id\":\"https:\/\/cenal.gob.ve\/?p=21091#article\",\"isPartOf\":{\"@id\":\"https:\/\/cenal.gob.ve\/?p=21091\"},\"author\":{\"name\":\"Prensa Cenal\",\"@id\":\"https:\/\/cenal.gob.ve\/#\/schema\/person\/e3ed34623f400ffab8bc7a63b2f5533f\"},\"headline\":\"Inaugurar\u00e1n la 18\u00aa Filven Trujillo este 21 de junio\",\"datePublished\":\"2023-06-19T18:03:33+00:00\",\"dateModified\":\"2023-06-19T21:02:18+00:00\",\"mainEntityOfPage\":{\"@id\":\"https:\/\/cenal.gob.ve\/?p=21091\"},\"wordCount\":344,\"commentCount\":1,\"publisher\":{\"@id\":\"https:\/\/cenal.gob.ve\/#organization\"},\"articleSection\":[\"Cenal\",\"Filven\"],\"inLanguage\":\"es\",\"potentialAction\":[{\"@type\":\"CommentAction\",\"name\":\"Comment\",\"target\":[\"https:\/\/cenal.gob.ve\/?p=21091#respond\"]}]},{\"@type\":\"WebPage\",\"@id\":\"https:\/\/cenal.gob.ve\/?p=21091\",\"url\":\"https:\/\/cenal.gob.ve\/?p=21091\",\"name\":\"Inaugurar\u00e1n la 18\u00aa Filven Trujillo este 21 de junio\",\"isPartOf\":{\"@id\":\"https:\/\/cenal.gob.ve\/#website\"},\"datePublished\":\"2023-06-19T18:03:33+00:00\",\"dateModified\":\"2023-06-19T21:02:18+00:00\",\"breadcrumb\":{\"@id\":\"https:\/\/cenal.gob.ve\/?p=21091#breadcrumb\"},\"inLanguage\":\"es\",\"potentialAction\":[{\"@type\":\"ReadAction\",\"target\":[\"https:\/\/cenal.gob.ve\/?p=21091\"]}]},{\"@type\":\"BreadcrumbList\",\"@id\":\"https:\/\/cenal.gob.ve\/?p=21091#breadcrumb\",\"itemListElement\":[{\"@type\":\"ListItem\",\"position\":1,\"name\":\"Home\",\"item\":\"https:\/\/cenal.gob.ve\/\"},{\"@type\":\"ListItem\",\"position\":2,\"name\":\"Inaugurar\u00e1n la 18\u00aa Filven Trujillo este 21 de junio\"}]},{\"@type\":\"WebSite\",\"@id\":\"https:\/\/cenal.gob.ve\/#website\",\"url\":\"https:\/\/cenal.gob.ve\/\",\"name\":\"Cenal\",\"description\":\"\",\"publisher\":{\"@id\":\"https:\/\/cenal.gob.ve\/#organization\"},\"potentialAction\":[{\"@type\":\"SearchAction\",\"target\":{\"@type\":\"EntryPoint\",\"urlTemplate\":\"https:\/\/cenal.gob.ve\/?s={search_term_string}\"},\"query-input\":\"required name=search_term_string\"}],\"inLanguage\":\"es\"},{\"@type\":\"Organization\",\"@id\":\"https:\/\/cenal.gob.ve\/#organization\",\"name\":\"CENAL\",\"url\":\"https:\/\/cenal.gob.ve\/\",\"sameAs\":[],\"logo\":{\"@type\":\"ImageObject\",\"inLanguage\":\"es\",\"@id\":\"https:\/\/cenal.gob.ve\/#\/schema\/logo\/image\/\",\"url\":\"https:\/\/i0.wp.com\/cenal.gob.ve\/wp-content\/uploads\/2022\/10\/cropped-images.jpg?fit=512%2C512\",\"contentUrl\":\"https:\/\/i0.wp.com\/cenal.gob.ve\/wp-content\/uploads\/2022\/10\/cropped-images.jpg?fit=512%2C512\",\"width\":512,\"height\":512,\"caption\":\"CENAL\"},\"image\":{\"@id\":\"https:\/\/cenal.gob.ve\/#\/schema\/logo\/image\/\"}},{\"@type\":\"Person\",\"@id\":\"https:\/\/cenal.gob.ve\/#\/schema\/person\/e3ed34623f400ffab8bc7a63b2f5533f\",\"name\":\"Prensa Cenal\",\"image\":{\"@type\":\"ImageObject\",\"inLanguage\":\"es\",\"@id\":\"https:\/\/cenal.gob.ve\/#\/schema\/person\/image\/\",\"url\":\"https:\/\/secure.gravatar.com\/avatar\/594b4ed34090910c619ac3679001d491?s=96&d=mm&r=g\",\"contentUrl\":\"https:\/\/secure.gravatar.com\/avatar\/594b4ed34090910c619ac3679001d491?s=96&d=mm&r=g\",\"caption\":\"Prensa Cenal\"},\"url\":\"https:\/\/cenal.gob.ve\/?author=10\"}]}<\/script>\n<!-- \/ Yoast SEO plugin. -->","yoast_head_json":{"title":"Inaugurar\u00e1n la 18\u00aa Filven Trujillo este 21 de junio","robots":{"index":"index","follow":"follow","max-snippet":"max-snippet:-1","max-image-preview":"max-image-preview:large","max-video-preview":"max-video-preview:-1"},"canonical":"https:\/\/cenal.gob.ve\/?p=21091","og_locale":"es_ES","og_type":"article","og_title":"Inaugurar\u00e1n la 18\u00aa Filven Trujillo este 21 de junio","og_description":"Este mi\u00e9rcoles 21 de junio, la 18\u00aa Filven Trujillo abrir\u00e1 sus puertas en el Foro Bolivariano de Valera, hasta el viernes 23, con el lema Leer Descoloniza. Esta edici\u00f3n regional [&hellip;]","og_url":"https:\/\/cenal.gob.ve\/?p=21091","og_site_name":"Cenal","article_published_time":"2023-06-19T18:03:33+00:00","article_modified_time":"2023-06-19T21:02:18+00:00","og_image":[{"width":1080,"height":719,"url":"https:\/\/i0.wp.com\/cenal.gob.ve\/wp-content\/uploads\/2023\/06\/WhatsApp-Image-2023-06-17-at-11.51.56-PM.jpeg?fit=1080%2C719&ssl=1","type":"image\/jpeg"}],"author":"Prensa Cenal","twitter_card":"summary_large_image","twitter_misc":{"Written by":"Prensa Cenal","Est. reading time":"2 minutos"},"schema":{"@context":"https:\/\/schema.org","@graph":[{"@type":"Article","@id":"https:\/\/cenal.gob.ve\/?p=21091#article","isPartOf":{"@id":"https:\/\/cenal.gob.ve\/?p=21091"},"author":{"name":"Prensa Cenal","@id":"https:\/\/cenal.gob.ve\/#\/schema\/person\/e3ed34623f400ffab8bc7a63b2f5533f"},"headline":"Inaugurar\u00e1n la 18\u00aa Filven Trujillo este 21 de junio","datePublished":"2023-06-19T18:03:33+00:00","dateModified":"2023-06-19T21:02:18+00:00","mainEntityOfPage":{"@id":"https:\/\/cenal.gob.ve\/?p=21091"},"wordCount":344,"commentCount":1,"publisher":{"@id":"https:\/\/cenal.gob.ve\/#organization"},"articleSection":["Cenal","Filven"],"inLanguage":"es","potentialAction":[{"@type":"CommentAction","name":"Comment","target":["https:\/\/cenal.gob.ve\/?p=21091#respond"]}]},{"@type":"WebPage","@id":"https:\/\/cenal.gob.ve\/?p=21091","url":"https:\/\/cenal.gob.ve\/?p=21091","name":"Inaugurar\u00e1n la 18\u00aa Filven Trujillo este 21 de junio","isPartOf":{"@id":"https:\/\/cenal.gob.ve\/#website"},"datePublished":"2023-06-19T18:03:33+00:00","dateModified":"2023-06-19T21:02:18+00:00","breadcrumb":{"@id":"https:\/\/cenal.gob.ve\/?p=21091#breadcrumb"},"inLanguage":"es","potentialAction":[{"@type":"ReadAction","target":["https:\/\/cenal.gob.ve\/?p=21091"]}]},{"@type":"BreadcrumbList","@id":"https:\/\/cenal.gob.ve\/?p=21091#breadcrumb","itemListElement":[{"@type":"ListItem","position":1,"name":"Home","item":"https:\/\/cenal.gob.ve\/"},{"@type":"ListItem","position":2,"name":"Inaugurar\u00e1n la 18\u00aa Filven Trujillo este 21 de junio"}]},{"@type":"WebSite","@id":"https:\/\/cenal.gob.ve\/#website","url":"https:\/\/cenal.gob.ve\/","name":"Cenal","description":"","publisher":{"@id":"https:\/\/cenal.gob.ve\/#organization"},"potentialAction":[{"@type":"SearchAction","target":{"@type":"EntryPoint","urlTemplate":"https:\/\/cenal.gob.ve\/?s={search_term_string}"},"query-input":"required name=search_term_string"}],"inLanguage":"es"},{"@type":"Organization","@id":"https:\/\/cenal.gob.ve\/#organization","name":"CENAL","url":"https:\/\/cenal.gob.ve\/","sameAs":[],"logo":{"@type":"ImageObject","inLanguage":"es","@id":"https:\/\/cenal.gob.ve\/#\/schema\/logo\/image\/","url":"https:\/\/i0.wp.com\/cenal.gob.ve\/wp-content\/uploads\/2022\/10\/cropped-images.jpg?fit=512%2C512","contentUrl":"https:\/\/i0.wp.com\/cenal.gob.ve\/wp-content\/uploads\/2022\/10\/cropped-images.jpg?fit=512%2C512","width":512,"height":512,"caption":"CENAL"},"image":{"@id":"https:\/\/cenal.gob.ve\/#\/schema\/logo\/image\/"}},{"@type":"Person","@id":"https:\/\/cenal.gob.ve\/#\/schema\/person\/e3ed34623f400ffab8bc7a63b2f5533f","name":"Prensa Cenal","image":{"@type":"ImageObject","inLanguage":"es","@id":"https:\/\/cenal.gob.ve\/#\/schema\/person\/image\/","url":"https:\/\/secure.gravatar.com\/avatar\/594b4ed34090910c619ac3679001d491?s=96&d=mm&r=g","contentUrl":"https:\/\/secure.gravatar.com\/avatar\/594b4ed34090910c619ac3679001d491?s=96&d=mm&r=g","caption":"Prensa Cenal"},"url":"https:\/\/cenal.gob.ve\/?author=10"}]}},"jetpack_featured_media_url":"https:\/\/cenal.gob.ve\/wp-content\/uploads\/2023\/06\/WhatsApp-Image-2023-06-17-at-11.51.56-PM.jpeg","jetpack_publicize_connections":[],"jetpack_shortlink":"https:\/\/wp.me\/p5FMhp-5ub","_links":{"self":[{"href":"https:\/\/cenal.gob.ve\/index.php?rest_route=\/wp\/v2\/posts\/21091"}],"collection":[{"href":"https:\/\/cenal.gob.ve\/index.php?rest_route=\/wp\/v2\/posts"}],"about":[{"href":"https:\/\/cenal.gob.ve\/index.php?rest_route=\/wp\/v2\/types\/post"}],"author":[{"embeddable":true,"href":"https:\/\/cenal.gob.ve\/index.php?rest_route=\/wp\/v2\/users\/10"}],"replies":[{"embeddable":true,"href":"https:\/\/cenal.gob.ve\/index.php?rest_route=%2Fwp%2Fv2%2Fcomments&post=21091"}],"version-history":[{"count":3,"href":"https:\/\/cenal.gob.ve\/index.php?rest_route=\/wp\/v2\/posts\/21091\/revisions"}],"predecessor-version":[{"id":21095,"href":"https:\/\/cenal.gob.ve\/index.php?rest_route=\/wp\/v2\/posts\/21091\/revisions\/21095"}],"wp:featuredmedia":[{"embeddable":true,"href":"https:\/\/cenal.gob.ve\/index.php?rest_route=\/wp\/v2\/media\/21093"}],"wp:attachment":[{"href":"https:\/\/cenal.gob.ve\/index.php?rest_route=%2Fwp%2Fv2%2Fmedia&parent=21091"}],"wp:term":[{"taxonomy":"category","embeddable":true,"href":"https:\/\/cenal.gob.ve\/index.php?rest_route=%2Fwp%2Fv2%2Fcategories&post=21091"},{"taxonomy":"post_tag","embeddable":true,"href":"https:\/\/cenal.gob.ve\/index.php?rest_route=%2Fwp%2Fv2%2Ftags&post=21091"}],"curies":[{"name":"wp","href":"https:\/\/api.w.org\/{rel}","templated":true}]}}