{"id":21609,"date":"2023-07-22T13:38:14","date_gmt":"2023-07-22T17:38:14","guid":{"rendered":"http:\/\/cenal.gob.ve\/?p=21609"},"modified":"2023-07-22T15:19:42","modified_gmt":"2023-07-22T19:19:42","slug":"la-18a-filven-zulia-es-un-acto-de-amor","status":"publish","type":"post","link":"https:\/\/cenal.gob.ve\/?p=21609","title":{"rendered":"La 18\u00aa Filven Zulia es un acto de amor"},"content":{"rendered":"\n<p>De j\u00fabilo se han llenado zulianas y zulianos con la instalaci\u00f3n de la 18\u00aa Filven en Maracaibo, en Pdvsa La Estancia, y en especial por el contexto hist\u00f3rico en que se enmarca esta fiesta literaria al rendir homenaje al Bicentenario de la Batalla Naval del Lago.<\/p>\n\n\n\n<p>Escritores, lectores y diversos agentes relacionados con el libro, entre ellos representantes de editoriales y libreros, han manifestado su alegr\u00eda por poder compartir en este encuentro con las letras.<\/p>\n\n\n\n<p>El escritor e historiador zuliano Yldefonso Finol destac\u00f3 que &#8220;los libros siempre son motivo de fiesta y m\u00e1s cuando nuestra Filven, que ha sido exitosa desde su nacimiento, y que se ha mantenido pese a todos los empe\u00f1os imperialistas para quitarnos el placer de la lectura, demuestra la resistencia, insurgencia y valent\u00eda de nuestro pueblo al congregarse en Maracaibo, en el marco del Bicentenario de la Batalla Naval del Lago&#8221;.<\/p>\n\n\n\n<figure class=\"wp-block-image size-large\"><img width=\"1024\" height=\"682\" src=\"http:\/\/cenal.gob.ve\/wp-content\/uploads\/2023\/07\/IMG_20230722_130025_720-1024x682.jpg\" alt=\"\" class=\"wp-image-21610\" srcset=\"https:\/\/cenal.gob.ve\/wp-content\/uploads\/2023\/07\/IMG_20230722_130025_720-1024x682.jpg 1024w, https:\/\/cenal.gob.ve\/wp-content\/uploads\/2023\/07\/IMG_20230722_130025_720-300x200.jpg 300w, https:\/\/cenal.gob.ve\/wp-content\/uploads\/2023\/07\/IMG_20230722_130025_720-768x512.jpg 768w, https:\/\/cenal.gob.ve\/wp-content\/uploads\/2023\/07\/IMG_20230722_130025_720-640x427.jpg 640w, https:\/\/cenal.gob.ve\/wp-content\/uploads\/2023\/07\/IMG_20230722_130025_720.jpg 1280w\" sizes=\"(max-width: 1024px) 100vw, 1024px\" \/><figcaption>Yldefonso Finol<\/figcaption><\/figure>\n\n\n\n<p>Para Finol, la Filven Zulia demuestra que el discurso de la victoria solo viene del pueblo que construye, lucha y se conoce.<\/p>\n\n\n\n<p>&#8220;Y qu\u00e9 mejor ocasi\u00f3n que encontrarnos en libros y autores, en las b\u00fasquedas y esfuerzos que re\u00fanen las palabras, las letras. Esto es un acto de amor y rebeld\u00eda, caracteres fundamentales del pueblo venezolano&#8221;, expres\u00f3 Finol, uno de los reivindicadores de la doctrina del Libertador Sim\u00f3n Bol\u00edvar, autor de diversas publicaciones, entre ellas \u201cSim\u00f3n Bol\u00edvar: ideolog\u00eda y m\u00e9todo de la emancipaci\u00f3n de nuestra Am\u00e9rica\u201d, editada por el Centro de Estudios Sim\u00f3n Bol\u00edvar. Durante la Filven Zulia dict\u00f3 la conferencia &#8220;La concepci\u00f3n Bolivariana radical insurgente de la historia y las \u00e9picas de los pueblos originarios&#8221;.<\/p>\n\n\n\n<p>La escritora zuliana Carmen Boh\u00f3rquez, homenajeada en esta edici\u00f3n regional de la m\u00e1xima fiesta literaria del pa\u00eds, tambi\u00e9n dijo sentirse orgullosa por este evento, que permite impulsar el libro y la lectura . Es, por su parte, una autora, como dijo el ministro del Poder Popular para la Cultura, Ernesto Villegas, que ha puesto en com\u00fan la figura de Francisco de Miranda para darle su justa valoraci\u00f3n como precursor de la emancipaci\u00f3n.<\/p>\n\n\n\n<figure class=\"wp-block-image size-large\"><img width=\"1024\" height=\"682\" src=\"http:\/\/cenal.gob.ve\/wp-content\/uploads\/2023\/07\/IMG_20230722_130014_349-1024x682.jpg\" alt=\"\" class=\"wp-image-21611\" srcset=\"https:\/\/cenal.gob.ve\/wp-content\/uploads\/2023\/07\/IMG_20230722_130014_349-1024x682.jpg 1024w, https:\/\/cenal.gob.ve\/wp-content\/uploads\/2023\/07\/IMG_20230722_130014_349-300x200.jpg 300w, https:\/\/cenal.gob.ve\/wp-content\/uploads\/2023\/07\/IMG_20230722_130014_349-768x512.jpg 768w, https:\/\/cenal.gob.ve\/wp-content\/uploads\/2023\/07\/IMG_20230722_130014_349-640x427.jpg 640w, https:\/\/cenal.gob.ve\/wp-content\/uploads\/2023\/07\/IMG_20230722_130014_349.jpg 1280w\" sizes=\"(max-width: 1024px) 100vw, 1024px\" \/><figcaption>La escritora homenajeada Carmen Boh\u00f3rquez<\/figcaption><\/figure>\n\n\n\n<p>&#8220;Defendamos y queramos al libro. Este y el ser humano son una unidad indestructible. El paso del ser humano, sus huellas, quedan en los libros. Me alegra que se siga haciendo libros\u201d, dijo la fil\u00f3sofa e historiadora, quien presenta en la Filven Zulia los Tomos XXI y XXII de la Colecci\u00f3n Colombeia, archivos de Francisco de Miranda, editados por el Centro de Estudios Sim\u00f3n Bol\u00edvar, y quien, este domingo 23, dictar\u00e1 la conferencia &#8220;Miranda, real art\u00edfice de la Declaraci\u00f3n de Independencia&#8221;.<\/p>\n\n\n\n<p>Iraida Vargas, escritora nacional homenajeada de la 18\u00aa Filven en el \u00e1mbito nacional, se mostr\u00f3 feliz de la llegada de la Filven a suelo zuliano, que -aunque es nacida en Maracay, estado Aragua- dice conocer muy bien como antrop\u00f3loga.<\/p>\n\n\n\n<figure class=\"wp-block-image size-large\"><img width=\"1024\" height=\"682\" src=\"http:\/\/cenal.gob.ve\/wp-content\/uploads\/2023\/07\/IMG_20230722_130232_452-1024x682.jpg\" alt=\"\" class=\"wp-image-21612\" srcset=\"https:\/\/cenal.gob.ve\/wp-content\/uploads\/2023\/07\/IMG_20230722_130232_452-1024x682.jpg 1024w, https:\/\/cenal.gob.ve\/wp-content\/uploads\/2023\/07\/IMG_20230722_130232_452-300x200.jpg 300w, https:\/\/cenal.gob.ve\/wp-content\/uploads\/2023\/07\/IMG_20230722_130232_452-768x512.jpg 768w, https:\/\/cenal.gob.ve\/wp-content\/uploads\/2023\/07\/IMG_20230722_130232_452-640x427.jpg 640w, https:\/\/cenal.gob.ve\/wp-content\/uploads\/2023\/07\/IMG_20230722_130232_452.jpg 1280w\" sizes=\"(max-width: 1024px) 100vw, 1024px\" \/><figcaption>Luis Britto e Iraida Vargas, escritores nacionales invitados <\/figcaption><\/figure>\n\n\n\n<p>&#8220;Conozco esta tierra zuliana desde sus entra\u00f1as dado que soy arque\u00f3loga y he excavado sus subsuelos para extraer maravillas de pueblos que la ocuparon antes, durante y despu\u00e9s de invasiones. El pueblo de Zulia es un pueblo que da calidez&#8221;, dijo Vargas, quien ha compartido presentaciones con el tambi\u00e9n escritor nacional invitado Luis Britto Garc\u00eda, autor que trae a la Filven Zulia su libro &#8220;Pirata&#8221;, editado por Monte \u00c1vila.<\/p>\n\n\n\n<p><strong>Filven permite socializar el libro<\/strong><\/p>\n\n\n\n<p>Jos\u00e9 Fern\u00e1ndez, director de Calidad de la Biblioteca P\u00fablica del Zulia, afirm\u00f3 que la Filven permite a esta instituci\u00f3n ser un elemento proactivo para socializar el libro en pro de la lectura.<\/p>\n\n\n\n<figure class=\"wp-block-image size-large\"><img width=\"682\" height=\"1024\" src=\"http:\/\/cenal.gob.ve\/wp-content\/uploads\/2023\/07\/IMG_20230722_103847_693-682x1024.jpg\" alt=\"\" class=\"wp-image-21613\" srcset=\"https:\/\/cenal.gob.ve\/wp-content\/uploads\/2023\/07\/IMG_20230722_103847_693-682x1024.jpg 682w, https:\/\/cenal.gob.ve\/wp-content\/uploads\/2023\/07\/IMG_20230722_103847_693-200x300.jpg 200w, https:\/\/cenal.gob.ve\/wp-content\/uploads\/2023\/07\/IMG_20230722_103847_693-768x1152.jpg 768w, https:\/\/cenal.gob.ve\/wp-content\/uploads\/2023\/07\/IMG_20230722_103847_693-640x960.jpg 640w, https:\/\/cenal.gob.ve\/wp-content\/uploads\/2023\/07\/IMG_20230722_103847_693.jpg 853w\" sizes=\"(max-width: 682px) 100vw, 682px\" \/><figcaption>Jos\u00e9 Fern\u00e1ndez, de la Biblioteca P\u00fablica del Zulia <\/figcaption><\/figure>\n\n\n\n<p>&#8220;La idea de participar es con la intenci\u00f3n que tienen las bibliotecas de no quedarse solamente como un elemento pasivo, donde se acude a buscar informaci\u00f3n; tenemos autores y libros, queremos hacer acto de presencia con nuestra colecci\u00f3n y enviar ese mensaje de que la biblioteca sigue siendo un elemento vivo cuando hay productores, escritores y gente que quiere seguir haciendo libros y socializar el conocimiento. Eso es el alma de la Biblioteca P\u00fablica del Zulia&#8221;, dijo.<\/p>\n\n\n\n<p>En el estand de la Biblioteca P\u00fablica del Zulia, a prop\u00f3sito de la Batalla Naval del Lago, se pueden hallar t\u00edtulos referentes a esa gesta hist\u00f3rica.<\/p>\n\n\n\n<p>Doris Echeta, directora administrativa del Ipasme Zulia, ataviada con indumentaria guajira para el d\u00eda inaugural, se mostr\u00f3 muy entusiasmada porque la Filven es una oportunidad para que los zulianos tengan el libro y la lectura a mano y mostr\u00f3 las publicaciones del fondo editorial de esta instituci\u00f3n.<\/p>\n\n\n\n<figure class=\"wp-block-image size-full\"><img width=\"486\" height=\"588\" src=\"http:\/\/cenal.gob.ve\/wp-content\/uploads\/2023\/07\/WhatsApp-Image-2023-07-22-at-1.48.29-PM.jpeg\" alt=\"\" class=\"wp-image-21630\" srcset=\"https:\/\/cenal.gob.ve\/wp-content\/uploads\/2023\/07\/WhatsApp-Image-2023-07-22-at-1.48.29-PM.jpeg 486w, https:\/\/cenal.gob.ve\/wp-content\/uploads\/2023\/07\/WhatsApp-Image-2023-07-22-at-1.48.29-PM-248x300.jpeg 248w\" sizes=\"(max-width: 486px) 100vw, 486px\" \/><\/figure>\n\n\n\n<p>&#8220;Es importante motivar a ni\u00f1os, j\u00f3venes y adolescentes a la lectura. La Filven nos permite experimentar la magia que nos produce leer un libro pensado para nuestra sociedad, para crear pensamiento cr\u00edtico&#8221;, manifest\u00f3.<\/p>\n\n\n\n<p><strong>Primera vez en Filven Zulia<\/strong><\/p>\n\n\n\n<p>Hay expositores que participan por primera vez en la Filven Zulia, como la editorial Silfides, a cargo de Dayana Rosas, quien coment\u00f3 sentirse agradecida por esta oportunidad.<\/p>\n\n\n\n<p>&#8220;Publicamos bajo un esquema de trabajo directo con el autor y tenemos por primera vez nuestro estand en la feria y estamos muy contentos&#8221;.<\/p>\n\n\n\n<figure class=\"wp-block-image size-large\"><img width=\"1024\" height=\"682\" src=\"http:\/\/cenal.gob.ve\/wp-content\/uploads\/2023\/07\/IMG_20230722_130130_492-1024x682.jpg\" alt=\"\" class=\"wp-image-21614\" srcset=\"https:\/\/cenal.gob.ve\/wp-content\/uploads\/2023\/07\/IMG_20230722_130130_492-1024x682.jpg 1024w, https:\/\/cenal.gob.ve\/wp-content\/uploads\/2023\/07\/IMG_20230722_130130_492-300x200.jpg 300w, https:\/\/cenal.gob.ve\/wp-content\/uploads\/2023\/07\/IMG_20230722_130130_492-768x512.jpg 768w, https:\/\/cenal.gob.ve\/wp-content\/uploads\/2023\/07\/IMG_20230722_130130_492-640x427.jpg 640w, https:\/\/cenal.gob.ve\/wp-content\/uploads\/2023\/07\/IMG_20230722_130130_492.jpg 1280w\" sizes=\"(max-width: 1024px) 100vw, 1024px\" \/><\/figure>\n\n\n\n<p>En la 18\u00aa Filven Zulia se dan cita m\u00e1s de 50 expositores, entre editoriales, libreros e instituciones. Hay varias salas para las presentaciones de libros y otras actividades, como conferencias y talleres, adem\u00e1s del tradicional pabell\u00f3n infantil. La feria, instalada el pasado jueves 20, cierra este domingo 23 de julio.<\/p>\n\n\n\n<figure class=\"wp-block-image size-large\"><img width=\"1024\" height=\"682\" src=\"http:\/\/cenal.gob.ve\/wp-content\/uploads\/2023\/07\/IMG_20230722_130324_746-1024x682.jpg\" alt=\"\" class=\"wp-image-21615\" srcset=\"https:\/\/cenal.gob.ve\/wp-content\/uploads\/2023\/07\/IMG_20230722_130324_746-1024x682.jpg 1024w, https:\/\/cenal.gob.ve\/wp-content\/uploads\/2023\/07\/IMG_20230722_130324_746-300x200.jpg 300w, https:\/\/cenal.gob.ve\/wp-content\/uploads\/2023\/07\/IMG_20230722_130324_746-768x512.jpg 768w, https:\/\/cenal.gob.ve\/wp-content\/uploads\/2023\/07\/IMG_20230722_130324_746-640x427.jpg 640w, https:\/\/cenal.gob.ve\/wp-content\/uploads\/2023\/07\/IMG_20230722_130324_746.jpg 1280w\" sizes=\"(max-width: 1024px) 100vw, 1024px\" \/><\/figure>\n\n\n\n<figure class=\"wp-block-image size-large\"><img width=\"1024\" height=\"682\" src=\"http:\/\/cenal.gob.ve\/wp-content\/uploads\/2023\/07\/IMG_20230722_130148_678-1024x682.jpg\" alt=\"\" class=\"wp-image-21616\" srcset=\"https:\/\/cenal.gob.ve\/wp-content\/uploads\/2023\/07\/IMG_20230722_130148_678-1024x682.jpg 1024w, https:\/\/cenal.gob.ve\/wp-content\/uploads\/2023\/07\/IMG_20230722_130148_678-300x200.jpg 300w, https:\/\/cenal.gob.ve\/wp-content\/uploads\/2023\/07\/IMG_20230722_130148_678-768x512.jpg 768w, https:\/\/cenal.gob.ve\/wp-content\/uploads\/2023\/07\/IMG_20230722_130148_678-640x427.jpg 640w, https:\/\/cenal.gob.ve\/wp-content\/uploads\/2023\/07\/IMG_20230722_130148_678.jpg 1280w\" sizes=\"(max-width: 1024px) 100vw, 1024px\" \/><\/figure>\n\n\n\n<figure class=\"wp-block-image size-large\"><img width=\"1024\" height=\"682\" src=\"http:\/\/cenal.gob.ve\/wp-content\/uploads\/2023\/07\/IMG_20230722_130143_944-1024x682.jpg\" alt=\"\" class=\"wp-image-21617\" srcset=\"https:\/\/cenal.gob.ve\/wp-content\/uploads\/2023\/07\/IMG_20230722_130143_944-1024x682.jpg 1024w, https:\/\/cenal.gob.ve\/wp-content\/uploads\/2023\/07\/IMG_20230722_130143_944-300x200.jpg 300w, https:\/\/cenal.gob.ve\/wp-content\/uploads\/2023\/07\/IMG_20230722_130143_944-768x512.jpg 768w, https:\/\/cenal.gob.ve\/wp-content\/uploads\/2023\/07\/IMG_20230722_130143_944-640x427.jpg 640w, https:\/\/cenal.gob.ve\/wp-content\/uploads\/2023\/07\/IMG_20230722_130143_944.jpg 1280w\" sizes=\"(max-width: 1024px) 100vw, 1024px\" \/><\/figure>\n\n\n\n<figure class=\"wp-block-image size-large\"><img width=\"1024\" height=\"682\" src=\"http:\/\/cenal.gob.ve\/wp-content\/uploads\/2023\/07\/IMG_20230722_104009_758-1024x682.jpg\" alt=\"\" class=\"wp-image-21618\" srcset=\"https:\/\/cenal.gob.ve\/wp-content\/uploads\/2023\/07\/IMG_20230722_104009_758-1024x682.jpg 1024w, https:\/\/cenal.gob.ve\/wp-content\/uploads\/2023\/07\/IMG_20230722_104009_758-300x200.jpg 300w, https:\/\/cenal.gob.ve\/wp-content\/uploads\/2023\/07\/IMG_20230722_104009_758-768x512.jpg 768w, https:\/\/cenal.gob.ve\/wp-content\/uploads\/2023\/07\/IMG_20230722_104009_758-640x427.jpg 640w, https:\/\/cenal.gob.ve\/wp-content\/uploads\/2023\/07\/IMG_20230722_104009_758.jpg 1280w\" sizes=\"(max-width: 1024px) 100vw, 1024px\" \/><\/figure>\n\n\n\n<figure class=\"wp-block-image size-large\"><img width=\"1024\" height=\"682\" src=\"http:\/\/cenal.gob.ve\/wp-content\/uploads\/2023\/07\/IMG_20230722_103730_879-1024x682.jpg\" alt=\"\" class=\"wp-image-21619\" srcset=\"https:\/\/cenal.gob.ve\/wp-content\/uploads\/2023\/07\/IMG_20230722_103730_879-1024x682.jpg 1024w, https:\/\/cenal.gob.ve\/wp-content\/uploads\/2023\/07\/IMG_20230722_103730_879-300x200.jpg 300w, https:\/\/cenal.gob.ve\/wp-content\/uploads\/2023\/07\/IMG_20230722_103730_879-768x512.jpg 768w, https:\/\/cenal.gob.ve\/wp-content\/uploads\/2023\/07\/IMG_20230722_103730_879-640x427.jpg 640w, https:\/\/cenal.gob.ve\/wp-content\/uploads\/2023\/07\/IMG_20230722_103730_879.jpg 1280w\" sizes=\"(max-width: 1024px) 100vw, 1024px\" \/><\/figure>\n\n\n\n<figure class=\"wp-block-image size-large\"><img width=\"682\" height=\"1024\" src=\"http:\/\/cenal.gob.ve\/wp-content\/uploads\/2023\/07\/IMG_20230722_130246_278-682x1024.jpg\" alt=\"\" class=\"wp-image-21620\" srcset=\"https:\/\/cenal.gob.ve\/wp-content\/uploads\/2023\/07\/IMG_20230722_130246_278-682x1024.jpg 682w, https:\/\/cenal.gob.ve\/wp-content\/uploads\/2023\/07\/IMG_20230722_130246_278-200x300.jpg 200w, https:\/\/cenal.gob.ve\/wp-content\/uploads\/2023\/07\/IMG_20230722_130246_278-768x1152.jpg 768w, https:\/\/cenal.gob.ve\/wp-content\/uploads\/2023\/07\/IMG_20230722_130246_278-640x960.jpg 640w, https:\/\/cenal.gob.ve\/wp-content\/uploads\/2023\/07\/IMG_20230722_130246_278.jpg 853w\" sizes=\"(max-width: 682px) 100vw, 682px\" \/><\/figure>\n\n\n\n<figure class=\"wp-block-image size-large\"><img width=\"1024\" height=\"682\" src=\"http:\/\/cenal.gob.ve\/wp-content\/uploads\/2023\/07\/IMG_20230722_103449_335-1024x682.jpg\" alt=\"\" class=\"wp-image-21621\" srcset=\"https:\/\/cenal.gob.ve\/wp-content\/uploads\/2023\/07\/IMG_20230722_103449_335-1024x682.jpg 1024w, https:\/\/cenal.gob.ve\/wp-content\/uploads\/2023\/07\/IMG_20230722_103449_335-300x200.jpg 300w, https:\/\/cenal.gob.ve\/wp-content\/uploads\/2023\/07\/IMG_20230722_103449_335-768x512.jpg 768w, https:\/\/cenal.gob.ve\/wp-content\/uploads\/2023\/07\/IMG_20230722_103449_335-640x427.jpg 640w, https:\/\/cenal.gob.ve\/wp-content\/uploads\/2023\/07\/IMG_20230722_103449_335.jpg 1280w\" sizes=\"(max-width: 1024px) 100vw, 1024px\" \/><\/figure>\n\n\n\n<figure class=\"wp-block-image size-large\"><img width=\"1024\" height=\"682\" src=\"http:\/\/cenal.gob.ve\/wp-content\/uploads\/2023\/07\/IMG_20230722_130334_459-1024x682.jpg\" alt=\"\" class=\"wp-image-21622\" srcset=\"https:\/\/cenal.gob.ve\/wp-content\/uploads\/2023\/07\/IMG_20230722_130334_459-1024x682.jpg 1024w, https:\/\/cenal.gob.ve\/wp-content\/uploads\/2023\/07\/IMG_20230722_130334_459-300x200.jpg 300w, https:\/\/cenal.gob.ve\/wp-content\/uploads\/2023\/07\/IMG_20230722_130334_459-768x512.jpg 768w, https:\/\/cenal.gob.ve\/wp-content\/uploads\/2023\/07\/IMG_20230722_130334_459-640x427.jpg 640w, https:\/\/cenal.gob.ve\/wp-content\/uploads\/2023\/07\/IMG_20230722_130334_459.jpg 1280w\" sizes=\"(max-width: 1024px) 100vw, 1024px\" \/><\/figure>\n\n\n\n<figure class=\"wp-block-image size-large\"><img width=\"1024\" height=\"682\" src=\"http:\/\/cenal.gob.ve\/wp-content\/uploads\/2023\/07\/IMG_20230721_091116_248-1024x682.jpg\" alt=\"\" class=\"wp-image-21623\" srcset=\"https:\/\/cenal.gob.ve\/wp-content\/uploads\/2023\/07\/IMG_20230721_091116_248-1024x682.jpg 1024w, https:\/\/cenal.gob.ve\/wp-content\/uploads\/2023\/07\/IMG_20230721_091116_248-300x200.jpg 300w, https:\/\/cenal.gob.ve\/wp-content\/uploads\/2023\/07\/IMG_20230721_091116_248-768x512.jpg 768w, https:\/\/cenal.gob.ve\/wp-content\/uploads\/2023\/07\/IMG_20230721_091116_248-640x427.jpg 640w, https:\/\/cenal.gob.ve\/wp-content\/uploads\/2023\/07\/IMG_20230721_091116_248.jpg 1280w\" sizes=\"(max-width: 1024px) 100vw, 1024px\" \/><\/figure>\n","protected":false},"excerpt":{"rendered":"<p>De j\u00fabilo se han llenado zulianas y zulianos con la instalaci\u00f3n de la 18\u00aa Filven en Maracaibo, en Pdvsa La Estancia, y en especial por el contexto hist\u00f3rico en que [&hellip;]<\/p>\n","protected":false},"author":10,"featured_media":21614,"comment_status":"open","ping_status":"closed","sticky":false,"template":"","format":"standard","meta":{"spay_email":"","jetpack_publicize_message":"","jetpack_is_tweetstorm":false,"jetpack_publicize_feature_enabled":true},"categories":[12],"tags":[],"yoast_head":"<!-- This site is optimized with the Yoast SEO plugin v19.8 - https:\/\/yoast.com\/wordpress\/plugins\/seo\/ -->\n<title>La 18\u00aa Filven Zulia es un acto de amor<\/title>\n<meta name=\"robots\" content=\"index, follow, max-snippet:-1, max-image-preview:large, max-video-preview:-1\" \/>\n<link rel=\"canonical\" href=\"https:\/\/cenal.gob.ve\/?p=21609\" \/>\n<meta property=\"og:locale\" content=\"es_ES\" \/>\n<meta property=\"og:type\" content=\"article\" \/>\n<meta property=\"og:title\" content=\"La 18\u00aa Filven Zulia es un acto de amor\" \/>\n<meta property=\"og:description\" content=\"De j\u00fabilo se han llenado zulianas y zulianos con la instalaci\u00f3n de la 18\u00aa Filven en Maracaibo, en Pdvsa La Estancia, y en especial por el contexto hist\u00f3rico en que [&hellip;]\" \/>\n<meta property=\"og:url\" content=\"https:\/\/cenal.gob.ve\/?p=21609\" \/>\n<meta property=\"og:site_name\" content=\"Cenal\" \/>\n<meta property=\"article:published_time\" content=\"2023-07-22T17:38:14+00:00\" \/>\n<meta property=\"article:modified_time\" content=\"2023-07-22T19:19:42+00:00\" \/>\n<meta property=\"og:image\" content=\"https:\/\/i0.wp.com\/cenal.gob.ve\/wp-content\/uploads\/2023\/07\/IMG_20230722_130130_492.jpg?fit=1280%2C853&ssl=1\" \/>\n\t<meta property=\"og:image:width\" content=\"1280\" \/>\n\t<meta property=\"og:image:height\" content=\"853\" \/>\n\t<meta property=\"og:image:type\" content=\"image\/jpeg\" \/>\n<meta name=\"author\" content=\"Prensa Cenal\" \/>\n<meta name=\"twitter:card\" content=\"summary_large_image\" \/>\n<meta name=\"twitter:label1\" content=\"Written by\" \/>\n\t<meta name=\"twitter:data1\" content=\"Prensa Cenal\" \/>\n\t<meta name=\"twitter:label2\" content=\"Est. reading time\" \/>\n\t<meta name=\"twitter:data2\" content=\"7 minutos\" \/>\n<script type=\"application\/ld+json\" class=\"yoast-schema-graph\">{\"@context\":\"https:\/\/schema.org\",\"@graph\":[{\"@type\":\"Article\",\"@id\":\"https:\/\/cenal.gob.ve\/?p=21609#article\",\"isPartOf\":{\"@id\":\"https:\/\/cenal.gob.ve\/?p=21609\"},\"author\":{\"name\":\"Prensa Cenal\",\"@id\":\"https:\/\/cenal.gob.ve\/#\/schema\/person\/e3ed34623f400ffab8bc7a63b2f5533f\"},\"headline\":\"La 18\u00aa Filven Zulia es un acto de amor\",\"datePublished\":\"2023-07-22T17:38:14+00:00\",\"dateModified\":\"2023-07-22T19:19:42+00:00\",\"mainEntityOfPage\":{\"@id\":\"https:\/\/cenal.gob.ve\/?p=21609\"},\"wordCount\":935,\"commentCount\":0,\"publisher\":{\"@id\":\"https:\/\/cenal.gob.ve\/#organization\"},\"articleSection\":[\"Filven\"],\"inLanguage\":\"es\",\"potentialAction\":[{\"@type\":\"CommentAction\",\"name\":\"Comment\",\"target\":[\"https:\/\/cenal.gob.ve\/?p=21609#respond\"]}]},{\"@type\":\"WebPage\",\"@id\":\"https:\/\/cenal.gob.ve\/?p=21609\",\"url\":\"https:\/\/cenal.gob.ve\/?p=21609\",\"name\":\"La 18\u00aa Filven Zulia es un acto de amor\",\"isPartOf\":{\"@id\":\"https:\/\/cenal.gob.ve\/#website\"},\"datePublished\":\"2023-07-22T17:38:14+00:00\",\"dateModified\":\"2023-07-22T19:19:42+00:00\",\"breadcrumb\":{\"@id\":\"https:\/\/cenal.gob.ve\/?p=21609#breadcrumb\"},\"inLanguage\":\"es\",\"potentialAction\":[{\"@type\":\"ReadAction\",\"target\":[\"https:\/\/cenal.gob.ve\/?p=21609\"]}]},{\"@type\":\"BreadcrumbList\",\"@id\":\"https:\/\/cenal.gob.ve\/?p=21609#breadcrumb\",\"itemListElement\":[{\"@type\":\"ListItem\",\"position\":1,\"name\":\"Home\",\"item\":\"https:\/\/cenal.gob.ve\/\"},{\"@type\":\"ListItem\",\"position\":2,\"name\":\"La 18\u00aa Filven Zulia es un acto de amor\"}]},{\"@type\":\"WebSite\",\"@id\":\"https:\/\/cenal.gob.ve\/#website\",\"url\":\"https:\/\/cenal.gob.ve\/\",\"name\":\"Cenal\",\"description\":\"\",\"publisher\":{\"@id\":\"https:\/\/cenal.gob.ve\/#organization\"},\"potentialAction\":[{\"@type\":\"SearchAction\",\"target\":{\"@type\":\"EntryPoint\",\"urlTemplate\":\"https:\/\/cenal.gob.ve\/?s={search_term_string}\"},\"query-input\":\"required name=search_term_string\"}],\"inLanguage\":\"es\"},{\"@type\":\"Organization\",\"@id\":\"https:\/\/cenal.gob.ve\/#organization\",\"name\":\"CENAL\",\"url\":\"https:\/\/cenal.gob.ve\/\",\"sameAs\":[],\"logo\":{\"@type\":\"ImageObject\",\"inLanguage\":\"es\",\"@id\":\"https:\/\/cenal.gob.ve\/#\/schema\/logo\/image\/\",\"url\":\"https:\/\/i0.wp.com\/cenal.gob.ve\/wp-content\/uploads\/2022\/10\/cropped-images.jpg?fit=512%2C512\",\"contentUrl\":\"https:\/\/i0.wp.com\/cenal.gob.ve\/wp-content\/uploads\/2022\/10\/cropped-images.jpg?fit=512%2C512\",\"width\":512,\"height\":512,\"caption\":\"CENAL\"},\"image\":{\"@id\":\"https:\/\/cenal.gob.ve\/#\/schema\/logo\/image\/\"}},{\"@type\":\"Person\",\"@id\":\"https:\/\/cenal.gob.ve\/#\/schema\/person\/e3ed34623f400ffab8bc7a63b2f5533f\",\"name\":\"Prensa Cenal\",\"image\":{\"@type\":\"ImageObject\",\"inLanguage\":\"es\",\"@id\":\"https:\/\/cenal.gob.ve\/#\/schema\/person\/image\/\",\"url\":\"https:\/\/secure.gravatar.com\/avatar\/594b4ed34090910c619ac3679001d491?s=96&d=mm&r=g\",\"contentUrl\":\"https:\/\/secure.gravatar.com\/avatar\/594b4ed34090910c619ac3679001d491?s=96&d=mm&r=g\",\"caption\":\"Prensa Cenal\"},\"url\":\"https:\/\/cenal.gob.ve\/?author=10\"}]}<\/script>\n<!-- \/ Yoast SEO plugin. -->","yoast_head_json":{"title":"La 18\u00aa Filven Zulia es un acto de amor","robots":{"index":"index","follow":"follow","max-snippet":"max-snippet:-1","max-image-preview":"max-image-preview:large","max-video-preview":"max-video-preview:-1"},"canonical":"https:\/\/cenal.gob.ve\/?p=21609","og_locale":"es_ES","og_type":"article","og_title":"La 18\u00aa Filven Zulia es un acto de amor","og_description":"De j\u00fabilo se han llenado zulianas y zulianos con la instalaci\u00f3n de la 18\u00aa Filven en Maracaibo, en Pdvsa La Estancia, y en especial por el contexto hist\u00f3rico en que [&hellip;]","og_url":"https:\/\/cenal.gob.ve\/?p=21609","og_site_name":"Cenal","article_published_time":"2023-07-22T17:38:14+00:00","article_modified_time":"2023-07-22T19:19:42+00:00","og_image":[{"width":1280,"height":853,"url":"https:\/\/i0.wp.com\/cenal.gob.ve\/wp-content\/uploads\/2023\/07\/IMG_20230722_130130_492.jpg?fit=1280%2C853&ssl=1","type":"image\/jpeg"}],"author":"Prensa Cenal","twitter_card":"summary_large_image","twitter_misc":{"Written by":"Prensa Cenal","Est. reading time":"7 minutos"},"schema":{"@context":"https:\/\/schema.org","@graph":[{"@type":"Article","@id":"https:\/\/cenal.gob.ve\/?p=21609#article","isPartOf":{"@id":"https:\/\/cenal.gob.ve\/?p=21609"},"author":{"name":"Prensa Cenal","@id":"https:\/\/cenal.gob.ve\/#\/schema\/person\/e3ed34623f400ffab8bc7a63b2f5533f"},"headline":"La 18\u00aa Filven Zulia es un acto de amor","datePublished":"2023-07-22T17:38:14+00:00","dateModified":"2023-07-22T19:19:42+00:00","mainEntityOfPage":{"@id":"https:\/\/cenal.gob.ve\/?p=21609"},"wordCount":935,"commentCount":0,"publisher":{"@id":"https:\/\/cenal.gob.ve\/#organization"},"articleSection":["Filven"],"inLanguage":"es","potentialAction":[{"@type":"CommentAction","name":"Comment","target":["https:\/\/cenal.gob.ve\/?p=21609#respond"]}]},{"@type":"WebPage","@id":"https:\/\/cenal.gob.ve\/?p=21609","url":"https:\/\/cenal.gob.ve\/?p=21609","name":"La 18\u00aa Filven Zulia es un acto de amor","isPartOf":{"@id":"https:\/\/cenal.gob.ve\/#website"},"datePublished":"2023-07-22T17:38:14+00:00","dateModified":"2023-07-22T19:19:42+00:00","breadcrumb":{"@id":"https:\/\/cenal.gob.ve\/?p=21609#breadcrumb"},"inLanguage":"es","potentialAction":[{"@type":"ReadAction","target":["https:\/\/cenal.gob.ve\/?p=21609"]}]},{"@type":"BreadcrumbList","@id":"https:\/\/cenal.gob.ve\/?p=21609#breadcrumb","itemListElement":[{"@type":"ListItem","position":1,"name":"Home","item":"https:\/\/cenal.gob.ve\/"},{"@type":"ListItem","position":2,"name":"La 18\u00aa Filven Zulia es un acto de amor"}]},{"@type":"WebSite","@id":"https:\/\/cenal.gob.ve\/#website","url":"https:\/\/cenal.gob.ve\/","name":"Cenal","description":"","publisher":{"@id":"https:\/\/cenal.gob.ve\/#organization"},"potentialAction":[{"@type":"SearchAction","target":{"@type":"EntryPoint","urlTemplate":"https:\/\/cenal.gob.ve\/?s={search_term_string}"},"query-input":"required name=search_term_string"}],"inLanguage":"es"},{"@type":"Organization","@id":"https:\/\/cenal.gob.ve\/#organization","name":"CENAL","url":"https:\/\/cenal.gob.ve\/","sameAs":[],"logo":{"@type":"ImageObject","inLanguage":"es","@id":"https:\/\/cenal.gob.ve\/#\/schema\/logo\/image\/","url":"https:\/\/i0.wp.com\/cenal.gob.ve\/wp-content\/uploads\/2022\/10\/cropped-images.jpg?fit=512%2C512","contentUrl":"https:\/\/i0.wp.com\/cenal.gob.ve\/wp-content\/uploads\/2022\/10\/cropped-images.jpg?fit=512%2C512","width":512,"height":512,"caption":"CENAL"},"image":{"@id":"https:\/\/cenal.gob.ve\/#\/schema\/logo\/image\/"}},{"@type":"Person","@id":"https:\/\/cenal.gob.ve\/#\/schema\/person\/e3ed34623f400ffab8bc7a63b2f5533f","name":"Prensa Cenal","image":{"@type":"ImageObject","inLanguage":"es","@id":"https:\/\/cenal.gob.ve\/#\/schema\/person\/image\/","url":"https:\/\/secure.gravatar.com\/avatar\/594b4ed34090910c619ac3679001d491?s=96&d=mm&r=g","contentUrl":"https:\/\/secure.gravatar.com\/avatar\/594b4ed34090910c619ac3679001d491?s=96&d=mm&r=g","caption":"Prensa Cenal"},"url":"https:\/\/cenal.gob.ve\/?author=10"}]}},"jetpack_featured_media_url":"https:\/\/cenal.gob.ve\/wp-content\/uploads\/2023\/07\/IMG_20230722_130130_492.jpg","jetpack_publicize_connections":[],"jetpack_shortlink":"https:\/\/wp.me\/p5FMhp-5Cx","_links":{"self":[{"href":"https:\/\/cenal.gob.ve\/index.php?rest_route=\/wp\/v2\/posts\/21609"}],"collection":[{"href":"https:\/\/cenal.gob.ve\/index.php?rest_route=\/wp\/v2\/posts"}],"about":[{"href":"https:\/\/cenal.gob.ve\/index.php?rest_route=\/wp\/v2\/types\/post"}],"author":[{"embeddable":true,"href":"https:\/\/cenal.gob.ve\/index.php?rest_route=\/wp\/v2\/users\/10"}],"replies":[{"embeddable":true,"href":"https:\/\/cenal.gob.ve\/index.php?rest_route=%2Fwp%2Fv2%2Fcomments&post=21609"}],"version-history":[{"count":6,"href":"https:\/\/cenal.gob.ve\/index.php?rest_route=\/wp\/v2\/posts\/21609\/revisions"}],"predecessor-version":[{"id":21642,"href":"https:\/\/cenal.gob.ve\/index.php?rest_route=\/wp\/v2\/posts\/21609\/revisions\/21642"}],"wp:featuredmedia":[{"embeddable":true,"href":"https:\/\/cenal.gob.ve\/index.php?rest_route=\/wp\/v2\/media\/21614"}],"wp:attachment":[{"href":"https:\/\/cenal.gob.ve\/index.php?rest_route=%2Fwp%2Fv2%2Fmedia&parent=21609"}],"wp:term":[{"taxonomy":"category","embeddable":true,"href":"https:\/\/cenal.gob.ve\/index.php?rest_route=%2Fwp%2Fv2%2Fcategories&post=21609"},{"taxonomy":"post_tag","embeddable":true,"href":"https:\/\/cenal.gob.ve\/index.php?rest_route=%2Fwp%2Fv2%2Ftags&post=21609"}],"curies":[{"name":"wp","href":"https:\/\/api.w.org\/{rel}","templated":true}]}}