{"id":21763,"date":"2023-07-25T16:56:32","date_gmt":"2023-07-25T20:56:32","guid":{"rendered":"http:\/\/cenal.gob.ve\/?p=21763"},"modified":"2023-08-10T12:44:32","modified_gmt":"2023-08-10T16:44:32","slug":"pais-de-lotofagos","status":"publish","type":"post","link":"https:\/\/cenal.gob.ve\/?p=21763","title":{"rendered":"Pa\u00eds de lot\u00f3fagos"},"content":{"rendered":"\n<p>La presente antolog\u00eda re\u00fane once ensayos que recogen una lectura personal de su entorno a trav\u00e9s de los libros. El escrito central, que da nombre al resto del volumen, es una aproximaci\u00f3n al hecho de la memoria \u201cel loto tiene la virtud de hacer olvidar todo\u201d, dice, en alusi\u00f3n a ese pasaje de la&nbsp;<em>Odisea<\/em>&nbsp;cuando, en su largo periplo antes de regresar a su patria, Ulises se encuentra con la isla de los lot\u00f3fagos, seres indescifrables, de tranquilidad inquietante, que consum\u00edan loto para olvidar. Como retrata este episodio, la desmemoria es un mal que borra la identidad y la conciencia hist\u00f3rica en Venezuela: \u201cLa amnesia hist\u00f3rica, el olvido de la patria, los vientos da\u00f1osos que empujan al desd\u00e9n de lo nuestro, han sido, junto con el azar, constantes alimentadas por invisibles comensales a cuya mesa aumentan cada d\u00eda, enloquecidos, los afanosos de una riqueza medrada en el asalto y la indiferencia\u201d. Con m\u00e9todos de aproximaci\u00f3n diversos, las reflexiones en torno a Mario Brice\u00f1o Iragorry, Sim\u00f3n Bol\u00edvar, Juan Germ\u00e1n Roscio, Gonzalo Pic\u00f3n Febres, Jos\u00e9 Gil Fortoul, Luis Correa, R\u00f3mulo Gallegos, Enrique Bernardo N\u00fa\u00f1ez y Arturo Uslar Pietri tienen como eje valorar nuestra tradici\u00f3n cultural desde la escritura, una herencia que trasciende en tiempo y espacio al yo.<\/p>\n\n\n\n<p><strong>Domingo Miliani<\/strong>&nbsp;Escritor y profesor universitario nacido en Bocon\u00f3, Trujillo, en 1916. Se gradu\u00f3 de profesor de Literatura en el Pedag\u00f3gico de Caracas (1956) y trabaj\u00f3 en prestigiosas universidades venezolanas y extranjeras. Fund\u00f3 la revista&nbsp;<em>Didascalia<\/em>, trabaj\u00f3 en publicaciones del Ministerio de Educaci\u00f3n, as\u00ed como en la&nbsp;<em>Revista Nacional de Cultura<\/em>. Fue cofundador del Centro de Estudios R\u00f3mulo Gallegos (Celarg), del cual fue presidente e integr\u00f3 su consejo directivo por varios a\u00f1os. Muri\u00f3 en Caracas en 2002.<\/p>\n\n\n\n<p><strong>Domingo Miliani<\/strong><br><strong><em>Pa\u00eds de lot\u00f3fagos<\/em><\/strong><br>Colecci\u00f3n Bicentenario Carabobo 153<br>ISBN 978-980-440-203-6<br>300 pp.<\/p>\n","protected":false},"excerpt":{"rendered":"<p>La presente antolog\u00eda re\u00fane once ensayos que recogen una lectura personal de su entorno a trav\u00e9s de los libros. El escrito central, que da nombre al resto del volumen, es [&hellip;]<\/p>\n","protected":false},"author":10,"featured_media":21764,"comment_status":"open","ping_status":"closed","sticky":false,"template":"","format":"standard","meta":{"spay_email":"","jetpack_publicize_message":"","jetpack_is_tweetstorm":false,"jetpack_publicize_feature_enabled":true},"categories":[93,55],"tags":[190],"yoast_head":"<!-- This site is optimized with the Yoast SEO plugin v19.8 - https:\/\/yoast.com\/wordpress\/plugins\/seo\/ -->\n<title>Pa\u00eds de lot\u00f3fagos<\/title>\n<meta name=\"robots\" content=\"index, follow, max-snippet:-1, max-image-preview:large, max-video-preview:-1\" \/>\n<link rel=\"canonical\" href=\"https:\/\/cenal.gob.ve\/?p=21763\" \/>\n<meta property=\"og:locale\" content=\"es_ES\" \/>\n<meta property=\"og:type\" content=\"article\" \/>\n<meta property=\"og:title\" content=\"Pa\u00eds de lot\u00f3fagos\" \/>\n<meta property=\"og:description\" content=\"La presente antolog\u00eda re\u00fane once ensayos que recogen una lectura personal de su entorno a trav\u00e9s de los libros. El escrito central, que da nombre al resto del volumen, es [&hellip;]\" \/>\n<meta property=\"og:url\" content=\"https:\/\/cenal.gob.ve\/?p=21763\" \/>\n<meta property=\"og:site_name\" content=\"Cenal\" \/>\n<meta property=\"article:published_time\" content=\"2023-07-25T20:56:32+00:00\" \/>\n<meta property=\"article:modified_time\" content=\"2023-08-10T16:44:32+00:00\" \/>\n<meta property=\"og:image\" content=\"https:\/\/i0.wp.com\/cenal.gob.ve\/wp-content\/uploads\/2023\/07\/Coleccion-Bicentenario-Carabobo-153-Domingo-Miliani-Pais-de-lotofagos.jpg?fit=461%2C678&ssl=1\" \/>\n\t<meta property=\"og:image:width\" content=\"461\" \/>\n\t<meta property=\"og:image:height\" content=\"678\" \/>\n\t<meta property=\"og:image:type\" content=\"image\/jpeg\" \/>\n<meta name=\"author\" content=\"Prensa Cenal\" \/>\n<meta name=\"twitter:card\" content=\"summary_large_image\" \/>\n<meta name=\"twitter:label1\" content=\"Written by\" \/>\n\t<meta name=\"twitter:data1\" content=\"Prensa Cenal\" \/>\n\t<meta name=\"twitter:label2\" content=\"Est. reading time\" \/>\n\t<meta name=\"twitter:data2\" content=\"2 minutos\" \/>\n<script type=\"application\/ld+json\" class=\"yoast-schema-graph\">{\"@context\":\"https:\/\/schema.org\",\"@graph\":[{\"@type\":\"Article\",\"@id\":\"https:\/\/cenal.gob.ve\/?p=21763#article\",\"isPartOf\":{\"@id\":\"https:\/\/cenal.gob.ve\/?p=21763\"},\"author\":{\"name\":\"Prensa Cenal\",\"@id\":\"https:\/\/cenal.gob.ve\/#\/schema\/person\/e3ed34623f400ffab8bc7a63b2f5533f\"},\"headline\":\"Pa\u00eds de lot\u00f3fagos\",\"datePublished\":\"2023-07-25T20:56:32+00:00\",\"dateModified\":\"2023-08-10T16:44:32+00:00\",\"mainEntityOfPage\":{\"@id\":\"https:\/\/cenal.gob.ve\/?p=21763\"},\"wordCount\":332,\"commentCount\":0,\"publisher\":{\"@id\":\"https:\/\/cenal.gob.ve\/#organization\"},\"keywords\":[\"Domingo Miliani\"],\"articleSection\":[\"Bicentenario Carabobo\",\"Libros\"],\"inLanguage\":\"es\",\"potentialAction\":[{\"@type\":\"CommentAction\",\"name\":\"Comment\",\"target\":[\"https:\/\/cenal.gob.ve\/?p=21763#respond\"]}]},{\"@type\":\"WebPage\",\"@id\":\"https:\/\/cenal.gob.ve\/?p=21763\",\"url\":\"https:\/\/cenal.gob.ve\/?p=21763\",\"name\":\"Pa\u00eds de lot\u00f3fagos\",\"isPartOf\":{\"@id\":\"https:\/\/cenal.gob.ve\/#website\"},\"datePublished\":\"2023-07-25T20:56:32+00:00\",\"dateModified\":\"2023-08-10T16:44:32+00:00\",\"breadcrumb\":{\"@id\":\"https:\/\/cenal.gob.ve\/?p=21763#breadcrumb\"},\"inLanguage\":\"es\",\"potentialAction\":[{\"@type\":\"ReadAction\",\"target\":[\"https:\/\/cenal.gob.ve\/?p=21763\"]}]},{\"@type\":\"BreadcrumbList\",\"@id\":\"https:\/\/cenal.gob.ve\/?p=21763#breadcrumb\",\"itemListElement\":[{\"@type\":\"ListItem\",\"position\":1,\"name\":\"Home\",\"item\":\"https:\/\/cenal.gob.ve\/\"},{\"@type\":\"ListItem\",\"position\":2,\"name\":\"Pa\u00eds de lot\u00f3fagos\"}]},{\"@type\":\"WebSite\",\"@id\":\"https:\/\/cenal.gob.ve\/#website\",\"url\":\"https:\/\/cenal.gob.ve\/\",\"name\":\"Cenal\",\"description\":\"\",\"publisher\":{\"@id\":\"https:\/\/cenal.gob.ve\/#organization\"},\"potentialAction\":[{\"@type\":\"SearchAction\",\"target\":{\"@type\":\"EntryPoint\",\"urlTemplate\":\"https:\/\/cenal.gob.ve\/?s={search_term_string}\"},\"query-input\":\"required name=search_term_string\"}],\"inLanguage\":\"es\"},{\"@type\":\"Organization\",\"@id\":\"https:\/\/cenal.gob.ve\/#organization\",\"name\":\"CENAL\",\"url\":\"https:\/\/cenal.gob.ve\/\",\"sameAs\":[],\"logo\":{\"@type\":\"ImageObject\",\"inLanguage\":\"es\",\"@id\":\"https:\/\/cenal.gob.ve\/#\/schema\/logo\/image\/\",\"url\":\"https:\/\/i0.wp.com\/cenal.gob.ve\/wp-content\/uploads\/2022\/10\/cropped-images.jpg?fit=512%2C512\",\"contentUrl\":\"https:\/\/i0.wp.com\/cenal.gob.ve\/wp-content\/uploads\/2022\/10\/cropped-images.jpg?fit=512%2C512\",\"width\":512,\"height\":512,\"caption\":\"CENAL\"},\"image\":{\"@id\":\"https:\/\/cenal.gob.ve\/#\/schema\/logo\/image\/\"}},{\"@type\":\"Person\",\"@id\":\"https:\/\/cenal.gob.ve\/#\/schema\/person\/e3ed34623f400ffab8bc7a63b2f5533f\",\"name\":\"Prensa Cenal\",\"image\":{\"@type\":\"ImageObject\",\"inLanguage\":\"es\",\"@id\":\"https:\/\/cenal.gob.ve\/#\/schema\/person\/image\/\",\"url\":\"https:\/\/secure.gravatar.com\/avatar\/594b4ed34090910c619ac3679001d491?s=96&d=mm&r=g\",\"contentUrl\":\"https:\/\/secure.gravatar.com\/avatar\/594b4ed34090910c619ac3679001d491?s=96&d=mm&r=g\",\"caption\":\"Prensa Cenal\"},\"url\":\"https:\/\/cenal.gob.ve\/?author=10\"}]}<\/script>\n<!-- \/ Yoast SEO plugin. -->","yoast_head_json":{"title":"Pa\u00eds de lot\u00f3fagos","robots":{"index":"index","follow":"follow","max-snippet":"max-snippet:-1","max-image-preview":"max-image-preview:large","max-video-preview":"max-video-preview:-1"},"canonical":"https:\/\/cenal.gob.ve\/?p=21763","og_locale":"es_ES","og_type":"article","og_title":"Pa\u00eds de lot\u00f3fagos","og_description":"La presente antolog\u00eda re\u00fane once ensayos que recogen una lectura personal de su entorno a trav\u00e9s de los libros. El escrito central, que da nombre al resto del volumen, es [&hellip;]","og_url":"https:\/\/cenal.gob.ve\/?p=21763","og_site_name":"Cenal","article_published_time":"2023-07-25T20:56:32+00:00","article_modified_time":"2023-08-10T16:44:32+00:00","og_image":[{"width":461,"height":678,"url":"https:\/\/i0.wp.com\/cenal.gob.ve\/wp-content\/uploads\/2023\/07\/Coleccion-Bicentenario-Carabobo-153-Domingo-Miliani-Pais-de-lotofagos.jpg?fit=461%2C678&ssl=1","type":"image\/jpeg"}],"author":"Prensa Cenal","twitter_card":"summary_large_image","twitter_misc":{"Written by":"Prensa Cenal","Est. reading time":"2 minutos"},"schema":{"@context":"https:\/\/schema.org","@graph":[{"@type":"Article","@id":"https:\/\/cenal.gob.ve\/?p=21763#article","isPartOf":{"@id":"https:\/\/cenal.gob.ve\/?p=21763"},"author":{"name":"Prensa Cenal","@id":"https:\/\/cenal.gob.ve\/#\/schema\/person\/e3ed34623f400ffab8bc7a63b2f5533f"},"headline":"Pa\u00eds de lot\u00f3fagos","datePublished":"2023-07-25T20:56:32+00:00","dateModified":"2023-08-10T16:44:32+00:00","mainEntityOfPage":{"@id":"https:\/\/cenal.gob.ve\/?p=21763"},"wordCount":332,"commentCount":0,"publisher":{"@id":"https:\/\/cenal.gob.ve\/#organization"},"keywords":["Domingo Miliani"],"articleSection":["Bicentenario Carabobo","Libros"],"inLanguage":"es","potentialAction":[{"@type":"CommentAction","name":"Comment","target":["https:\/\/cenal.gob.ve\/?p=21763#respond"]}]},{"@type":"WebPage","@id":"https:\/\/cenal.gob.ve\/?p=21763","url":"https:\/\/cenal.gob.ve\/?p=21763","name":"Pa\u00eds de lot\u00f3fagos","isPartOf":{"@id":"https:\/\/cenal.gob.ve\/#website"},"datePublished":"2023-07-25T20:56:32+00:00","dateModified":"2023-08-10T16:44:32+00:00","breadcrumb":{"@id":"https:\/\/cenal.gob.ve\/?p=21763#breadcrumb"},"inLanguage":"es","potentialAction":[{"@type":"ReadAction","target":["https:\/\/cenal.gob.ve\/?p=21763"]}]},{"@type":"BreadcrumbList","@id":"https:\/\/cenal.gob.ve\/?p=21763#breadcrumb","itemListElement":[{"@type":"ListItem","position":1,"name":"Home","item":"https:\/\/cenal.gob.ve\/"},{"@type":"ListItem","position":2,"name":"Pa\u00eds de lot\u00f3fagos"}]},{"@type":"WebSite","@id":"https:\/\/cenal.gob.ve\/#website","url":"https:\/\/cenal.gob.ve\/","name":"Cenal","description":"","publisher":{"@id":"https:\/\/cenal.gob.ve\/#organization"},"potentialAction":[{"@type":"SearchAction","target":{"@type":"EntryPoint","urlTemplate":"https:\/\/cenal.gob.ve\/?s={search_term_string}"},"query-input":"required name=search_term_string"}],"inLanguage":"es"},{"@type":"Organization","@id":"https:\/\/cenal.gob.ve\/#organization","name":"CENAL","url":"https:\/\/cenal.gob.ve\/","sameAs":[],"logo":{"@type":"ImageObject","inLanguage":"es","@id":"https:\/\/cenal.gob.ve\/#\/schema\/logo\/image\/","url":"https:\/\/i0.wp.com\/cenal.gob.ve\/wp-content\/uploads\/2022\/10\/cropped-images.jpg?fit=512%2C512","contentUrl":"https:\/\/i0.wp.com\/cenal.gob.ve\/wp-content\/uploads\/2022\/10\/cropped-images.jpg?fit=512%2C512","width":512,"height":512,"caption":"CENAL"},"image":{"@id":"https:\/\/cenal.gob.ve\/#\/schema\/logo\/image\/"}},{"@type":"Person","@id":"https:\/\/cenal.gob.ve\/#\/schema\/person\/e3ed34623f400ffab8bc7a63b2f5533f","name":"Prensa Cenal","image":{"@type":"ImageObject","inLanguage":"es","@id":"https:\/\/cenal.gob.ve\/#\/schema\/person\/image\/","url":"https:\/\/secure.gravatar.com\/avatar\/594b4ed34090910c619ac3679001d491?s=96&d=mm&r=g","contentUrl":"https:\/\/secure.gravatar.com\/avatar\/594b4ed34090910c619ac3679001d491?s=96&d=mm&r=g","caption":"Prensa Cenal"},"url":"https:\/\/cenal.gob.ve\/?author=10"}]}},"jetpack_featured_media_url":"https:\/\/cenal.gob.ve\/wp-content\/uploads\/2023\/07\/Coleccion-Bicentenario-Carabobo-153-Domingo-Miliani-Pais-de-lotofagos.jpg","jetpack_publicize_connections":[],"jetpack_shortlink":"https:\/\/wp.me\/p5FMhp-5F1","_links":{"self":[{"href":"https:\/\/cenal.gob.ve\/index.php?rest_route=\/wp\/v2\/posts\/21763"}],"collection":[{"href":"https:\/\/cenal.gob.ve\/index.php?rest_route=\/wp\/v2\/posts"}],"about":[{"href":"https:\/\/cenal.gob.ve\/index.php?rest_route=\/wp\/v2\/types\/post"}],"author":[{"embeddable":true,"href":"https:\/\/cenal.gob.ve\/index.php?rest_route=\/wp\/v2\/users\/10"}],"replies":[{"embeddable":true,"href":"https:\/\/cenal.gob.ve\/index.php?rest_route=%2Fwp%2Fv2%2Fcomments&post=21763"}],"version-history":[{"count":3,"href":"https:\/\/cenal.gob.ve\/index.php?rest_route=\/wp\/v2\/posts\/21763\/revisions"}],"predecessor-version":[{"id":22017,"href":"https:\/\/cenal.gob.ve\/index.php?rest_route=\/wp\/v2\/posts\/21763\/revisions\/22017"}],"wp:featuredmedia":[{"embeddable":true,"href":"https:\/\/cenal.gob.ve\/index.php?rest_route=\/wp\/v2\/media\/21764"}],"wp:attachment":[{"href":"https:\/\/cenal.gob.ve\/index.php?rest_route=%2Fwp%2Fv2%2Fmedia&parent=21763"}],"wp:term":[{"taxonomy":"category","embeddable":true,"href":"https:\/\/cenal.gob.ve\/index.php?rest_route=%2Fwp%2Fv2%2Fcategories&post=21763"},{"taxonomy":"post_tag","embeddable":true,"href":"https:\/\/cenal.gob.ve\/index.php?rest_route=%2Fwp%2Fv2%2Ftags&post=21763"}],"curies":[{"name":"wp","href":"https:\/\/api.w.org\/{rel}","templated":true}]}}