{"id":21890,"date":"2023-08-03T18:56:26","date_gmt":"2023-08-03T22:56:26","guid":{"rendered":"http:\/\/cenal.gob.ve\/?p=21890"},"modified":"2023-08-31T16:19:45","modified_gmt":"2023-08-31T20:19:45","slug":"__trashed-2","status":"publish","type":"post","link":"https:\/\/cenal.gob.ve\/?p=21890","title":{"rendered":"Inaugurada la 18\u00aa Filven Amazonas"},"content":{"rendered":"\n<p>Este jueves 3 de agosto la 18\u00aa Filven Amazonas abri\u00f3 sus puertas en el remozado Centro Cultural Amazonas ubicado en Puerto Ayacucho, bajo el lema Leer Descoloniza.<\/p>\n\n\n\n<p>Presentaciones de libros, recitales de poes\u00eda, conferencias, conversatorios, talleres, el tradicional pabell\u00f3n infantil y actividades art\u00edsticas y culturales son parte de la programaci\u00f3n que ofrece la feria.<\/p>\n\n\n\n<figure class=\"wp-block-image size-large\"><img width=\"1024\" height=\"682\" src=\"http:\/\/cenal.gob.ve\/wp-content\/uploads\/2023\/08\/photo_5071515405255814229_y-1024x682.jpg\" alt=\"\" class=\"wp-image-21942\" srcset=\"https:\/\/cenal.gob.ve\/wp-content\/uploads\/2023\/08\/photo_5071515405255814229_y-1024x682.jpg 1024w, https:\/\/cenal.gob.ve\/wp-content\/uploads\/2023\/08\/photo_5071515405255814229_y-300x200.jpg 300w, https:\/\/cenal.gob.ve\/wp-content\/uploads\/2023\/08\/photo_5071515405255814229_y-768x512.jpg 768w, https:\/\/cenal.gob.ve\/wp-content\/uploads\/2023\/08\/photo_5071515405255814229_y-640x427.jpg 640w, https:\/\/cenal.gob.ve\/wp-content\/uploads\/2023\/08\/photo_5071515405255814229_y.jpg 1280w\" sizes=\"(max-width: 1024px) 100vw, 1024px\" \/><\/figure>\n\n\n\n<p>El acto de inauguraci\u00f3n estuvo encabezado por el gobernador Miguel Rodr\u00edguez y el ministro del Poder Popular para la Cultura, Ernesto Villegas, acompa\u00f1ados por el viceministro de Fomento para Econom\u00eda Cultural y presidente del Centro Nacional del Libro (Cenal), Ra\u00fal Cazal; el director del Gabinete Estadal de Cultura de Amazonas, Luis Rincones, y los escritores homenajeados Beatriz Graterol y N\u00e9stor Rafael Gonz\u00e1lez.<\/p>\n\n\n\n<p>El gobernador Miguel Rodr\u00edguez y el ministro Villegas coincidieron en la importancia de trabajar en alianza por la cultura.<\/p>\n\n\n\n<figure class=\"wp-block-image size-large\"><img width=\"1024\" height=\"682\" src=\"http:\/\/cenal.gob.ve\/wp-content\/uploads\/2023\/08\/IMG_20230803_192318_823-1024x682.jpg\" alt=\"\" class=\"wp-image-21910\" srcset=\"https:\/\/cenal.gob.ve\/wp-content\/uploads\/2023\/08\/IMG_20230803_192318_823-1024x682.jpg 1024w, https:\/\/cenal.gob.ve\/wp-content\/uploads\/2023\/08\/IMG_20230803_192318_823-300x200.jpg 300w, https:\/\/cenal.gob.ve\/wp-content\/uploads\/2023\/08\/IMG_20230803_192318_823-768x512.jpg 768w, https:\/\/cenal.gob.ve\/wp-content\/uploads\/2023\/08\/IMG_20230803_192318_823-640x427.jpg 640w, https:\/\/cenal.gob.ve\/wp-content\/uploads\/2023\/08\/IMG_20230803_192318_823.jpg 1280w\" sizes=\"(max-width: 1024px) 100vw, 1024px\" \/><\/figure>\n\n\n\n<p>&#8220;La Filven Amazonas es un paso m\u00e1s en la construcci\u00f3n de lo que hemos llamado la nueva Amazonas&#8221;, subray\u00f3 Rodr\u00edguez, quien, adem\u00e1s, aprovech\u00f3 la Filven para anunciar la propuesta de un departamento estadal de historia e identidad amazonense.<\/p>\n\n\n\n<p><strong>Amazonas homenajeada en 19\u00aa Filven<\/strong>r<\/p>\n\n\n\n<p>El ministro Villegas felicit\u00f3 la gesti\u00f3n del gobernador Rodr\u00edguez por la construcci\u00f3n de la nueva Amazonas y celebr\u00f3 la llegada de la Filven a esta entidad, despu\u00e9s de un largo periodo, como un espacio para vencer las sombras a trav\u00e9s de las letras.<\/p>\n\n\n\n<figure class=\"wp-block-image size-large\"><img width=\"1024\" height=\"682\" src=\"http:\/\/cenal.gob.ve\/wp-content\/uploads\/2023\/08\/IMG_20230803_184914_870-1024x682.jpg\" alt=\"\" class=\"wp-image-21896\" srcset=\"https:\/\/cenal.gob.ve\/wp-content\/uploads\/2023\/08\/IMG_20230803_184914_870-1024x682.jpg 1024w, https:\/\/cenal.gob.ve\/wp-content\/uploads\/2023\/08\/IMG_20230803_184914_870-300x200.jpg 300w, https:\/\/cenal.gob.ve\/wp-content\/uploads\/2023\/08\/IMG_20230803_184914_870-768x512.jpg 768w, https:\/\/cenal.gob.ve\/wp-content\/uploads\/2023\/08\/IMG_20230803_184914_870-640x427.jpg 640w, https:\/\/cenal.gob.ve\/wp-content\/uploads\/2023\/08\/IMG_20230803_184914_870.jpg 1280w\" sizes=\"(max-width: 1024px) 100vw, 1024px\" \/><\/figure>\n\n\n\n<p>Como una novedad respecto a la Filven, el ministro propuso que Amazonas participe como estado homenajeado en la edici\u00f3n n\u00famero 19 de la fiesta literaria que tendr\u00e1 lugar en Caracas en noviembre pr\u00f3ximo, en la que Colombia ser\u00e1 el pa\u00eds invitado de honor, con el cual Amazonas comparte frontera por su oeste.<\/p>\n\n\n\n<p>Se tratar\u00eda, de acuerdo con el ministro, de &#8220;un espacio para reconocernos a nosotros mismos con Amazonas, como lo hemos hecho con \u00c1frica&#8221;.<\/p>\n\n\n\n<figure class=\"wp-block-image size-large\"><img width=\"1024\" height=\"682\" src=\"http:\/\/cenal.gob.ve\/wp-content\/uploads\/2023\/08\/IMG_20230803_192355_647-1024x682.jpg\" alt=\"\" class=\"wp-image-21912\" srcset=\"https:\/\/cenal.gob.ve\/wp-content\/uploads\/2023\/08\/IMG_20230803_192355_647-1024x682.jpg 1024w, https:\/\/cenal.gob.ve\/wp-content\/uploads\/2023\/08\/IMG_20230803_192355_647-300x200.jpg 300w, https:\/\/cenal.gob.ve\/wp-content\/uploads\/2023\/08\/IMG_20230803_192355_647-768x512.jpg 768w, https:\/\/cenal.gob.ve\/wp-content\/uploads\/2023\/08\/IMG_20230803_192355_647-640x427.jpg 640w, https:\/\/cenal.gob.ve\/wp-content\/uploads\/2023\/08\/IMG_20230803_192355_647.jpg 1280w\" sizes=\"(max-width: 1024px) 100vw, 1024px\" \/><\/figure>\n\n\n\n<p>Adicion\u00f3 el alto funcionario que esto contribuir\u00e1 a visibilizar la cultura de los pueblos ind\u00edgenas, entre ellos los 21 asentados en Amazonas, como se hace en la edici\u00f3n 18 de la Filven respecto a la cultura afro con el continente africano como invitado de honor.<\/p>\n\n\n\n<p>&#8220;La 18\u00aa Filven est\u00e1 dedicada a \u00c1frica. Nos permiti\u00f3 la participaci\u00f3n de escritores y editoriales de \u00c1frica y visibilizar las luchas del movimiento afrovenezolano&#8221;, expuso Villegas, quien resalt\u00f3 la presentaci\u00f3n de 30 libros de la plataforma del libro y la lectura del Mppc referentes a esta materia entre las novedades literarias para esta edici\u00f3n.<\/p>\n\n\n\n<p>El ministro tambi\u00e9n destac\u00f3 la Filven como un escenario que impacta la vida de j\u00f3venes, quienes, a su juicio, pueden reconocer sus potencialidades y virtudes a trav\u00e9s de las letras. &#8220;No hacer este encuentro es mutilar sus posibilidades&#8221;, dijo, al tiempo que invit\u00f3 al p\u00fablico a involucrar a los infantes en la din\u00e1mica de la lectura.<\/p>\n\n\n\n<p>&#8220;El acto de la lectura no solo descoloniza sino que libera, y debemos liberar las amarras que pudieran tener las potencialidades de las nuevas generaciones&#8221;, expuso el ministro de Cultura.<\/p>\n\n\n\n<p><strong>Vinculaci\u00f3n con Amazonas<\/strong><\/p>\n\n\n\n<p>El ministro Villegas, quien mostr\u00f3 su gran satisfacci\u00f3n por estar en Amazonas, record\u00f3 el nexo familiar que tiene con la entidad al sur de Venezuela, donde en los a\u00f1os 50, durante la dictadura del General Marco P\u00e9rez Jim\u00e9nez, estuvo preso su padre Cruz Villegas.<\/p>\n\n\n\n<figure class=\"wp-block-image size-large\"><img width=\"1024\" height=\"682\" src=\"http:\/\/cenal.gob.ve\/wp-content\/uploads\/2023\/08\/IMG_20230803_184824_079-1024x682.jpg\" alt=\"\" class=\"wp-image-21900\" srcset=\"https:\/\/cenal.gob.ve\/wp-content\/uploads\/2023\/08\/IMG_20230803_184824_079-1024x682.jpg 1024w, https:\/\/cenal.gob.ve\/wp-content\/uploads\/2023\/08\/IMG_20230803_184824_079-300x200.jpg 300w, https:\/\/cenal.gob.ve\/wp-content\/uploads\/2023\/08\/IMG_20230803_184824_079-768x512.jpg 768w, https:\/\/cenal.gob.ve\/wp-content\/uploads\/2023\/08\/IMG_20230803_184824_079-640x427.jpg 640w, https:\/\/cenal.gob.ve\/wp-content\/uploads\/2023\/08\/IMG_20230803_184824_079.jpg 1280w\" sizes=\"(max-width: 1024px) 100vw, 1024px\" \/><\/figure>\n\n\n\n<p>&#8220;A esta tierra en lo personal me une una vinculaci\u00f3n familiar: mi viejo Cruz Villegas lleg\u00f3 aqu\u00ed esposado en los a\u00f1os 50. Y a los meses se vino mi vieja con sus hijos a acompa\u00f1arlo, no hab\u00eda nacido yo, hasta que cay\u00f3 P\u00e9rez Jim\u00e9nez y llegaron a Caracas&#8221;, narr\u00f3 el ministro, quien agreg\u00f3 que una de sus hermanas se llama Amazonas, concebida en territorio amazonense.<\/p>\n\n\n\n<p>A prop\u00f3sito de la fiesta de las letras y en homenaje a su padre y su relaci\u00f3n con Amazonas, el titular de cultura recit\u00f3 poemas de Cruz Villegas escritos en Maroa, en 1955, entre ellos el titulado <em>&#8220;Amor ind\u00edgena&#8221;.<\/em><\/p>\n\n\n\n<p><strong>Actualizaci\u00f3n sobre el libro<\/strong><\/p>\n\n\n\n<p>Por su parte, el viceministro de Fomento para Econom\u00eda Cultural y presidente del Cenal, Raul Cazal, resalt\u00f3 la celebraci\u00f3n de la Filven Amazonas luego de siete a\u00f1os, debido a diversos desaf\u00edos, incluidos los a\u00f1os de pandemia por la Covid, como una oportunidad para quienes la visitan y participan de actualizarse en materia del libro y la lectura y los logros, planes y pol\u00edticas del Gobierno nacional para socializar la lectura, entre ellos el Plan Nacional de Lectura Manuel Vadell y las novedades en cuanto al ISBN.<\/p>\n\n\n\n<figure class=\"wp-block-image size-large\"><img width=\"1024\" height=\"682\" src=\"http:\/\/cenal.gob.ve\/wp-content\/uploads\/2023\/08\/IMG_20230803_184815_927-1024x682.jpg\" alt=\"\" class=\"wp-image-21899\" srcset=\"https:\/\/cenal.gob.ve\/wp-content\/uploads\/2023\/08\/IMG_20230803_184815_927-1024x682.jpg 1024w, https:\/\/cenal.gob.ve\/wp-content\/uploads\/2023\/08\/IMG_20230803_184815_927-300x200.jpg 300w, https:\/\/cenal.gob.ve\/wp-content\/uploads\/2023\/08\/IMG_20230803_184815_927-768x512.jpg 768w, https:\/\/cenal.gob.ve\/wp-content\/uploads\/2023\/08\/IMG_20230803_184815_927-640x427.jpg 640w, https:\/\/cenal.gob.ve\/wp-content\/uploads\/2023\/08\/IMG_20230803_184815_927.jpg 1280w\" sizes=\"(max-width: 1024px) 100vw, 1024px\" \/><\/figure>\n\n\n\n<p>&#8220;Tenemos muchas cosas que contarnos y sobre las cuales actualizarnos en el tema del libro&#8221;, afirm\u00f3 Cazal.<\/p>\n\n\n\n<p>Para contribuir con este prop\u00f3sito, el viceministro inform\u00f3 que al encuentro con la palabra llegaron los escritores invitados Carolina \u00c1lvarez, editora, docente, promotora de la lectura y especialista en literatura infantil, autora de <em>\u201cAlgunos delitos m\u00ednimos\u201d<\/em> (Monte \u00c1vila, 2022); Gabriela Franchi, poeta apure\u00f1a autora de <em>\u201cComo hojas en oto\u00f1o\u201d<\/em> (El perro y la rana, 2012); Jeremy Pacheco, narrador oral, ilustrador de cuentos infantiles, creador de libros tridimensionales, oriundo de Gu\u00e1rico, autor del cuento <em>\u201cMonserat va a la luna\u201d<\/em> y del relato <em>\u201cDe cuando los p\u00e1jaros exist\u00edan\u201d<\/em>; y Jarwins Echenagucia, de Ocumare de la Costa, investigador de temas relacionados con la identidad afrovenezolana, as\u00ed como la gerente de la Agencia ISBN en Venezuela, \u00c1ngela Negr\u00edn, para explicar todo lo relativo a la tramitaci\u00f3n de este c\u00f3digo ante el Cenal. Todos ellos estar\u00e1n participando en presentaciones, recitales y talleres.<\/p>\n\n\n\n<figure class=\"wp-block-image size-large\"><img width=\"1024\" height=\"682\" src=\"http:\/\/cenal.gob.ve\/wp-content\/uploads\/2023\/08\/photo_5071515405255814227_y-1024x682.jpg\" alt=\"\" class=\"wp-image-21941\" srcset=\"https:\/\/cenal.gob.ve\/wp-content\/uploads\/2023\/08\/photo_5071515405255814227_y-1024x682.jpg 1024w, https:\/\/cenal.gob.ve\/wp-content\/uploads\/2023\/08\/photo_5071515405255814227_y-300x200.jpg 300w, https:\/\/cenal.gob.ve\/wp-content\/uploads\/2023\/08\/photo_5071515405255814227_y-768x512.jpg 768w, https:\/\/cenal.gob.ve\/wp-content\/uploads\/2023\/08\/photo_5071515405255814227_y-640x427.jpg 640w, https:\/\/cenal.gob.ve\/wp-content\/uploads\/2023\/08\/photo_5071515405255814227_y.jpg 1280w\" sizes=\"(max-width: 1024px) 100vw, 1024px\" \/><\/figure>\n\n\n\n<p>El viceministro Cazal refiri\u00f3 que, en materia de formaci\u00f3n en torno al libro, la Filven Amazonas brinda varios talleres promovidos por el Centro Nacional del Libro (Cenal), como el de \u201cPromoci\u00f3n de la lectura\u201d, a cargo de la escritora invitada Carolina \u00c1lvarez, realizado este jueves 3, y los programados para el viernes 4: &#8220;Leamos juntos a Sim\u00f3n&#8221;, \u201cISBN\u201d, &#8220;Introducci\u00f3n al mundo de la poes\u00eda&#8221;, \u201cLibros electr\u00f3nicos\u201d e \u201cilustraci\u00f3n pop-up (libros tridimensionales)\u201d. El s\u00e1bado 5 dictar\u00e1n el taller \u201cEscritura creativa para ni\u00f1os y j\u00f3venes\u201d.<\/p>\n\n\n\n<p><strong>Libros y ambiente originario<\/strong><\/p>\n\n\n\n<p>La ceremonia de apertura de la Filven cont\u00f3 con palabras del Sr. Gris, poeta amazonense, quien destac\u00f3 las virtudes y riquezas de Amazonas, como las naturales que protagonizan sus tepuyes y r\u00edos.<\/p>\n\n\n\n<p>Una imponente puesta en escena brind\u00f3 el Estudio de Arte Napiruli con la presentaci\u00f3n de &#8220;El \u00e1rbol de la vida&#8221; en referencia al tepuy Autana. <\/p>\n\n\n\n<figure class=\"wp-block-image size-large\"><img width=\"1024\" height=\"682\" src=\"http:\/\/cenal.gob.ve\/wp-content\/uploads\/2023\/08\/IMG_20230803_192412_382-1024x682.jpg\" alt=\"\" class=\"wp-image-21914\" srcset=\"https:\/\/cenal.gob.ve\/wp-content\/uploads\/2023\/08\/IMG_20230803_192412_382-1024x682.jpg 1024w, https:\/\/cenal.gob.ve\/wp-content\/uploads\/2023\/08\/IMG_20230803_192412_382-300x200.jpg 300w, https:\/\/cenal.gob.ve\/wp-content\/uploads\/2023\/08\/IMG_20230803_192412_382-768x512.jpg 768w, https:\/\/cenal.gob.ve\/wp-content\/uploads\/2023\/08\/IMG_20230803_192412_382-640x427.jpg 640w, https:\/\/cenal.gob.ve\/wp-content\/uploads\/2023\/08\/IMG_20230803_192412_382.jpg 1280w\" sizes=\"(max-width: 1024px) 100vw, 1024px\" \/><\/figure>\n\n\n\n<figure class=\"wp-block-image size-large\"><img width=\"1024\" height=\"682\" src=\"http:\/\/cenal.gob.ve\/wp-content\/uploads\/2023\/08\/IMG_20230803_184717_346-1-1024x682.jpg\" alt=\"\" class=\"wp-image-21905\" srcset=\"https:\/\/cenal.gob.ve\/wp-content\/uploads\/2023\/08\/IMG_20230803_184717_346-1-1024x682.jpg 1024w, https:\/\/cenal.gob.ve\/wp-content\/uploads\/2023\/08\/IMG_20230803_184717_346-1-300x200.jpg 300w, https:\/\/cenal.gob.ve\/wp-content\/uploads\/2023\/08\/IMG_20230803_184717_346-1-768x512.jpg 768w, https:\/\/cenal.gob.ve\/wp-content\/uploads\/2023\/08\/IMG_20230803_184717_346-1-640x427.jpg 640w, https:\/\/cenal.gob.ve\/wp-content\/uploads\/2023\/08\/IMG_20230803_184717_346-1.jpg 1280w\" sizes=\"(max-width: 1024px) 100vw, 1024px\" \/><\/figure>\n\n\n\n<p>Tambi\u00e9n hubo danza y bendici\u00f3n espiritual a cargo del pueblo originario Jivi del Eje Sur.<\/p>\n\n\n\n<figure class=\"wp-block-image size-large\"><img width=\"1024\" height=\"682\" src=\"http:\/\/cenal.gob.ve\/wp-content\/uploads\/2023\/08\/IMG_20230803_184746_558-1-1024x682.jpg\" alt=\"\" class=\"wp-image-21906\" srcset=\"https:\/\/cenal.gob.ve\/wp-content\/uploads\/2023\/08\/IMG_20230803_184746_558-1-1024x682.jpg 1024w, https:\/\/cenal.gob.ve\/wp-content\/uploads\/2023\/08\/IMG_20230803_184746_558-1-300x200.jpg 300w, https:\/\/cenal.gob.ve\/wp-content\/uploads\/2023\/08\/IMG_20230803_184746_558-1-768x512.jpg 768w, https:\/\/cenal.gob.ve\/wp-content\/uploads\/2023\/08\/IMG_20230803_184746_558-1-640x427.jpg 640w, https:\/\/cenal.gob.ve\/wp-content\/uploads\/2023\/08\/IMG_20230803_184746_558-1.jpg 1280w\" sizes=\"(max-width: 1024px) 100vw, 1024px\" \/><\/figure>\n\n\n\n<p>Durante la inauguraci\u00f3n se hizo reconocimiento por parte de las autoridades regionales y de cultura a las obras de los homenajeados Beatriz Graterol y N\u00e9stor Gonz\u00e1lez.<\/p>\n\n\n\n<p>Graterol es escritora, poeta, editora y promotora de lectura, quien suma a su sensibilidad art\u00edstica su experticia en ambiente y alimentos amaz\u00f3nicos, por lo que en la Filven Amazonas dictar\u00e1 este 4 de agosto la ponencia &#8220;Del \u00e1rbol de la vida (Kalibirrinae-kudeido) a la soberan\u00eda alimentaria, lo que ofrece Amazonas a la vida del planeta&#8221;. Gonz\u00e1lez, escritor y arquitecto, es autor de <em>&#8220;El Regat\u00f3n&#8221;, &#8220;En La Neblina&#8221; <\/em>y<em> &#8220;Amazonas 1857&#8221;<\/em>, y cuenta con seis libros sin editar.<\/p>\n\n\n\n<figure class=\"wp-block-image size-large\"><img width=\"1024\" height=\"682\" src=\"http:\/\/cenal.gob.ve\/wp-content\/uploads\/2023\/08\/IMG_20230803_192334_978-1024x682.jpg\" alt=\"\" class=\"wp-image-21913\" srcset=\"https:\/\/cenal.gob.ve\/wp-content\/uploads\/2023\/08\/IMG_20230803_192334_978-1024x682.jpg 1024w, https:\/\/cenal.gob.ve\/wp-content\/uploads\/2023\/08\/IMG_20230803_192334_978-300x200.jpg 300w, https:\/\/cenal.gob.ve\/wp-content\/uploads\/2023\/08\/IMG_20230803_192334_978-768x512.jpg 768w, https:\/\/cenal.gob.ve\/wp-content\/uploads\/2023\/08\/IMG_20230803_192334_978-640x427.jpg 640w, https:\/\/cenal.gob.ve\/wp-content\/uploads\/2023\/08\/IMG_20230803_192334_978.jpg 1280w\" sizes=\"(max-width: 1024px) 100vw, 1024px\" \/><\/figure>\n\n\n\n<figure class=\"wp-block-image size-large\"><img width=\"1024\" height=\"682\" src=\"http:\/\/cenal.gob.ve\/wp-content\/uploads\/2023\/08\/IMG_20230803_184803_792-1-1024x682.jpg\" alt=\"\" class=\"wp-image-21908\" srcset=\"https:\/\/cenal.gob.ve\/wp-content\/uploads\/2023\/08\/IMG_20230803_184803_792-1-1024x682.jpg 1024w, https:\/\/cenal.gob.ve\/wp-content\/uploads\/2023\/08\/IMG_20230803_184803_792-1-300x200.jpg 300w, https:\/\/cenal.gob.ve\/wp-content\/uploads\/2023\/08\/IMG_20230803_184803_792-1-768x512.jpg 768w, https:\/\/cenal.gob.ve\/wp-content\/uploads\/2023\/08\/IMG_20230803_184803_792-1-640x427.jpg 640w, https:\/\/cenal.gob.ve\/wp-content\/uploads\/2023\/08\/IMG_20230803_184803_792-1.jpg 1280w\" sizes=\"(max-width: 1024px) 100vw, 1024px\" \/><\/figure>\n\n\n\n<p>Hasta el s\u00e1bado 5, el p\u00fablico podr\u00e1 acceder a novedades literarias del MPPC publicadas por El perro y la rana, Monte \u00c1vila y Biblioteca Ayacucho, adem\u00e1s de textos de otras editoriales p\u00fablicas, as\u00ed como privadas e independientes, entre ellos los editados por Patriamazonas.<\/p>\n\n\n\n<p>Como parte de esta Filven tambi\u00e9n estar\u00e1 la exposici\u00f3n &#8220;Importancia de los nichos ling\u00fc\u00edsticos en el proceso de la identidad amazonense&#8221;, en el marco de la primera l\u00ednea estrat\u00e9gica de la Ley de Desarrollo Nueva Amazonas.<\/p>\n\n\n\n<p>El pabell\u00f3n infantil, con el apoyo de Funda- Ihiru Amazonas, ofrece diversas actividades para la mediaci\u00f3n de la lectura en ni\u00f1as y ni\u00f1os.<\/p>\n\n\n\n<p>La Filven en el Centro Cultural Amazonas es una oportunidad tambi\u00e9n para el encuentro con emprendedores y artesanos de la regi\u00f3n y con muestras de pintura rupestre y obras de artistas pl\u00e1sticos.<\/p>\n\n\n\n<p>La Filven Amazonas es promovida por el Ministerio del Poder Popular para la Cultura, a trav\u00e9s del Centro Nacional del Libro (Cenal) y Gabinete Estadal de Cultura, en coordinaci\u00f3n con la Gobernaci\u00f3n del estado Amazonas.<\/p>\n\n\n\n<figure class=\"wp-block-image size-large\"><img width=\"1024\" height=\"682\" src=\"http:\/\/cenal.gob.ve\/wp-content\/uploads\/2023\/08\/IMG_20230803_184700_866-1-1024x682.jpg\" alt=\"\" class=\"wp-image-21907\" srcset=\"https:\/\/cenal.gob.ve\/wp-content\/uploads\/2023\/08\/IMG_20230803_184700_866-1-1024x682.jpg 1024w, https:\/\/cenal.gob.ve\/wp-content\/uploads\/2023\/08\/IMG_20230803_184700_866-1-300x200.jpg 300w, https:\/\/cenal.gob.ve\/wp-content\/uploads\/2023\/08\/IMG_20230803_184700_866-1-768x512.jpg 768w, https:\/\/cenal.gob.ve\/wp-content\/uploads\/2023\/08\/IMG_20230803_184700_866-1-640x427.jpg 640w, https:\/\/cenal.gob.ve\/wp-content\/uploads\/2023\/08\/IMG_20230803_184700_866-1.jpg 1280w\" sizes=\"(max-width: 1024px) 100vw, 1024px\" \/><\/figure>\n\n\n\n<figure class=\"wp-block-image size-large\"><img width=\"1024\" height=\"682\" src=\"http:\/\/cenal.gob.ve\/wp-content\/uploads\/2023\/08\/IMG_20230803_192325_214-1024x682.jpg\" alt=\"\" class=\"wp-image-21915\" srcset=\"https:\/\/cenal.gob.ve\/wp-content\/uploads\/2023\/08\/IMG_20230803_192325_214-1024x682.jpg 1024w, https:\/\/cenal.gob.ve\/wp-content\/uploads\/2023\/08\/IMG_20230803_192325_214-300x200.jpg 300w, https:\/\/cenal.gob.ve\/wp-content\/uploads\/2023\/08\/IMG_20230803_192325_214-768x512.jpg 768w, https:\/\/cenal.gob.ve\/wp-content\/uploads\/2023\/08\/IMG_20230803_192325_214-640x427.jpg 640w, https:\/\/cenal.gob.ve\/wp-content\/uploads\/2023\/08\/IMG_20230803_192325_214.jpg 1280w\" sizes=\"(max-width: 1024px) 100vw, 1024px\" \/><\/figure>\n\n\n\n<figure class=\"wp-block-image\"><img alt=\"\"\/><\/figure>\n","protected":false},"excerpt":{"rendered":"<p>Este jueves 3 de agosto la 18\u00aa Filven Amazonas abri\u00f3 sus puertas en el remozado Centro Cultural Amazonas ubicado en Puerto Ayacucho, bajo el lema Leer Descoloniza. Presentaciones de libros, [&hellip;]<\/p>\n","protected":false},"author":10,"featured_media":21944,"comment_status":"open","ping_status":"closed","sticky":false,"template":"","format":"standard","meta":{"spay_email":"","jetpack_publicize_message":"","jetpack_is_tweetstorm":false,"jetpack_publicize_feature_enabled":true},"categories":[12],"tags":[79,9],"yoast_head":"<!-- This site is optimized with the Yoast SEO plugin v19.8 - https:\/\/yoast.com\/wordpress\/plugins\/seo\/ -->\n<title>Inaugurada la 18\u00aa Filven Amazonas<\/title>\n<meta name=\"robots\" content=\"index, follow, max-snippet:-1, max-image-preview:large, max-video-preview:-1\" \/>\n<link rel=\"canonical\" href=\"https:\/\/cenal.gob.ve\/?p=21890\" \/>\n<meta property=\"og:locale\" content=\"es_ES\" \/>\n<meta property=\"og:type\" content=\"article\" \/>\n<meta property=\"og:title\" content=\"Inaugurada la 18\u00aa Filven Amazonas\" \/>\n<meta property=\"og:description\" content=\"Este jueves 3 de agosto la 18\u00aa Filven Amazonas abri\u00f3 sus puertas en el remozado Centro Cultural Amazonas ubicado en Puerto Ayacucho, bajo el lema Leer Descoloniza. Presentaciones de libros, [&hellip;]\" \/>\n<meta property=\"og:url\" content=\"https:\/\/cenal.gob.ve\/?p=21890\" \/>\n<meta property=\"og:site_name\" content=\"Cenal\" \/>\n<meta property=\"article:published_time\" content=\"2023-08-03T22:56:26+00:00\" \/>\n<meta property=\"article:modified_time\" content=\"2023-08-31T20:19:45+00:00\" \/>\n<meta property=\"og:image\" content=\"https:\/\/i0.wp.com\/cenal.gob.ve\/wp-content\/uploads\/2023\/08\/photo_5071515405255814234_y1.jpg?fit=1280%2C853&ssl=1\" \/>\n\t<meta property=\"og:image:width\" content=\"1280\" \/>\n\t<meta property=\"og:image:height\" content=\"853\" \/>\n\t<meta property=\"og:image:type\" content=\"image\/jpeg\" \/>\n<meta name=\"author\" content=\"Prensa Cenal\" \/>\n<meta name=\"twitter:card\" content=\"summary_large_image\" \/>\n<meta name=\"twitter:label1\" content=\"Written by\" \/>\n\t<meta name=\"twitter:data1\" content=\"Prensa Cenal\" \/>\n\t<meta name=\"twitter:label2\" content=\"Est. reading time\" \/>\n\t<meta name=\"twitter:data2\" content=\"9 minutos\" \/>\n<script type=\"application\/ld+json\" class=\"yoast-schema-graph\">{\"@context\":\"https:\/\/schema.org\",\"@graph\":[{\"@type\":\"Article\",\"@id\":\"https:\/\/cenal.gob.ve\/?p=21890#article\",\"isPartOf\":{\"@id\":\"https:\/\/cenal.gob.ve\/?p=21890\"},\"author\":{\"name\":\"Prensa Cenal\",\"@id\":\"https:\/\/cenal.gob.ve\/#\/schema\/person\/e3ed34623f400ffab8bc7a63b2f5533f\"},\"headline\":\"Inaugurada la 18\u00aa Filven Amazonas\",\"datePublished\":\"2023-08-03T22:56:26+00:00\",\"dateModified\":\"2023-08-31T20:19:45+00:00\",\"mainEntityOfPage\":{\"@id\":\"https:\/\/cenal.gob.ve\/?p=21890\"},\"wordCount\":1402,\"commentCount\":0,\"publisher\":{\"@id\":\"https:\/\/cenal.gob.ve\/#organization\"},\"keywords\":[\"FILVEN\",\"Noticias\"],\"articleSection\":[\"Filven\"],\"inLanguage\":\"es\",\"potentialAction\":[{\"@type\":\"CommentAction\",\"name\":\"Comment\",\"target\":[\"https:\/\/cenal.gob.ve\/?p=21890#respond\"]}]},{\"@type\":\"WebPage\",\"@id\":\"https:\/\/cenal.gob.ve\/?p=21890\",\"url\":\"https:\/\/cenal.gob.ve\/?p=21890\",\"name\":\"Inaugurada la 18\u00aa Filven Amazonas\",\"isPartOf\":{\"@id\":\"https:\/\/cenal.gob.ve\/#website\"},\"datePublished\":\"2023-08-03T22:56:26+00:00\",\"dateModified\":\"2023-08-31T20:19:45+00:00\",\"breadcrumb\":{\"@id\":\"https:\/\/cenal.gob.ve\/?p=21890#breadcrumb\"},\"inLanguage\":\"es\",\"potentialAction\":[{\"@type\":\"ReadAction\",\"target\":[\"https:\/\/cenal.gob.ve\/?p=21890\"]}]},{\"@type\":\"BreadcrumbList\",\"@id\":\"https:\/\/cenal.gob.ve\/?p=21890#breadcrumb\",\"itemListElement\":[{\"@type\":\"ListItem\",\"position\":1,\"name\":\"Home\",\"item\":\"https:\/\/cenal.gob.ve\/\"},{\"@type\":\"ListItem\",\"position\":2,\"name\":\"Inaugurada la 18\u00aa Filven Amazonas\"}]},{\"@type\":\"WebSite\",\"@id\":\"https:\/\/cenal.gob.ve\/#website\",\"url\":\"https:\/\/cenal.gob.ve\/\",\"name\":\"Cenal\",\"description\":\"\",\"publisher\":{\"@id\":\"https:\/\/cenal.gob.ve\/#organization\"},\"potentialAction\":[{\"@type\":\"SearchAction\",\"target\":{\"@type\":\"EntryPoint\",\"urlTemplate\":\"https:\/\/cenal.gob.ve\/?s={search_term_string}\"},\"query-input\":\"required name=search_term_string\"}],\"inLanguage\":\"es\"},{\"@type\":\"Organization\",\"@id\":\"https:\/\/cenal.gob.ve\/#organization\",\"name\":\"CENAL\",\"url\":\"https:\/\/cenal.gob.ve\/\",\"sameAs\":[],\"logo\":{\"@type\":\"ImageObject\",\"inLanguage\":\"es\",\"@id\":\"https:\/\/cenal.gob.ve\/#\/schema\/logo\/image\/\",\"url\":\"https:\/\/i0.wp.com\/cenal.gob.ve\/wp-content\/uploads\/2022\/10\/cropped-images.jpg?fit=512%2C512\",\"contentUrl\":\"https:\/\/i0.wp.com\/cenal.gob.ve\/wp-content\/uploads\/2022\/10\/cropped-images.jpg?fit=512%2C512\",\"width\":512,\"height\":512,\"caption\":\"CENAL\"},\"image\":{\"@id\":\"https:\/\/cenal.gob.ve\/#\/schema\/logo\/image\/\"}},{\"@type\":\"Person\",\"@id\":\"https:\/\/cenal.gob.ve\/#\/schema\/person\/e3ed34623f400ffab8bc7a63b2f5533f\",\"name\":\"Prensa Cenal\",\"image\":{\"@type\":\"ImageObject\",\"inLanguage\":\"es\",\"@id\":\"https:\/\/cenal.gob.ve\/#\/schema\/person\/image\/\",\"url\":\"https:\/\/secure.gravatar.com\/avatar\/594b4ed34090910c619ac3679001d491?s=96&d=mm&r=g\",\"contentUrl\":\"https:\/\/secure.gravatar.com\/avatar\/594b4ed34090910c619ac3679001d491?s=96&d=mm&r=g\",\"caption\":\"Prensa Cenal\"},\"url\":\"https:\/\/cenal.gob.ve\/?author=10\"}]}<\/script>\n<!-- \/ Yoast SEO plugin. -->","yoast_head_json":{"title":"Inaugurada la 18\u00aa Filven Amazonas","robots":{"index":"index","follow":"follow","max-snippet":"max-snippet:-1","max-image-preview":"max-image-preview:large","max-video-preview":"max-video-preview:-1"},"canonical":"https:\/\/cenal.gob.ve\/?p=21890","og_locale":"es_ES","og_type":"article","og_title":"Inaugurada la 18\u00aa Filven Amazonas","og_description":"Este jueves 3 de agosto la 18\u00aa Filven Amazonas abri\u00f3 sus puertas en el remozado Centro Cultural Amazonas ubicado en Puerto Ayacucho, bajo el lema Leer Descoloniza. Presentaciones de libros, [&hellip;]","og_url":"https:\/\/cenal.gob.ve\/?p=21890","og_site_name":"Cenal","article_published_time":"2023-08-03T22:56:26+00:00","article_modified_time":"2023-08-31T20:19:45+00:00","og_image":[{"width":1280,"height":853,"url":"https:\/\/i0.wp.com\/cenal.gob.ve\/wp-content\/uploads\/2023\/08\/photo_5071515405255814234_y1.jpg?fit=1280%2C853&ssl=1","type":"image\/jpeg"}],"author":"Prensa Cenal","twitter_card":"summary_large_image","twitter_misc":{"Written by":"Prensa Cenal","Est. reading time":"9 minutos"},"schema":{"@context":"https:\/\/schema.org","@graph":[{"@type":"Article","@id":"https:\/\/cenal.gob.ve\/?p=21890#article","isPartOf":{"@id":"https:\/\/cenal.gob.ve\/?p=21890"},"author":{"name":"Prensa Cenal","@id":"https:\/\/cenal.gob.ve\/#\/schema\/person\/e3ed34623f400ffab8bc7a63b2f5533f"},"headline":"Inaugurada la 18\u00aa Filven Amazonas","datePublished":"2023-08-03T22:56:26+00:00","dateModified":"2023-08-31T20:19:45+00:00","mainEntityOfPage":{"@id":"https:\/\/cenal.gob.ve\/?p=21890"},"wordCount":1402,"commentCount":0,"publisher":{"@id":"https:\/\/cenal.gob.ve\/#organization"},"keywords":["FILVEN","Noticias"],"articleSection":["Filven"],"inLanguage":"es","potentialAction":[{"@type":"CommentAction","name":"Comment","target":["https:\/\/cenal.gob.ve\/?p=21890#respond"]}]},{"@type":"WebPage","@id":"https:\/\/cenal.gob.ve\/?p=21890","url":"https:\/\/cenal.gob.ve\/?p=21890","name":"Inaugurada la 18\u00aa Filven Amazonas","isPartOf":{"@id":"https:\/\/cenal.gob.ve\/#website"},"datePublished":"2023-08-03T22:56:26+00:00","dateModified":"2023-08-31T20:19:45+00:00","breadcrumb":{"@id":"https:\/\/cenal.gob.ve\/?p=21890#breadcrumb"},"inLanguage":"es","potentialAction":[{"@type":"ReadAction","target":["https:\/\/cenal.gob.ve\/?p=21890"]}]},{"@type":"BreadcrumbList","@id":"https:\/\/cenal.gob.ve\/?p=21890#breadcrumb","itemListElement":[{"@type":"ListItem","position":1,"name":"Home","item":"https:\/\/cenal.gob.ve\/"},{"@type":"ListItem","position":2,"name":"Inaugurada la 18\u00aa Filven Amazonas"}]},{"@type":"WebSite","@id":"https:\/\/cenal.gob.ve\/#website","url":"https:\/\/cenal.gob.ve\/","name":"Cenal","description":"","publisher":{"@id":"https:\/\/cenal.gob.ve\/#organization"},"potentialAction":[{"@type":"SearchAction","target":{"@type":"EntryPoint","urlTemplate":"https:\/\/cenal.gob.ve\/?s={search_term_string}"},"query-input":"required name=search_term_string"}],"inLanguage":"es"},{"@type":"Organization","@id":"https:\/\/cenal.gob.ve\/#organization","name":"CENAL","url":"https:\/\/cenal.gob.ve\/","sameAs":[],"logo":{"@type":"ImageObject","inLanguage":"es","@id":"https:\/\/cenal.gob.ve\/#\/schema\/logo\/image\/","url":"https:\/\/i0.wp.com\/cenal.gob.ve\/wp-content\/uploads\/2022\/10\/cropped-images.jpg?fit=512%2C512","contentUrl":"https:\/\/i0.wp.com\/cenal.gob.ve\/wp-content\/uploads\/2022\/10\/cropped-images.jpg?fit=512%2C512","width":512,"height":512,"caption":"CENAL"},"image":{"@id":"https:\/\/cenal.gob.ve\/#\/schema\/logo\/image\/"}},{"@type":"Person","@id":"https:\/\/cenal.gob.ve\/#\/schema\/person\/e3ed34623f400ffab8bc7a63b2f5533f","name":"Prensa Cenal","image":{"@type":"ImageObject","inLanguage":"es","@id":"https:\/\/cenal.gob.ve\/#\/schema\/person\/image\/","url":"https:\/\/secure.gravatar.com\/avatar\/594b4ed34090910c619ac3679001d491?s=96&d=mm&r=g","contentUrl":"https:\/\/secure.gravatar.com\/avatar\/594b4ed34090910c619ac3679001d491?s=96&d=mm&r=g","caption":"Prensa Cenal"},"url":"https:\/\/cenal.gob.ve\/?author=10"}]}},"jetpack_featured_media_url":"https:\/\/cenal.gob.ve\/wp-content\/uploads\/2023\/08\/photo_5071515405255814234_y1.jpg","jetpack_publicize_connections":[],"jetpack_shortlink":"https:\/\/wp.me\/p5FMhp-5H4","_links":{"self":[{"href":"https:\/\/cenal.gob.ve\/index.php?rest_route=\/wp\/v2\/posts\/21890"}],"collection":[{"href":"https:\/\/cenal.gob.ve\/index.php?rest_route=\/wp\/v2\/posts"}],"about":[{"href":"https:\/\/cenal.gob.ve\/index.php?rest_route=\/wp\/v2\/types\/post"}],"author":[{"embeddable":true,"href":"https:\/\/cenal.gob.ve\/index.php?rest_route=\/wp\/v2\/users\/10"}],"replies":[{"embeddable":true,"href":"https:\/\/cenal.gob.ve\/index.php?rest_route=%2Fwp%2Fv2%2Fcomments&post=21890"}],"version-history":[{"count":11,"href":"https:\/\/cenal.gob.ve\/index.php?rest_route=\/wp\/v2\/posts\/21890\/revisions"}],"predecessor-version":[{"id":22153,"href":"https:\/\/cenal.gob.ve\/index.php?rest_route=\/wp\/v2\/posts\/21890\/revisions\/22153"}],"wp:featuredmedia":[{"embeddable":true,"href":"https:\/\/cenal.gob.ve\/index.php?rest_route=\/wp\/v2\/media\/21944"}],"wp:attachment":[{"href":"https:\/\/cenal.gob.ve\/index.php?rest_route=%2Fwp%2Fv2%2Fmedia&parent=21890"}],"wp:term":[{"taxonomy":"category","embeddable":true,"href":"https:\/\/cenal.gob.ve\/index.php?rest_route=%2Fwp%2Fv2%2Fcategories&post=21890"},{"taxonomy":"post_tag","embeddable":true,"href":"https:\/\/cenal.gob.ve\/index.php?rest_route=%2Fwp%2Fv2%2Ftags&post=21890"}],"curies":[{"name":"wp","href":"https:\/\/api.w.org\/{rel}","templated":true}]}}