{"id":22031,"date":"2023-08-16T17:05:49","date_gmt":"2023-08-16T21:05:49","guid":{"rendered":"http:\/\/cenal.gob.ve\/?p=22031"},"modified":"2024-01-12T14:08:52","modified_gmt":"2024-01-12T18:08:52","slug":"extendida-hasta-el-15-de-septiembre-convocatoria-para-vi-bienal-antonio-crespo-melendez","status":"publish","type":"post","link":"https:\/\/cenal.gob.ve\/?p=22031","title":{"rendered":"Extendida hasta el 15 de septiembre convocatoria para VI Bienal Antonio Crespo Mel\u00e9ndez"},"content":{"rendered":"\n<p>Hasta el 15 de septiembre se extendi\u00f3 la convocatoria para participar en el concurso de Cr\u00f3nica de la VI Bienal Nacional de Literatura Antonio Crespo Mel\u00e9ndez, anunciada por el Ministerio del Poder Popular para la Cultura, por intermedio del Centro Nacional del Libro (Cenal).<br><br>Podr\u00e1n participar con obras in\u00e9ditas escritores venezolanos y extranjeros, residenciados en la Rep\u00fablica Bolivariana de Venezuela, con permanencia m\u00ednima de cinco a\u00f1os.<br><br>Se otorgar\u00e1 un Premio \u00fanico. El autor o autora de la obra ganadora recibir\u00e1 certificado y un premio de setenta y cinco mil bol\u00edvares (75.000Bs.), otorgado por el Centro Nacional del Libro (Cenal), y la publicaci\u00f3n del libro por Monte \u00c1vila Editores (impreso y digital).<br><br>Las bases completas para participar est\u00e1n disponibles en la web www.cenal.gob.ve o se puede acceder directamente <a href=\"http:\/\/cenal.gob.ve\/?page_id=20147\">aqu\u00ed<\/a>. <\/p>\n\n\n\n<p><\/p>\n","protected":false},"excerpt":{"rendered":"<p>Hasta el 15 de septiembre se extendi\u00f3 la convocatoria para participar en el concurso de Cr\u00f3nica de la VI Bienal Nacional de Literatura Antonio Crespo Mel\u00e9ndez, anunciada por el Ministerio [&hellip;]<\/p>\n","protected":false},"author":10,"featured_media":22029,"comment_status":"open","ping_status":"closed","sticky":false,"template":"","format":"standard","meta":{"spay_email":"","jetpack_publicize_message":"","jetpack_is_tweetstorm":false,"jetpack_publicize_feature_enabled":true},"categories":[19,2],"tags":[],"yoast_head":"<!-- This site is optimized with the Yoast SEO plugin v19.8 - https:\/\/yoast.com\/wordpress\/plugins\/seo\/ -->\n<title>Extendida hasta el 15 de septiembre convocatoria para VI Bienal Antonio Crespo Mel\u00e9ndez<\/title>\n<meta name=\"robots\" content=\"index, follow, max-snippet:-1, max-image-preview:large, max-video-preview:-1\" \/>\n<link rel=\"canonical\" href=\"https:\/\/cenal.gob.ve\/?p=22031\" \/>\n<meta property=\"og:locale\" content=\"es_ES\" \/>\n<meta property=\"og:type\" content=\"article\" \/>\n<meta property=\"og:title\" content=\"Extendida hasta el 15 de septiembre convocatoria para VI Bienal Antonio Crespo Mel\u00e9ndez\" \/>\n<meta property=\"og:description\" content=\"Hasta el 15 de septiembre se extendi\u00f3 la convocatoria para participar en el concurso de Cr\u00f3nica de la VI Bienal Nacional de Literatura Antonio Crespo Mel\u00e9ndez, anunciada por el Ministerio [&hellip;]\" \/>\n<meta property=\"og:url\" content=\"https:\/\/cenal.gob.ve\/?p=22031\" \/>\n<meta property=\"og:site_name\" content=\"Cenal\" \/>\n<meta property=\"article:published_time\" content=\"2023-08-16T21:05:49+00:00\" \/>\n<meta property=\"article:modified_time\" content=\"2024-01-12T18:08:52+00:00\" \/>\n<meta property=\"og:image\" content=\"https:\/\/i0.wp.com\/cenal.gob.ve\/wp-content\/uploads\/2023\/08\/hand-1868015_1280.jpg?fit=1280%2C853&ssl=1\" \/>\n\t<meta property=\"og:image:width\" content=\"1280\" \/>\n\t<meta property=\"og:image:height\" content=\"853\" \/>\n\t<meta property=\"og:image:type\" content=\"image\/jpeg\" \/>\n<meta name=\"author\" content=\"Prensa Cenal\" \/>\n<meta name=\"twitter:card\" content=\"summary_large_image\" \/>\n<meta name=\"twitter:label1\" content=\"Written by\" \/>\n\t<meta name=\"twitter:data1\" content=\"Prensa Cenal\" \/>\n\t<meta name=\"twitter:label2\" content=\"Est. reading time\" \/>\n\t<meta name=\"twitter:data2\" content=\"1 minuto\" \/>\n<script type=\"application\/ld+json\" class=\"yoast-schema-graph\">{\"@context\":\"https:\/\/schema.org\",\"@graph\":[{\"@type\":\"Article\",\"@id\":\"https:\/\/cenal.gob.ve\/?p=22031#article\",\"isPartOf\":{\"@id\":\"https:\/\/cenal.gob.ve\/?p=22031\"},\"author\":{\"name\":\"Prensa Cenal\",\"@id\":\"https:\/\/cenal.gob.ve\/#\/schema\/person\/e3ed34623f400ffab8bc7a63b2f5533f\"},\"headline\":\"Extendida hasta el 15 de septiembre convocatoria para VI Bienal Antonio Crespo Mel\u00e9ndez\",\"datePublished\":\"2023-08-16T21:05:49+00:00\",\"dateModified\":\"2024-01-12T18:08:52+00:00\",\"mainEntityOfPage\":{\"@id\":\"https:\/\/cenal.gob.ve\/?p=22031\"},\"wordCount\":153,\"commentCount\":1,\"publisher\":{\"@id\":\"https:\/\/cenal.gob.ve\/#organization\"},\"articleSection\":[\"Bienales\",\"Cenal\"],\"inLanguage\":\"es\",\"potentialAction\":[{\"@type\":\"CommentAction\",\"name\":\"Comment\",\"target\":[\"https:\/\/cenal.gob.ve\/?p=22031#respond\"]}]},{\"@type\":\"WebPage\",\"@id\":\"https:\/\/cenal.gob.ve\/?p=22031\",\"url\":\"https:\/\/cenal.gob.ve\/?p=22031\",\"name\":\"Extendida hasta el 15 de septiembre convocatoria para VI Bienal Antonio Crespo Mel\u00e9ndez\",\"isPartOf\":{\"@id\":\"https:\/\/cenal.gob.ve\/#website\"},\"datePublished\":\"2023-08-16T21:05:49+00:00\",\"dateModified\":\"2024-01-12T18:08:52+00:00\",\"breadcrumb\":{\"@id\":\"https:\/\/cenal.gob.ve\/?p=22031#breadcrumb\"},\"inLanguage\":\"es\",\"potentialAction\":[{\"@type\":\"ReadAction\",\"target\":[\"https:\/\/cenal.gob.ve\/?p=22031\"]}]},{\"@type\":\"BreadcrumbList\",\"@id\":\"https:\/\/cenal.gob.ve\/?p=22031#breadcrumb\",\"itemListElement\":[{\"@type\":\"ListItem\",\"position\":1,\"name\":\"Home\",\"item\":\"https:\/\/cenal.gob.ve\/\"},{\"@type\":\"ListItem\",\"position\":2,\"name\":\"Extendida hasta el 15 de septiembre convocatoria para VI Bienal Antonio Crespo Mel\u00e9ndez\"}]},{\"@type\":\"WebSite\",\"@id\":\"https:\/\/cenal.gob.ve\/#website\",\"url\":\"https:\/\/cenal.gob.ve\/\",\"name\":\"Cenal\",\"description\":\"\",\"publisher\":{\"@id\":\"https:\/\/cenal.gob.ve\/#organization\"},\"potentialAction\":[{\"@type\":\"SearchAction\",\"target\":{\"@type\":\"EntryPoint\",\"urlTemplate\":\"https:\/\/cenal.gob.ve\/?s={search_term_string}\"},\"query-input\":\"required name=search_term_string\"}],\"inLanguage\":\"es\"},{\"@type\":\"Organization\",\"@id\":\"https:\/\/cenal.gob.ve\/#organization\",\"name\":\"CENAL\",\"url\":\"https:\/\/cenal.gob.ve\/\",\"sameAs\":[],\"logo\":{\"@type\":\"ImageObject\",\"inLanguage\":\"es\",\"@id\":\"https:\/\/cenal.gob.ve\/#\/schema\/logo\/image\/\",\"url\":\"https:\/\/i0.wp.com\/cenal.gob.ve\/wp-content\/uploads\/2022\/10\/cropped-images.jpg?fit=512%2C512\",\"contentUrl\":\"https:\/\/i0.wp.com\/cenal.gob.ve\/wp-content\/uploads\/2022\/10\/cropped-images.jpg?fit=512%2C512\",\"width\":512,\"height\":512,\"caption\":\"CENAL\"},\"image\":{\"@id\":\"https:\/\/cenal.gob.ve\/#\/schema\/logo\/image\/\"}},{\"@type\":\"Person\",\"@id\":\"https:\/\/cenal.gob.ve\/#\/schema\/person\/e3ed34623f400ffab8bc7a63b2f5533f\",\"name\":\"Prensa Cenal\",\"image\":{\"@type\":\"ImageObject\",\"inLanguage\":\"es\",\"@id\":\"https:\/\/cenal.gob.ve\/#\/schema\/person\/image\/\",\"url\":\"https:\/\/secure.gravatar.com\/avatar\/594b4ed34090910c619ac3679001d491?s=96&d=mm&r=g\",\"contentUrl\":\"https:\/\/secure.gravatar.com\/avatar\/594b4ed34090910c619ac3679001d491?s=96&d=mm&r=g\",\"caption\":\"Prensa Cenal\"},\"url\":\"https:\/\/cenal.gob.ve\/?author=10\"}]}<\/script>\n<!-- \/ Yoast SEO plugin. -->","yoast_head_json":{"title":"Extendida hasta el 15 de septiembre convocatoria para VI Bienal Antonio Crespo Mel\u00e9ndez","robots":{"index":"index","follow":"follow","max-snippet":"max-snippet:-1","max-image-preview":"max-image-preview:large","max-video-preview":"max-video-preview:-1"},"canonical":"https:\/\/cenal.gob.ve\/?p=22031","og_locale":"es_ES","og_type":"article","og_title":"Extendida hasta el 15 de septiembre convocatoria para VI Bienal Antonio Crespo Mel\u00e9ndez","og_description":"Hasta el 15 de septiembre se extendi\u00f3 la convocatoria para participar en el concurso de Cr\u00f3nica de la VI Bienal Nacional de Literatura Antonio Crespo Mel\u00e9ndez, anunciada por el Ministerio [&hellip;]","og_url":"https:\/\/cenal.gob.ve\/?p=22031","og_site_name":"Cenal","article_published_time":"2023-08-16T21:05:49+00:00","article_modified_time":"2024-01-12T18:08:52+00:00","og_image":[{"width":1280,"height":853,"url":"https:\/\/i0.wp.com\/cenal.gob.ve\/wp-content\/uploads\/2023\/08\/hand-1868015_1280.jpg?fit=1280%2C853&ssl=1","type":"image\/jpeg"}],"author":"Prensa Cenal","twitter_card":"summary_large_image","twitter_misc":{"Written by":"Prensa Cenal","Est. reading time":"1 minuto"},"schema":{"@context":"https:\/\/schema.org","@graph":[{"@type":"Article","@id":"https:\/\/cenal.gob.ve\/?p=22031#article","isPartOf":{"@id":"https:\/\/cenal.gob.ve\/?p=22031"},"author":{"name":"Prensa Cenal","@id":"https:\/\/cenal.gob.ve\/#\/schema\/person\/e3ed34623f400ffab8bc7a63b2f5533f"},"headline":"Extendida hasta el 15 de septiembre convocatoria para VI Bienal Antonio Crespo Mel\u00e9ndez","datePublished":"2023-08-16T21:05:49+00:00","dateModified":"2024-01-12T18:08:52+00:00","mainEntityOfPage":{"@id":"https:\/\/cenal.gob.ve\/?p=22031"},"wordCount":153,"commentCount":1,"publisher":{"@id":"https:\/\/cenal.gob.ve\/#organization"},"articleSection":["Bienales","Cenal"],"inLanguage":"es","potentialAction":[{"@type":"CommentAction","name":"Comment","target":["https:\/\/cenal.gob.ve\/?p=22031#respond"]}]},{"@type":"WebPage","@id":"https:\/\/cenal.gob.ve\/?p=22031","url":"https:\/\/cenal.gob.ve\/?p=22031","name":"Extendida hasta el 15 de septiembre convocatoria para VI Bienal Antonio Crespo Mel\u00e9ndez","isPartOf":{"@id":"https:\/\/cenal.gob.ve\/#website"},"datePublished":"2023-08-16T21:05:49+00:00","dateModified":"2024-01-12T18:08:52+00:00","breadcrumb":{"@id":"https:\/\/cenal.gob.ve\/?p=22031#breadcrumb"},"inLanguage":"es","potentialAction":[{"@type":"ReadAction","target":["https:\/\/cenal.gob.ve\/?p=22031"]}]},{"@type":"BreadcrumbList","@id":"https:\/\/cenal.gob.ve\/?p=22031#breadcrumb","itemListElement":[{"@type":"ListItem","position":1,"name":"Home","item":"https:\/\/cenal.gob.ve\/"},{"@type":"ListItem","position":2,"name":"Extendida hasta el 15 de septiembre convocatoria para VI Bienal Antonio Crespo Mel\u00e9ndez"}]},{"@type":"WebSite","@id":"https:\/\/cenal.gob.ve\/#website","url":"https:\/\/cenal.gob.ve\/","name":"Cenal","description":"","publisher":{"@id":"https:\/\/cenal.gob.ve\/#organization"},"potentialAction":[{"@type":"SearchAction","target":{"@type":"EntryPoint","urlTemplate":"https:\/\/cenal.gob.ve\/?s={search_term_string}"},"query-input":"required name=search_term_string"}],"inLanguage":"es"},{"@type":"Organization","@id":"https:\/\/cenal.gob.ve\/#organization","name":"CENAL","url":"https:\/\/cenal.gob.ve\/","sameAs":[],"logo":{"@type":"ImageObject","inLanguage":"es","@id":"https:\/\/cenal.gob.ve\/#\/schema\/logo\/image\/","url":"https:\/\/i0.wp.com\/cenal.gob.ve\/wp-content\/uploads\/2022\/10\/cropped-images.jpg?fit=512%2C512","contentUrl":"https:\/\/i0.wp.com\/cenal.gob.ve\/wp-content\/uploads\/2022\/10\/cropped-images.jpg?fit=512%2C512","width":512,"height":512,"caption":"CENAL"},"image":{"@id":"https:\/\/cenal.gob.ve\/#\/schema\/logo\/image\/"}},{"@type":"Person","@id":"https:\/\/cenal.gob.ve\/#\/schema\/person\/e3ed34623f400ffab8bc7a63b2f5533f","name":"Prensa Cenal","image":{"@type":"ImageObject","inLanguage":"es","@id":"https:\/\/cenal.gob.ve\/#\/schema\/person\/image\/","url":"https:\/\/secure.gravatar.com\/avatar\/594b4ed34090910c619ac3679001d491?s=96&d=mm&r=g","contentUrl":"https:\/\/secure.gravatar.com\/avatar\/594b4ed34090910c619ac3679001d491?s=96&d=mm&r=g","caption":"Prensa Cenal"},"url":"https:\/\/cenal.gob.ve\/?author=10"}]}},"jetpack_featured_media_url":"https:\/\/cenal.gob.ve\/wp-content\/uploads\/2023\/08\/hand-1868015_1280.jpg","jetpack_publicize_connections":[],"jetpack_shortlink":"https:\/\/wp.me\/p5FMhp-5Jl","_links":{"self":[{"href":"https:\/\/cenal.gob.ve\/index.php?rest_route=\/wp\/v2\/posts\/22031"}],"collection":[{"href":"https:\/\/cenal.gob.ve\/index.php?rest_route=\/wp\/v2\/posts"}],"about":[{"href":"https:\/\/cenal.gob.ve\/index.php?rest_route=\/wp\/v2\/types\/post"}],"author":[{"embeddable":true,"href":"https:\/\/cenal.gob.ve\/index.php?rest_route=\/wp\/v2\/users\/10"}],"replies":[{"embeddable":true,"href":"https:\/\/cenal.gob.ve\/index.php?rest_route=%2Fwp%2Fv2%2Fcomments&post=22031"}],"version-history":[{"count":2,"href":"https:\/\/cenal.gob.ve\/index.php?rest_route=\/wp\/v2\/posts\/22031\/revisions"}],"predecessor-version":[{"id":22035,"href":"https:\/\/cenal.gob.ve\/index.php?rest_route=\/wp\/v2\/posts\/22031\/revisions\/22035"}],"wp:featuredmedia":[{"embeddable":true,"href":"https:\/\/cenal.gob.ve\/index.php?rest_route=\/wp\/v2\/media\/22029"}],"wp:attachment":[{"href":"https:\/\/cenal.gob.ve\/index.php?rest_route=%2Fwp%2Fv2%2Fmedia&parent=22031"}],"wp:term":[{"taxonomy":"category","embeddable":true,"href":"https:\/\/cenal.gob.ve\/index.php?rest_route=%2Fwp%2Fv2%2Fcategories&post=22031"},{"taxonomy":"post_tag","embeddable":true,"href":"https:\/\/cenal.gob.ve\/index.php?rest_route=%2Fwp%2Fv2%2Ftags&post=22031"}],"curies":[{"name":"wp","href":"https:\/\/api.w.org\/{rel}","templated":true}]}}