{"id":22057,"date":"2023-08-24T12:30:46","date_gmt":"2023-08-24T16:30:46","guid":{"rendered":"http:\/\/cenal.gob.ve\/?p=22057"},"modified":"2023-08-29T13:21:06","modified_gmt":"2023-08-29T17:21:06","slug":"venezuela-presente-en-2da-feria-internacional-del-libro-de-honduras","status":"publish","type":"post","link":"https:\/\/cenal.gob.ve\/?p=22057","title":{"rendered":"Venezuela presente en 2da Feria Internacional del Libro de Honduras"},"content":{"rendered":"\n<p>La Rep\u00fablica Bolivariana de Venezuela dice presente en la 2da Feria Internacional del Libro de Honduras, en Tegucigalpa, con una gran muestra de su producci\u00f3n literaria.<\/p>\n\n\n\n<p>En esta fiesta de la palabra, a desarrollarse del 24 al 27 de agosto en la Universidad Pedag\u00f3gica Nacional Francisco Moraz\u00e1n, con el lema &#8220;M\u00e1s libros, m\u00e1s libres&#8221;, el pa\u00eds ofrece al p\u00fablico hondure\u00f1o 375 t\u00edtulos de diversos g\u00e9neros literarios.<\/p>\n\n\n\n<p>M\u00e1s de 200 t\u00edtulos son editados por el Ministerio del Poder Popular para la Cultura, a trav\u00e9s de sus editoriales El perro y la rana, Monte \u00c1vila y Biblioteca Ayacucho.<\/p>\n\n\n\n<p>La muestra est\u00e1 tambi\u00e9n conformada por publicaciones de otros sellos editoriales venezolanos p\u00fablicos, privados e independientes, entre ellas las del Instituto de Altos Estudios del Pensamiento del Comandante Hugo Ch\u00e1vez, Centro de Estudios Sim\u00f3n Bol\u00edvar, Centro Nacional de Historia, Vadell Hermanos, Trinchera, Acirema, Br\u00fajula y Nosotros Mismos.<\/p>\n\n\n\n<p>A la Fil Honduras 2023 lleg\u00f3, adem\u00e1s, una delegaci\u00f3n de escritores e investigadores venezolanos, integrada por Luis Britto Garc\u00eda, narrador, ensayista y dramaturgo, Premio Nacional de Literatura; Casimira Monasterios, diputada de la Asamblea Nacional, profesora universitaria e investigadora de la cultura afro venezolana; Ana Cristina Bracho, poeta y abogada, mag\u00edster en derecho p\u00fablico y derechos fundamentales, y la poeta y promotora de lectura Yris Villamizar.<\/p>\n\n\n\n<p>En representaci\u00f3n del Ministerio del Poder Popular para la Cultura asiste el viceministro de Fomento para Econom\u00eda Cultural y presidente del Centro Nacional del Libro (Cenal) y del Fondo Editorial El perro y la rana, Ra\u00fal Cazal, tambien escritor, editor y periodista.<\/p>\n\n\n\n<p>Estos autores participar\u00e1n en la programaci\u00f3n con conferencias y presentaciones de novedades literarias.<\/p>\n\n\n\n<p>La noche de este mi\u00e9rcoles 23 fueron recibidos por la embajadora de Venezuela en Honduras, Margaud Godoy, acompa\u00f1ada por el agregado Cultural, Antonio Yuniz, para luego participar en un encuentro de bienvenida con Annarella V\u00e9lez Osejo, secretaria de Estado en el despacho de las Culturas, quien destac\u00f3 la presencia de Venezuela como pa\u00eds con el cual Honduras ha cultivado una gran relaci\u00f3n de hermandad.<\/p>\n\n\n\n<figure class=\"wp-block-image size-full\"><img width=\"847\" height=\"494\" src=\"http:\/\/cenal.gob.ve\/wp-content\/uploads\/2023\/08\/WhatsApp-Image-2023-08-24-at-12.25.45-PM-1.jpeg\" alt=\"\" class=\"wp-image-22059\" srcset=\"https:\/\/cenal.gob.ve\/wp-content\/uploads\/2023\/08\/WhatsApp-Image-2023-08-24-at-12.25.45-PM-1.jpeg 847w, https:\/\/cenal.gob.ve\/wp-content\/uploads\/2023\/08\/WhatsApp-Image-2023-08-24-at-12.25.45-PM-1-300x175.jpeg 300w, https:\/\/cenal.gob.ve\/wp-content\/uploads\/2023\/08\/WhatsApp-Image-2023-08-24-at-12.25.45-PM-1-768x448.jpeg 768w, https:\/\/cenal.gob.ve\/wp-content\/uploads\/2023\/08\/WhatsApp-Image-2023-08-24-at-12.25.45-PM-1-640x373.jpeg 640w\" sizes=\"(max-width: 847px) 100vw, 847px\" \/><\/figure>\n\n\n\n<p><strong>Programa<\/strong><\/p>\n\n\n\n<p>Luis Britto conversar\u00e1 este 24 sobre el ALBA junto a la embajadora Margaud Godoy. El escritor, autor de Pirata (Monte \u00c1vila), una de las novedades literarias que presenta Venezuela en la Fila Honduras 2023, dictar\u00e1 tambi\u00e9n la conferencia Er\u00f3tica y est\u00e9tica de los piratas, el s\u00e1bado 26.<\/p>\n\n\n\n<p>Ana Cristina Bracho se unir\u00e1 este 24 al recital po\u00e9tico inaugural en memoria de Eduardo B\u00e4hr. Tambi\u00e9n se unir\u00e1 a una lectura colectiva que tendr\u00e1 lugar el 25.<\/p>\n\n\n\n<p>Entretanto, la escritora Casimira Monasterios, autora de Parto de pueblo cimarr\u00f3n (El perro y la rana), participar\u00e1 en el conversatorio Migraci\u00f3n, racismos y formas de violencia en la literatura junto a Mat\u00edas N\u00fa\u00f1ez, actividad que se desarrollar\u00e1 este 25.<\/p>\n\n\n\n<p>El 25, Ra\u00fal Cazal, viceministro de Fomento para Econom\u00eda Cultural y presidente del Centro Nacional del Libro (Cenal) de Venezuela, estar\u00e1 junto a Luis Britto Garc\u00eda conversando sobre Comunicaciones, cultura y literatura como parte de un panel que integrar\u00e1n tambi\u00e9n Annarella V\u00e9lez Osejo, secretaria de Estado en el despacho de las Culturas, las Artes y los Patrimonios de los Pueblos de Honduras; Elisa Ferrer, Dionisio de Jes\u00fas, Jorge Palma y Ala\u00edn Lara.<\/p>\n\n\n\n<p>La poeta y promotora de lectura Yrys Villamizar, gerente de Estrategias y Operaciones del Cenal, participar\u00e1 en el conversatorio Retos para organizar ferias de libros, previsto a desarrollarse este 25. Ah\u00ed compartir\u00e1 junto a la directora general del Libro y el Documento, Carolina Torres, y los invitados Ala\u00edn Lara, Jos\u00e9 Balaguer y Salvador Madrid.<\/p>\n\n\n\n<p>En el estand de Venezuela est\u00e1 previsto para el s\u00e1bado 26 un encuentro de la delegaci\u00f3n con colectivos afrohondure\u00f1os y colectivos solidarios de Venezuela.<\/p>\n\n\n\n<p>La Fil Honduras es un evento organizado por la Secretar\u00eda de las Culturas, las Artes y los Patrimonios de los Pueblos de Honduras y la Direcci\u00f3n General del Libro y el Documento, con apoyo tambi\u00e9n de la Universidad Nacional Aut\u00f3noma de Honduras. Este a\u00f1o tiene como pa\u00eds invitado de honor a Argentina y ofrece hasta el domingo 27 una amplia programaci\u00f3n con la participaci\u00f3n de delegaciones de 25 naciones.<\/p>\n","protected":false},"excerpt":{"rendered":"<p>La Rep\u00fablica Bolivariana de Venezuela dice presente en la 2da Feria Internacional del Libro de Honduras, en Tegucigalpa, con una gran muestra de su producci\u00f3n literaria. En esta fiesta de [&hellip;]<\/p>\n","protected":false},"author":10,"featured_media":22058,"comment_status":"open","ping_status":"closed","sticky":false,"template":"","format":"standard","meta":{"spay_email":"","jetpack_publicize_message":"","jetpack_is_tweetstorm":false,"jetpack_publicize_feature_enabled":true},"categories":[2],"tags":[9,13,193],"yoast_head":"<!-- This site is optimized with the Yoast SEO plugin v19.8 - https:\/\/yoast.com\/wordpress\/plugins\/seo\/ -->\n<title>Venezuela presente en 2da Feria Internacional del Libro de Honduras<\/title>\n<meta name=\"robots\" content=\"index, follow, max-snippet:-1, max-image-preview:large, max-video-preview:-1\" \/>\n<link rel=\"canonical\" href=\"https:\/\/cenal.gob.ve\/?p=22057\" \/>\n<meta property=\"og:locale\" content=\"es_ES\" \/>\n<meta property=\"og:type\" content=\"article\" \/>\n<meta property=\"og:title\" content=\"Venezuela presente en 2da Feria Internacional del Libro de Honduras\" \/>\n<meta property=\"og:description\" content=\"La Rep\u00fablica Bolivariana de Venezuela dice presente en la 2da Feria Internacional del Libro de Honduras, en Tegucigalpa, con una gran muestra de su producci\u00f3n literaria. En esta fiesta de [&hellip;]\" \/>\n<meta property=\"og:url\" content=\"https:\/\/cenal.gob.ve\/?p=22057\" \/>\n<meta property=\"og:site_name\" content=\"Cenal\" \/>\n<meta property=\"article:published_time\" content=\"2023-08-24T16:30:46+00:00\" \/>\n<meta property=\"article:modified_time\" content=\"2023-08-29T17:21:06+00:00\" \/>\n<meta property=\"og:image\" content=\"https:\/\/i0.wp.com\/cenal.gob.ve\/wp-content\/uploads\/2023\/08\/photo1692894025.jpeg?fit=800%2C522&ssl=1\" \/>\n\t<meta property=\"og:image:width\" content=\"800\" \/>\n\t<meta property=\"og:image:height\" content=\"522\" \/>\n\t<meta property=\"og:image:type\" content=\"image\/jpeg\" \/>\n<meta name=\"author\" content=\"Prensa Cenal\" \/>\n<meta name=\"twitter:card\" content=\"summary_large_image\" \/>\n<meta name=\"twitter:label1\" content=\"Written by\" \/>\n\t<meta name=\"twitter:data1\" content=\"Prensa Cenal\" \/>\n\t<meta name=\"twitter:label2\" content=\"Est. reading time\" \/>\n\t<meta name=\"twitter:data2\" content=\"4 minutos\" \/>\n<script type=\"application\/ld+json\" class=\"yoast-schema-graph\">{\"@context\":\"https:\/\/schema.org\",\"@graph\":[{\"@type\":\"Article\",\"@id\":\"https:\/\/cenal.gob.ve\/?p=22057#article\",\"isPartOf\":{\"@id\":\"https:\/\/cenal.gob.ve\/?p=22057\"},\"author\":{\"name\":\"Prensa Cenal\",\"@id\":\"https:\/\/cenal.gob.ve\/#\/schema\/person\/e3ed34623f400ffab8bc7a63b2f5533f\"},\"headline\":\"Venezuela presente en 2da Feria Internacional del Libro de Honduras\",\"datePublished\":\"2023-08-24T16:30:46+00:00\",\"dateModified\":\"2023-08-29T17:21:06+00:00\",\"mainEntityOfPage\":{\"@id\":\"https:\/\/cenal.gob.ve\/?p=22057\"},\"wordCount\":720,\"commentCount\":0,\"publisher\":{\"@id\":\"https:\/\/cenal.gob.ve\/#organization\"},\"keywords\":[\"Noticias\",\"Publicaciones\",\"Venezuela\"],\"articleSection\":[\"Cenal\"],\"inLanguage\":\"es\",\"potentialAction\":[{\"@type\":\"CommentAction\",\"name\":\"Comment\",\"target\":[\"https:\/\/cenal.gob.ve\/?p=22057#respond\"]}]},{\"@type\":\"WebPage\",\"@id\":\"https:\/\/cenal.gob.ve\/?p=22057\",\"url\":\"https:\/\/cenal.gob.ve\/?p=22057\",\"name\":\"Venezuela presente en 2da Feria Internacional del Libro de Honduras\",\"isPartOf\":{\"@id\":\"https:\/\/cenal.gob.ve\/#website\"},\"datePublished\":\"2023-08-24T16:30:46+00:00\",\"dateModified\":\"2023-08-29T17:21:06+00:00\",\"breadcrumb\":{\"@id\":\"https:\/\/cenal.gob.ve\/?p=22057#breadcrumb\"},\"inLanguage\":\"es\",\"potentialAction\":[{\"@type\":\"ReadAction\",\"target\":[\"https:\/\/cenal.gob.ve\/?p=22057\"]}]},{\"@type\":\"BreadcrumbList\",\"@id\":\"https:\/\/cenal.gob.ve\/?p=22057#breadcrumb\",\"itemListElement\":[{\"@type\":\"ListItem\",\"position\":1,\"name\":\"Home\",\"item\":\"https:\/\/cenal.gob.ve\/\"},{\"@type\":\"ListItem\",\"position\":2,\"name\":\"Venezuela presente en 2da Feria Internacional del Libro de Honduras\"}]},{\"@type\":\"WebSite\",\"@id\":\"https:\/\/cenal.gob.ve\/#website\",\"url\":\"https:\/\/cenal.gob.ve\/\",\"name\":\"Cenal\",\"description\":\"\",\"publisher\":{\"@id\":\"https:\/\/cenal.gob.ve\/#organization\"},\"potentialAction\":[{\"@type\":\"SearchAction\",\"target\":{\"@type\":\"EntryPoint\",\"urlTemplate\":\"https:\/\/cenal.gob.ve\/?s={search_term_string}\"},\"query-input\":\"required name=search_term_string\"}],\"inLanguage\":\"es\"},{\"@type\":\"Organization\",\"@id\":\"https:\/\/cenal.gob.ve\/#organization\",\"name\":\"CENAL\",\"url\":\"https:\/\/cenal.gob.ve\/\",\"sameAs\":[],\"logo\":{\"@type\":\"ImageObject\",\"inLanguage\":\"es\",\"@id\":\"https:\/\/cenal.gob.ve\/#\/schema\/logo\/image\/\",\"url\":\"https:\/\/i0.wp.com\/cenal.gob.ve\/wp-content\/uploads\/2022\/10\/cropped-images.jpg?fit=512%2C512\",\"contentUrl\":\"https:\/\/i0.wp.com\/cenal.gob.ve\/wp-content\/uploads\/2022\/10\/cropped-images.jpg?fit=512%2C512\",\"width\":512,\"height\":512,\"caption\":\"CENAL\"},\"image\":{\"@id\":\"https:\/\/cenal.gob.ve\/#\/schema\/logo\/image\/\"}},{\"@type\":\"Person\",\"@id\":\"https:\/\/cenal.gob.ve\/#\/schema\/person\/e3ed34623f400ffab8bc7a63b2f5533f\",\"name\":\"Prensa Cenal\",\"image\":{\"@type\":\"ImageObject\",\"inLanguage\":\"es\",\"@id\":\"https:\/\/cenal.gob.ve\/#\/schema\/person\/image\/\",\"url\":\"https:\/\/secure.gravatar.com\/avatar\/594b4ed34090910c619ac3679001d491?s=96&d=mm&r=g\",\"contentUrl\":\"https:\/\/secure.gravatar.com\/avatar\/594b4ed34090910c619ac3679001d491?s=96&d=mm&r=g\",\"caption\":\"Prensa Cenal\"},\"url\":\"https:\/\/cenal.gob.ve\/?author=10\"}]}<\/script>\n<!-- \/ Yoast SEO plugin. -->","yoast_head_json":{"title":"Venezuela presente en 2da Feria Internacional del Libro de Honduras","robots":{"index":"index","follow":"follow","max-snippet":"max-snippet:-1","max-image-preview":"max-image-preview:large","max-video-preview":"max-video-preview:-1"},"canonical":"https:\/\/cenal.gob.ve\/?p=22057","og_locale":"es_ES","og_type":"article","og_title":"Venezuela presente en 2da Feria Internacional del Libro de Honduras","og_description":"La Rep\u00fablica Bolivariana de Venezuela dice presente en la 2da Feria Internacional del Libro de Honduras, en Tegucigalpa, con una gran muestra de su producci\u00f3n literaria. En esta fiesta de [&hellip;]","og_url":"https:\/\/cenal.gob.ve\/?p=22057","og_site_name":"Cenal","article_published_time":"2023-08-24T16:30:46+00:00","article_modified_time":"2023-08-29T17:21:06+00:00","og_image":[{"width":800,"height":522,"url":"https:\/\/i0.wp.com\/cenal.gob.ve\/wp-content\/uploads\/2023\/08\/photo1692894025.jpeg?fit=800%2C522&ssl=1","type":"image\/jpeg"}],"author":"Prensa Cenal","twitter_card":"summary_large_image","twitter_misc":{"Written by":"Prensa Cenal","Est. reading time":"4 minutos"},"schema":{"@context":"https:\/\/schema.org","@graph":[{"@type":"Article","@id":"https:\/\/cenal.gob.ve\/?p=22057#article","isPartOf":{"@id":"https:\/\/cenal.gob.ve\/?p=22057"},"author":{"name":"Prensa Cenal","@id":"https:\/\/cenal.gob.ve\/#\/schema\/person\/e3ed34623f400ffab8bc7a63b2f5533f"},"headline":"Venezuela presente en 2da Feria Internacional del Libro de Honduras","datePublished":"2023-08-24T16:30:46+00:00","dateModified":"2023-08-29T17:21:06+00:00","mainEntityOfPage":{"@id":"https:\/\/cenal.gob.ve\/?p=22057"},"wordCount":720,"commentCount":0,"publisher":{"@id":"https:\/\/cenal.gob.ve\/#organization"},"keywords":["Noticias","Publicaciones","Venezuela"],"articleSection":["Cenal"],"inLanguage":"es","potentialAction":[{"@type":"CommentAction","name":"Comment","target":["https:\/\/cenal.gob.ve\/?p=22057#respond"]}]},{"@type":"WebPage","@id":"https:\/\/cenal.gob.ve\/?p=22057","url":"https:\/\/cenal.gob.ve\/?p=22057","name":"Venezuela presente en 2da Feria Internacional del Libro de Honduras","isPartOf":{"@id":"https:\/\/cenal.gob.ve\/#website"},"datePublished":"2023-08-24T16:30:46+00:00","dateModified":"2023-08-29T17:21:06+00:00","breadcrumb":{"@id":"https:\/\/cenal.gob.ve\/?p=22057#breadcrumb"},"inLanguage":"es","potentialAction":[{"@type":"ReadAction","target":["https:\/\/cenal.gob.ve\/?p=22057"]}]},{"@type":"BreadcrumbList","@id":"https:\/\/cenal.gob.ve\/?p=22057#breadcrumb","itemListElement":[{"@type":"ListItem","position":1,"name":"Home","item":"https:\/\/cenal.gob.ve\/"},{"@type":"ListItem","position":2,"name":"Venezuela presente en 2da Feria Internacional del Libro de Honduras"}]},{"@type":"WebSite","@id":"https:\/\/cenal.gob.ve\/#website","url":"https:\/\/cenal.gob.ve\/","name":"Cenal","description":"","publisher":{"@id":"https:\/\/cenal.gob.ve\/#organization"},"potentialAction":[{"@type":"SearchAction","target":{"@type":"EntryPoint","urlTemplate":"https:\/\/cenal.gob.ve\/?s={search_term_string}"},"query-input":"required name=search_term_string"}],"inLanguage":"es"},{"@type":"Organization","@id":"https:\/\/cenal.gob.ve\/#organization","name":"CENAL","url":"https:\/\/cenal.gob.ve\/","sameAs":[],"logo":{"@type":"ImageObject","inLanguage":"es","@id":"https:\/\/cenal.gob.ve\/#\/schema\/logo\/image\/","url":"https:\/\/i0.wp.com\/cenal.gob.ve\/wp-content\/uploads\/2022\/10\/cropped-images.jpg?fit=512%2C512","contentUrl":"https:\/\/i0.wp.com\/cenal.gob.ve\/wp-content\/uploads\/2022\/10\/cropped-images.jpg?fit=512%2C512","width":512,"height":512,"caption":"CENAL"},"image":{"@id":"https:\/\/cenal.gob.ve\/#\/schema\/logo\/image\/"}},{"@type":"Person","@id":"https:\/\/cenal.gob.ve\/#\/schema\/person\/e3ed34623f400ffab8bc7a63b2f5533f","name":"Prensa Cenal","image":{"@type":"ImageObject","inLanguage":"es","@id":"https:\/\/cenal.gob.ve\/#\/schema\/person\/image\/","url":"https:\/\/secure.gravatar.com\/avatar\/594b4ed34090910c619ac3679001d491?s=96&d=mm&r=g","contentUrl":"https:\/\/secure.gravatar.com\/avatar\/594b4ed34090910c619ac3679001d491?s=96&d=mm&r=g","caption":"Prensa Cenal"},"url":"https:\/\/cenal.gob.ve\/?author=10"}]}},"jetpack_featured_media_url":"https:\/\/cenal.gob.ve\/wp-content\/uploads\/2023\/08\/photo1692894025.jpeg","jetpack_publicize_connections":[],"jetpack_shortlink":"https:\/\/wp.me\/p5FMhp-5JL","_links":{"self":[{"href":"https:\/\/cenal.gob.ve\/index.php?rest_route=\/wp\/v2\/posts\/22057"}],"collection":[{"href":"https:\/\/cenal.gob.ve\/index.php?rest_route=\/wp\/v2\/posts"}],"about":[{"href":"https:\/\/cenal.gob.ve\/index.php?rest_route=\/wp\/v2\/types\/post"}],"author":[{"embeddable":true,"href":"https:\/\/cenal.gob.ve\/index.php?rest_route=\/wp\/v2\/users\/10"}],"replies":[{"embeddable":true,"href":"https:\/\/cenal.gob.ve\/index.php?rest_route=%2Fwp%2Fv2%2Fcomments&post=22057"}],"version-history":[{"count":2,"href":"https:\/\/cenal.gob.ve\/index.php?rest_route=\/wp\/v2\/posts\/22057\/revisions"}],"predecessor-version":[{"id":22151,"href":"https:\/\/cenal.gob.ve\/index.php?rest_route=\/wp\/v2\/posts\/22057\/revisions\/22151"}],"wp:featuredmedia":[{"embeddable":true,"href":"https:\/\/cenal.gob.ve\/index.php?rest_route=\/wp\/v2\/media\/22058"}],"wp:attachment":[{"href":"https:\/\/cenal.gob.ve\/index.php?rest_route=%2Fwp%2Fv2%2Fmedia&parent=22057"}],"wp:term":[{"taxonomy":"category","embeddable":true,"href":"https:\/\/cenal.gob.ve\/index.php?rest_route=%2Fwp%2Fv2%2Fcategories&post=22057"},{"taxonomy":"post_tag","embeddable":true,"href":"https:\/\/cenal.gob.ve\/index.php?rest_route=%2Fwp%2Fv2%2Ftags&post=22057"}],"curies":[{"name":"wp","href":"https:\/\/api.w.org\/{rel}","templated":true}]}}