{"id":22617,"date":"2023-11-03T16:17:12","date_gmt":"2023-11-03T20:17:12","guid":{"rendered":"http:\/\/cenal.gob.ve\/?p=22617"},"modified":"2023-11-04T13:16:56","modified_gmt":"2023-11-04T17:16:56","slug":"con-la-filven-2023-suman-19-ediciones-desde-la-primera-en-2005","status":"publish","type":"post","link":"https:\/\/cenal.gob.ve\/?p=22617","title":{"rendered":"Con la Filven 2023 suman 19 ediciones desde la primera en 2005"},"content":{"rendered":"\n<p>Con la Feria Internacional del Libro de Venezuela (Filven) a realizarse este 2023, del 9 al 19 de noviembre, en El Laguito, C\u00edrculo Militar de Caracas, suman 19 ediciones desde la primera realizada en 2005 por iniciativa del Comandante Hugo Ch\u00e1vez como gran promotor de la lectura.<\/p>\n\n\n\n<p>Este a\u00f1o la Rep\u00fablica de Colombia es el pa\u00eds invitado de honor. La edici\u00f3n anterior tuvo como invitado de honor, por primera vez, a todo un continente: \u00c1frica. En ediciones pasadas se extendi\u00f3 esta invitaci\u00f3n a la Rep\u00fablica Socialista de Vietnam, M\u00e9xico, China, Turqu\u00eda, Cuba, Argentina, Ecuador, Bolivia, Uruguay, Brasil, Puerto Rico, Francia y Rusia.<\/p>\n\n\n\n<p>A lo largo de su trayectoria, la Filven ha rendido homenaje a los pueblos caribe\u00f1os, reconocidos escritores y figuras de la historia, como Francisco de Miranda, y este a\u00f1o rinde tributo a los escritores nacionales Domingo Alberto Rangel, Carmen Delia Bencomo y Armando Car\u00edas y a las autoras palestinas Heba Abu Nada y Adania Shibli, adem\u00e1s de estar dedicada a la Biblioteca Nacional, por sus 190 a\u00f1os, y a la editorial Vadell Hermanos Editores, por su aniversario n\u00famero 50.<\/p>\n\n\n\n<p>Desde 2005, los escritores homenajeados han sido Ram\u00f3n Palomares, V\u00edctor Valera Mora, Laura Antillano, Stefania Mosca, Jos\u00e9 Manuel Brice\u00f1o Guerrero, Andr\u00e9s Bello, Juan Germ\u00e1n Roscio, Luis Britto Garc\u00eda, Hugo Ch\u00e1vez, Gustavo Pereira, C\u00e9sar Chirinos, C\u00e9sar Rengifo, Francisco de Miranda, Alberto Rodr\u00edguez Carucci, Ana Enriqueta Ter\u00e1n, Luis Alberto Crespo, Aquiles Nazoa, Earle Herrera, Jos\u00e9 Vicente Rangel, Vladimir Acosta, Carmen Clemente Travieso, Iraida Vargas y Mario Sanoja.<\/p>\n\n\n\n<p>En 2010 se homenajearon los pa\u00edses latinoamericanos que celebraron su bicentenario de independencia ese a\u00f1o: Argentina, Chile, Colombia, M\u00e9xico y Venezuela, bajo el lema, en esa oportunidad, \u201cLos pueblos de la Patria Grande escriben su historia\u201d.<\/p>\n\n\n\n<p>Los lemas han ido variando a lo largo de las ediciones, desde el primero \u201cCaribe, un puente de libros, un mar de humanidad\u201d o \u201cEl libro te libera\u201d, \u201cLeer es Vida\u201d, \u201cLeer desbloquea\u201d, hasta \u201cLeer independiza\u201d, \u201cLeer descoloniza\u201d y \u201cLeer nos reencuentra\u201d, este \u00faltimo de la edici\u00f3n 2023.<\/p>\n\n\n\n<p>La invitaci\u00f3n est\u00e1 abierta para todo el p\u00fablico.<\/p>\n","protected":false},"excerpt":{"rendered":"<p>Con la Feria Internacional del Libro de Venezuela (Filven) a realizarse este 2023, del 9 al 19 de noviembre, en El Laguito, C\u00edrculo Militar de Caracas, suman 19 ediciones desde [&hellip;]<\/p>\n","protected":false},"author":10,"featured_media":22618,"comment_status":"open","ping_status":"closed","sticky":false,"template":"","format":"standard","meta":{"spay_email":"","jetpack_publicize_message":"","jetpack_is_tweetstorm":false,"jetpack_publicize_feature_enabled":true},"categories":[12],"tags":[79],"yoast_head":"<!-- This site is optimized with the Yoast SEO plugin v19.8 - https:\/\/yoast.com\/wordpress\/plugins\/seo\/ -->\n<title>Con la Filven 2023 suman 19 ediciones desde la primera en 2005<\/title>\n<meta name=\"robots\" content=\"index, follow, max-snippet:-1, max-image-preview:large, max-video-preview:-1\" \/>\n<link rel=\"canonical\" href=\"https:\/\/cenal.gob.ve\/?p=22617\" \/>\n<meta property=\"og:locale\" content=\"es_ES\" \/>\n<meta property=\"og:type\" content=\"article\" \/>\n<meta property=\"og:title\" content=\"Con la Filven 2023 suman 19 ediciones desde la primera en 2005\" \/>\n<meta property=\"og:description\" content=\"Con la Feria Internacional del Libro de Venezuela (Filven) a realizarse este 2023, del 9 al 19 de noviembre, en El Laguito, C\u00edrculo Militar de Caracas, suman 19 ediciones desde [&hellip;]\" \/>\n<meta property=\"og:url\" content=\"https:\/\/cenal.gob.ve\/?p=22617\" \/>\n<meta property=\"og:site_name\" content=\"Cenal\" \/>\n<meta property=\"article:published_time\" content=\"2023-11-03T20:17:12+00:00\" \/>\n<meta property=\"article:modified_time\" content=\"2023-11-04T17:16:56+00:00\" \/>\n<meta property=\"og:image\" content=\"https:\/\/i0.wp.com\/cenal.gob.ve\/wp-content\/uploads\/2023\/11\/imagen-6.png?fit=1080%2C720&ssl=1\" \/>\n\t<meta property=\"og:image:width\" content=\"1080\" \/>\n\t<meta property=\"og:image:height\" content=\"720\" \/>\n\t<meta property=\"og:image:type\" content=\"image\/png\" \/>\n<meta name=\"author\" content=\"Prensa Cenal\" \/>\n<meta name=\"twitter:card\" content=\"summary_large_image\" \/>\n<meta name=\"twitter:label1\" content=\"Written by\" \/>\n\t<meta name=\"twitter:data1\" content=\"Prensa Cenal\" \/>\n\t<meta name=\"twitter:label2\" content=\"Est. reading time\" \/>\n\t<meta name=\"twitter:data2\" content=\"2 minutos\" \/>\n<script type=\"application\/ld+json\" class=\"yoast-schema-graph\">{\"@context\":\"https:\/\/schema.org\",\"@graph\":[{\"@type\":\"Article\",\"@id\":\"https:\/\/cenal.gob.ve\/?p=22617#article\",\"isPartOf\":{\"@id\":\"https:\/\/cenal.gob.ve\/?p=22617\"},\"author\":{\"name\":\"Prensa Cenal\",\"@id\":\"https:\/\/cenal.gob.ve\/#\/schema\/person\/e3ed34623f400ffab8bc7a63b2f5533f\"},\"headline\":\"Con la Filven 2023 suman 19 ediciones desde la primera en 2005\",\"datePublished\":\"2023-11-03T20:17:12+00:00\",\"dateModified\":\"2023-11-04T17:16:56+00:00\",\"mainEntityOfPage\":{\"@id\":\"https:\/\/cenal.gob.ve\/?p=22617\"},\"wordCount\":370,\"commentCount\":0,\"publisher\":{\"@id\":\"https:\/\/cenal.gob.ve\/#organization\"},\"keywords\":[\"FILVEN\"],\"articleSection\":[\"Filven\"],\"inLanguage\":\"es\",\"potentialAction\":[{\"@type\":\"CommentAction\",\"name\":\"Comment\",\"target\":[\"https:\/\/cenal.gob.ve\/?p=22617#respond\"]}]},{\"@type\":\"WebPage\",\"@id\":\"https:\/\/cenal.gob.ve\/?p=22617\",\"url\":\"https:\/\/cenal.gob.ve\/?p=22617\",\"name\":\"Con la Filven 2023 suman 19 ediciones desde la primera en 2005\",\"isPartOf\":{\"@id\":\"https:\/\/cenal.gob.ve\/#website\"},\"datePublished\":\"2023-11-03T20:17:12+00:00\",\"dateModified\":\"2023-11-04T17:16:56+00:00\",\"breadcrumb\":{\"@id\":\"https:\/\/cenal.gob.ve\/?p=22617#breadcrumb\"},\"inLanguage\":\"es\",\"potentialAction\":[{\"@type\":\"ReadAction\",\"target\":[\"https:\/\/cenal.gob.ve\/?p=22617\"]}]},{\"@type\":\"BreadcrumbList\",\"@id\":\"https:\/\/cenal.gob.ve\/?p=22617#breadcrumb\",\"itemListElement\":[{\"@type\":\"ListItem\",\"position\":1,\"name\":\"Home\",\"item\":\"https:\/\/cenal.gob.ve\/\"},{\"@type\":\"ListItem\",\"position\":2,\"name\":\"Con la Filven 2023 suman 19 ediciones desde la primera en 2005\"}]},{\"@type\":\"WebSite\",\"@id\":\"https:\/\/cenal.gob.ve\/#website\",\"url\":\"https:\/\/cenal.gob.ve\/\",\"name\":\"Cenal\",\"description\":\"\",\"publisher\":{\"@id\":\"https:\/\/cenal.gob.ve\/#organization\"},\"potentialAction\":[{\"@type\":\"SearchAction\",\"target\":{\"@type\":\"EntryPoint\",\"urlTemplate\":\"https:\/\/cenal.gob.ve\/?s={search_term_string}\"},\"query-input\":\"required name=search_term_string\"}],\"inLanguage\":\"es\"},{\"@type\":\"Organization\",\"@id\":\"https:\/\/cenal.gob.ve\/#organization\",\"name\":\"CENAL\",\"url\":\"https:\/\/cenal.gob.ve\/\",\"sameAs\":[],\"logo\":{\"@type\":\"ImageObject\",\"inLanguage\":\"es\",\"@id\":\"https:\/\/cenal.gob.ve\/#\/schema\/logo\/image\/\",\"url\":\"https:\/\/i0.wp.com\/cenal.gob.ve\/wp-content\/uploads\/2022\/10\/cropped-images.jpg?fit=512%2C512\",\"contentUrl\":\"https:\/\/i0.wp.com\/cenal.gob.ve\/wp-content\/uploads\/2022\/10\/cropped-images.jpg?fit=512%2C512\",\"width\":512,\"height\":512,\"caption\":\"CENAL\"},\"image\":{\"@id\":\"https:\/\/cenal.gob.ve\/#\/schema\/logo\/image\/\"}},{\"@type\":\"Person\",\"@id\":\"https:\/\/cenal.gob.ve\/#\/schema\/person\/e3ed34623f400ffab8bc7a63b2f5533f\",\"name\":\"Prensa Cenal\",\"image\":{\"@type\":\"ImageObject\",\"inLanguage\":\"es\",\"@id\":\"https:\/\/cenal.gob.ve\/#\/schema\/person\/image\/\",\"url\":\"https:\/\/secure.gravatar.com\/avatar\/594b4ed34090910c619ac3679001d491?s=96&d=mm&r=g\",\"contentUrl\":\"https:\/\/secure.gravatar.com\/avatar\/594b4ed34090910c619ac3679001d491?s=96&d=mm&r=g\",\"caption\":\"Prensa Cenal\"},\"url\":\"https:\/\/cenal.gob.ve\/?author=10\"}]}<\/script>\n<!-- \/ Yoast SEO plugin. -->","yoast_head_json":{"title":"Con la Filven 2023 suman 19 ediciones desde la primera en 2005","robots":{"index":"index","follow":"follow","max-snippet":"max-snippet:-1","max-image-preview":"max-image-preview:large","max-video-preview":"max-video-preview:-1"},"canonical":"https:\/\/cenal.gob.ve\/?p=22617","og_locale":"es_ES","og_type":"article","og_title":"Con la Filven 2023 suman 19 ediciones desde la primera en 2005","og_description":"Con la Feria Internacional del Libro de Venezuela (Filven) a realizarse este 2023, del 9 al 19 de noviembre, en El Laguito, C\u00edrculo Militar de Caracas, suman 19 ediciones desde [&hellip;]","og_url":"https:\/\/cenal.gob.ve\/?p=22617","og_site_name":"Cenal","article_published_time":"2023-11-03T20:17:12+00:00","article_modified_time":"2023-11-04T17:16:56+00:00","og_image":[{"width":1080,"height":720,"url":"https:\/\/i0.wp.com\/cenal.gob.ve\/wp-content\/uploads\/2023\/11\/imagen-6.png?fit=1080%2C720&ssl=1","type":"image\/png"}],"author":"Prensa Cenal","twitter_card":"summary_large_image","twitter_misc":{"Written by":"Prensa Cenal","Est. reading time":"2 minutos"},"schema":{"@context":"https:\/\/schema.org","@graph":[{"@type":"Article","@id":"https:\/\/cenal.gob.ve\/?p=22617#article","isPartOf":{"@id":"https:\/\/cenal.gob.ve\/?p=22617"},"author":{"name":"Prensa Cenal","@id":"https:\/\/cenal.gob.ve\/#\/schema\/person\/e3ed34623f400ffab8bc7a63b2f5533f"},"headline":"Con la Filven 2023 suman 19 ediciones desde la primera en 2005","datePublished":"2023-11-03T20:17:12+00:00","dateModified":"2023-11-04T17:16:56+00:00","mainEntityOfPage":{"@id":"https:\/\/cenal.gob.ve\/?p=22617"},"wordCount":370,"commentCount":0,"publisher":{"@id":"https:\/\/cenal.gob.ve\/#organization"},"keywords":["FILVEN"],"articleSection":["Filven"],"inLanguage":"es","potentialAction":[{"@type":"CommentAction","name":"Comment","target":["https:\/\/cenal.gob.ve\/?p=22617#respond"]}]},{"@type":"WebPage","@id":"https:\/\/cenal.gob.ve\/?p=22617","url":"https:\/\/cenal.gob.ve\/?p=22617","name":"Con la Filven 2023 suman 19 ediciones desde la primera en 2005","isPartOf":{"@id":"https:\/\/cenal.gob.ve\/#website"},"datePublished":"2023-11-03T20:17:12+00:00","dateModified":"2023-11-04T17:16:56+00:00","breadcrumb":{"@id":"https:\/\/cenal.gob.ve\/?p=22617#breadcrumb"},"inLanguage":"es","potentialAction":[{"@type":"ReadAction","target":["https:\/\/cenal.gob.ve\/?p=22617"]}]},{"@type":"BreadcrumbList","@id":"https:\/\/cenal.gob.ve\/?p=22617#breadcrumb","itemListElement":[{"@type":"ListItem","position":1,"name":"Home","item":"https:\/\/cenal.gob.ve\/"},{"@type":"ListItem","position":2,"name":"Con la Filven 2023 suman 19 ediciones desde la primera en 2005"}]},{"@type":"WebSite","@id":"https:\/\/cenal.gob.ve\/#website","url":"https:\/\/cenal.gob.ve\/","name":"Cenal","description":"","publisher":{"@id":"https:\/\/cenal.gob.ve\/#organization"},"potentialAction":[{"@type":"SearchAction","target":{"@type":"EntryPoint","urlTemplate":"https:\/\/cenal.gob.ve\/?s={search_term_string}"},"query-input":"required name=search_term_string"}],"inLanguage":"es"},{"@type":"Organization","@id":"https:\/\/cenal.gob.ve\/#organization","name":"CENAL","url":"https:\/\/cenal.gob.ve\/","sameAs":[],"logo":{"@type":"ImageObject","inLanguage":"es","@id":"https:\/\/cenal.gob.ve\/#\/schema\/logo\/image\/","url":"https:\/\/i0.wp.com\/cenal.gob.ve\/wp-content\/uploads\/2022\/10\/cropped-images.jpg?fit=512%2C512","contentUrl":"https:\/\/i0.wp.com\/cenal.gob.ve\/wp-content\/uploads\/2022\/10\/cropped-images.jpg?fit=512%2C512","width":512,"height":512,"caption":"CENAL"},"image":{"@id":"https:\/\/cenal.gob.ve\/#\/schema\/logo\/image\/"}},{"@type":"Person","@id":"https:\/\/cenal.gob.ve\/#\/schema\/person\/e3ed34623f400ffab8bc7a63b2f5533f","name":"Prensa Cenal","image":{"@type":"ImageObject","inLanguage":"es","@id":"https:\/\/cenal.gob.ve\/#\/schema\/person\/image\/","url":"https:\/\/secure.gravatar.com\/avatar\/594b4ed34090910c619ac3679001d491?s=96&d=mm&r=g","contentUrl":"https:\/\/secure.gravatar.com\/avatar\/594b4ed34090910c619ac3679001d491?s=96&d=mm&r=g","caption":"Prensa Cenal"},"url":"https:\/\/cenal.gob.ve\/?author=10"}]}},"jetpack_featured_media_url":"https:\/\/cenal.gob.ve\/wp-content\/uploads\/2023\/11\/imagen-6.png","jetpack_publicize_connections":[],"jetpack_shortlink":"https:\/\/wp.me\/p5FMhp-5SN","_links":{"self":[{"href":"https:\/\/cenal.gob.ve\/index.php?rest_route=\/wp\/v2\/posts\/22617"}],"collection":[{"href":"https:\/\/cenal.gob.ve\/index.php?rest_route=\/wp\/v2\/posts"}],"about":[{"href":"https:\/\/cenal.gob.ve\/index.php?rest_route=\/wp\/v2\/types\/post"}],"author":[{"embeddable":true,"href":"https:\/\/cenal.gob.ve\/index.php?rest_route=\/wp\/v2\/users\/10"}],"replies":[{"embeddable":true,"href":"https:\/\/cenal.gob.ve\/index.php?rest_route=%2Fwp%2Fv2%2Fcomments&post=22617"}],"version-history":[{"count":2,"href":"https:\/\/cenal.gob.ve\/index.php?rest_route=\/wp\/v2\/posts\/22617\/revisions"}],"predecessor-version":[{"id":22636,"href":"https:\/\/cenal.gob.ve\/index.php?rest_route=\/wp\/v2\/posts\/22617\/revisions\/22636"}],"wp:featuredmedia":[{"embeddable":true,"href":"https:\/\/cenal.gob.ve\/index.php?rest_route=\/wp\/v2\/media\/22618"}],"wp:attachment":[{"href":"https:\/\/cenal.gob.ve\/index.php?rest_route=%2Fwp%2Fv2%2Fmedia&parent=22617"}],"wp:term":[{"taxonomy":"category","embeddable":true,"href":"https:\/\/cenal.gob.ve\/index.php?rest_route=%2Fwp%2Fv2%2Fcategories&post=22617"},{"taxonomy":"post_tag","embeddable":true,"href":"https:\/\/cenal.gob.ve\/index.php?rest_route=%2Fwp%2Fv2%2Ftags&post=22617"}],"curies":[{"name":"wp","href":"https:\/\/api.w.org\/{rel}","templated":true}]}}