{"id":22999,"date":"2023-11-20T14:54:49","date_gmt":"2023-11-20T18:54:49","guid":{"rendered":"http:\/\/cenal.gob.ve\/?p=22999"},"modified":"2023-11-20T14:55:01","modified_gmt":"2023-11-20T18:55:01","slug":"expositores-de-la-filven-2023-nos-acercan-a-sus-libros-mas-buscados","status":"publish","type":"post","link":"https:\/\/cenal.gob.ve\/?p=22999","title":{"rendered":"Expositores de la Filven 2023 nos acercan a sus libros m\u00e1s buscados"},"content":{"rendered":"\n<p>La 19\u00aa Feria Internacional del Libro de Venezuela (Filven 2023) ha sido un escenario propicio para ratificar la existencia en el pa\u00eds de una vasta riqueza literaria y una amplia oferta editorial que, adem\u00e1s de presentaciones de libros y publicaciones, tambi\u00e9n ha estado signada por conversatorios y talleres para fomentar la lectura y el pensamiento cr\u00edtico.<\/p>\n\n\n\n<p>El p\u00fablico puede encontrar hasta este lunes 20 de noviembre 95 estands con variedad de t\u00edtulos y g\u00e9neros literarios, entre los que participan m\u00e1s de 25 expositores internacionales, incluyendo el pabell\u00f3n de Colombia, pa\u00eds invitado de honor.<\/p>\n\n\n\n<figure class=\"wp-block-image\"><img src=\"https:\/\/filven.com\/wp-content\/uploads\/2023\/11\/Sin-titulo-1-1024x678.jpg\" alt=\"\" class=\"wp-image-13484\"\/><\/figure>\n\n\n\n<p>Para Nabor Paredes, coordinador del Fondo Editorial de la Oficina de Planificaci\u00f3n del Sector Universitario (Opsu), la Filven 2023 ha sido \u201cuna vitrina excelente para que las casas editoriales muestren el trabajo que vienen desarrollando\u201d.<\/p>\n\n\n\n<p>Considera que el evento ha sido una plataforma para la promoci\u00f3n de libros y tambi\u00e9n para el intercambio de ideas \u201ca trav\u00e9s de foros, presentaciones de libros, encuentro de editores, mesas de negocio, an\u00e1lisis de obras literarias y m\u00e1s\u201d.<\/p>\n\n\n\n<figure class=\"wp-block-image\"><img src=\"https:\/\/filven.com\/wp-content\/uploads\/2023\/11\/photo_5095861822510181418_y.jpg\" alt=\"\" class=\"wp-image-13486\"\/><\/figure>\n\n\n\n<p>En la feria el p\u00fablico asistente ha buscado en el Fondo Editorial Opsu publicaciones acad\u00e9micas, entre ellas \u201cLa investigaci\u00f3n, tipos, normas, acopio de datos e informe final\u201d de Yadira Corral de Franco; tambi\u00e9n el t\u00edtulo \u201cC\u00f3mo utilizar una estrategia de valores en las organizaciones\u201d y \u201cHacia una estrategia de Valores en las organizaciones&#8221;, ambos de Carlos D\u00edaz Llorca. Todas estas obras son gratuitas mediante el escaneo de un c\u00f3digo QR o a trav\u00e9s del correo electr\u00f3nico del solicitante.<\/p>\n\n\n\n<p>Por su parte, Gabriela Martinez y Robert L\u00f3pez, de la editorial Br\u00fajula Librera, felicitaron a la Filven por garantizar una variedad literaria. Mart\u00ednez resalt\u00f3, adem\u00e1s, la iniciativa del Ministerio del Poder Popular de la Cultura de incluir en la agenda a Amazonas como estado invitado. \u201cEs importante reconocernos nosotros, enfocar la mirada a lo nuestro y mostrarlo al p\u00fablico internacional\u201d, afirm\u00f3.<\/p>\n\n\n\n<p>Ilia Bucaciuc y Angelys Moya, de la Asociaci\u00f3n Geofilos\u00f3fica de Estudios Antropol\u00f3gicos y Culturales (AGEAC), destacaron el nivel organizativo de la feria, en especial porque fue desarrollada en un \u201cespacio hermoso\u201d como El Laguito, en Caracas. Mencionaron que entre sus libros m\u00e1s vendidos en la Filven 2023 est\u00e1n <em>Tarot y k\u00e1bala<\/em>, <em>Curso de Zodiacal <\/em>y <em>Psicolog\u00eda revolucionaria<\/em>, todos del autor Samael Aun Weor.<\/p>\n\n\n\n<p><strong>Expositores internacionales satisfechos<\/strong><\/p>\n\n\n\n<p>En total en la feria han participado 26 expositores internacionales, entre casas editoriales, libreros y agentes vinculados con la producci\u00f3n y distribuci\u00f3n de libros. Todos han mostrado su satisfacci\u00f3n con este gran evento de las letras y la cultura.<\/p>\n\n\n\n<figure class=\"wp-block-image\"><img src=\"https:\/\/filven.com\/wp-content\/uploads\/2023\/11\/photo_5095861822510181413_y-1024x682.jpg\" alt=\"\" class=\"wp-image-13491\"\/><\/figure>\n\n\n\n<p>Uno de ellos fue Jos\u00e9 Montero, de la Editorial Gato Viejo de Per\u00fa, quien indic\u00f3 que la puesta en escena \u201cha sido muy significativa y con muchas m\u00e1s salas y actividades literarias y culturales que la edici\u00f3n anterior\u201d. Tambi\u00e9n recalc\u00f3 la hospitalidad de los venezolanos, \u201cparticularmente de los organizadores y del p\u00fablico asistente\u201d, se\u00f1al\u00f3.<\/p>\n\n\n\n<p>Berta Fern\u00e1ndez, de la editorial cubana Ocean Press, ha participado en otras ediciones de la Filven y ha notado que la feria cada a\u00f1o ha venido revitalizando el sector editorial y literario, tras un periodo cr\u00edtico causado por la pandemia y los efectos del bloqueo contra Venezuela. \u201cEst\u00e1 edici\u00f3n est\u00e1 bien encaminada y seguir\u00e1 floreciendo\u201d, dijo. En la feria las publicaciones m\u00e1s vendidas por esta editorial son <em>Evocaci\u00f3n<\/em>, de Aleida Marcha; <em>Lectura para la reflexi\u00f3n<\/em>, de Ernesto Guevara; y <em>Textos Escogidos<\/em>, de Antonio Gramsci.<\/p>\n\n\n\n<p>Asimismo, Alfonzo Serrano, de la editorial espa\u00f1ola La Oveja Roja, expres\u00f3 su satisfacci\u00f3n por regresar a Venezuela despu\u00e9s de siete u ocho a\u00f1os de ausencia.<\/p>\n\n\n\n<figure class=\"wp-block-image\"><img src=\"https:\/\/filven.com\/wp-content\/uploads\/2023\/11\/photo_5098113622323866800_y-1024x682.jpg\" alt=\"\" class=\"wp-image-13488\"\/><\/figure>\n\n\n\n<p>Destac\u00f3 como elementos importante de esta Filven la cantidad de actividades simult\u00e1neas en los estands y la inesperada visita del presidente colombiano Gustavo Petro. Se\u00f1al\u00f3 que los textos m\u00e1s vendidos por su editorial fueron <em>Terrorismo occidental<\/em>, de Noam Chomsky, y <em>Ruido insurgente<\/em>, de Michael Dennig.<\/p>\n\n\n\n<p>Como en otros a\u00f1os, la Filven congreg\u00f3 al m\u00e1s amplio sector editorial venezolano e internacional con actividades para toda la familia llevadas a cabo en los espacios de El Laguito, en el C\u00edrculo Militar, en Caracas.<\/p>\n\n\n\n<p><strong>FIN\/FILVEN\/MEG\/MP<\/strong><\/p>\n","protected":false},"excerpt":{"rendered":"<p>La 19\u00aa Feria Internacional del Libro de Venezuela (Filven 2023) ha sido un escenario propicio para ratificar la existencia en el pa\u00eds de una vasta riqueza literaria y una amplia [&hellip;]<\/p>\n","protected":false},"author":10,"featured_media":23000,"comment_status":"open","ping_status":"closed","sticky":false,"template":"","format":"standard","meta":{"spay_email":"","jetpack_publicize_message":"","jetpack_is_tweetstorm":false,"jetpack_publicize_feature_enabled":true},"categories":[12],"tags":[79],"yoast_head":"<!-- This site is optimized with the Yoast SEO plugin v19.8 - https:\/\/yoast.com\/wordpress\/plugins\/seo\/ -->\n<title>Expositores de la Filven 2023 nos acercan a sus libros m\u00e1s buscados<\/title>\n<meta name=\"robots\" content=\"index, follow, max-snippet:-1, max-image-preview:large, max-video-preview:-1\" \/>\n<link rel=\"canonical\" href=\"https:\/\/cenal.gob.ve\/?p=22999\" \/>\n<meta property=\"og:locale\" content=\"es_ES\" \/>\n<meta property=\"og:type\" content=\"article\" \/>\n<meta property=\"og:title\" content=\"Expositores de la Filven 2023 nos acercan a sus libros m\u00e1s buscados\" \/>\n<meta property=\"og:description\" content=\"La 19\u00aa Feria Internacional del Libro de Venezuela (Filven 2023) ha sido un escenario propicio para ratificar la existencia en el pa\u00eds de una vasta riqueza literaria y una amplia [&hellip;]\" \/>\n<meta property=\"og:url\" content=\"https:\/\/cenal.gob.ve\/?p=22999\" \/>\n<meta property=\"og:site_name\" content=\"Cenal\" \/>\n<meta property=\"article:published_time\" content=\"2023-11-20T18:54:49+00:00\" \/>\n<meta property=\"article:modified_time\" content=\"2023-11-20T18:55:01+00:00\" \/>\n<meta property=\"og:image\" content=\"https:\/\/i0.wp.com\/cenal.gob.ve\/wp-content\/uploads\/2023\/11\/Screenshot-2023-11-20-at-14-53-13-Expositores-de-la-Filven-2023-nos-acercan-a-sus-libros-mas-buscados.png?fit=738%2C491&ssl=1\" \/>\n\t<meta property=\"og:image:width\" content=\"738\" \/>\n\t<meta property=\"og:image:height\" content=\"491\" \/>\n\t<meta property=\"og:image:type\" content=\"image\/png\" \/>\n<meta name=\"author\" content=\"Prensa Cenal\" \/>\n<meta name=\"twitter:card\" content=\"summary_large_image\" \/>\n<meta name=\"twitter:label1\" content=\"Written by\" \/>\n\t<meta name=\"twitter:data1\" content=\"Prensa Cenal\" \/>\n\t<meta name=\"twitter:label2\" content=\"Est. reading time\" \/>\n\t<meta name=\"twitter:data2\" content=\"4 minutos\" \/>\n<script type=\"application\/ld+json\" class=\"yoast-schema-graph\">{\"@context\":\"https:\/\/schema.org\",\"@graph\":[{\"@type\":\"Article\",\"@id\":\"https:\/\/cenal.gob.ve\/?p=22999#article\",\"isPartOf\":{\"@id\":\"https:\/\/cenal.gob.ve\/?p=22999\"},\"author\":{\"name\":\"Prensa Cenal\",\"@id\":\"https:\/\/cenal.gob.ve\/#\/schema\/person\/e3ed34623f400ffab8bc7a63b2f5533f\"},\"headline\":\"Expositores de la Filven 2023 nos acercan a sus libros m\u00e1s buscados\",\"datePublished\":\"2023-11-20T18:54:49+00:00\",\"dateModified\":\"2023-11-20T18:55:01+00:00\",\"mainEntityOfPage\":{\"@id\":\"https:\/\/cenal.gob.ve\/?p=22999\"},\"wordCount\":726,\"commentCount\":0,\"publisher\":{\"@id\":\"https:\/\/cenal.gob.ve\/#organization\"},\"keywords\":[\"FILVEN\"],\"articleSection\":[\"Filven\"],\"inLanguage\":\"es\",\"potentialAction\":[{\"@type\":\"CommentAction\",\"name\":\"Comment\",\"target\":[\"https:\/\/cenal.gob.ve\/?p=22999#respond\"]}]},{\"@type\":\"WebPage\",\"@id\":\"https:\/\/cenal.gob.ve\/?p=22999\",\"url\":\"https:\/\/cenal.gob.ve\/?p=22999\",\"name\":\"Expositores de la Filven 2023 nos acercan a sus libros m\u00e1s buscados\",\"isPartOf\":{\"@id\":\"https:\/\/cenal.gob.ve\/#website\"},\"datePublished\":\"2023-11-20T18:54:49+00:00\",\"dateModified\":\"2023-11-20T18:55:01+00:00\",\"breadcrumb\":{\"@id\":\"https:\/\/cenal.gob.ve\/?p=22999#breadcrumb\"},\"inLanguage\":\"es\",\"potentialAction\":[{\"@type\":\"ReadAction\",\"target\":[\"https:\/\/cenal.gob.ve\/?p=22999\"]}]},{\"@type\":\"BreadcrumbList\",\"@id\":\"https:\/\/cenal.gob.ve\/?p=22999#breadcrumb\",\"itemListElement\":[{\"@type\":\"ListItem\",\"position\":1,\"name\":\"Home\",\"item\":\"https:\/\/cenal.gob.ve\/\"},{\"@type\":\"ListItem\",\"position\":2,\"name\":\"Expositores de la Filven 2023 nos acercan a sus libros m\u00e1s buscados\"}]},{\"@type\":\"WebSite\",\"@id\":\"https:\/\/cenal.gob.ve\/#website\",\"url\":\"https:\/\/cenal.gob.ve\/\",\"name\":\"Cenal\",\"description\":\"\",\"publisher\":{\"@id\":\"https:\/\/cenal.gob.ve\/#organization\"},\"potentialAction\":[{\"@type\":\"SearchAction\",\"target\":{\"@type\":\"EntryPoint\",\"urlTemplate\":\"https:\/\/cenal.gob.ve\/?s={search_term_string}\"},\"query-input\":\"required name=search_term_string\"}],\"inLanguage\":\"es\"},{\"@type\":\"Organization\",\"@id\":\"https:\/\/cenal.gob.ve\/#organization\",\"name\":\"CENAL\",\"url\":\"https:\/\/cenal.gob.ve\/\",\"sameAs\":[],\"logo\":{\"@type\":\"ImageObject\",\"inLanguage\":\"es\",\"@id\":\"https:\/\/cenal.gob.ve\/#\/schema\/logo\/image\/\",\"url\":\"https:\/\/i0.wp.com\/cenal.gob.ve\/wp-content\/uploads\/2022\/10\/cropped-images.jpg?fit=512%2C512\",\"contentUrl\":\"https:\/\/i0.wp.com\/cenal.gob.ve\/wp-content\/uploads\/2022\/10\/cropped-images.jpg?fit=512%2C512\",\"width\":512,\"height\":512,\"caption\":\"CENAL\"},\"image\":{\"@id\":\"https:\/\/cenal.gob.ve\/#\/schema\/logo\/image\/\"}},{\"@type\":\"Person\",\"@id\":\"https:\/\/cenal.gob.ve\/#\/schema\/person\/e3ed34623f400ffab8bc7a63b2f5533f\",\"name\":\"Prensa Cenal\",\"image\":{\"@type\":\"ImageObject\",\"inLanguage\":\"es\",\"@id\":\"https:\/\/cenal.gob.ve\/#\/schema\/person\/image\/\",\"url\":\"https:\/\/secure.gravatar.com\/avatar\/594b4ed34090910c619ac3679001d491?s=96&d=mm&r=g\",\"contentUrl\":\"https:\/\/secure.gravatar.com\/avatar\/594b4ed34090910c619ac3679001d491?s=96&d=mm&r=g\",\"caption\":\"Prensa Cenal\"},\"url\":\"https:\/\/cenal.gob.ve\/?author=10\"}]}<\/script>\n<!-- \/ Yoast SEO plugin. -->","yoast_head_json":{"title":"Expositores de la Filven 2023 nos acercan a sus libros m\u00e1s buscados","robots":{"index":"index","follow":"follow","max-snippet":"max-snippet:-1","max-image-preview":"max-image-preview:large","max-video-preview":"max-video-preview:-1"},"canonical":"https:\/\/cenal.gob.ve\/?p=22999","og_locale":"es_ES","og_type":"article","og_title":"Expositores de la Filven 2023 nos acercan a sus libros m\u00e1s buscados","og_description":"La 19\u00aa Feria Internacional del Libro de Venezuela (Filven 2023) ha sido un escenario propicio para ratificar la existencia en el pa\u00eds de una vasta riqueza literaria y una amplia [&hellip;]","og_url":"https:\/\/cenal.gob.ve\/?p=22999","og_site_name":"Cenal","article_published_time":"2023-11-20T18:54:49+00:00","article_modified_time":"2023-11-20T18:55:01+00:00","og_image":[{"width":738,"height":491,"url":"https:\/\/i0.wp.com\/cenal.gob.ve\/wp-content\/uploads\/2023\/11\/Screenshot-2023-11-20-at-14-53-13-Expositores-de-la-Filven-2023-nos-acercan-a-sus-libros-mas-buscados.png?fit=738%2C491&ssl=1","type":"image\/png"}],"author":"Prensa Cenal","twitter_card":"summary_large_image","twitter_misc":{"Written by":"Prensa Cenal","Est. reading time":"4 minutos"},"schema":{"@context":"https:\/\/schema.org","@graph":[{"@type":"Article","@id":"https:\/\/cenal.gob.ve\/?p=22999#article","isPartOf":{"@id":"https:\/\/cenal.gob.ve\/?p=22999"},"author":{"name":"Prensa Cenal","@id":"https:\/\/cenal.gob.ve\/#\/schema\/person\/e3ed34623f400ffab8bc7a63b2f5533f"},"headline":"Expositores de la Filven 2023 nos acercan a sus libros m\u00e1s buscados","datePublished":"2023-11-20T18:54:49+00:00","dateModified":"2023-11-20T18:55:01+00:00","mainEntityOfPage":{"@id":"https:\/\/cenal.gob.ve\/?p=22999"},"wordCount":726,"commentCount":0,"publisher":{"@id":"https:\/\/cenal.gob.ve\/#organization"},"keywords":["FILVEN"],"articleSection":["Filven"],"inLanguage":"es","potentialAction":[{"@type":"CommentAction","name":"Comment","target":["https:\/\/cenal.gob.ve\/?p=22999#respond"]}]},{"@type":"WebPage","@id":"https:\/\/cenal.gob.ve\/?p=22999","url":"https:\/\/cenal.gob.ve\/?p=22999","name":"Expositores de la Filven 2023 nos acercan a sus libros m\u00e1s buscados","isPartOf":{"@id":"https:\/\/cenal.gob.ve\/#website"},"datePublished":"2023-11-20T18:54:49+00:00","dateModified":"2023-11-20T18:55:01+00:00","breadcrumb":{"@id":"https:\/\/cenal.gob.ve\/?p=22999#breadcrumb"},"inLanguage":"es","potentialAction":[{"@type":"ReadAction","target":["https:\/\/cenal.gob.ve\/?p=22999"]}]},{"@type":"BreadcrumbList","@id":"https:\/\/cenal.gob.ve\/?p=22999#breadcrumb","itemListElement":[{"@type":"ListItem","position":1,"name":"Home","item":"https:\/\/cenal.gob.ve\/"},{"@type":"ListItem","position":2,"name":"Expositores de la Filven 2023 nos acercan a sus libros m\u00e1s buscados"}]},{"@type":"WebSite","@id":"https:\/\/cenal.gob.ve\/#website","url":"https:\/\/cenal.gob.ve\/","name":"Cenal","description":"","publisher":{"@id":"https:\/\/cenal.gob.ve\/#organization"},"potentialAction":[{"@type":"SearchAction","target":{"@type":"EntryPoint","urlTemplate":"https:\/\/cenal.gob.ve\/?s={search_term_string}"},"query-input":"required name=search_term_string"}],"inLanguage":"es"},{"@type":"Organization","@id":"https:\/\/cenal.gob.ve\/#organization","name":"CENAL","url":"https:\/\/cenal.gob.ve\/","sameAs":[],"logo":{"@type":"ImageObject","inLanguage":"es","@id":"https:\/\/cenal.gob.ve\/#\/schema\/logo\/image\/","url":"https:\/\/i0.wp.com\/cenal.gob.ve\/wp-content\/uploads\/2022\/10\/cropped-images.jpg?fit=512%2C512","contentUrl":"https:\/\/i0.wp.com\/cenal.gob.ve\/wp-content\/uploads\/2022\/10\/cropped-images.jpg?fit=512%2C512","width":512,"height":512,"caption":"CENAL"},"image":{"@id":"https:\/\/cenal.gob.ve\/#\/schema\/logo\/image\/"}},{"@type":"Person","@id":"https:\/\/cenal.gob.ve\/#\/schema\/person\/e3ed34623f400ffab8bc7a63b2f5533f","name":"Prensa Cenal","image":{"@type":"ImageObject","inLanguage":"es","@id":"https:\/\/cenal.gob.ve\/#\/schema\/person\/image\/","url":"https:\/\/secure.gravatar.com\/avatar\/594b4ed34090910c619ac3679001d491?s=96&d=mm&r=g","contentUrl":"https:\/\/secure.gravatar.com\/avatar\/594b4ed34090910c619ac3679001d491?s=96&d=mm&r=g","caption":"Prensa Cenal"},"url":"https:\/\/cenal.gob.ve\/?author=10"}]}},"jetpack_featured_media_url":"https:\/\/cenal.gob.ve\/wp-content\/uploads\/2023\/11\/Screenshot-2023-11-20-at-14-53-13-Expositores-de-la-Filven-2023-nos-acercan-a-sus-libros-mas-buscados.png","jetpack_publicize_connections":[],"jetpack_shortlink":"https:\/\/wp.me\/p5FMhp-5YX","_links":{"self":[{"href":"https:\/\/cenal.gob.ve\/index.php?rest_route=\/wp\/v2\/posts\/22999"}],"collection":[{"href":"https:\/\/cenal.gob.ve\/index.php?rest_route=\/wp\/v2\/posts"}],"about":[{"href":"https:\/\/cenal.gob.ve\/index.php?rest_route=\/wp\/v2\/types\/post"}],"author":[{"embeddable":true,"href":"https:\/\/cenal.gob.ve\/index.php?rest_route=\/wp\/v2\/users\/10"}],"replies":[{"embeddable":true,"href":"https:\/\/cenal.gob.ve\/index.php?rest_route=%2Fwp%2Fv2%2Fcomments&post=22999"}],"version-history":[{"count":1,"href":"https:\/\/cenal.gob.ve\/index.php?rest_route=\/wp\/v2\/posts\/22999\/revisions"}],"predecessor-version":[{"id":23001,"href":"https:\/\/cenal.gob.ve\/index.php?rest_route=\/wp\/v2\/posts\/22999\/revisions\/23001"}],"wp:featuredmedia":[{"embeddable":true,"href":"https:\/\/cenal.gob.ve\/index.php?rest_route=\/wp\/v2\/media\/23000"}],"wp:attachment":[{"href":"https:\/\/cenal.gob.ve\/index.php?rest_route=%2Fwp%2Fv2%2Fmedia&parent=22999"}],"wp:term":[{"taxonomy":"category","embeddable":true,"href":"https:\/\/cenal.gob.ve\/index.php?rest_route=%2Fwp%2Fv2%2Fcategories&post=22999"},{"taxonomy":"post_tag","embeddable":true,"href":"https:\/\/cenal.gob.ve\/index.php?rest_route=%2Fwp%2Fv2%2Ftags&post=22999"}],"curies":[{"name":"wp","href":"https:\/\/api.w.org\/{rel}","templated":true}]}}