{"id":23002,"date":"2023-11-20T15:06:27","date_gmt":"2023-11-20T19:06:27","guid":{"rendered":"http:\/\/cenal.gob.ve\/?p=23002"},"modified":"2023-11-20T15:06:43","modified_gmt":"2023-11-20T19:06:43","slug":"nuevo-libro-de-ricardo-menendez-analiza-las-bases-de-la-democracia-directa","status":"publish","type":"post","link":"https:\/\/cenal.gob.ve\/?p=23002","title":{"rendered":"Nuevo libro de Ricardo M\u00e9nendez analiza las bases de la democracia directa"},"content":{"rendered":"\n<p>Una visi\u00f3n cr\u00edtica de la teor\u00eda y la experiencia pr\u00e1ctica en procura de la participaci\u00f3n popular son aspectos que gu\u00edan el trabajo intelectual de Ricardo M\u00e9nendez. De eso deja constancia en su libro <em>Democracia directa: Nueva geometr\u00eda del poder. Dimensi\u00f3n geogr\u00e1fica como raz\u00f3n de ser y estrategia,<\/em> editado por Monte \u00c1vila y presentado este domingo en la 19\u00aa Feria Internacional del Libro de Venezuela (Filven 2023).<\/p>\n\n\n\n<p>El texto, que sigue la l\u00ednea de trabajo desarrollada en el libro \u201cEl espaciotiempo geogr\u00e1fico como dimensi\u00f3n social\u201d, analiza c\u00f3mo en Venezuela se \u201cest\u00e1 planteando una tesis distinta sobre el modelo de desarrollo hist\u00f3rico de las sociedades\u201d, que rompe con los valores del liberalismo y pone en nueva dimensi\u00f3n el concepto de poder popular, con la construcci\u00f3n de un Estado popular y democr\u00e1tico a todas las escalas.<\/p>\n\n\n\n<figure class=\"wp-block-image\"><img src=\"https:\/\/filven.com\/wp-content\/uploads\/2023\/11\/photo_5105187081273060952_y-1024x682.jpg\" alt=\"\" class=\"wp-image-13499\"\/><\/figure>\n\n\n\n<p>El historiador Pedro Calzadilla, quien present\u00f3 esta obra, la define como un libro pol\u00edtico, porque est\u00e1 hecho \u201cpara pensar y enfrentar los desaf\u00edos que tenemos. Este es un libro hecho desde el fragor de la batalla, no solo de las ideas, de la construcci\u00f3n cotidiana de la Revoluci\u00f3n Bolivariana y los desaf\u00edos que tenemos\u201d, reflexion\u00f3.<\/p>\n\n\n\n<p>El libro tiene tres partes. En la primera, se presenta una cr\u00edtica a los preceptos de la democracia liberal y se rescatan varias de las propuestas de la democracia popular, mientras que la segunda est\u00e1 dedicada al an\u00e1lisis revolucionario del espacio tiempo geogr\u00e1fico.<\/p>\n\n\n\n<p>La tercera parte, de acuerdo con Calzadilla, es el mejor reflejo de la originalidad de <em>Democracia directa: Nueva geometr\u00eda del poder<\/em>, pues pone en blanco y negro \u201ccu\u00e1les son los t\u00e9rminos de esa nueva propuesta de organizaci\u00f3n pol\u00edtica: el Estado, el poder, las formas de organizaci\u00f3n del territorio, las nuevas maneras de distribuir, de organizar los factores que concurren en la sociedad, que le dan forma\u201d.<\/p>\n\n\n\n<p>Para Calzadilla, es inevitable establecer nexos entre la visi\u00f3n de la historia insurgente y la nueva geometr\u00eda del poder, que considera aportes de enorme profundidad y trascendencia. En ese sentido, llam\u00f3 a seguir construyendo saberes en torno a estos conceptos.<\/p>\n\n\n\n<figure class=\"wp-block-image\"><img src=\"https:\/\/filven.com\/wp-content\/uploads\/2023\/11\/photo_5105187081273060954_y-1024x682.jpg\" alt=\"\" class=\"wp-image-13500\"\/><\/figure>\n\n\n\n<p><strong>Hacia una nueva sociedad<\/strong><\/p>\n\n\n\n<p>En su intervenci\u00f3n, Men\u00e9ndez indic\u00f3 que este libro se contrapone al riesgo de que, pasados los a\u00f1os de guerra que ha vivido Venezuela, \u201cla raz\u00f3n fundamental del conflicto no sea contada. Y la raz\u00f3n fundamental del conflicto es que Venezuela est\u00e1 planteando una tesis distinta sobre el modelo de desarrollo hist\u00f3rico de las sociedades\u201d.<\/p>\n\n\n\n<p>De acuerdo con Men\u00e9ndez, esa tesis se opone a los valores liberales, que suponen que la racionalidad se puede adquirir escalando socialmente y admite la existencia de tres actores: un Estado mediador, una sociedad civil y un pueblo. Esa triada entra en conflicto cuando los llamados \u201camos del valle\u201d pretenden acceder al poder, como se ha visto en Am\u00e9rica Latina.<\/p>\n\n\n\n<p>Venezuela, frente a ese panorama, se presenta como una alternativa que tiene como antecedente la tesis bolivariana de la construcci\u00f3n pol\u00edtica y encuentra en el comandante Ch\u00e1vez una continuaci\u00f3n. Esto supone una ruptura con modelos pol\u00edticos tradicionales, una nueva discusi\u00f3n de las dimensiones de la ciudadan\u00eda y la configuraci\u00f3n del Estado.<\/p>\n\n\n\n<p>\u201cEl comandante Ch\u00e1vez plantea un componente adicional en las tesis pol\u00edticas y en la organizaci\u00f3n del pensamiento pol\u00edtico\u201d, refiri\u00f3 Men\u00e9ndez, quien indic\u00f3 que el l\u00edder socialista establece las cinco dimensiones para el ejercicio democr\u00e1tico: la econ\u00f3mica, social, cultural, pol\u00edtica, que va m\u00e1s all\u00e1 del simple ejercicio del voto, y la territorial.<\/p>\n\n\n\n<figure class=\"wp-block-image\"><img src=\"https:\/\/filven.com\/wp-content\/uploads\/2023\/11\/photo_5105187081273060960_y-1024x682.jpg\" alt=\"\" class=\"wp-image-13501\"\/><\/figure>\n\n\n\n<p>\u201cEs un solo concepto, sino ser\u00eda una enorme incongruencia, y se trata de un Estado que ya resuelve el conflicto del Estado mediador (\u2026) Se trata de un Estado constituido por pueblo\u201d, explic\u00f3 el autor, quien agreg\u00f3 que esta tesis supone asumir las tareas del poder popular como parte de las pol\u00edticas p\u00fablicas, con una visi\u00f3n sist\u00e9mica y de identidad cultural de naci\u00f3n.<\/p>\n\n\n\n<p>En definitiva, se trata de ver la transformaci\u00f3n de la sociedad y \u201chacer un ejercicio de democracia directa, y eso nos va a llevar a un nuevo Estado, a una nueva sociedad, y por eso la insurgencia que representa Venezuela\u201d, agreg\u00f3.<\/p>\n\n\n\n<p><strong>Compromiso editorial<\/strong><\/p>\n\n\n\n<p>Men\u00e9ndez agradeci\u00f3 a la editorial Monte \u00c1vila y al presidente del Centro Nacional del Libro (Cenal), Ra\u00fal Cazal, los esfuerzos para la edici\u00f3n de la obra, pues lo considera un ejemplo de acci\u00f3n para el fomento del pensamiento y la acci\u00f3n pol\u00edtica.<\/p>\n\n\n\n<p>Al respecto, Cazal indic\u00f3 que la producci\u00f3n editorial de <em>Democracia directa: Nueva geom<\/em>e<em>tr\u00eda del poder <\/em>implic\u00f3 trabajar en tiempo r\u00e9cord para poder presentarla en Filven.<\/p>\n\n\n\n<p>\u201cYo dije: \u2018No podemos decir que no, y m\u00e1s cuando somos editores\u201d, expres\u00f3 el tambi\u00e9n Viceministro para el Fomento de la Econom\u00eda Cultural, pues son libros que convocan al debate y, por tanto, es vital hacer todos los esfuerzos posibles por ponerlos en manos de los lectores.<\/p>\n\n\n\n<p>En esta edici\u00f3n de la Filven se presentan obras vinculadas a distintas dimensiones de nuestra sociedad, como la cultural, la pol\u00edtica, la econom\u00eda y la geopol\u00edtica, para promover el pensamiento cr\u00edtico.<\/p>\n\n\n\n<p>Estas actividades se extienden hasta este lunes 20 de noviembre, cuando culminar\u00e1 la feria, que se desarrolla en El Laguito, C\u00edrculo Militar de Caracas.<\/p>\n\n\n\n<p><strong>FIN\/FILVEN\/REP\/MP<\/strong><\/p>\n","protected":false},"excerpt":{"rendered":"<p>Una visi\u00f3n cr\u00edtica de la teor\u00eda y la experiencia pr\u00e1ctica en procura de la participaci\u00f3n popular son aspectos que gu\u00edan el trabajo intelectual de Ricardo M\u00e9nendez. De eso deja constancia [&hellip;]<\/p>\n","protected":false},"author":10,"featured_media":23003,"comment_status":"open","ping_status":"closed","sticky":false,"template":"","format":"standard","meta":{"spay_email":"","jetpack_publicize_message":"","jetpack_is_tweetstorm":false,"jetpack_publicize_feature_enabled":true},"categories":[12],"tags":[79],"yoast_head":"<!-- This site is optimized with the Yoast SEO plugin v19.8 - https:\/\/yoast.com\/wordpress\/plugins\/seo\/ -->\n<title>Nuevo libro de Ricardo M\u00e9nendez analiza las bases de la democracia directa<\/title>\n<meta name=\"robots\" content=\"index, follow, max-snippet:-1, max-image-preview:large, max-video-preview:-1\" \/>\n<link rel=\"canonical\" href=\"https:\/\/cenal.gob.ve\/?p=23002\" \/>\n<meta property=\"og:locale\" content=\"es_ES\" \/>\n<meta property=\"og:type\" content=\"article\" \/>\n<meta property=\"og:title\" content=\"Nuevo libro de Ricardo M\u00e9nendez analiza las bases de la democracia directa\" \/>\n<meta property=\"og:description\" content=\"Una visi\u00f3n cr\u00edtica de la teor\u00eda y la experiencia pr\u00e1ctica en procura de la participaci\u00f3n popular son aspectos que gu\u00edan el trabajo intelectual de Ricardo M\u00e9nendez. De eso deja constancia [&hellip;]\" \/>\n<meta property=\"og:url\" content=\"https:\/\/cenal.gob.ve\/?p=23002\" \/>\n<meta property=\"og:site_name\" content=\"Cenal\" \/>\n<meta property=\"article:published_time\" content=\"2023-11-20T19:06:27+00:00\" \/>\n<meta property=\"article:modified_time\" content=\"2023-11-20T19:06:43+00:00\" \/>\n<meta property=\"og:image\" content=\"https:\/\/i0.wp.com\/cenal.gob.ve\/wp-content\/uploads\/2023\/11\/photo_5105187081273060964_y-1024x682-1.jpg?fit=1024%2C682&ssl=1\" \/>\n\t<meta property=\"og:image:width\" content=\"1024\" \/>\n\t<meta property=\"og:image:height\" content=\"682\" \/>\n\t<meta property=\"og:image:type\" content=\"image\/jpeg\" \/>\n<meta name=\"author\" content=\"Prensa Cenal\" \/>\n<meta name=\"twitter:card\" content=\"summary_large_image\" \/>\n<meta name=\"twitter:label1\" content=\"Written by\" \/>\n\t<meta name=\"twitter:data1\" content=\"Prensa Cenal\" \/>\n\t<meta name=\"twitter:label2\" content=\"Est. reading time\" \/>\n\t<meta name=\"twitter:data2\" content=\"5 minutos\" \/>\n<script type=\"application\/ld+json\" class=\"yoast-schema-graph\">{\"@context\":\"https:\/\/schema.org\",\"@graph\":[{\"@type\":\"Article\",\"@id\":\"https:\/\/cenal.gob.ve\/?p=23002#article\",\"isPartOf\":{\"@id\":\"https:\/\/cenal.gob.ve\/?p=23002\"},\"author\":{\"name\":\"Prensa Cenal\",\"@id\":\"https:\/\/cenal.gob.ve\/#\/schema\/person\/e3ed34623f400ffab8bc7a63b2f5533f\"},\"headline\":\"Nuevo libro de Ricardo M\u00e9nendez analiza las bases de la democracia directa\",\"datePublished\":\"2023-11-20T19:06:27+00:00\",\"dateModified\":\"2023-11-20T19:06:43+00:00\",\"mainEntityOfPage\":{\"@id\":\"https:\/\/cenal.gob.ve\/?p=23002\"},\"wordCount\":931,\"commentCount\":0,\"publisher\":{\"@id\":\"https:\/\/cenal.gob.ve\/#organization\"},\"keywords\":[\"FILVEN\"],\"articleSection\":[\"Filven\"],\"inLanguage\":\"es\",\"potentialAction\":[{\"@type\":\"CommentAction\",\"name\":\"Comment\",\"target\":[\"https:\/\/cenal.gob.ve\/?p=23002#respond\"]}]},{\"@type\":\"WebPage\",\"@id\":\"https:\/\/cenal.gob.ve\/?p=23002\",\"url\":\"https:\/\/cenal.gob.ve\/?p=23002\",\"name\":\"Nuevo libro de Ricardo M\u00e9nendez analiza las bases de la democracia directa\",\"isPartOf\":{\"@id\":\"https:\/\/cenal.gob.ve\/#website\"},\"datePublished\":\"2023-11-20T19:06:27+00:00\",\"dateModified\":\"2023-11-20T19:06:43+00:00\",\"breadcrumb\":{\"@id\":\"https:\/\/cenal.gob.ve\/?p=23002#breadcrumb\"},\"inLanguage\":\"es\",\"potentialAction\":[{\"@type\":\"ReadAction\",\"target\":[\"https:\/\/cenal.gob.ve\/?p=23002\"]}]},{\"@type\":\"BreadcrumbList\",\"@id\":\"https:\/\/cenal.gob.ve\/?p=23002#breadcrumb\",\"itemListElement\":[{\"@type\":\"ListItem\",\"position\":1,\"name\":\"Home\",\"item\":\"https:\/\/cenal.gob.ve\/\"},{\"@type\":\"ListItem\",\"position\":2,\"name\":\"Nuevo libro de Ricardo M\u00e9nendez analiza las bases de la democracia directa\"}]},{\"@type\":\"WebSite\",\"@id\":\"https:\/\/cenal.gob.ve\/#website\",\"url\":\"https:\/\/cenal.gob.ve\/\",\"name\":\"Cenal\",\"description\":\"\",\"publisher\":{\"@id\":\"https:\/\/cenal.gob.ve\/#organization\"},\"potentialAction\":[{\"@type\":\"SearchAction\",\"target\":{\"@type\":\"EntryPoint\",\"urlTemplate\":\"https:\/\/cenal.gob.ve\/?s={search_term_string}\"},\"query-input\":\"required name=search_term_string\"}],\"inLanguage\":\"es\"},{\"@type\":\"Organization\",\"@id\":\"https:\/\/cenal.gob.ve\/#organization\",\"name\":\"CENAL\",\"url\":\"https:\/\/cenal.gob.ve\/\",\"sameAs\":[],\"logo\":{\"@type\":\"ImageObject\",\"inLanguage\":\"es\",\"@id\":\"https:\/\/cenal.gob.ve\/#\/schema\/logo\/image\/\",\"url\":\"https:\/\/i0.wp.com\/cenal.gob.ve\/wp-content\/uploads\/2022\/10\/cropped-images.jpg?fit=512%2C512\",\"contentUrl\":\"https:\/\/i0.wp.com\/cenal.gob.ve\/wp-content\/uploads\/2022\/10\/cropped-images.jpg?fit=512%2C512\",\"width\":512,\"height\":512,\"caption\":\"CENAL\"},\"image\":{\"@id\":\"https:\/\/cenal.gob.ve\/#\/schema\/logo\/image\/\"}},{\"@type\":\"Person\",\"@id\":\"https:\/\/cenal.gob.ve\/#\/schema\/person\/e3ed34623f400ffab8bc7a63b2f5533f\",\"name\":\"Prensa Cenal\",\"image\":{\"@type\":\"ImageObject\",\"inLanguage\":\"es\",\"@id\":\"https:\/\/cenal.gob.ve\/#\/schema\/person\/image\/\",\"url\":\"https:\/\/secure.gravatar.com\/avatar\/594b4ed34090910c619ac3679001d491?s=96&d=mm&r=g\",\"contentUrl\":\"https:\/\/secure.gravatar.com\/avatar\/594b4ed34090910c619ac3679001d491?s=96&d=mm&r=g\",\"caption\":\"Prensa Cenal\"},\"url\":\"https:\/\/cenal.gob.ve\/?author=10\"}]}<\/script>\n<!-- \/ Yoast SEO plugin. -->","yoast_head_json":{"title":"Nuevo libro de Ricardo M\u00e9nendez analiza las bases de la democracia directa","robots":{"index":"index","follow":"follow","max-snippet":"max-snippet:-1","max-image-preview":"max-image-preview:large","max-video-preview":"max-video-preview:-1"},"canonical":"https:\/\/cenal.gob.ve\/?p=23002","og_locale":"es_ES","og_type":"article","og_title":"Nuevo libro de Ricardo M\u00e9nendez analiza las bases de la democracia directa","og_description":"Una visi\u00f3n cr\u00edtica de la teor\u00eda y la experiencia pr\u00e1ctica en procura de la participaci\u00f3n popular son aspectos que gu\u00edan el trabajo intelectual de Ricardo M\u00e9nendez. De eso deja constancia [&hellip;]","og_url":"https:\/\/cenal.gob.ve\/?p=23002","og_site_name":"Cenal","article_published_time":"2023-11-20T19:06:27+00:00","article_modified_time":"2023-11-20T19:06:43+00:00","og_image":[{"width":1024,"height":682,"url":"https:\/\/i0.wp.com\/cenal.gob.ve\/wp-content\/uploads\/2023\/11\/photo_5105187081273060964_y-1024x682-1.jpg?fit=1024%2C682&ssl=1","type":"image\/jpeg"}],"author":"Prensa Cenal","twitter_card":"summary_large_image","twitter_misc":{"Written by":"Prensa Cenal","Est. reading time":"5 minutos"},"schema":{"@context":"https:\/\/schema.org","@graph":[{"@type":"Article","@id":"https:\/\/cenal.gob.ve\/?p=23002#article","isPartOf":{"@id":"https:\/\/cenal.gob.ve\/?p=23002"},"author":{"name":"Prensa Cenal","@id":"https:\/\/cenal.gob.ve\/#\/schema\/person\/e3ed34623f400ffab8bc7a63b2f5533f"},"headline":"Nuevo libro de Ricardo M\u00e9nendez analiza las bases de la democracia directa","datePublished":"2023-11-20T19:06:27+00:00","dateModified":"2023-11-20T19:06:43+00:00","mainEntityOfPage":{"@id":"https:\/\/cenal.gob.ve\/?p=23002"},"wordCount":931,"commentCount":0,"publisher":{"@id":"https:\/\/cenal.gob.ve\/#organization"},"keywords":["FILVEN"],"articleSection":["Filven"],"inLanguage":"es","potentialAction":[{"@type":"CommentAction","name":"Comment","target":["https:\/\/cenal.gob.ve\/?p=23002#respond"]}]},{"@type":"WebPage","@id":"https:\/\/cenal.gob.ve\/?p=23002","url":"https:\/\/cenal.gob.ve\/?p=23002","name":"Nuevo libro de Ricardo M\u00e9nendez analiza las bases de la democracia directa","isPartOf":{"@id":"https:\/\/cenal.gob.ve\/#website"},"datePublished":"2023-11-20T19:06:27+00:00","dateModified":"2023-11-20T19:06:43+00:00","breadcrumb":{"@id":"https:\/\/cenal.gob.ve\/?p=23002#breadcrumb"},"inLanguage":"es","potentialAction":[{"@type":"ReadAction","target":["https:\/\/cenal.gob.ve\/?p=23002"]}]},{"@type":"BreadcrumbList","@id":"https:\/\/cenal.gob.ve\/?p=23002#breadcrumb","itemListElement":[{"@type":"ListItem","position":1,"name":"Home","item":"https:\/\/cenal.gob.ve\/"},{"@type":"ListItem","position":2,"name":"Nuevo libro de Ricardo M\u00e9nendez analiza las bases de la democracia directa"}]},{"@type":"WebSite","@id":"https:\/\/cenal.gob.ve\/#website","url":"https:\/\/cenal.gob.ve\/","name":"Cenal","description":"","publisher":{"@id":"https:\/\/cenal.gob.ve\/#organization"},"potentialAction":[{"@type":"SearchAction","target":{"@type":"EntryPoint","urlTemplate":"https:\/\/cenal.gob.ve\/?s={search_term_string}"},"query-input":"required name=search_term_string"}],"inLanguage":"es"},{"@type":"Organization","@id":"https:\/\/cenal.gob.ve\/#organization","name":"CENAL","url":"https:\/\/cenal.gob.ve\/","sameAs":[],"logo":{"@type":"ImageObject","inLanguage":"es","@id":"https:\/\/cenal.gob.ve\/#\/schema\/logo\/image\/","url":"https:\/\/i0.wp.com\/cenal.gob.ve\/wp-content\/uploads\/2022\/10\/cropped-images.jpg?fit=512%2C512","contentUrl":"https:\/\/i0.wp.com\/cenal.gob.ve\/wp-content\/uploads\/2022\/10\/cropped-images.jpg?fit=512%2C512","width":512,"height":512,"caption":"CENAL"},"image":{"@id":"https:\/\/cenal.gob.ve\/#\/schema\/logo\/image\/"}},{"@type":"Person","@id":"https:\/\/cenal.gob.ve\/#\/schema\/person\/e3ed34623f400ffab8bc7a63b2f5533f","name":"Prensa Cenal","image":{"@type":"ImageObject","inLanguage":"es","@id":"https:\/\/cenal.gob.ve\/#\/schema\/person\/image\/","url":"https:\/\/secure.gravatar.com\/avatar\/594b4ed34090910c619ac3679001d491?s=96&d=mm&r=g","contentUrl":"https:\/\/secure.gravatar.com\/avatar\/594b4ed34090910c619ac3679001d491?s=96&d=mm&r=g","caption":"Prensa Cenal"},"url":"https:\/\/cenal.gob.ve\/?author=10"}]}},"jetpack_featured_media_url":"https:\/\/cenal.gob.ve\/wp-content\/uploads\/2023\/11\/photo_5105187081273060964_y-1024x682-1.jpg","jetpack_publicize_connections":[],"jetpack_shortlink":"https:\/\/wp.me\/p5FMhp-5Z0","_links":{"self":[{"href":"https:\/\/cenal.gob.ve\/index.php?rest_route=\/wp\/v2\/posts\/23002"}],"collection":[{"href":"https:\/\/cenal.gob.ve\/index.php?rest_route=\/wp\/v2\/posts"}],"about":[{"href":"https:\/\/cenal.gob.ve\/index.php?rest_route=\/wp\/v2\/types\/post"}],"author":[{"embeddable":true,"href":"https:\/\/cenal.gob.ve\/index.php?rest_route=\/wp\/v2\/users\/10"}],"replies":[{"embeddable":true,"href":"https:\/\/cenal.gob.ve\/index.php?rest_route=%2Fwp%2Fv2%2Fcomments&post=23002"}],"version-history":[{"count":1,"href":"https:\/\/cenal.gob.ve\/index.php?rest_route=\/wp\/v2\/posts\/23002\/revisions"}],"predecessor-version":[{"id":23004,"href":"https:\/\/cenal.gob.ve\/index.php?rest_route=\/wp\/v2\/posts\/23002\/revisions\/23004"}],"wp:featuredmedia":[{"embeddable":true,"href":"https:\/\/cenal.gob.ve\/index.php?rest_route=\/wp\/v2\/media\/23003"}],"wp:attachment":[{"href":"https:\/\/cenal.gob.ve\/index.php?rest_route=%2Fwp%2Fv2%2Fmedia&parent=23002"}],"wp:term":[{"taxonomy":"category","embeddable":true,"href":"https:\/\/cenal.gob.ve\/index.php?rest_route=%2Fwp%2Fv2%2Fcategories&post=23002"},{"taxonomy":"post_tag","embeddable":true,"href":"https:\/\/cenal.gob.ve\/index.php?rest_route=%2Fwp%2Fv2%2Ftags&post=23002"}],"curies":[{"name":"wp","href":"https:\/\/api.w.org\/{rel}","templated":true}]}}