{"id":23005,"date":"2023-11-20T15:13:43","date_gmt":"2023-11-20T19:13:43","guid":{"rendered":"http:\/\/cenal.gob.ve\/?p=23005"},"modified":"2023-11-20T15:14:14","modified_gmt":"2023-11-20T19:14:14","slug":"filven-mostro-aportes-de-la-biblioteca-nacional-para-fomentar-la-lectura-y-defender-la-memoria-colectiva","status":"publish","type":"post","link":"https:\/\/cenal.gob.ve\/?p=23005","title":{"rendered":"Filven mostr\u00f3 aportes de la Biblioteca Nacional para fomentar la lectura y defender la memoria colectiva"},"content":{"rendered":"\n<p>Custodiar la memoria documental de nuestro pa\u00eds supone ver el libro como un instrumento que merece resguardo, amerita cuidados t\u00e9cnicos y requiere una plataforma para acercarlo a los lectores. Esa es la tarea que desde hace 190 a\u00f1os cumple el Instituto Aut\u00f3nomo Biblioteca Nacional y Servicios de Biblioteca (IABNSB), instituci\u00f3n homenajeada en la 19\u00aa edici\u00f3n de la Feria Internacional del Libro de Venezuela (Filven), que culmina este 20 de noviembre.<\/p>\n\n\n\n<p>A lo largo de 10 d\u00edas, promotores de lectura, responsables de las colecciones documentales y especialistas en la conservaci\u00f3n y preservaci\u00f3n de obras han compartido con visitantes de la feria las m\u00faltiples labores que cumple esta instituci\u00f3n.<\/p>\n\n\n\n<p>Para ello, se ha dispuesto un estand con fotograf\u00edas, libros y otros recursos que cuentan la trayectoria de la biblioteca. Adem\u00e1s, se ofrece orientaci\u00f3n sobre los servicios que ofrece la instituci\u00f3n y se comparte conocimiento para el cuidado de libros.<\/p>\n\n\n\n<p>Adem\u00e1s, dentro de la programaci\u00f3n de la Filven se incluyeron foros y conversatorios con profesionales del IABNSB. Jorge Berrueta, director general de la instituci\u00f3n; Gabriel Saldivia, Santo Himiob, Antonio Castro, Isneida Riverol, entre otros especialistas, analizaron la trayectoria profesional y la relevancia de la biblioteca en la historia del libro en nuestro pa\u00eds.<\/p>\n\n\n\n<p>Adem\u00e1s, se abordaron otras tem\u00e1ticas como la garant\u00eda del derecho a la lectura a personas con discapacidad, el fomento de la lectura entre los adultos mayores, la inteligencia artificial, la promoci\u00f3n de lectura en bibliotecas p\u00fablicas y la historia del c\u00f3mic en nuestro pa\u00eds, como una forma de acercar a los visitantes de la feria con el acervo documental que preserva la biblioteca.<\/p>\n\n\n\n<p><strong>Promoci\u00f3n de lectura<\/strong><\/p>\n\n\n\n<p>La Biblioteca, a trav\u00e9s de sus promotores de lectura, tiene presencia en el pabell\u00f3n infantil de la Filven. Con lecturas dramatizadas, juegos, representantes y otras estrategias, estimulan en ni\u00f1os y ni\u00f1as el inter\u00e9s por la lectura.<\/p>\n\n\n\n<p>Un ejemplo de este esfuerzo es la jornada \u201cLa vuelta a la feria en 190 cuentos\u201d, una actividad que le permiti\u00f3 a los m\u00e1s peque\u00f1os conocer los estands de la Filven, jugar y conocer distintos contenidos literarios. Contaron con la gu\u00eda de los promotores de lectura Natacha Moreno, Eudis Alfonzo, Alexis \u00c1lvarez y Esmilde Jim\u00e9nez.<\/p>\n\n\n\n<figure class=\"wp-block-image\"><img src=\"https:\/\/filven.com\/wp-content\/uploads\/2023\/11\/photo_5102935281459375666_y-1-1024x684.jpg\" alt=\"\" class=\"wp-image-13508\"\/><\/figure>\n\n\n\n<p>En esa misma l\u00ednea, tambi\u00e9n se desarrollaron actividades destinadas a promover la lectura de la poes\u00eda, fomentar el acervo cultural del estado Amazonas, estado invitado a esta edici\u00f3n de la Filven; y el aprendizaje del origami.<\/p>\n\n\n\n<p>Asimismo, la Biblioteca recibi\u00f3 una donaci\u00f3n de ejemplares de la obra \u201c33 mini cuentos para dormir ratones\u201d, de Carmen Delia Bencomo, bautizada en la feria.<\/p>\n\n\n\n<p>La Filven, que tambi\u00e9n rinde tributo a Domingo Alberto Rangel, el periodista y director teatral Armando Car\u00edas y las escritoras palestinas Adan\u00eda Shibli y Heba Abu Nada, culmina este 20 de noviembre. La programaci\u00f3n est\u00e1 disponible en <a href=\"http:\/\/www.filven.com\">www.filven.com<\/a><\/p>\n\n\n\n<p><strong>FIN\/FILVEN\/REP\/MP<\/strong><\/p>\n","protected":false},"excerpt":{"rendered":"<p>Custodiar la memoria documental de nuestro pa\u00eds supone ver el libro como un instrumento que merece resguardo, amerita cuidados t\u00e9cnicos y requiere una plataforma para acercarlo a los lectores. Esa [&hellip;]<\/p>\n","protected":false},"author":10,"featured_media":23006,"comment_status":"open","ping_status":"closed","sticky":false,"template":"","format":"standard","meta":{"spay_email":"","jetpack_publicize_message":"","jetpack_is_tweetstorm":false,"jetpack_publicize_feature_enabled":true},"categories":[12],"tags":[79],"yoast_head":"<!-- This site is optimized with the Yoast SEO plugin v19.8 - https:\/\/yoast.com\/wordpress\/plugins\/seo\/ -->\n<title>Filven mostr\u00f3 aportes de la Biblioteca Nacional para fomentar la lectura y defender la memoria colectiva<\/title>\n<meta name=\"robots\" content=\"index, follow, max-snippet:-1, max-image-preview:large, max-video-preview:-1\" \/>\n<link rel=\"canonical\" href=\"https:\/\/cenal.gob.ve\/?p=23005\" \/>\n<meta property=\"og:locale\" content=\"es_ES\" \/>\n<meta property=\"og:type\" content=\"article\" \/>\n<meta property=\"og:title\" content=\"Filven mostr\u00f3 aportes de la Biblioteca Nacional para fomentar la lectura y defender la memoria colectiva\" \/>\n<meta property=\"og:description\" content=\"Custodiar la memoria documental de nuestro pa\u00eds supone ver el libro como un instrumento que merece resguardo, amerita cuidados t\u00e9cnicos y requiere una plataforma para acercarlo a los lectores. Esa [&hellip;]\" \/>\n<meta property=\"og:url\" content=\"https:\/\/cenal.gob.ve\/?p=23005\" \/>\n<meta property=\"og:site_name\" content=\"Cenal\" \/>\n<meta property=\"article:published_time\" content=\"2023-11-20T19:13:43+00:00\" \/>\n<meta property=\"article:modified_time\" content=\"2023-11-20T19:14:14+00:00\" \/>\n<meta property=\"og:image\" content=\"https:\/\/i0.wp.com\/cenal.gob.ve\/wp-content\/uploads\/2023\/11\/Screenshot-2023-11-20-at-15-08-19-Filven-mostro-aportes-de-la-Biblioteca-Nacional-para-fomentar-la-lectura-y-defender-la-me....png?fit=738%2C492&ssl=1\" \/>\n\t<meta property=\"og:image:width\" content=\"738\" \/>\n\t<meta property=\"og:image:height\" content=\"492\" \/>\n\t<meta property=\"og:image:type\" content=\"image\/png\" \/>\n<meta name=\"author\" content=\"Prensa Cenal\" \/>\n<meta name=\"twitter:card\" content=\"summary_large_image\" \/>\n<meta name=\"twitter:label1\" content=\"Written by\" \/>\n\t<meta name=\"twitter:data1\" content=\"Prensa Cenal\" \/>\n\t<meta name=\"twitter:label2\" content=\"Est. reading time\" \/>\n\t<meta name=\"twitter:data2\" content=\"3 minutos\" \/>\n<script type=\"application\/ld+json\" class=\"yoast-schema-graph\">{\"@context\":\"https:\/\/schema.org\",\"@graph\":[{\"@type\":\"Article\",\"@id\":\"https:\/\/cenal.gob.ve\/?p=23005#article\",\"isPartOf\":{\"@id\":\"https:\/\/cenal.gob.ve\/?p=23005\"},\"author\":{\"name\":\"Prensa Cenal\",\"@id\":\"https:\/\/cenal.gob.ve\/#\/schema\/person\/e3ed34623f400ffab8bc7a63b2f5533f\"},\"headline\":\"Filven mostr\u00f3 aportes de la Biblioteca Nacional para fomentar la lectura y defender la memoria colectiva\",\"datePublished\":\"2023-11-20T19:13:43+00:00\",\"dateModified\":\"2023-11-20T19:14:14+00:00\",\"mainEntityOfPage\":{\"@id\":\"https:\/\/cenal.gob.ve\/?p=23005\"},\"wordCount\":516,\"commentCount\":0,\"publisher\":{\"@id\":\"https:\/\/cenal.gob.ve\/#organization\"},\"keywords\":[\"FILVEN\"],\"articleSection\":[\"Filven\"],\"inLanguage\":\"es\",\"potentialAction\":[{\"@type\":\"CommentAction\",\"name\":\"Comment\",\"target\":[\"https:\/\/cenal.gob.ve\/?p=23005#respond\"]}]},{\"@type\":\"WebPage\",\"@id\":\"https:\/\/cenal.gob.ve\/?p=23005\",\"url\":\"https:\/\/cenal.gob.ve\/?p=23005\",\"name\":\"Filven mostr\u00f3 aportes de la Biblioteca Nacional para fomentar la lectura y defender la memoria colectiva\",\"isPartOf\":{\"@id\":\"https:\/\/cenal.gob.ve\/#website\"},\"datePublished\":\"2023-11-20T19:13:43+00:00\",\"dateModified\":\"2023-11-20T19:14:14+00:00\",\"breadcrumb\":{\"@id\":\"https:\/\/cenal.gob.ve\/?p=23005#breadcrumb\"},\"inLanguage\":\"es\",\"potentialAction\":[{\"@type\":\"ReadAction\",\"target\":[\"https:\/\/cenal.gob.ve\/?p=23005\"]}]},{\"@type\":\"BreadcrumbList\",\"@id\":\"https:\/\/cenal.gob.ve\/?p=23005#breadcrumb\",\"itemListElement\":[{\"@type\":\"ListItem\",\"position\":1,\"name\":\"Home\",\"item\":\"https:\/\/cenal.gob.ve\/\"},{\"@type\":\"ListItem\",\"position\":2,\"name\":\"Filven mostr\u00f3 aportes de la Biblioteca Nacional para fomentar la lectura y defender la memoria colectiva\"}]},{\"@type\":\"WebSite\",\"@id\":\"https:\/\/cenal.gob.ve\/#website\",\"url\":\"https:\/\/cenal.gob.ve\/\",\"name\":\"Cenal\",\"description\":\"\",\"publisher\":{\"@id\":\"https:\/\/cenal.gob.ve\/#organization\"},\"potentialAction\":[{\"@type\":\"SearchAction\",\"target\":{\"@type\":\"EntryPoint\",\"urlTemplate\":\"https:\/\/cenal.gob.ve\/?s={search_term_string}\"},\"query-input\":\"required name=search_term_string\"}],\"inLanguage\":\"es\"},{\"@type\":\"Organization\",\"@id\":\"https:\/\/cenal.gob.ve\/#organization\",\"name\":\"CENAL\",\"url\":\"https:\/\/cenal.gob.ve\/\",\"sameAs\":[],\"logo\":{\"@type\":\"ImageObject\",\"inLanguage\":\"es\",\"@id\":\"https:\/\/cenal.gob.ve\/#\/schema\/logo\/image\/\",\"url\":\"https:\/\/i0.wp.com\/cenal.gob.ve\/wp-content\/uploads\/2022\/10\/cropped-images.jpg?fit=512%2C512\",\"contentUrl\":\"https:\/\/i0.wp.com\/cenal.gob.ve\/wp-content\/uploads\/2022\/10\/cropped-images.jpg?fit=512%2C512\",\"width\":512,\"height\":512,\"caption\":\"CENAL\"},\"image\":{\"@id\":\"https:\/\/cenal.gob.ve\/#\/schema\/logo\/image\/\"}},{\"@type\":\"Person\",\"@id\":\"https:\/\/cenal.gob.ve\/#\/schema\/person\/e3ed34623f400ffab8bc7a63b2f5533f\",\"name\":\"Prensa Cenal\",\"image\":{\"@type\":\"ImageObject\",\"inLanguage\":\"es\",\"@id\":\"https:\/\/cenal.gob.ve\/#\/schema\/person\/image\/\",\"url\":\"https:\/\/secure.gravatar.com\/avatar\/594b4ed34090910c619ac3679001d491?s=96&d=mm&r=g\",\"contentUrl\":\"https:\/\/secure.gravatar.com\/avatar\/594b4ed34090910c619ac3679001d491?s=96&d=mm&r=g\",\"caption\":\"Prensa Cenal\"},\"url\":\"https:\/\/cenal.gob.ve\/?author=10\"}]}<\/script>\n<!-- \/ Yoast SEO plugin. -->","yoast_head_json":{"title":"Filven mostr\u00f3 aportes de la Biblioteca Nacional para fomentar la lectura y defender la memoria colectiva","robots":{"index":"index","follow":"follow","max-snippet":"max-snippet:-1","max-image-preview":"max-image-preview:large","max-video-preview":"max-video-preview:-1"},"canonical":"https:\/\/cenal.gob.ve\/?p=23005","og_locale":"es_ES","og_type":"article","og_title":"Filven mostr\u00f3 aportes de la Biblioteca Nacional para fomentar la lectura y defender la memoria colectiva","og_description":"Custodiar la memoria documental de nuestro pa\u00eds supone ver el libro como un instrumento que merece resguardo, amerita cuidados t\u00e9cnicos y requiere una plataforma para acercarlo a los lectores. Esa [&hellip;]","og_url":"https:\/\/cenal.gob.ve\/?p=23005","og_site_name":"Cenal","article_published_time":"2023-11-20T19:13:43+00:00","article_modified_time":"2023-11-20T19:14:14+00:00","og_image":[{"width":738,"height":492,"url":"https:\/\/i0.wp.com\/cenal.gob.ve\/wp-content\/uploads\/2023\/11\/Screenshot-2023-11-20-at-15-08-19-Filven-mostro-aportes-de-la-Biblioteca-Nacional-para-fomentar-la-lectura-y-defender-la-me....png?fit=738%2C492&ssl=1","type":"image\/png"}],"author":"Prensa Cenal","twitter_card":"summary_large_image","twitter_misc":{"Written by":"Prensa Cenal","Est. reading time":"3 minutos"},"schema":{"@context":"https:\/\/schema.org","@graph":[{"@type":"Article","@id":"https:\/\/cenal.gob.ve\/?p=23005#article","isPartOf":{"@id":"https:\/\/cenal.gob.ve\/?p=23005"},"author":{"name":"Prensa Cenal","@id":"https:\/\/cenal.gob.ve\/#\/schema\/person\/e3ed34623f400ffab8bc7a63b2f5533f"},"headline":"Filven mostr\u00f3 aportes de la Biblioteca Nacional para fomentar la lectura y defender la memoria colectiva","datePublished":"2023-11-20T19:13:43+00:00","dateModified":"2023-11-20T19:14:14+00:00","mainEntityOfPage":{"@id":"https:\/\/cenal.gob.ve\/?p=23005"},"wordCount":516,"commentCount":0,"publisher":{"@id":"https:\/\/cenal.gob.ve\/#organization"},"keywords":["FILVEN"],"articleSection":["Filven"],"inLanguage":"es","potentialAction":[{"@type":"CommentAction","name":"Comment","target":["https:\/\/cenal.gob.ve\/?p=23005#respond"]}]},{"@type":"WebPage","@id":"https:\/\/cenal.gob.ve\/?p=23005","url":"https:\/\/cenal.gob.ve\/?p=23005","name":"Filven mostr\u00f3 aportes de la Biblioteca Nacional para fomentar la lectura y defender la memoria colectiva","isPartOf":{"@id":"https:\/\/cenal.gob.ve\/#website"},"datePublished":"2023-11-20T19:13:43+00:00","dateModified":"2023-11-20T19:14:14+00:00","breadcrumb":{"@id":"https:\/\/cenal.gob.ve\/?p=23005#breadcrumb"},"inLanguage":"es","potentialAction":[{"@type":"ReadAction","target":["https:\/\/cenal.gob.ve\/?p=23005"]}]},{"@type":"BreadcrumbList","@id":"https:\/\/cenal.gob.ve\/?p=23005#breadcrumb","itemListElement":[{"@type":"ListItem","position":1,"name":"Home","item":"https:\/\/cenal.gob.ve\/"},{"@type":"ListItem","position":2,"name":"Filven mostr\u00f3 aportes de la Biblioteca Nacional para fomentar la lectura y defender la memoria colectiva"}]},{"@type":"WebSite","@id":"https:\/\/cenal.gob.ve\/#website","url":"https:\/\/cenal.gob.ve\/","name":"Cenal","description":"","publisher":{"@id":"https:\/\/cenal.gob.ve\/#organization"},"potentialAction":[{"@type":"SearchAction","target":{"@type":"EntryPoint","urlTemplate":"https:\/\/cenal.gob.ve\/?s={search_term_string}"},"query-input":"required name=search_term_string"}],"inLanguage":"es"},{"@type":"Organization","@id":"https:\/\/cenal.gob.ve\/#organization","name":"CENAL","url":"https:\/\/cenal.gob.ve\/","sameAs":[],"logo":{"@type":"ImageObject","inLanguage":"es","@id":"https:\/\/cenal.gob.ve\/#\/schema\/logo\/image\/","url":"https:\/\/i0.wp.com\/cenal.gob.ve\/wp-content\/uploads\/2022\/10\/cropped-images.jpg?fit=512%2C512","contentUrl":"https:\/\/i0.wp.com\/cenal.gob.ve\/wp-content\/uploads\/2022\/10\/cropped-images.jpg?fit=512%2C512","width":512,"height":512,"caption":"CENAL"},"image":{"@id":"https:\/\/cenal.gob.ve\/#\/schema\/logo\/image\/"}},{"@type":"Person","@id":"https:\/\/cenal.gob.ve\/#\/schema\/person\/e3ed34623f400ffab8bc7a63b2f5533f","name":"Prensa Cenal","image":{"@type":"ImageObject","inLanguage":"es","@id":"https:\/\/cenal.gob.ve\/#\/schema\/person\/image\/","url":"https:\/\/secure.gravatar.com\/avatar\/594b4ed34090910c619ac3679001d491?s=96&d=mm&r=g","contentUrl":"https:\/\/secure.gravatar.com\/avatar\/594b4ed34090910c619ac3679001d491?s=96&d=mm&r=g","caption":"Prensa Cenal"},"url":"https:\/\/cenal.gob.ve\/?author=10"}]}},"jetpack_featured_media_url":"https:\/\/cenal.gob.ve\/wp-content\/uploads\/2023\/11\/Screenshot-2023-11-20-at-15-08-19-Filven-mostro-aportes-de-la-Biblioteca-Nacional-para-fomentar-la-lectura-y-defender-la-me....png","jetpack_publicize_connections":[],"jetpack_shortlink":"https:\/\/wp.me\/p5FMhp-5Z3","_links":{"self":[{"href":"https:\/\/cenal.gob.ve\/index.php?rest_route=\/wp\/v2\/posts\/23005"}],"collection":[{"href":"https:\/\/cenal.gob.ve\/index.php?rest_route=\/wp\/v2\/posts"}],"about":[{"href":"https:\/\/cenal.gob.ve\/index.php?rest_route=\/wp\/v2\/types\/post"}],"author":[{"embeddable":true,"href":"https:\/\/cenal.gob.ve\/index.php?rest_route=\/wp\/v2\/users\/10"}],"replies":[{"embeddable":true,"href":"https:\/\/cenal.gob.ve\/index.php?rest_route=%2Fwp%2Fv2%2Fcomments&post=23005"}],"version-history":[{"count":1,"href":"https:\/\/cenal.gob.ve\/index.php?rest_route=\/wp\/v2\/posts\/23005\/revisions"}],"predecessor-version":[{"id":23007,"href":"https:\/\/cenal.gob.ve\/index.php?rest_route=\/wp\/v2\/posts\/23005\/revisions\/23007"}],"wp:featuredmedia":[{"embeddable":true,"href":"https:\/\/cenal.gob.ve\/index.php?rest_route=\/wp\/v2\/media\/23006"}],"wp:attachment":[{"href":"https:\/\/cenal.gob.ve\/index.php?rest_route=%2Fwp%2Fv2%2Fmedia&parent=23005"}],"wp:term":[{"taxonomy":"category","embeddable":true,"href":"https:\/\/cenal.gob.ve\/index.php?rest_route=%2Fwp%2Fv2%2Fcategories&post=23005"},{"taxonomy":"post_tag","embeddable":true,"href":"https:\/\/cenal.gob.ve\/index.php?rest_route=%2Fwp%2Fv2%2Ftags&post=23005"}],"curies":[{"name":"wp","href":"https:\/\/api.w.org\/{rel}","templated":true}]}}