{"id":23008,"date":"2023-11-20T15:20:10","date_gmt":"2023-11-20T19:20:10","guid":{"rendered":"http:\/\/cenal.gob.ve\/?p=23008"},"modified":"2023-11-20T15:20:23","modified_gmt":"2023-11-20T19:20:23","slug":"ana-cristina-bracho-presento-en-la-filven-su-libro-mujer-tenias-que-ser","status":"publish","type":"post","link":"https:\/\/cenal.gob.ve\/?p=23008","title":{"rendered":"Ana Cristina Bracho present\u00f3 en la Filven su libro \u201cMujer ten\u00edas que ser\u201d"},"content":{"rendered":"\n<p>La escritora Ana Cristina Bracho present\u00f3 y bautiz\u00f3 este domingo su obra titulada <em>Mujer ten\u00edas que ser <\/em>en la Feria Internacional del Libro de Venezuela (Filven 2023), que se desarrolla en El Laguito, C\u00edrculo Militar, en Caracas.<\/p>\n\n\n\n<p>Bracho inform\u00f3 que esta obra, publicada por Vadell Hermanos Editores, recopila las historias de la columna \u00b4Mejor ni te cuento\u00b4, publicadas desde el 2021 en la revista \u00c9pale CCS. Cada columna visibiliza el papel clave de la mujer en la historia del pa\u00eds.<\/p>\n\n\n\n<figure class=\"wp-block-image\"><img src=\"https:\/\/filven.com\/wp-content\/uploads\/2023\/11\/photo_5105187081273060766_y-1024x682.jpg\" alt=\"\" class=\"wp-image-13513\"\/><\/figure>\n\n\n\n<p>\u201cEl mundo que queremos va a cambiar cuando todos reflexionemos sobre la praxis cotidiana y eso es lo que busco con esta obra\u201d, dijo Bracho, ganadora del Premio Nacional de Periodismo 2023, categor\u00eda opini\u00f3n.<\/p>\n\n\n\n<p>Por su parte, Valentina Vadell, representante de la editorial adelant\u00f3 que \u201cesta obra da a conocer la historia de mujeres ind\u00edgenas, hero\u00ednas de la independencia, deportistas, feministas, artistas\u201d.<\/p>\n\n\n\n<p>Vadell se\u00f1al\u00f3 que esta es una obra que \u201ca toda mujer cuando era ni\u00f1a le hubiese gustado leer, y encontrar estas historias de mujeres que han jugado un rol importante para nuestra historia\u201d. Por tal raz\u00f3n, ratific\u00f3 que Vadell Hermanos Editores continuar\u00e1 apoyando a m\u00e1s mujeres escritoras y editoras.<\/p>\n\n\n\n<p>La cineasta y documentalista, Liliane Blaser, quien estuvo presente en la presentaci\u00f3n de la obra, destac\u00f3 la importancia de seguir creando literatura de mujeres para mujeres. \u201cCelebro que exista este libro que abre horizontes a nuevos logros\u201d, agreg\u00f3.<\/p>\n\n\n\n<p>En tanto, la magistrada del Tribunal Supremo de Justicia, Carmen Zuleta, quien tambi\u00e9n particip\u00f3 en la actividad, se\u00f1al\u00f3 que hasta el t\u00edtulo del libro es reivindicativo. \u201cEste t\u00edtulo reivindica que s\u00ed, mujeres ten\u00edan que ser, exitosas y trabajadoras\u201d, se\u00f1al\u00f3.<\/p>\n\n\n\n<p>Vadell inform\u00f3 que la editorial que representa trabaja para que esta obra pueda ser traducida a otros idiomas. \u201cQueremos que en el futuro se lea la pluma de Ana Cristina Bracho, para que llegue a ser una de las autores m\u00e1s publicadas en Venezuela y una de las m\u00e1s conocidas en el mundo\u201d, agreg\u00f3.<\/p>\n\n\n\n<p>Este libro fue parte de la programaci\u00f3n de 19\u00aa Filven que este lunes culmina este lunes 20 de noviembre en los espacios de El Laguito, C\u00edrculo Militar, en Caracas.<\/p>\n\n\n\n<p><strong>FIN\/FILVEN\/GAG\/MP<\/strong><\/p>\n","protected":false},"excerpt":{"rendered":"<p>La escritora Ana Cristina Bracho present\u00f3 y bautiz\u00f3 este domingo su obra titulada Mujer ten\u00edas que ser en la Feria Internacional del Libro de Venezuela (Filven 2023), que se desarrolla [&hellip;]<\/p>\n","protected":false},"author":10,"featured_media":23009,"comment_status":"open","ping_status":"closed","sticky":false,"template":"","format":"standard","meta":{"spay_email":"","jetpack_publicize_message":"","jetpack_is_tweetstorm":false,"jetpack_publicize_feature_enabled":true},"categories":[12],"tags":[79],"yoast_head":"<!-- This site is optimized with the Yoast SEO plugin v19.8 - https:\/\/yoast.com\/wordpress\/plugins\/seo\/ -->\n<title>Ana Cristina Bracho present\u00f3 en la Filven su libro \u201cMujer ten\u00edas que ser\u201d<\/title>\n<meta name=\"robots\" content=\"index, follow, max-snippet:-1, max-image-preview:large, max-video-preview:-1\" \/>\n<link rel=\"canonical\" href=\"https:\/\/cenal.gob.ve\/?p=23008\" \/>\n<meta property=\"og:locale\" content=\"es_ES\" \/>\n<meta property=\"og:type\" content=\"article\" \/>\n<meta property=\"og:title\" content=\"Ana Cristina Bracho present\u00f3 en la Filven su libro \u201cMujer ten\u00edas que ser\u201d\" \/>\n<meta property=\"og:description\" content=\"La escritora Ana Cristina Bracho present\u00f3 y bautiz\u00f3 este domingo su obra titulada Mujer ten\u00edas que ser en la Feria Internacional del Libro de Venezuela (Filven 2023), que se desarrolla [&hellip;]\" \/>\n<meta property=\"og:url\" content=\"https:\/\/cenal.gob.ve\/?p=23008\" \/>\n<meta property=\"og:site_name\" content=\"Cenal\" \/>\n<meta property=\"article:published_time\" content=\"2023-11-20T19:20:10+00:00\" \/>\n<meta property=\"article:modified_time\" content=\"2023-11-20T19:20:23+00:00\" \/>\n<meta property=\"og:image\" content=\"https:\/\/i0.wp.com\/cenal.gob.ve\/wp-content\/uploads\/2023\/11\/photo_5105187081273060774_y-1024x682-1.jpg?fit=1024%2C682&ssl=1\" \/>\n\t<meta property=\"og:image:width\" content=\"1024\" \/>\n\t<meta property=\"og:image:height\" content=\"682\" \/>\n\t<meta property=\"og:image:type\" content=\"image\/jpeg\" \/>\n<meta name=\"author\" content=\"Prensa Cenal\" \/>\n<meta name=\"twitter:card\" content=\"summary_large_image\" \/>\n<meta name=\"twitter:label1\" content=\"Written by\" \/>\n\t<meta name=\"twitter:data1\" content=\"Prensa Cenal\" \/>\n\t<meta name=\"twitter:label2\" content=\"Est. reading time\" \/>\n\t<meta name=\"twitter:data2\" content=\"2 minutos\" \/>\n<script type=\"application\/ld+json\" class=\"yoast-schema-graph\">{\"@context\":\"https:\/\/schema.org\",\"@graph\":[{\"@type\":\"Article\",\"@id\":\"https:\/\/cenal.gob.ve\/?p=23008#article\",\"isPartOf\":{\"@id\":\"https:\/\/cenal.gob.ve\/?p=23008\"},\"author\":{\"name\":\"Prensa Cenal\",\"@id\":\"https:\/\/cenal.gob.ve\/#\/schema\/person\/e3ed34623f400ffab8bc7a63b2f5533f\"},\"headline\":\"Ana Cristina Bracho present\u00f3 en la Filven su libro \u201cMujer ten\u00edas que ser\u201d\",\"datePublished\":\"2023-11-20T19:20:10+00:00\",\"dateModified\":\"2023-11-20T19:20:23+00:00\",\"mainEntityOfPage\":{\"@id\":\"https:\/\/cenal.gob.ve\/?p=23008\"},\"wordCount\":386,\"commentCount\":0,\"publisher\":{\"@id\":\"https:\/\/cenal.gob.ve\/#organization\"},\"keywords\":[\"FILVEN\"],\"articleSection\":[\"Filven\"],\"inLanguage\":\"es\",\"potentialAction\":[{\"@type\":\"CommentAction\",\"name\":\"Comment\",\"target\":[\"https:\/\/cenal.gob.ve\/?p=23008#respond\"]}]},{\"@type\":\"WebPage\",\"@id\":\"https:\/\/cenal.gob.ve\/?p=23008\",\"url\":\"https:\/\/cenal.gob.ve\/?p=23008\",\"name\":\"Ana Cristina Bracho present\u00f3 en la Filven su libro \u201cMujer ten\u00edas que ser\u201d\",\"isPartOf\":{\"@id\":\"https:\/\/cenal.gob.ve\/#website\"},\"datePublished\":\"2023-11-20T19:20:10+00:00\",\"dateModified\":\"2023-11-20T19:20:23+00:00\",\"breadcrumb\":{\"@id\":\"https:\/\/cenal.gob.ve\/?p=23008#breadcrumb\"},\"inLanguage\":\"es\",\"potentialAction\":[{\"@type\":\"ReadAction\",\"target\":[\"https:\/\/cenal.gob.ve\/?p=23008\"]}]},{\"@type\":\"BreadcrumbList\",\"@id\":\"https:\/\/cenal.gob.ve\/?p=23008#breadcrumb\",\"itemListElement\":[{\"@type\":\"ListItem\",\"position\":1,\"name\":\"Home\",\"item\":\"https:\/\/cenal.gob.ve\/\"},{\"@type\":\"ListItem\",\"position\":2,\"name\":\"Ana Cristina Bracho present\u00f3 en la Filven su libro \u201cMujer ten\u00edas que ser\u201d\"}]},{\"@type\":\"WebSite\",\"@id\":\"https:\/\/cenal.gob.ve\/#website\",\"url\":\"https:\/\/cenal.gob.ve\/\",\"name\":\"Cenal\",\"description\":\"\",\"publisher\":{\"@id\":\"https:\/\/cenal.gob.ve\/#organization\"},\"potentialAction\":[{\"@type\":\"SearchAction\",\"target\":{\"@type\":\"EntryPoint\",\"urlTemplate\":\"https:\/\/cenal.gob.ve\/?s={search_term_string}\"},\"query-input\":\"required name=search_term_string\"}],\"inLanguage\":\"es\"},{\"@type\":\"Organization\",\"@id\":\"https:\/\/cenal.gob.ve\/#organization\",\"name\":\"CENAL\",\"url\":\"https:\/\/cenal.gob.ve\/\",\"sameAs\":[],\"logo\":{\"@type\":\"ImageObject\",\"inLanguage\":\"es\",\"@id\":\"https:\/\/cenal.gob.ve\/#\/schema\/logo\/image\/\",\"url\":\"https:\/\/i0.wp.com\/cenal.gob.ve\/wp-content\/uploads\/2022\/10\/cropped-images.jpg?fit=512%2C512\",\"contentUrl\":\"https:\/\/i0.wp.com\/cenal.gob.ve\/wp-content\/uploads\/2022\/10\/cropped-images.jpg?fit=512%2C512\",\"width\":512,\"height\":512,\"caption\":\"CENAL\"},\"image\":{\"@id\":\"https:\/\/cenal.gob.ve\/#\/schema\/logo\/image\/\"}},{\"@type\":\"Person\",\"@id\":\"https:\/\/cenal.gob.ve\/#\/schema\/person\/e3ed34623f400ffab8bc7a63b2f5533f\",\"name\":\"Prensa Cenal\",\"image\":{\"@type\":\"ImageObject\",\"inLanguage\":\"es\",\"@id\":\"https:\/\/cenal.gob.ve\/#\/schema\/person\/image\/\",\"url\":\"https:\/\/secure.gravatar.com\/avatar\/594b4ed34090910c619ac3679001d491?s=96&d=mm&r=g\",\"contentUrl\":\"https:\/\/secure.gravatar.com\/avatar\/594b4ed34090910c619ac3679001d491?s=96&d=mm&r=g\",\"caption\":\"Prensa Cenal\"},\"url\":\"https:\/\/cenal.gob.ve\/?author=10\"}]}<\/script>\n<!-- \/ Yoast SEO plugin. -->","yoast_head_json":{"title":"Ana Cristina Bracho present\u00f3 en la Filven su libro \u201cMujer ten\u00edas que ser\u201d","robots":{"index":"index","follow":"follow","max-snippet":"max-snippet:-1","max-image-preview":"max-image-preview:large","max-video-preview":"max-video-preview:-1"},"canonical":"https:\/\/cenal.gob.ve\/?p=23008","og_locale":"es_ES","og_type":"article","og_title":"Ana Cristina Bracho present\u00f3 en la Filven su libro \u201cMujer ten\u00edas que ser\u201d","og_description":"La escritora Ana Cristina Bracho present\u00f3 y bautiz\u00f3 este domingo su obra titulada Mujer ten\u00edas que ser en la Feria Internacional del Libro de Venezuela (Filven 2023), que se desarrolla [&hellip;]","og_url":"https:\/\/cenal.gob.ve\/?p=23008","og_site_name":"Cenal","article_published_time":"2023-11-20T19:20:10+00:00","article_modified_time":"2023-11-20T19:20:23+00:00","og_image":[{"width":1024,"height":682,"url":"https:\/\/i0.wp.com\/cenal.gob.ve\/wp-content\/uploads\/2023\/11\/photo_5105187081273060774_y-1024x682-1.jpg?fit=1024%2C682&ssl=1","type":"image\/jpeg"}],"author":"Prensa Cenal","twitter_card":"summary_large_image","twitter_misc":{"Written by":"Prensa Cenal","Est. reading time":"2 minutos"},"schema":{"@context":"https:\/\/schema.org","@graph":[{"@type":"Article","@id":"https:\/\/cenal.gob.ve\/?p=23008#article","isPartOf":{"@id":"https:\/\/cenal.gob.ve\/?p=23008"},"author":{"name":"Prensa Cenal","@id":"https:\/\/cenal.gob.ve\/#\/schema\/person\/e3ed34623f400ffab8bc7a63b2f5533f"},"headline":"Ana Cristina Bracho present\u00f3 en la Filven su libro \u201cMujer ten\u00edas que ser\u201d","datePublished":"2023-11-20T19:20:10+00:00","dateModified":"2023-11-20T19:20:23+00:00","mainEntityOfPage":{"@id":"https:\/\/cenal.gob.ve\/?p=23008"},"wordCount":386,"commentCount":0,"publisher":{"@id":"https:\/\/cenal.gob.ve\/#organization"},"keywords":["FILVEN"],"articleSection":["Filven"],"inLanguage":"es","potentialAction":[{"@type":"CommentAction","name":"Comment","target":["https:\/\/cenal.gob.ve\/?p=23008#respond"]}]},{"@type":"WebPage","@id":"https:\/\/cenal.gob.ve\/?p=23008","url":"https:\/\/cenal.gob.ve\/?p=23008","name":"Ana Cristina Bracho present\u00f3 en la Filven su libro \u201cMujer ten\u00edas que ser\u201d","isPartOf":{"@id":"https:\/\/cenal.gob.ve\/#website"},"datePublished":"2023-11-20T19:20:10+00:00","dateModified":"2023-11-20T19:20:23+00:00","breadcrumb":{"@id":"https:\/\/cenal.gob.ve\/?p=23008#breadcrumb"},"inLanguage":"es","potentialAction":[{"@type":"ReadAction","target":["https:\/\/cenal.gob.ve\/?p=23008"]}]},{"@type":"BreadcrumbList","@id":"https:\/\/cenal.gob.ve\/?p=23008#breadcrumb","itemListElement":[{"@type":"ListItem","position":1,"name":"Home","item":"https:\/\/cenal.gob.ve\/"},{"@type":"ListItem","position":2,"name":"Ana Cristina Bracho present\u00f3 en la Filven su libro \u201cMujer ten\u00edas que ser\u201d"}]},{"@type":"WebSite","@id":"https:\/\/cenal.gob.ve\/#website","url":"https:\/\/cenal.gob.ve\/","name":"Cenal","description":"","publisher":{"@id":"https:\/\/cenal.gob.ve\/#organization"},"potentialAction":[{"@type":"SearchAction","target":{"@type":"EntryPoint","urlTemplate":"https:\/\/cenal.gob.ve\/?s={search_term_string}"},"query-input":"required name=search_term_string"}],"inLanguage":"es"},{"@type":"Organization","@id":"https:\/\/cenal.gob.ve\/#organization","name":"CENAL","url":"https:\/\/cenal.gob.ve\/","sameAs":[],"logo":{"@type":"ImageObject","inLanguage":"es","@id":"https:\/\/cenal.gob.ve\/#\/schema\/logo\/image\/","url":"https:\/\/i0.wp.com\/cenal.gob.ve\/wp-content\/uploads\/2022\/10\/cropped-images.jpg?fit=512%2C512","contentUrl":"https:\/\/i0.wp.com\/cenal.gob.ve\/wp-content\/uploads\/2022\/10\/cropped-images.jpg?fit=512%2C512","width":512,"height":512,"caption":"CENAL"},"image":{"@id":"https:\/\/cenal.gob.ve\/#\/schema\/logo\/image\/"}},{"@type":"Person","@id":"https:\/\/cenal.gob.ve\/#\/schema\/person\/e3ed34623f400ffab8bc7a63b2f5533f","name":"Prensa Cenal","image":{"@type":"ImageObject","inLanguage":"es","@id":"https:\/\/cenal.gob.ve\/#\/schema\/person\/image\/","url":"https:\/\/secure.gravatar.com\/avatar\/594b4ed34090910c619ac3679001d491?s=96&d=mm&r=g","contentUrl":"https:\/\/secure.gravatar.com\/avatar\/594b4ed34090910c619ac3679001d491?s=96&d=mm&r=g","caption":"Prensa Cenal"},"url":"https:\/\/cenal.gob.ve\/?author=10"}]}},"jetpack_featured_media_url":"https:\/\/cenal.gob.ve\/wp-content\/uploads\/2023\/11\/photo_5105187081273060774_y-1024x682-1.jpg","jetpack_publicize_connections":[],"jetpack_shortlink":"https:\/\/wp.me\/p5FMhp-5Z6","_links":{"self":[{"href":"https:\/\/cenal.gob.ve\/index.php?rest_route=\/wp\/v2\/posts\/23008"}],"collection":[{"href":"https:\/\/cenal.gob.ve\/index.php?rest_route=\/wp\/v2\/posts"}],"about":[{"href":"https:\/\/cenal.gob.ve\/index.php?rest_route=\/wp\/v2\/types\/post"}],"author":[{"embeddable":true,"href":"https:\/\/cenal.gob.ve\/index.php?rest_route=\/wp\/v2\/users\/10"}],"replies":[{"embeddable":true,"href":"https:\/\/cenal.gob.ve\/index.php?rest_route=%2Fwp%2Fv2%2Fcomments&post=23008"}],"version-history":[{"count":1,"href":"https:\/\/cenal.gob.ve\/index.php?rest_route=\/wp\/v2\/posts\/23008\/revisions"}],"predecessor-version":[{"id":23010,"href":"https:\/\/cenal.gob.ve\/index.php?rest_route=\/wp\/v2\/posts\/23008\/revisions\/23010"}],"wp:featuredmedia":[{"embeddable":true,"href":"https:\/\/cenal.gob.ve\/index.php?rest_route=\/wp\/v2\/media\/23009"}],"wp:attachment":[{"href":"https:\/\/cenal.gob.ve\/index.php?rest_route=%2Fwp%2Fv2%2Fmedia&parent=23008"}],"wp:term":[{"taxonomy":"category","embeddable":true,"href":"https:\/\/cenal.gob.ve\/index.php?rest_route=%2Fwp%2Fv2%2Fcategories&post=23008"},{"taxonomy":"post_tag","embeddable":true,"href":"https:\/\/cenal.gob.ve\/index.php?rest_route=%2Fwp%2Fv2%2Ftags&post=23008"}],"curies":[{"name":"wp","href":"https:\/\/api.w.org\/{rel}","templated":true}]}}