{"id":23011,"date":"2023-11-20T15:27:27","date_gmt":"2023-11-20T19:27:27","guid":{"rendered":"http:\/\/cenal.gob.ve\/?p=23011"},"modified":"2023-11-20T15:27:34","modified_gmt":"2023-11-20T19:27:34","slug":"ali-ramon-rojas-olaya-presento-en-la-filven-2023-su-obra-habia-una-vez-un-libro","status":"publish","type":"post","link":"https:\/\/cenal.gob.ve\/?p=23011","title":{"rendered":"Al\u00ed Ram\u00f3n Rojas Olaya present\u00f3 en la Filven 2023 su obra \u201cHab\u00eda una vez un libro\u201d"},"content":{"rendered":"\n<p>El escritor venezolano Al\u00ed Ram\u00f3n Rojas Olaya present\u00f3 y bautiz\u00f3 este domingo, durante la 19.a Feria Internacional del Libro de Venezuela (Filven 2023), su m\u00e1s reciente obra: <em>Hab\u00eda una vez un libro<\/em>, donde se pasea por un listado de 101 publicaciones que son referencias insoslayables en su formaci\u00f3n.<\/p>\n\n\n\n<p>Cuando hace menci\u00f3n a su formaci\u00f3n no hace referencia a la profesional, ni \u201ca los libros meramente conceptuales o acad\u00e9micos, sino a esos que nos humanizan, esos donde no est\u00e1 de por medio la nota sino la conciencia\u201d, explic\u00f3 el tambi\u00e9n historiador, orfeonista, promotor cultural y pedagogo.<\/p>\n\n\n\n<p>Para Rojas Olaya, la esencia de este libro se puede expresar en la cita de Jos\u00e9 Mart\u00ed: \u201c\u00bfCu\u00e1ndo crea un poeta? Los poetas crean cuando, justo antes de dormir, colocan sus cabezas sobre sus conciencias\u201d.<\/p>\n\n\n\n<p>Durante su presentaci\u00f3n, hizo la lectura de algunos fragmentos de su texto, como el poema en prosa \u201cL\u00e1mpara de Aladino\u201d que fue premiado con el aplauso efusivo de la concurrencia. En \u00e9l, deja manifiesto su deseo de reencontrar a cuatro grandes de la poes\u00eda chilena: Pablo Neruda, Pablo de Rokha, Gabriela Mistral y Vicente Huidobro.<\/p>\n\n\n\n<p><strong>Una relaci\u00f3n especial con la literatura<\/strong><\/p>\n\n\n\n<p>A lo largo del libro el autor hace un paralelismo entre distintos temas y la pol\u00edtica. Adem\u00e1s, con par\u00e1frasis y citas textuales, recrea un coloquio entre escritores venezolanos. El autor habla con esas voces, guiado por esas tem\u00e1ticas del tiempo no lineal de la literatura.<\/p>\n\n\n\n<p>La \u00faltima parte del texto la rige Sim\u00f3n Rodr\u00edguez con sus consejos sobre la lectura. Al respecto, inst\u00f3 a los presentes a formarse como el maestro \u201cform\u00f3 el coraz\u00f3n de Bol\u00edvar (\u2026) formarnos para la libertad, para la justicia, para lo grande, para lo hermoso\u201d.<\/p>\n\n\n\n<p>La introducci\u00f3n estuvo a cargo de Elis Labrador, director ejecutivo de la editorial El Perro y la Rana, casa editorial responsable de esta nueva publicaci\u00f3n, quien explic\u00f3 que en esta edici\u00f3n se imprimieron 2 mil ejemplares.<\/p>\n\n\n\n<p>La promoci\u00f3n de novedades editoriales de escritores venezolanos es uno de los ejes centrales de la Filven. Desde el pasado 10 de noviembre, cuando abri\u00f3 sus puertas al p\u00fablico, se han desarrollado presentaciones, foros, bautizos y coloquios para exponer acercar esas obras al p\u00fablico.<\/p>\n\n\n\n<p>La feria, que cierra este 20 de noviembre, rinde homenaje a los escritores venezolanos Domingo Alberto Rangel, Carmen Delia Bencomo y Armando Car\u00edas, as\u00ed como a las escritoras palestinas Adan\u00eda Shibli y Heba Abu Nada.<\/p>\n\n\n\n<p>La programaci\u00f3n est\u00e1 disponible en <a href=\"http:\/\/www.filven.com\">www.filven.com<\/a><\/p>\n\n\n\n<p><strong>FIN\/FILVEN\/MEG\/REP<\/strong><\/p>\n","protected":false},"excerpt":{"rendered":"<p>El escritor venezolano Al\u00ed Ram\u00f3n Rojas Olaya present\u00f3 y bautiz\u00f3 este domingo, durante la 19.a Feria Internacional del Libro de Venezuela (Filven 2023), su m\u00e1s reciente obra: Hab\u00eda una vez [&hellip;]<\/p>\n","protected":false},"author":10,"featured_media":23012,"comment_status":"open","ping_status":"closed","sticky":false,"template":"","format":"standard","meta":{"spay_email":"","jetpack_publicize_message":"","jetpack_is_tweetstorm":false,"jetpack_publicize_feature_enabled":true},"categories":[12],"tags":[79],"yoast_head":"<!-- This site is optimized with the Yoast SEO plugin v19.8 - https:\/\/yoast.com\/wordpress\/plugins\/seo\/ -->\n<title>Al\u00ed Ram\u00f3n Rojas Olaya present\u00f3 en la Filven 2023 su obra \u201cHab\u00eda una vez un libro\u201d<\/title>\n<meta name=\"robots\" content=\"index, follow, max-snippet:-1, max-image-preview:large, max-video-preview:-1\" \/>\n<link rel=\"canonical\" href=\"https:\/\/cenal.gob.ve\/?p=23011\" \/>\n<meta property=\"og:locale\" content=\"es_ES\" \/>\n<meta property=\"og:type\" content=\"article\" \/>\n<meta property=\"og:title\" content=\"Al\u00ed Ram\u00f3n Rojas Olaya present\u00f3 en la Filven 2023 su obra \u201cHab\u00eda una vez un libro\u201d\" \/>\n<meta property=\"og:description\" content=\"El escritor venezolano Al\u00ed Ram\u00f3n Rojas Olaya present\u00f3 y bautiz\u00f3 este domingo, durante la 19.a Feria Internacional del Libro de Venezuela (Filven 2023), su m\u00e1s reciente obra: Hab\u00eda una vez [&hellip;]\" \/>\n<meta property=\"og:url\" content=\"https:\/\/cenal.gob.ve\/?p=23011\" \/>\n<meta property=\"og:site_name\" content=\"Cenal\" \/>\n<meta property=\"article:published_time\" content=\"2023-11-20T19:27:27+00:00\" \/>\n<meta property=\"article:modified_time\" content=\"2023-11-20T19:27:34+00:00\" \/>\n<meta property=\"og:image\" content=\"https:\/\/i0.wp.com\/cenal.gob.ve\/wp-content\/uploads\/2023\/11\/WhatsApp-Image-2023-11-19-at-8.38.40-PM-1-1024x682-1.jpeg?fit=1024%2C682&ssl=1\" \/>\n\t<meta property=\"og:image:width\" content=\"1024\" \/>\n\t<meta property=\"og:image:height\" content=\"682\" \/>\n\t<meta property=\"og:image:type\" content=\"image\/jpeg\" \/>\n<meta name=\"author\" content=\"Prensa Cenal\" \/>\n<meta name=\"twitter:card\" content=\"summary_large_image\" \/>\n<meta name=\"twitter:label1\" content=\"Written by\" \/>\n\t<meta name=\"twitter:data1\" content=\"Prensa Cenal\" \/>\n\t<meta name=\"twitter:label2\" content=\"Est. reading time\" \/>\n\t<meta name=\"twitter:data2\" content=\"2 minutos\" \/>\n<script type=\"application\/ld+json\" class=\"yoast-schema-graph\">{\"@context\":\"https:\/\/schema.org\",\"@graph\":[{\"@type\":\"Article\",\"@id\":\"https:\/\/cenal.gob.ve\/?p=23011#article\",\"isPartOf\":{\"@id\":\"https:\/\/cenal.gob.ve\/?p=23011\"},\"author\":{\"name\":\"Prensa Cenal\",\"@id\":\"https:\/\/cenal.gob.ve\/#\/schema\/person\/e3ed34623f400ffab8bc7a63b2f5533f\"},\"headline\":\"Al\u00ed Ram\u00f3n Rojas Olaya present\u00f3 en la Filven 2023 su obra \u201cHab\u00eda una vez un libro\u201d\",\"datePublished\":\"2023-11-20T19:27:27+00:00\",\"dateModified\":\"2023-11-20T19:27:34+00:00\",\"mainEntityOfPage\":{\"@id\":\"https:\/\/cenal.gob.ve\/?p=23011\"},\"wordCount\":449,\"commentCount\":0,\"publisher\":{\"@id\":\"https:\/\/cenal.gob.ve\/#organization\"},\"keywords\":[\"FILVEN\"],\"articleSection\":[\"Filven\"],\"inLanguage\":\"es\",\"potentialAction\":[{\"@type\":\"CommentAction\",\"name\":\"Comment\",\"target\":[\"https:\/\/cenal.gob.ve\/?p=23011#respond\"]}]},{\"@type\":\"WebPage\",\"@id\":\"https:\/\/cenal.gob.ve\/?p=23011\",\"url\":\"https:\/\/cenal.gob.ve\/?p=23011\",\"name\":\"Al\u00ed Ram\u00f3n Rojas Olaya present\u00f3 en la Filven 2023 su obra \u201cHab\u00eda una vez un libro\u201d\",\"isPartOf\":{\"@id\":\"https:\/\/cenal.gob.ve\/#website\"},\"datePublished\":\"2023-11-20T19:27:27+00:00\",\"dateModified\":\"2023-11-20T19:27:34+00:00\",\"breadcrumb\":{\"@id\":\"https:\/\/cenal.gob.ve\/?p=23011#breadcrumb\"},\"inLanguage\":\"es\",\"potentialAction\":[{\"@type\":\"ReadAction\",\"target\":[\"https:\/\/cenal.gob.ve\/?p=23011\"]}]},{\"@type\":\"BreadcrumbList\",\"@id\":\"https:\/\/cenal.gob.ve\/?p=23011#breadcrumb\",\"itemListElement\":[{\"@type\":\"ListItem\",\"position\":1,\"name\":\"Home\",\"item\":\"https:\/\/cenal.gob.ve\/\"},{\"@type\":\"ListItem\",\"position\":2,\"name\":\"Al\u00ed Ram\u00f3n Rojas Olaya present\u00f3 en la Filven 2023 su obra \u201cHab\u00eda una vez un libro\u201d\"}]},{\"@type\":\"WebSite\",\"@id\":\"https:\/\/cenal.gob.ve\/#website\",\"url\":\"https:\/\/cenal.gob.ve\/\",\"name\":\"Cenal\",\"description\":\"\",\"publisher\":{\"@id\":\"https:\/\/cenal.gob.ve\/#organization\"},\"potentialAction\":[{\"@type\":\"SearchAction\",\"target\":{\"@type\":\"EntryPoint\",\"urlTemplate\":\"https:\/\/cenal.gob.ve\/?s={search_term_string}\"},\"query-input\":\"required name=search_term_string\"}],\"inLanguage\":\"es\"},{\"@type\":\"Organization\",\"@id\":\"https:\/\/cenal.gob.ve\/#organization\",\"name\":\"CENAL\",\"url\":\"https:\/\/cenal.gob.ve\/\",\"sameAs\":[],\"logo\":{\"@type\":\"ImageObject\",\"inLanguage\":\"es\",\"@id\":\"https:\/\/cenal.gob.ve\/#\/schema\/logo\/image\/\",\"url\":\"https:\/\/i0.wp.com\/cenal.gob.ve\/wp-content\/uploads\/2022\/10\/cropped-images.jpg?fit=512%2C512\",\"contentUrl\":\"https:\/\/i0.wp.com\/cenal.gob.ve\/wp-content\/uploads\/2022\/10\/cropped-images.jpg?fit=512%2C512\",\"width\":512,\"height\":512,\"caption\":\"CENAL\"},\"image\":{\"@id\":\"https:\/\/cenal.gob.ve\/#\/schema\/logo\/image\/\"}},{\"@type\":\"Person\",\"@id\":\"https:\/\/cenal.gob.ve\/#\/schema\/person\/e3ed34623f400ffab8bc7a63b2f5533f\",\"name\":\"Prensa Cenal\",\"image\":{\"@type\":\"ImageObject\",\"inLanguage\":\"es\",\"@id\":\"https:\/\/cenal.gob.ve\/#\/schema\/person\/image\/\",\"url\":\"https:\/\/secure.gravatar.com\/avatar\/594b4ed34090910c619ac3679001d491?s=96&d=mm&r=g\",\"contentUrl\":\"https:\/\/secure.gravatar.com\/avatar\/594b4ed34090910c619ac3679001d491?s=96&d=mm&r=g\",\"caption\":\"Prensa Cenal\"},\"url\":\"https:\/\/cenal.gob.ve\/?author=10\"}]}<\/script>\n<!-- \/ Yoast SEO plugin. -->","yoast_head_json":{"title":"Al\u00ed Ram\u00f3n Rojas Olaya present\u00f3 en la Filven 2023 su obra \u201cHab\u00eda una vez un libro\u201d","robots":{"index":"index","follow":"follow","max-snippet":"max-snippet:-1","max-image-preview":"max-image-preview:large","max-video-preview":"max-video-preview:-1"},"canonical":"https:\/\/cenal.gob.ve\/?p=23011","og_locale":"es_ES","og_type":"article","og_title":"Al\u00ed Ram\u00f3n Rojas Olaya present\u00f3 en la Filven 2023 su obra \u201cHab\u00eda una vez un libro\u201d","og_description":"El escritor venezolano Al\u00ed Ram\u00f3n Rojas Olaya present\u00f3 y bautiz\u00f3 este domingo, durante la 19.a Feria Internacional del Libro de Venezuela (Filven 2023), su m\u00e1s reciente obra: Hab\u00eda una vez [&hellip;]","og_url":"https:\/\/cenal.gob.ve\/?p=23011","og_site_name":"Cenal","article_published_time":"2023-11-20T19:27:27+00:00","article_modified_time":"2023-11-20T19:27:34+00:00","og_image":[{"width":1024,"height":682,"url":"https:\/\/i0.wp.com\/cenal.gob.ve\/wp-content\/uploads\/2023\/11\/WhatsApp-Image-2023-11-19-at-8.38.40-PM-1-1024x682-1.jpeg?fit=1024%2C682&ssl=1","type":"image\/jpeg"}],"author":"Prensa Cenal","twitter_card":"summary_large_image","twitter_misc":{"Written by":"Prensa Cenal","Est. reading time":"2 minutos"},"schema":{"@context":"https:\/\/schema.org","@graph":[{"@type":"Article","@id":"https:\/\/cenal.gob.ve\/?p=23011#article","isPartOf":{"@id":"https:\/\/cenal.gob.ve\/?p=23011"},"author":{"name":"Prensa Cenal","@id":"https:\/\/cenal.gob.ve\/#\/schema\/person\/e3ed34623f400ffab8bc7a63b2f5533f"},"headline":"Al\u00ed Ram\u00f3n Rojas Olaya present\u00f3 en la Filven 2023 su obra \u201cHab\u00eda una vez un libro\u201d","datePublished":"2023-11-20T19:27:27+00:00","dateModified":"2023-11-20T19:27:34+00:00","mainEntityOfPage":{"@id":"https:\/\/cenal.gob.ve\/?p=23011"},"wordCount":449,"commentCount":0,"publisher":{"@id":"https:\/\/cenal.gob.ve\/#organization"},"keywords":["FILVEN"],"articleSection":["Filven"],"inLanguage":"es","potentialAction":[{"@type":"CommentAction","name":"Comment","target":["https:\/\/cenal.gob.ve\/?p=23011#respond"]}]},{"@type":"WebPage","@id":"https:\/\/cenal.gob.ve\/?p=23011","url":"https:\/\/cenal.gob.ve\/?p=23011","name":"Al\u00ed Ram\u00f3n Rojas Olaya present\u00f3 en la Filven 2023 su obra \u201cHab\u00eda una vez un libro\u201d","isPartOf":{"@id":"https:\/\/cenal.gob.ve\/#website"},"datePublished":"2023-11-20T19:27:27+00:00","dateModified":"2023-11-20T19:27:34+00:00","breadcrumb":{"@id":"https:\/\/cenal.gob.ve\/?p=23011#breadcrumb"},"inLanguage":"es","potentialAction":[{"@type":"ReadAction","target":["https:\/\/cenal.gob.ve\/?p=23011"]}]},{"@type":"BreadcrumbList","@id":"https:\/\/cenal.gob.ve\/?p=23011#breadcrumb","itemListElement":[{"@type":"ListItem","position":1,"name":"Home","item":"https:\/\/cenal.gob.ve\/"},{"@type":"ListItem","position":2,"name":"Al\u00ed Ram\u00f3n Rojas Olaya present\u00f3 en la Filven 2023 su obra \u201cHab\u00eda una vez un libro\u201d"}]},{"@type":"WebSite","@id":"https:\/\/cenal.gob.ve\/#website","url":"https:\/\/cenal.gob.ve\/","name":"Cenal","description":"","publisher":{"@id":"https:\/\/cenal.gob.ve\/#organization"},"potentialAction":[{"@type":"SearchAction","target":{"@type":"EntryPoint","urlTemplate":"https:\/\/cenal.gob.ve\/?s={search_term_string}"},"query-input":"required name=search_term_string"}],"inLanguage":"es"},{"@type":"Organization","@id":"https:\/\/cenal.gob.ve\/#organization","name":"CENAL","url":"https:\/\/cenal.gob.ve\/","sameAs":[],"logo":{"@type":"ImageObject","inLanguage":"es","@id":"https:\/\/cenal.gob.ve\/#\/schema\/logo\/image\/","url":"https:\/\/i0.wp.com\/cenal.gob.ve\/wp-content\/uploads\/2022\/10\/cropped-images.jpg?fit=512%2C512","contentUrl":"https:\/\/i0.wp.com\/cenal.gob.ve\/wp-content\/uploads\/2022\/10\/cropped-images.jpg?fit=512%2C512","width":512,"height":512,"caption":"CENAL"},"image":{"@id":"https:\/\/cenal.gob.ve\/#\/schema\/logo\/image\/"}},{"@type":"Person","@id":"https:\/\/cenal.gob.ve\/#\/schema\/person\/e3ed34623f400ffab8bc7a63b2f5533f","name":"Prensa Cenal","image":{"@type":"ImageObject","inLanguage":"es","@id":"https:\/\/cenal.gob.ve\/#\/schema\/person\/image\/","url":"https:\/\/secure.gravatar.com\/avatar\/594b4ed34090910c619ac3679001d491?s=96&d=mm&r=g","contentUrl":"https:\/\/secure.gravatar.com\/avatar\/594b4ed34090910c619ac3679001d491?s=96&d=mm&r=g","caption":"Prensa Cenal"},"url":"https:\/\/cenal.gob.ve\/?author=10"}]}},"jetpack_featured_media_url":"https:\/\/cenal.gob.ve\/wp-content\/uploads\/2023\/11\/WhatsApp-Image-2023-11-19-at-8.38.40-PM-1-1024x682-1.jpeg","jetpack_publicize_connections":[],"jetpack_shortlink":"https:\/\/wp.me\/p5FMhp-5Z9","_links":{"self":[{"href":"https:\/\/cenal.gob.ve\/index.php?rest_route=\/wp\/v2\/posts\/23011"}],"collection":[{"href":"https:\/\/cenal.gob.ve\/index.php?rest_route=\/wp\/v2\/posts"}],"about":[{"href":"https:\/\/cenal.gob.ve\/index.php?rest_route=\/wp\/v2\/types\/post"}],"author":[{"embeddable":true,"href":"https:\/\/cenal.gob.ve\/index.php?rest_route=\/wp\/v2\/users\/10"}],"replies":[{"embeddable":true,"href":"https:\/\/cenal.gob.ve\/index.php?rest_route=%2Fwp%2Fv2%2Fcomments&post=23011"}],"version-history":[{"count":1,"href":"https:\/\/cenal.gob.ve\/index.php?rest_route=\/wp\/v2\/posts\/23011\/revisions"}],"predecessor-version":[{"id":23013,"href":"https:\/\/cenal.gob.ve\/index.php?rest_route=\/wp\/v2\/posts\/23011\/revisions\/23013"}],"wp:featuredmedia":[{"embeddable":true,"href":"https:\/\/cenal.gob.ve\/index.php?rest_route=\/wp\/v2\/media\/23012"}],"wp:attachment":[{"href":"https:\/\/cenal.gob.ve\/index.php?rest_route=%2Fwp%2Fv2%2Fmedia&parent=23011"}],"wp:term":[{"taxonomy":"category","embeddable":true,"href":"https:\/\/cenal.gob.ve\/index.php?rest_route=%2Fwp%2Fv2%2Fcategories&post=23011"},{"taxonomy":"post_tag","embeddable":true,"href":"https:\/\/cenal.gob.ve\/index.php?rest_route=%2Fwp%2Fv2%2Ftags&post=23011"}],"curies":[{"name":"wp","href":"https:\/\/api.w.org\/{rel}","templated":true}]}}