{"id":23017,"date":"2023-11-20T15:47:26","date_gmt":"2023-11-20T19:47:26","guid":{"rendered":"http:\/\/cenal.gob.ve\/?p=23017"},"modified":"2023-11-20T15:47:34","modified_gmt":"2023-11-20T19:47:34","slug":"poemas-para-reparar-el-tejido-social-compartio-hugo-jamioy-en-la-filven-2023","status":"publish","type":"post","link":"https:\/\/cenal.gob.ve\/?p=23017","title":{"rendered":"Poemas para reparar el tejido social comparti\u00f3 Hugo Jamioy en la Filven 2023"},"content":{"rendered":"\n<p>El compartir de la palabra hecha poes\u00eda encontr\u00f3 un sitio especial entre el canto de aves y el agradable ambiente natural de los alrededores de El Laguito, en el C\u00edrculo Militar de Caracas, lugar donde se desarrolla hasta este lunes 20 la 19\u00aa Feria Internacional del Libro de Venezuela (Filven 2023).<\/p>\n\n\n\n<p>El poeta y cuentista colombiano Hugo Jamioy es uno de los invitados internacionales de la naci\u00f3n hermana que comparti\u00f3 sus reflexiones. \u00c9l pertenece a la familia ind\u00edgena Cams\u00e1 del sur de Colombia. Es uno de los poetas m\u00e1s reconocidos en la activa corriente de oralitura ind\u00edgena que se ha desarrollado en Am\u00e9rica Latina, una corriente que aboga por la reuni\u00f3n cosmog\u00f3nica de la cultura ancestral, por ese volver hacia nosotros desde una mirada decolonial.<\/p>\n\n\n\n<figure class=\"wp-block-image\"><img src=\"https:\/\/filven.com\/wp-content\/uploads\/2023\/11\/WhatsApp-Image-2023-11-19-at-11.09.41-PM-1-1024x682.jpeg\" alt=\"\" class=\"wp-image-13534\"\/><\/figure>\n\n\n\n<p>\u201cNo solamente voy a hablar yo, tambi\u00e9n estar\u00e1 la voz de mis abuelos aqu\u00ed a trav\u00e9s de lo que compartir\u00e9\u201d, expres\u00f3 el poeta, antes de compartir sus reflexiones en torno a la tradici\u00f3n ind\u00edgena y al cuidado de la naturaleza, como un acto de agradecimiento a lo que recibimos de ella.<\/p>\n\n\n\n<p>\u201cEl ritmo de la vida tan acelerado a veces nos hace olvidar que todo lo que tomamos de la madre tierra merece un agradecimiento\u201d, se\u00f1al\u00f3 Jamioy, recordando que los pueblos ind\u00edgenas siempre practican lo heredado por sus abuelos, y que este agradecimiento tiene mucho que ver con un elemento importante, el esp\u00edritu.<\/p>\n\n\n\n<p>\u201cTodo en la naturaleza tiene esp\u00edritu, as\u00ed como nosotros; esto tiene que ver con esa sensaci\u00f3n que sentimos frente a algo y frente a nosotros mismos. La forma en que alcanzamos a percibir lo que existe en la naturaleza, lo que existe al interior nuestro, lo que existe en nuestra familia, y es muchas veces descuidado\u201d, se\u00f1al\u00f3.<\/p>\n\n\n\n<p>El p\u00fablico participante conect\u00f3, guiados por el poeta, con un ejercicio imaginativo que consist\u00eda en visitar mentalmente aquellos espacios naturales que para cada particular ten\u00eda un significado especial, limpiando y despejando, desde ese sentir espiritual y la presencia de lo sagrado.<\/p>\n\n\n\n<p>El poeta afirm\u00f3: \u201cHoy quiero decirle que todos los lugares que transitamos en nuestro diario vivir necesitan nuestra energ\u00eda espiritual. Siempre estamos pensando y nos asombramos cuando pasamos frente a espacios naturales como una cascada; y as\u00ed deber\u00edamos pensar todos en todo lugar. Mi padre dec\u00eda que los lugares se parecen a los seres que lo habitan, y nosotros decimos en nuestros territorios que estos lugares reflejan lo que nosotros somos, y por eso se mantienen hermosos\u201d.<\/p>\n\n\n\n<p><strong>Oralitura<\/strong><\/p>\n\n\n\n<p>Jamioy convers\u00f3 tambi\u00e9n sobre la oralitura, un t\u00e9rmino que agrupa dos pr\u00e1cticas, la oralidad y la escritura, y que en el quehacer ind\u00edgena ha encontrado un terreno f\u00e9rtil para conectar lo oral y la literatura que de ello se deriva. El poeta ve a la oralitura como un r\u00edo con dos orillas; en una de las orillas est\u00e1 la palabra antigua que sostiene la tradici\u00f3n ancestral, y en el otro la nueva palabra que quiere dar cuenta de ese vasto universo.<\/p>\n\n\n\n<figure class=\"wp-block-image\"><img src=\"https:\/\/filven.com\/wp-content\/uploads\/2023\/11\/WhatsApp-Image-2023-11-19-at-11.09.42-PM-1024x682.jpeg\" alt=\"\" class=\"wp-image-13535\"\/><\/figure>\n\n\n\n<p>Tambi\u00e9n comparti\u00f3 textos de su libro <em>Danzantes del viento (B\u00ednybe oboyejuayeng)<\/em>, publicado en el a\u00f1o 2010, un poemario que muestra una voz en la frontera entre la cultura cam\u00ebnts\u00e1 y la extranjera, y que traza un puente intercultural entre la ciudad y el territorio ancestral.<\/p>\n\n\n\n<p>La Filven 2023 ofrece m\u00e1s de 600 actividades para el fomento del libro y la lectura, donde la poes\u00eda ha destacado al convocar la palabra sensible y la reflexi\u00f3n cotidiana. La feria culminar\u00e1 este lunes 20 de noviembre y su programaci\u00f3n est\u00e1 disponible en el sitio web <a href=\"http:\/\/www.filven.com.\">www.filven.com.<\/a><\/p>\n\n\n\n<p><strong>FIN\/FILVEN\/BETH\/MP<\/strong><\/p>\n","protected":false},"excerpt":{"rendered":"<p>El compartir de la palabra hecha poes\u00eda encontr\u00f3 un sitio especial entre el canto de aves y el agradable ambiente natural de los alrededores de El Laguito, en el C\u00edrculo [&hellip;]<\/p>\n","protected":false},"author":10,"featured_media":23018,"comment_status":"open","ping_status":"closed","sticky":false,"template":"","format":"standard","meta":{"spay_email":"","jetpack_publicize_message":"","jetpack_is_tweetstorm":false,"jetpack_publicize_feature_enabled":true},"categories":[12],"tags":[79],"yoast_head":"<!-- This site is optimized with the Yoast SEO plugin v19.8 - https:\/\/yoast.com\/wordpress\/plugins\/seo\/ -->\n<title>Poemas para reparar el tejido social comparti\u00f3 Hugo Jamioy en la Filven 2023<\/title>\n<meta name=\"robots\" content=\"index, follow, max-snippet:-1, max-image-preview:large, max-video-preview:-1\" \/>\n<link rel=\"canonical\" href=\"https:\/\/cenal.gob.ve\/?p=23017\" \/>\n<meta property=\"og:locale\" content=\"es_ES\" \/>\n<meta property=\"og:type\" content=\"article\" \/>\n<meta property=\"og:title\" content=\"Poemas para reparar el tejido social comparti\u00f3 Hugo Jamioy en la Filven 2023\" \/>\n<meta property=\"og:description\" content=\"El compartir de la palabra hecha poes\u00eda encontr\u00f3 un sitio especial entre el canto de aves y el agradable ambiente natural de los alrededores de El Laguito, en el C\u00edrculo [&hellip;]\" \/>\n<meta property=\"og:url\" content=\"https:\/\/cenal.gob.ve\/?p=23017\" \/>\n<meta property=\"og:site_name\" content=\"Cenal\" \/>\n<meta property=\"article:published_time\" content=\"2023-11-20T19:47:26+00:00\" \/>\n<meta property=\"article:modified_time\" content=\"2023-11-20T19:47:34+00:00\" \/>\n<meta property=\"og:image\" content=\"https:\/\/i0.wp.com\/cenal.gob.ve\/wp-content\/uploads\/2023\/11\/WhatsApp-Image-2023-11-19-at-11.09.41-PM-1024x682-1.jpeg?fit=1024%2C682&ssl=1\" \/>\n\t<meta property=\"og:image:width\" content=\"1024\" \/>\n\t<meta property=\"og:image:height\" content=\"682\" \/>\n\t<meta property=\"og:image:type\" content=\"image\/jpeg\" \/>\n<meta name=\"author\" content=\"Prensa Cenal\" \/>\n<meta name=\"twitter:card\" content=\"summary_large_image\" \/>\n<meta name=\"twitter:label1\" content=\"Written by\" \/>\n\t<meta name=\"twitter:data1\" content=\"Prensa Cenal\" \/>\n\t<meta name=\"twitter:label2\" content=\"Est. reading time\" \/>\n\t<meta name=\"twitter:data2\" content=\"4 minutos\" \/>\n<script type=\"application\/ld+json\" class=\"yoast-schema-graph\">{\"@context\":\"https:\/\/schema.org\",\"@graph\":[{\"@type\":\"Article\",\"@id\":\"https:\/\/cenal.gob.ve\/?p=23017#article\",\"isPartOf\":{\"@id\":\"https:\/\/cenal.gob.ve\/?p=23017\"},\"author\":{\"name\":\"Prensa Cenal\",\"@id\":\"https:\/\/cenal.gob.ve\/#\/schema\/person\/e3ed34623f400ffab8bc7a63b2f5533f\"},\"headline\":\"Poemas para reparar el tejido social comparti\u00f3 Hugo Jamioy en la Filven 2023\",\"datePublished\":\"2023-11-20T19:47:26+00:00\",\"dateModified\":\"2023-11-20T19:47:34+00:00\",\"mainEntityOfPage\":{\"@id\":\"https:\/\/cenal.gob.ve\/?p=23017\"},\"wordCount\":629,\"commentCount\":1,\"publisher\":{\"@id\":\"https:\/\/cenal.gob.ve\/#organization\"},\"keywords\":[\"FILVEN\"],\"articleSection\":[\"Filven\"],\"inLanguage\":\"es\",\"potentialAction\":[{\"@type\":\"CommentAction\",\"name\":\"Comment\",\"target\":[\"https:\/\/cenal.gob.ve\/?p=23017#respond\"]}]},{\"@type\":\"WebPage\",\"@id\":\"https:\/\/cenal.gob.ve\/?p=23017\",\"url\":\"https:\/\/cenal.gob.ve\/?p=23017\",\"name\":\"Poemas para reparar el tejido social comparti\u00f3 Hugo Jamioy en la Filven 2023\",\"isPartOf\":{\"@id\":\"https:\/\/cenal.gob.ve\/#website\"},\"datePublished\":\"2023-11-20T19:47:26+00:00\",\"dateModified\":\"2023-11-20T19:47:34+00:00\",\"breadcrumb\":{\"@id\":\"https:\/\/cenal.gob.ve\/?p=23017#breadcrumb\"},\"inLanguage\":\"es\",\"potentialAction\":[{\"@type\":\"ReadAction\",\"target\":[\"https:\/\/cenal.gob.ve\/?p=23017\"]}]},{\"@type\":\"BreadcrumbList\",\"@id\":\"https:\/\/cenal.gob.ve\/?p=23017#breadcrumb\",\"itemListElement\":[{\"@type\":\"ListItem\",\"position\":1,\"name\":\"Home\",\"item\":\"https:\/\/cenal.gob.ve\/\"},{\"@type\":\"ListItem\",\"position\":2,\"name\":\"Poemas para reparar el tejido social comparti\u00f3 Hugo Jamioy en la Filven 2023\"}]},{\"@type\":\"WebSite\",\"@id\":\"https:\/\/cenal.gob.ve\/#website\",\"url\":\"https:\/\/cenal.gob.ve\/\",\"name\":\"Cenal\",\"description\":\"\",\"publisher\":{\"@id\":\"https:\/\/cenal.gob.ve\/#organization\"},\"potentialAction\":[{\"@type\":\"SearchAction\",\"target\":{\"@type\":\"EntryPoint\",\"urlTemplate\":\"https:\/\/cenal.gob.ve\/?s={search_term_string}\"},\"query-input\":\"required name=search_term_string\"}],\"inLanguage\":\"es\"},{\"@type\":\"Organization\",\"@id\":\"https:\/\/cenal.gob.ve\/#organization\",\"name\":\"CENAL\",\"url\":\"https:\/\/cenal.gob.ve\/\",\"sameAs\":[],\"logo\":{\"@type\":\"ImageObject\",\"inLanguage\":\"es\",\"@id\":\"https:\/\/cenal.gob.ve\/#\/schema\/logo\/image\/\",\"url\":\"https:\/\/i0.wp.com\/cenal.gob.ve\/wp-content\/uploads\/2022\/10\/cropped-images.jpg?fit=512%2C512\",\"contentUrl\":\"https:\/\/i0.wp.com\/cenal.gob.ve\/wp-content\/uploads\/2022\/10\/cropped-images.jpg?fit=512%2C512\",\"width\":512,\"height\":512,\"caption\":\"CENAL\"},\"image\":{\"@id\":\"https:\/\/cenal.gob.ve\/#\/schema\/logo\/image\/\"}},{\"@type\":\"Person\",\"@id\":\"https:\/\/cenal.gob.ve\/#\/schema\/person\/e3ed34623f400ffab8bc7a63b2f5533f\",\"name\":\"Prensa Cenal\",\"image\":{\"@type\":\"ImageObject\",\"inLanguage\":\"es\",\"@id\":\"https:\/\/cenal.gob.ve\/#\/schema\/person\/image\/\",\"url\":\"https:\/\/secure.gravatar.com\/avatar\/594b4ed34090910c619ac3679001d491?s=96&d=mm&r=g\",\"contentUrl\":\"https:\/\/secure.gravatar.com\/avatar\/594b4ed34090910c619ac3679001d491?s=96&d=mm&r=g\",\"caption\":\"Prensa Cenal\"},\"url\":\"https:\/\/cenal.gob.ve\/?author=10\"}]}<\/script>\n<!-- \/ Yoast SEO plugin. -->","yoast_head_json":{"title":"Poemas para reparar el tejido social comparti\u00f3 Hugo Jamioy en la Filven 2023","robots":{"index":"index","follow":"follow","max-snippet":"max-snippet:-1","max-image-preview":"max-image-preview:large","max-video-preview":"max-video-preview:-1"},"canonical":"https:\/\/cenal.gob.ve\/?p=23017","og_locale":"es_ES","og_type":"article","og_title":"Poemas para reparar el tejido social comparti\u00f3 Hugo Jamioy en la Filven 2023","og_description":"El compartir de la palabra hecha poes\u00eda encontr\u00f3 un sitio especial entre el canto de aves y el agradable ambiente natural de los alrededores de El Laguito, en el C\u00edrculo [&hellip;]","og_url":"https:\/\/cenal.gob.ve\/?p=23017","og_site_name":"Cenal","article_published_time":"2023-11-20T19:47:26+00:00","article_modified_time":"2023-11-20T19:47:34+00:00","og_image":[{"width":1024,"height":682,"url":"https:\/\/i0.wp.com\/cenal.gob.ve\/wp-content\/uploads\/2023\/11\/WhatsApp-Image-2023-11-19-at-11.09.41-PM-1024x682-1.jpeg?fit=1024%2C682&ssl=1","type":"image\/jpeg"}],"author":"Prensa Cenal","twitter_card":"summary_large_image","twitter_misc":{"Written by":"Prensa Cenal","Est. reading time":"4 minutos"},"schema":{"@context":"https:\/\/schema.org","@graph":[{"@type":"Article","@id":"https:\/\/cenal.gob.ve\/?p=23017#article","isPartOf":{"@id":"https:\/\/cenal.gob.ve\/?p=23017"},"author":{"name":"Prensa Cenal","@id":"https:\/\/cenal.gob.ve\/#\/schema\/person\/e3ed34623f400ffab8bc7a63b2f5533f"},"headline":"Poemas para reparar el tejido social comparti\u00f3 Hugo Jamioy en la Filven 2023","datePublished":"2023-11-20T19:47:26+00:00","dateModified":"2023-11-20T19:47:34+00:00","mainEntityOfPage":{"@id":"https:\/\/cenal.gob.ve\/?p=23017"},"wordCount":629,"commentCount":1,"publisher":{"@id":"https:\/\/cenal.gob.ve\/#organization"},"keywords":["FILVEN"],"articleSection":["Filven"],"inLanguage":"es","potentialAction":[{"@type":"CommentAction","name":"Comment","target":["https:\/\/cenal.gob.ve\/?p=23017#respond"]}]},{"@type":"WebPage","@id":"https:\/\/cenal.gob.ve\/?p=23017","url":"https:\/\/cenal.gob.ve\/?p=23017","name":"Poemas para reparar el tejido social comparti\u00f3 Hugo Jamioy en la Filven 2023","isPartOf":{"@id":"https:\/\/cenal.gob.ve\/#website"},"datePublished":"2023-11-20T19:47:26+00:00","dateModified":"2023-11-20T19:47:34+00:00","breadcrumb":{"@id":"https:\/\/cenal.gob.ve\/?p=23017#breadcrumb"},"inLanguage":"es","potentialAction":[{"@type":"ReadAction","target":["https:\/\/cenal.gob.ve\/?p=23017"]}]},{"@type":"BreadcrumbList","@id":"https:\/\/cenal.gob.ve\/?p=23017#breadcrumb","itemListElement":[{"@type":"ListItem","position":1,"name":"Home","item":"https:\/\/cenal.gob.ve\/"},{"@type":"ListItem","position":2,"name":"Poemas para reparar el tejido social comparti\u00f3 Hugo Jamioy en la Filven 2023"}]},{"@type":"WebSite","@id":"https:\/\/cenal.gob.ve\/#website","url":"https:\/\/cenal.gob.ve\/","name":"Cenal","description":"","publisher":{"@id":"https:\/\/cenal.gob.ve\/#organization"},"potentialAction":[{"@type":"SearchAction","target":{"@type":"EntryPoint","urlTemplate":"https:\/\/cenal.gob.ve\/?s={search_term_string}"},"query-input":"required name=search_term_string"}],"inLanguage":"es"},{"@type":"Organization","@id":"https:\/\/cenal.gob.ve\/#organization","name":"CENAL","url":"https:\/\/cenal.gob.ve\/","sameAs":[],"logo":{"@type":"ImageObject","inLanguage":"es","@id":"https:\/\/cenal.gob.ve\/#\/schema\/logo\/image\/","url":"https:\/\/i0.wp.com\/cenal.gob.ve\/wp-content\/uploads\/2022\/10\/cropped-images.jpg?fit=512%2C512","contentUrl":"https:\/\/i0.wp.com\/cenal.gob.ve\/wp-content\/uploads\/2022\/10\/cropped-images.jpg?fit=512%2C512","width":512,"height":512,"caption":"CENAL"},"image":{"@id":"https:\/\/cenal.gob.ve\/#\/schema\/logo\/image\/"}},{"@type":"Person","@id":"https:\/\/cenal.gob.ve\/#\/schema\/person\/e3ed34623f400ffab8bc7a63b2f5533f","name":"Prensa Cenal","image":{"@type":"ImageObject","inLanguage":"es","@id":"https:\/\/cenal.gob.ve\/#\/schema\/person\/image\/","url":"https:\/\/secure.gravatar.com\/avatar\/594b4ed34090910c619ac3679001d491?s=96&d=mm&r=g","contentUrl":"https:\/\/secure.gravatar.com\/avatar\/594b4ed34090910c619ac3679001d491?s=96&d=mm&r=g","caption":"Prensa Cenal"},"url":"https:\/\/cenal.gob.ve\/?author=10"}]}},"jetpack_featured_media_url":"https:\/\/cenal.gob.ve\/wp-content\/uploads\/2023\/11\/WhatsApp-Image-2023-11-19-at-11.09.41-PM-1024x682-1.jpeg","jetpack_publicize_connections":[],"jetpack_shortlink":"https:\/\/wp.me\/p5FMhp-5Zf","_links":{"self":[{"href":"https:\/\/cenal.gob.ve\/index.php?rest_route=\/wp\/v2\/posts\/23017"}],"collection":[{"href":"https:\/\/cenal.gob.ve\/index.php?rest_route=\/wp\/v2\/posts"}],"about":[{"href":"https:\/\/cenal.gob.ve\/index.php?rest_route=\/wp\/v2\/types\/post"}],"author":[{"embeddable":true,"href":"https:\/\/cenal.gob.ve\/index.php?rest_route=\/wp\/v2\/users\/10"}],"replies":[{"embeddable":true,"href":"https:\/\/cenal.gob.ve\/index.php?rest_route=%2Fwp%2Fv2%2Fcomments&post=23017"}],"version-history":[{"count":1,"href":"https:\/\/cenal.gob.ve\/index.php?rest_route=\/wp\/v2\/posts\/23017\/revisions"}],"predecessor-version":[{"id":23019,"href":"https:\/\/cenal.gob.ve\/index.php?rest_route=\/wp\/v2\/posts\/23017\/revisions\/23019"}],"wp:featuredmedia":[{"embeddable":true,"href":"https:\/\/cenal.gob.ve\/index.php?rest_route=\/wp\/v2\/media\/23018"}],"wp:attachment":[{"href":"https:\/\/cenal.gob.ve\/index.php?rest_route=%2Fwp%2Fv2%2Fmedia&parent=23017"}],"wp:term":[{"taxonomy":"category","embeddable":true,"href":"https:\/\/cenal.gob.ve\/index.php?rest_route=%2Fwp%2Fv2%2Fcategories&post=23017"},{"taxonomy":"post_tag","embeddable":true,"href":"https:\/\/cenal.gob.ve\/index.php?rest_route=%2Fwp%2Fv2%2Ftags&post=23017"}],"curies":[{"name":"wp","href":"https:\/\/api.w.org\/{rel}","templated":true}]}}