{"id":23027,"date":"2023-11-21T13:37:16","date_gmt":"2023-11-21T17:37:16","guid":{"rendered":"http:\/\/cenal.gob.ve\/?p=23027"},"modified":"2023-11-22T11:37:51","modified_gmt":"2023-11-22T15:37:51","slug":"los-libros-mas-vendidos-en-filven-2023","status":"publish","type":"post","link":"https:\/\/cenal.gob.ve\/?p=23027","title":{"rendered":"Los libros m\u00e1s vendidos en Filven 2023"},"content":{"rendered":"\n<p>Finalizada la 19\u00aa Feria Internacional del Libro de Venezuela Filven 2023 report\u00f3 las ventas de los libros m\u00e1s vendidos durante los 12 d\u00edas que se realiz\u00f3 en El Laguito del C\u00edrculo Militar de Caracas, entre el 9 y el 20 de noviembre.<\/p>\n\n\n\n<p><strong>LIBROS M\u00c1S VENDIDOS<\/strong><br><strong>Novedades 2023<\/strong><\/p>\n\n\n\n<p><strong>El mar que me regalas<\/strong><br>Jorge Rodr\u00edguez G\u00f3mez<br><em>Editorial Acirema<\/em><\/p>\n\n\n\n<p><strong>Happy<\/strong><br>Miguel \u00c1ngel P\u00e9rez Pirela<br><em>Monte \u00c1vila Editores y LaIguana<\/em><\/p>\n\n\n\n<p><strong>Entren que caben cien<\/strong><br>Angel M\u00e9ndez<br><em>El perro y la rana<\/em><\/p>\n\n\n\n<p><strong>Entrevistas con Diosdado Cabello<\/strong><br>Jos\u00e9 Vicente Rangel&nbsp;<br><em>El perro y la rana<\/em><\/p>\n\n\n\n<p><strong>Embuster\u00edas del llano venezolano y otros cuentos de caminos<\/strong><br>Jos\u00e9 Daniel Su\u00e1rez Hermoso<br><em>El perro y la rana<\/em><\/p>\n\n\n\n<p><strong>Discursos al pie del hemiciclo&nbsp;<\/strong><br>Tarek William Saab&nbsp;<br><em>Monte Avila Editores<\/em><\/p>\n\n\n\n<p><strong>Fotograf\u00edas en Venezuela. Cuatro d\u00e9cadas<\/strong><br>Laura Antillano&nbsp;<br><em>El perro y la rana<\/em><\/p>\n\n\n\n<p><strong>Pa\u00eds mantuano. Ensayos de filosof\u00eda del cimarronaje en clave de historia<\/strong><br>Lilia Ana M\u00e1rquez Ugueto&nbsp;<br><em>El perro y la rana<\/em><\/p>\n\n\n\n<p><strong>Feminismo y \u00e9tica nuestraemticana<\/strong><br>Virginia Aguirre&nbsp;<br><em>El perro y la rana<\/em><\/p>\n\n\n\n<p><strong>Obra (In)completa<\/strong><br>Salustio Gonz\u00e1lez Rincones<br><em>El perro y la rana<\/em><\/p>\n\n\n\n<p><strong>LIBROS M\u00c1S VENDIDOS<\/strong><br><strong>Fuera de novedades<\/strong><\/p>\n\n\n\n<p><strong>\u00bfPor qu\u00e9 se ha reducido el territorio venezolano?<\/strong><br>Earle Herrera<br><em>El perro y la rana<\/em><\/p>\n\n\n\n<p><strong>Historias del para\u00edso<\/strong><br>Gustavo Pereira<br><em>Monte Avila Editores<\/em><\/p>\n\n\n\n<p><strong>Ensayos de comprensi\u00f3n hist\u00f3rica de Venezuela<\/strong><br>Federico Brito Figueroa<br><em>Biblioteca Ayacucho<\/em><\/p>\n","protected":false},"excerpt":{"rendered":"<p>Finalizada la 19.a Feria Internacional del Libro de Venezuela Filven 2023 report\u00f3 las ventas de los libros m\u00e1s vendidos durante los 12 d\u00edas que se realiz\u00f3 en El Laguito del C\u00edrculo Militar de Caracas, entre el 9 y el 20 de noviembre.<\/p>\n","protected":false},"author":10,"featured_media":23029,"comment_status":"open","ping_status":"closed","sticky":false,"template":"","format":"standard","meta":{"spay_email":"","jetpack_publicize_message":"","jetpack_is_tweetstorm":false,"jetpack_publicize_feature_enabled":true},"categories":[12],"tags":[],"yoast_head":"<!-- This site is optimized with the Yoast SEO plugin v19.8 - https:\/\/yoast.com\/wordpress\/plugins\/seo\/ -->\n<title>Los libros m\u00e1s vendidos en Filven 2023<\/title>\n<meta name=\"robots\" content=\"index, follow, max-snippet:-1, max-image-preview:large, max-video-preview:-1\" \/>\n<link rel=\"canonical\" href=\"https:\/\/cenal.gob.ve\/?p=23027\" \/>\n<meta property=\"og:locale\" content=\"es_ES\" \/>\n<meta property=\"og:type\" content=\"article\" \/>\n<meta property=\"og:title\" content=\"Los libros m\u00e1s vendidos en Filven 2023\" \/>\n<meta property=\"og:description\" content=\"Finalizada la 19.a Feria Internacional del Libro de Venezuela Filven 2023 report\u00f3 las ventas de los libros m\u00e1s vendidos durante los 12 d\u00edas que se realiz\u00f3 en El Laguito del C\u00edrculo Militar de Caracas, entre el 9 y el 20 de noviembre.\" \/>\n<meta property=\"og:url\" content=\"https:\/\/cenal.gob.ve\/?p=23027\" \/>\n<meta property=\"og:site_name\" content=\"Cenal\" \/>\n<meta property=\"article:published_time\" content=\"2023-11-21T17:37:16+00:00\" \/>\n<meta property=\"article:modified_time\" content=\"2023-11-22T15:37:51+00:00\" \/>\n<meta property=\"og:image\" content=\"https:\/\/i0.wp.com\/cenal.gob.ve\/wp-content\/uploads\/2023\/11\/FullSizeRender-scaled.jpeg?fit=2560%2C1920&ssl=1\" \/>\n\t<meta property=\"og:image:width\" content=\"2560\" \/>\n\t<meta property=\"og:image:height\" content=\"1920\" \/>\n\t<meta property=\"og:image:type\" content=\"image\/jpeg\" \/>\n<meta name=\"author\" content=\"Prensa Cenal\" \/>\n<meta name=\"twitter:card\" content=\"summary_large_image\" \/>\n<meta name=\"twitter:label1\" content=\"Written by\" \/>\n\t<meta name=\"twitter:data1\" content=\"Prensa Cenal\" \/>\n\t<meta name=\"twitter:label2\" content=\"Est. reading time\" \/>\n\t<meta name=\"twitter:data2\" content=\"1 minuto\" \/>\n<script type=\"application\/ld+json\" class=\"yoast-schema-graph\">{\"@context\":\"https:\/\/schema.org\",\"@graph\":[{\"@type\":\"Article\",\"@id\":\"https:\/\/cenal.gob.ve\/?p=23027#article\",\"isPartOf\":{\"@id\":\"https:\/\/cenal.gob.ve\/?p=23027\"},\"author\":{\"name\":\"Prensa Cenal\",\"@id\":\"https:\/\/cenal.gob.ve\/#\/schema\/person\/e3ed34623f400ffab8bc7a63b2f5533f\"},\"headline\":\"Los libros m\u00e1s vendidos en Filven 2023\",\"datePublished\":\"2023-11-21T17:37:16+00:00\",\"dateModified\":\"2023-11-22T15:37:51+00:00\",\"mainEntityOfPage\":{\"@id\":\"https:\/\/cenal.gob.ve\/?p=23027\"},\"wordCount\":219,\"commentCount\":0,\"publisher\":{\"@id\":\"https:\/\/cenal.gob.ve\/#organization\"},\"articleSection\":[\"Filven\"],\"inLanguage\":\"es\",\"potentialAction\":[{\"@type\":\"CommentAction\",\"name\":\"Comment\",\"target\":[\"https:\/\/cenal.gob.ve\/?p=23027#respond\"]}]},{\"@type\":\"WebPage\",\"@id\":\"https:\/\/cenal.gob.ve\/?p=23027\",\"url\":\"https:\/\/cenal.gob.ve\/?p=23027\",\"name\":\"Los libros m\u00e1s vendidos en Filven 2023\",\"isPartOf\":{\"@id\":\"https:\/\/cenal.gob.ve\/#website\"},\"datePublished\":\"2023-11-21T17:37:16+00:00\",\"dateModified\":\"2023-11-22T15:37:51+00:00\",\"breadcrumb\":{\"@id\":\"https:\/\/cenal.gob.ve\/?p=23027#breadcrumb\"},\"inLanguage\":\"es\",\"potentialAction\":[{\"@type\":\"ReadAction\",\"target\":[\"https:\/\/cenal.gob.ve\/?p=23027\"]}]},{\"@type\":\"BreadcrumbList\",\"@id\":\"https:\/\/cenal.gob.ve\/?p=23027#breadcrumb\",\"itemListElement\":[{\"@type\":\"ListItem\",\"position\":1,\"name\":\"Home\",\"item\":\"https:\/\/cenal.gob.ve\/\"},{\"@type\":\"ListItem\",\"position\":2,\"name\":\"Los libros m\u00e1s vendidos en Filven 2023\"}]},{\"@type\":\"WebSite\",\"@id\":\"https:\/\/cenal.gob.ve\/#website\",\"url\":\"https:\/\/cenal.gob.ve\/\",\"name\":\"Cenal\",\"description\":\"\",\"publisher\":{\"@id\":\"https:\/\/cenal.gob.ve\/#organization\"},\"potentialAction\":[{\"@type\":\"SearchAction\",\"target\":{\"@type\":\"EntryPoint\",\"urlTemplate\":\"https:\/\/cenal.gob.ve\/?s={search_term_string}\"},\"query-input\":\"required name=search_term_string\"}],\"inLanguage\":\"es\"},{\"@type\":\"Organization\",\"@id\":\"https:\/\/cenal.gob.ve\/#organization\",\"name\":\"CENAL\",\"url\":\"https:\/\/cenal.gob.ve\/\",\"sameAs\":[],\"logo\":{\"@type\":\"ImageObject\",\"inLanguage\":\"es\",\"@id\":\"https:\/\/cenal.gob.ve\/#\/schema\/logo\/image\/\",\"url\":\"https:\/\/i0.wp.com\/cenal.gob.ve\/wp-content\/uploads\/2022\/10\/cropped-images.jpg?fit=512%2C512\",\"contentUrl\":\"https:\/\/i0.wp.com\/cenal.gob.ve\/wp-content\/uploads\/2022\/10\/cropped-images.jpg?fit=512%2C512\",\"width\":512,\"height\":512,\"caption\":\"CENAL\"},\"image\":{\"@id\":\"https:\/\/cenal.gob.ve\/#\/schema\/logo\/image\/\"}},{\"@type\":\"Person\",\"@id\":\"https:\/\/cenal.gob.ve\/#\/schema\/person\/e3ed34623f400ffab8bc7a63b2f5533f\",\"name\":\"Prensa Cenal\",\"image\":{\"@type\":\"ImageObject\",\"inLanguage\":\"es\",\"@id\":\"https:\/\/cenal.gob.ve\/#\/schema\/person\/image\/\",\"url\":\"https:\/\/secure.gravatar.com\/avatar\/594b4ed34090910c619ac3679001d491?s=96&d=mm&r=g\",\"contentUrl\":\"https:\/\/secure.gravatar.com\/avatar\/594b4ed34090910c619ac3679001d491?s=96&d=mm&r=g\",\"caption\":\"Prensa Cenal\"},\"url\":\"https:\/\/cenal.gob.ve\/?author=10\"}]}<\/script>\n<!-- \/ Yoast SEO plugin. -->","yoast_head_json":{"title":"Los libros m\u00e1s vendidos en Filven 2023","robots":{"index":"index","follow":"follow","max-snippet":"max-snippet:-1","max-image-preview":"max-image-preview:large","max-video-preview":"max-video-preview:-1"},"canonical":"https:\/\/cenal.gob.ve\/?p=23027","og_locale":"es_ES","og_type":"article","og_title":"Los libros m\u00e1s vendidos en Filven 2023","og_description":"Finalizada la 19.a Feria Internacional del Libro de Venezuela Filven 2023 report\u00f3 las ventas de los libros m\u00e1s vendidos durante los 12 d\u00edas que se realiz\u00f3 en El Laguito del C\u00edrculo Militar de Caracas, entre el 9 y el 20 de noviembre.","og_url":"https:\/\/cenal.gob.ve\/?p=23027","og_site_name":"Cenal","article_published_time":"2023-11-21T17:37:16+00:00","article_modified_time":"2023-11-22T15:37:51+00:00","og_image":[{"width":2560,"height":1920,"url":"https:\/\/i0.wp.com\/cenal.gob.ve\/wp-content\/uploads\/2023\/11\/FullSizeRender-scaled.jpeg?fit=2560%2C1920&ssl=1","type":"image\/jpeg"}],"author":"Prensa Cenal","twitter_card":"summary_large_image","twitter_misc":{"Written by":"Prensa Cenal","Est. reading time":"1 minuto"},"schema":{"@context":"https:\/\/schema.org","@graph":[{"@type":"Article","@id":"https:\/\/cenal.gob.ve\/?p=23027#article","isPartOf":{"@id":"https:\/\/cenal.gob.ve\/?p=23027"},"author":{"name":"Prensa Cenal","@id":"https:\/\/cenal.gob.ve\/#\/schema\/person\/e3ed34623f400ffab8bc7a63b2f5533f"},"headline":"Los libros m\u00e1s vendidos en Filven 2023","datePublished":"2023-11-21T17:37:16+00:00","dateModified":"2023-11-22T15:37:51+00:00","mainEntityOfPage":{"@id":"https:\/\/cenal.gob.ve\/?p=23027"},"wordCount":219,"commentCount":0,"publisher":{"@id":"https:\/\/cenal.gob.ve\/#organization"},"articleSection":["Filven"],"inLanguage":"es","potentialAction":[{"@type":"CommentAction","name":"Comment","target":["https:\/\/cenal.gob.ve\/?p=23027#respond"]}]},{"@type":"WebPage","@id":"https:\/\/cenal.gob.ve\/?p=23027","url":"https:\/\/cenal.gob.ve\/?p=23027","name":"Los libros m\u00e1s vendidos en Filven 2023","isPartOf":{"@id":"https:\/\/cenal.gob.ve\/#website"},"datePublished":"2023-11-21T17:37:16+00:00","dateModified":"2023-11-22T15:37:51+00:00","breadcrumb":{"@id":"https:\/\/cenal.gob.ve\/?p=23027#breadcrumb"},"inLanguage":"es","potentialAction":[{"@type":"ReadAction","target":["https:\/\/cenal.gob.ve\/?p=23027"]}]},{"@type":"BreadcrumbList","@id":"https:\/\/cenal.gob.ve\/?p=23027#breadcrumb","itemListElement":[{"@type":"ListItem","position":1,"name":"Home","item":"https:\/\/cenal.gob.ve\/"},{"@type":"ListItem","position":2,"name":"Los libros m\u00e1s vendidos en Filven 2023"}]},{"@type":"WebSite","@id":"https:\/\/cenal.gob.ve\/#website","url":"https:\/\/cenal.gob.ve\/","name":"Cenal","description":"","publisher":{"@id":"https:\/\/cenal.gob.ve\/#organization"},"potentialAction":[{"@type":"SearchAction","target":{"@type":"EntryPoint","urlTemplate":"https:\/\/cenal.gob.ve\/?s={search_term_string}"},"query-input":"required name=search_term_string"}],"inLanguage":"es"},{"@type":"Organization","@id":"https:\/\/cenal.gob.ve\/#organization","name":"CENAL","url":"https:\/\/cenal.gob.ve\/","sameAs":[],"logo":{"@type":"ImageObject","inLanguage":"es","@id":"https:\/\/cenal.gob.ve\/#\/schema\/logo\/image\/","url":"https:\/\/i0.wp.com\/cenal.gob.ve\/wp-content\/uploads\/2022\/10\/cropped-images.jpg?fit=512%2C512","contentUrl":"https:\/\/i0.wp.com\/cenal.gob.ve\/wp-content\/uploads\/2022\/10\/cropped-images.jpg?fit=512%2C512","width":512,"height":512,"caption":"CENAL"},"image":{"@id":"https:\/\/cenal.gob.ve\/#\/schema\/logo\/image\/"}},{"@type":"Person","@id":"https:\/\/cenal.gob.ve\/#\/schema\/person\/e3ed34623f400ffab8bc7a63b2f5533f","name":"Prensa Cenal","image":{"@type":"ImageObject","inLanguage":"es","@id":"https:\/\/cenal.gob.ve\/#\/schema\/person\/image\/","url":"https:\/\/secure.gravatar.com\/avatar\/594b4ed34090910c619ac3679001d491?s=96&d=mm&r=g","contentUrl":"https:\/\/secure.gravatar.com\/avatar\/594b4ed34090910c619ac3679001d491?s=96&d=mm&r=g","caption":"Prensa Cenal"},"url":"https:\/\/cenal.gob.ve\/?author=10"}]}},"jetpack_featured_media_url":"https:\/\/cenal.gob.ve\/wp-content\/uploads\/2023\/11\/FullSizeRender-scaled.jpeg","jetpack_publicize_connections":[],"jetpack_shortlink":"https:\/\/wp.me\/p5FMhp-5Zp","_links":{"self":[{"href":"https:\/\/cenal.gob.ve\/index.php?rest_route=\/wp\/v2\/posts\/23027"}],"collection":[{"href":"https:\/\/cenal.gob.ve\/index.php?rest_route=\/wp\/v2\/posts"}],"about":[{"href":"https:\/\/cenal.gob.ve\/index.php?rest_route=\/wp\/v2\/types\/post"}],"author":[{"embeddable":true,"href":"https:\/\/cenal.gob.ve\/index.php?rest_route=\/wp\/v2\/users\/10"}],"replies":[{"embeddable":true,"href":"https:\/\/cenal.gob.ve\/index.php?rest_route=%2Fwp%2Fv2%2Fcomments&post=23027"}],"version-history":[{"count":3,"href":"https:\/\/cenal.gob.ve\/index.php?rest_route=\/wp\/v2\/posts\/23027\/revisions"}],"predecessor-version":[{"id":23035,"href":"https:\/\/cenal.gob.ve\/index.php?rest_route=\/wp\/v2\/posts\/23027\/revisions\/23035"}],"wp:featuredmedia":[{"embeddable":true,"href":"https:\/\/cenal.gob.ve\/index.php?rest_route=\/wp\/v2\/media\/23029"}],"wp:attachment":[{"href":"https:\/\/cenal.gob.ve\/index.php?rest_route=%2Fwp%2Fv2%2Fmedia&parent=23027"}],"wp:term":[{"taxonomy":"category","embeddable":true,"href":"https:\/\/cenal.gob.ve\/index.php?rest_route=%2Fwp%2Fv2%2Fcategories&post=23027"},{"taxonomy":"post_tag","embeddable":true,"href":"https:\/\/cenal.gob.ve\/index.php?rest_route=%2Fwp%2Fv2%2Ftags&post=23027"}],"curies":[{"name":"wp","href":"https:\/\/api.w.org\/{rel}","templated":true}]}}