{"id":23037,"date":"2023-11-23T16:12:58","date_gmt":"2023-11-23T20:12:58","guid":{"rendered":"http:\/\/cenal.gob.ve\/?p=23037"},"modified":"2024-01-12T13:54:11","modified_gmt":"2024-01-12T17:54:11","slug":"pablo-nigal-palmar-paz-gano-viii-bienal-de-literatura-felix-armando-nunez","status":"publish","type":"post","link":"https:\/\/cenal.gob.ve\/?p=23037","title":{"rendered":"Pablo Nigal Palmar Paz gan\u00f3 VIII Bienal de Literatura F\u00e9lix Armando N\u00fa\u00f1ez"},"content":{"rendered":"\n<p>El escritor zuliano Pablo Nigal Palmar Paz gan\u00f3 el concurso de ensayo de la VIII Bienal Nacional de Literatura F\u00e9lix Armando N\u00fa\u00f1ez con su obra &#8220;Ocupaci\u00f3n de la Pen\u00ednsula Goajira. Siglos XVI-XIX&#8221;.<\/p>\n\n\n\n<p>El jurado, integrado por Coral P\u00e9rez G\u00f3mez, H\u00e9ctor L\u00f3pez y Mirla Alcib\u00edades, despu\u00e9s de haber examinado los manuscritos presentados y tomando en cuenta una serie de valoraciones, decidi\u00f3 por unanimidad entregar el premio \u00fanico al citado ensayo, presentado con el seud\u00f3nimo Tawala wayuu, y que, una vez abierta la plica, result\u00f3 pertenecer a Pablo Nigal Palmar Paz.<\/p>\n\n\n\n<p>Entre las valoraciones tomadas en cuenta para este veredicto, el jurado destaca que la obra presenta &#8220;un abordaje que pone la atenci\u00f3n en varios siglos de accionar humano, pues se extiende desde inicios del siglo XVI hasta finales del siglo XIX&#8221; y &#8220;el registro de las numerosas agresiones de la cultura hegem\u00f3nica surgida a ra\u00edz de la conquista para colonizar un territorio, cuyas culturas ind\u00edgenas han logrado conservarse hasta nuestro d\u00edas&#8221;.<\/p>\n\n\n\n<p>Asimismo, que existe &#8220;un notable manejo de fuentes procedentes de numerosos archivos y repositorios tanto de Venezuela como de otros puntos del planeta&#8221; y &#8220;la acu\u00f1aci\u00f3n de un lenguaje que pone este caudal informativo al alcance de cualquier lector interesado&#8221;.<\/p>\n\n\n\n<p>La bienal fue convocada por el Ministerio del Poder Popular para la Cultura, por intermedio del Centro Nacional del Libro (Cenal), en conjunto con la Casa Nacional de las Letras Andr\u00e9s Bello, y estuvo dirigida a escritores venezolanos y extranjeros con residencia en la Rep\u00fablica Bolivariana de Venezuela que tuvieran trabajos in\u00e9ditos.<\/p>\n\n\n\n<p>El ganador recibir\u00e1 certificado y un premio de cien mil bol\u00edvares (Bs 100.000), otorgado por el Centro Nacional del Libro (Cenal), y la publicaci\u00f3n del libro por Monte Avila Editores (impreso y digital).<\/p>\n\n\n\n<p>Pablo Nigal Palmar Paz es Doctor en Historia, profesor e investigador. Autor de las obras Acercamiento a la vida y obra de Berthy R\u00edos; San Rafael de El Moj\u00e1n, su historia y su gente; Los s\u00edmbolos marenses; Nigale y la resistencia aborigen en la cuenca del Lago de Maracaibo; El<\/p>\n\n\n\n<p>castillo de San Carlos de Madureyra y reducto de Santa Cruz de Paijana.<\/p>\n\n\n\n<p>Tambi\u00e9n ha escrito Cr\u00f3nicas del Norte del Zulia; Archivo del Concejo Municipal del Dtto. Mara; La Plaza Bol\u00edvar de San Rafael de El Moj\u00e1n: cuatro d\u00e9cadas de su destrucci\u00f3n; El Santo Var\u00f3n: vida y obra de Luis de Vicente R\u00edos; Territorio y fronteras interiores de la Goajira durante el Guzmanato; El Lago de la Espinelas: La d\u00e9cima y los decimistas populares en la regi\u00f3n del Lago de Maracaibo.<\/p>\n","protected":false},"excerpt":{"rendered":"<p>El escritor zuliano Pablo Nigal Palmar Paz gan\u00f3 el concurso de ensayo de la VIII Bienal Nacional de Literatura F\u00e9lix Armando N\u00fa\u00f1ez con su obra &#8220;Ocupaci\u00f3n de la Pen\u00ednsula Goajira. [&hellip;]<\/p>\n","protected":false},"author":10,"featured_media":23038,"comment_status":"open","ping_status":"closed","sticky":false,"template":"","format":"standard","meta":{"spay_email":"","jetpack_publicize_message":"","jetpack_is_tweetstorm":false,"jetpack_publicize_feature_enabled":true},"categories":[19],"tags":[23],"yoast_head":"<!-- This site is optimized with the Yoast SEO plugin v19.8 - https:\/\/yoast.com\/wordpress\/plugins\/seo\/ -->\n<title>Pablo Nigal Palmar Paz gan\u00f3 VIII Bienal de Literatura F\u00e9lix Armando N\u00fa\u00f1ez<\/title>\n<meta name=\"robots\" content=\"index, follow, max-snippet:-1, max-image-preview:large, max-video-preview:-1\" \/>\n<link rel=\"canonical\" href=\"https:\/\/cenal.gob.ve\/?p=23037\" \/>\n<meta property=\"og:locale\" content=\"es_ES\" \/>\n<meta property=\"og:type\" content=\"article\" \/>\n<meta property=\"og:title\" content=\"Pablo Nigal Palmar Paz gan\u00f3 VIII Bienal de Literatura F\u00e9lix Armando N\u00fa\u00f1ez\" \/>\n<meta property=\"og:description\" content=\"El escritor zuliano Pablo Nigal Palmar Paz gan\u00f3 el concurso de ensayo de la VIII Bienal Nacional de Literatura F\u00e9lix Armando N\u00fa\u00f1ez con su obra &#8220;Ocupaci\u00f3n de la Pen\u00ednsula Goajira. [&hellip;]\" \/>\n<meta property=\"og:url\" content=\"https:\/\/cenal.gob.ve\/?p=23037\" \/>\n<meta property=\"og:site_name\" content=\"Cenal\" \/>\n<meta property=\"article:published_time\" content=\"2023-11-23T20:12:58+00:00\" \/>\n<meta property=\"article:modified_time\" content=\"2024-01-12T17:54:11+00:00\" \/>\n<meta property=\"og:image\" content=\"https:\/\/i0.wp.com\/cenal.gob.ve\/wp-content\/uploads\/2023\/11\/IMG-20231123-WA0040.jpg?fit=1080%2C790&ssl=1\" \/>\n\t<meta property=\"og:image:width\" content=\"1080\" \/>\n\t<meta property=\"og:image:height\" content=\"790\" \/>\n\t<meta property=\"og:image:type\" content=\"image\/jpeg\" \/>\n<meta name=\"author\" content=\"Prensa Cenal\" \/>\n<meta name=\"twitter:card\" content=\"summary_large_image\" \/>\n<meta name=\"twitter:label1\" content=\"Written by\" \/>\n\t<meta name=\"twitter:data1\" content=\"Prensa Cenal\" \/>\n\t<meta name=\"twitter:label2\" content=\"Est. reading time\" \/>\n\t<meta name=\"twitter:data2\" content=\"2 minutos\" \/>\n<script type=\"application\/ld+json\" class=\"yoast-schema-graph\">{\"@context\":\"https:\/\/schema.org\",\"@graph\":[{\"@type\":\"Article\",\"@id\":\"https:\/\/cenal.gob.ve\/?p=23037#article\",\"isPartOf\":{\"@id\":\"https:\/\/cenal.gob.ve\/?p=23037\"},\"author\":{\"name\":\"Prensa Cenal\",\"@id\":\"https:\/\/cenal.gob.ve\/#\/schema\/person\/e3ed34623f400ffab8bc7a63b2f5533f\"},\"headline\":\"Pablo Nigal Palmar Paz gan\u00f3 VIII Bienal de Literatura F\u00e9lix Armando N\u00fa\u00f1ez\",\"datePublished\":\"2023-11-23T20:12:58+00:00\",\"dateModified\":\"2024-01-12T17:54:11+00:00\",\"mainEntityOfPage\":{\"@id\":\"https:\/\/cenal.gob.ve\/?p=23037\"},\"wordCount\":465,\"commentCount\":2,\"publisher\":{\"@id\":\"https:\/\/cenal.gob.ve\/#organization\"},\"keywords\":[\"Bienales\"],\"articleSection\":[\"Bienales\"],\"inLanguage\":\"es\",\"potentialAction\":[{\"@type\":\"CommentAction\",\"name\":\"Comment\",\"target\":[\"https:\/\/cenal.gob.ve\/?p=23037#respond\"]}]},{\"@type\":\"WebPage\",\"@id\":\"https:\/\/cenal.gob.ve\/?p=23037\",\"url\":\"https:\/\/cenal.gob.ve\/?p=23037\",\"name\":\"Pablo Nigal Palmar Paz gan\u00f3 VIII Bienal de Literatura F\u00e9lix Armando N\u00fa\u00f1ez\",\"isPartOf\":{\"@id\":\"https:\/\/cenal.gob.ve\/#website\"},\"datePublished\":\"2023-11-23T20:12:58+00:00\",\"dateModified\":\"2024-01-12T17:54:11+00:00\",\"breadcrumb\":{\"@id\":\"https:\/\/cenal.gob.ve\/?p=23037#breadcrumb\"},\"inLanguage\":\"es\",\"potentialAction\":[{\"@type\":\"ReadAction\",\"target\":[\"https:\/\/cenal.gob.ve\/?p=23037\"]}]},{\"@type\":\"BreadcrumbList\",\"@id\":\"https:\/\/cenal.gob.ve\/?p=23037#breadcrumb\",\"itemListElement\":[{\"@type\":\"ListItem\",\"position\":1,\"name\":\"Home\",\"item\":\"https:\/\/cenal.gob.ve\/\"},{\"@type\":\"ListItem\",\"position\":2,\"name\":\"Pablo Nigal Palmar Paz gan\u00f3 VIII Bienal de Literatura F\u00e9lix Armando N\u00fa\u00f1ez\"}]},{\"@type\":\"WebSite\",\"@id\":\"https:\/\/cenal.gob.ve\/#website\",\"url\":\"https:\/\/cenal.gob.ve\/\",\"name\":\"Cenal\",\"description\":\"\",\"publisher\":{\"@id\":\"https:\/\/cenal.gob.ve\/#organization\"},\"potentialAction\":[{\"@type\":\"SearchAction\",\"target\":{\"@type\":\"EntryPoint\",\"urlTemplate\":\"https:\/\/cenal.gob.ve\/?s={search_term_string}\"},\"query-input\":\"required name=search_term_string\"}],\"inLanguage\":\"es\"},{\"@type\":\"Organization\",\"@id\":\"https:\/\/cenal.gob.ve\/#organization\",\"name\":\"CENAL\",\"url\":\"https:\/\/cenal.gob.ve\/\",\"sameAs\":[],\"logo\":{\"@type\":\"ImageObject\",\"inLanguage\":\"es\",\"@id\":\"https:\/\/cenal.gob.ve\/#\/schema\/logo\/image\/\",\"url\":\"https:\/\/i0.wp.com\/cenal.gob.ve\/wp-content\/uploads\/2022\/10\/cropped-images.jpg?fit=512%2C512\",\"contentUrl\":\"https:\/\/i0.wp.com\/cenal.gob.ve\/wp-content\/uploads\/2022\/10\/cropped-images.jpg?fit=512%2C512\",\"width\":512,\"height\":512,\"caption\":\"CENAL\"},\"image\":{\"@id\":\"https:\/\/cenal.gob.ve\/#\/schema\/logo\/image\/\"}},{\"@type\":\"Person\",\"@id\":\"https:\/\/cenal.gob.ve\/#\/schema\/person\/e3ed34623f400ffab8bc7a63b2f5533f\",\"name\":\"Prensa Cenal\",\"image\":{\"@type\":\"ImageObject\",\"inLanguage\":\"es\",\"@id\":\"https:\/\/cenal.gob.ve\/#\/schema\/person\/image\/\",\"url\":\"https:\/\/secure.gravatar.com\/avatar\/594b4ed34090910c619ac3679001d491?s=96&d=mm&r=g\",\"contentUrl\":\"https:\/\/secure.gravatar.com\/avatar\/594b4ed34090910c619ac3679001d491?s=96&d=mm&r=g\",\"caption\":\"Prensa Cenal\"},\"url\":\"https:\/\/cenal.gob.ve\/?author=10\"}]}<\/script>\n<!-- \/ Yoast SEO plugin. -->","yoast_head_json":{"title":"Pablo Nigal Palmar Paz gan\u00f3 VIII Bienal de Literatura F\u00e9lix Armando N\u00fa\u00f1ez","robots":{"index":"index","follow":"follow","max-snippet":"max-snippet:-1","max-image-preview":"max-image-preview:large","max-video-preview":"max-video-preview:-1"},"canonical":"https:\/\/cenal.gob.ve\/?p=23037","og_locale":"es_ES","og_type":"article","og_title":"Pablo Nigal Palmar Paz gan\u00f3 VIII Bienal de Literatura F\u00e9lix Armando N\u00fa\u00f1ez","og_description":"El escritor zuliano Pablo Nigal Palmar Paz gan\u00f3 el concurso de ensayo de la VIII Bienal Nacional de Literatura F\u00e9lix Armando N\u00fa\u00f1ez con su obra &#8220;Ocupaci\u00f3n de la Pen\u00ednsula Goajira. [&hellip;]","og_url":"https:\/\/cenal.gob.ve\/?p=23037","og_site_name":"Cenal","article_published_time":"2023-11-23T20:12:58+00:00","article_modified_time":"2024-01-12T17:54:11+00:00","og_image":[{"width":1080,"height":790,"url":"https:\/\/i0.wp.com\/cenal.gob.ve\/wp-content\/uploads\/2023\/11\/IMG-20231123-WA0040.jpg?fit=1080%2C790&ssl=1","type":"image\/jpeg"}],"author":"Prensa Cenal","twitter_card":"summary_large_image","twitter_misc":{"Written by":"Prensa Cenal","Est. reading time":"2 minutos"},"schema":{"@context":"https:\/\/schema.org","@graph":[{"@type":"Article","@id":"https:\/\/cenal.gob.ve\/?p=23037#article","isPartOf":{"@id":"https:\/\/cenal.gob.ve\/?p=23037"},"author":{"name":"Prensa Cenal","@id":"https:\/\/cenal.gob.ve\/#\/schema\/person\/e3ed34623f400ffab8bc7a63b2f5533f"},"headline":"Pablo Nigal Palmar Paz gan\u00f3 VIII Bienal de Literatura F\u00e9lix Armando N\u00fa\u00f1ez","datePublished":"2023-11-23T20:12:58+00:00","dateModified":"2024-01-12T17:54:11+00:00","mainEntityOfPage":{"@id":"https:\/\/cenal.gob.ve\/?p=23037"},"wordCount":465,"commentCount":2,"publisher":{"@id":"https:\/\/cenal.gob.ve\/#organization"},"keywords":["Bienales"],"articleSection":["Bienales"],"inLanguage":"es","potentialAction":[{"@type":"CommentAction","name":"Comment","target":["https:\/\/cenal.gob.ve\/?p=23037#respond"]}]},{"@type":"WebPage","@id":"https:\/\/cenal.gob.ve\/?p=23037","url":"https:\/\/cenal.gob.ve\/?p=23037","name":"Pablo Nigal Palmar Paz gan\u00f3 VIII Bienal de Literatura F\u00e9lix Armando N\u00fa\u00f1ez","isPartOf":{"@id":"https:\/\/cenal.gob.ve\/#website"},"datePublished":"2023-11-23T20:12:58+00:00","dateModified":"2024-01-12T17:54:11+00:00","breadcrumb":{"@id":"https:\/\/cenal.gob.ve\/?p=23037#breadcrumb"},"inLanguage":"es","potentialAction":[{"@type":"ReadAction","target":["https:\/\/cenal.gob.ve\/?p=23037"]}]},{"@type":"BreadcrumbList","@id":"https:\/\/cenal.gob.ve\/?p=23037#breadcrumb","itemListElement":[{"@type":"ListItem","position":1,"name":"Home","item":"https:\/\/cenal.gob.ve\/"},{"@type":"ListItem","position":2,"name":"Pablo Nigal Palmar Paz gan\u00f3 VIII Bienal de Literatura F\u00e9lix Armando N\u00fa\u00f1ez"}]},{"@type":"WebSite","@id":"https:\/\/cenal.gob.ve\/#website","url":"https:\/\/cenal.gob.ve\/","name":"Cenal","description":"","publisher":{"@id":"https:\/\/cenal.gob.ve\/#organization"},"potentialAction":[{"@type":"SearchAction","target":{"@type":"EntryPoint","urlTemplate":"https:\/\/cenal.gob.ve\/?s={search_term_string}"},"query-input":"required name=search_term_string"}],"inLanguage":"es"},{"@type":"Organization","@id":"https:\/\/cenal.gob.ve\/#organization","name":"CENAL","url":"https:\/\/cenal.gob.ve\/","sameAs":[],"logo":{"@type":"ImageObject","inLanguage":"es","@id":"https:\/\/cenal.gob.ve\/#\/schema\/logo\/image\/","url":"https:\/\/i0.wp.com\/cenal.gob.ve\/wp-content\/uploads\/2022\/10\/cropped-images.jpg?fit=512%2C512","contentUrl":"https:\/\/i0.wp.com\/cenal.gob.ve\/wp-content\/uploads\/2022\/10\/cropped-images.jpg?fit=512%2C512","width":512,"height":512,"caption":"CENAL"},"image":{"@id":"https:\/\/cenal.gob.ve\/#\/schema\/logo\/image\/"}},{"@type":"Person","@id":"https:\/\/cenal.gob.ve\/#\/schema\/person\/e3ed34623f400ffab8bc7a63b2f5533f","name":"Prensa Cenal","image":{"@type":"ImageObject","inLanguage":"es","@id":"https:\/\/cenal.gob.ve\/#\/schema\/person\/image\/","url":"https:\/\/secure.gravatar.com\/avatar\/594b4ed34090910c619ac3679001d491?s=96&d=mm&r=g","contentUrl":"https:\/\/secure.gravatar.com\/avatar\/594b4ed34090910c619ac3679001d491?s=96&d=mm&r=g","caption":"Prensa Cenal"},"url":"https:\/\/cenal.gob.ve\/?author=10"}]}},"jetpack_featured_media_url":"https:\/\/cenal.gob.ve\/wp-content\/uploads\/2023\/11\/IMG-20231123-WA0040.jpg","jetpack_publicize_connections":[],"jetpack_shortlink":"https:\/\/wp.me\/p5FMhp-5Zz","_links":{"self":[{"href":"https:\/\/cenal.gob.ve\/index.php?rest_route=\/wp\/v2\/posts\/23037"}],"collection":[{"href":"https:\/\/cenal.gob.ve\/index.php?rest_route=\/wp\/v2\/posts"}],"about":[{"href":"https:\/\/cenal.gob.ve\/index.php?rest_route=\/wp\/v2\/types\/post"}],"author":[{"embeddable":true,"href":"https:\/\/cenal.gob.ve\/index.php?rest_route=\/wp\/v2\/users\/10"}],"replies":[{"embeddable":true,"href":"https:\/\/cenal.gob.ve\/index.php?rest_route=%2Fwp%2Fv2%2Fcomments&post=23037"}],"version-history":[{"count":1,"href":"https:\/\/cenal.gob.ve\/index.php?rest_route=\/wp\/v2\/posts\/23037\/revisions"}],"predecessor-version":[{"id":23039,"href":"https:\/\/cenal.gob.ve\/index.php?rest_route=\/wp\/v2\/posts\/23037\/revisions\/23039"}],"wp:featuredmedia":[{"embeddable":true,"href":"https:\/\/cenal.gob.ve\/index.php?rest_route=\/wp\/v2\/media\/23038"}],"wp:attachment":[{"href":"https:\/\/cenal.gob.ve\/index.php?rest_route=%2Fwp%2Fv2%2Fmedia&parent=23037"}],"wp:term":[{"taxonomy":"category","embeddable":true,"href":"https:\/\/cenal.gob.ve\/index.php?rest_route=%2Fwp%2Fv2%2Fcategories&post=23037"},{"taxonomy":"post_tag","embeddable":true,"href":"https:\/\/cenal.gob.ve\/index.php?rest_route=%2Fwp%2Fv2%2Ftags&post=23037"}],"curies":[{"name":"wp","href":"https:\/\/api.w.org\/{rel}","templated":true}]}}