{"id":23093,"date":"2023-11-28T10:34:19","date_gmt":"2023-11-28T14:34:19","guid":{"rendered":"http:\/\/cenal.gob.ve\/?p=23093"},"modified":"2024-01-12T14:02:56","modified_gmt":"2024-01-12T18:02:56","slug":"antonio-cepeda-fernandez-gano-vi-bienal-de-literatura-antonio-crespo-melendez","status":"publish","type":"post","link":"https:\/\/cenal.gob.ve\/?p=23093","title":{"rendered":"Audio Cepeda Fern\u00e1ndez gan\u00f3 VI Bienal de Literatura Antonio Crespo Mel\u00e9ndez"},"content":{"rendered":"\n<p>El fot\u00f3grafo <strong>Audio Antonio Cepeda Fern\u00e1ndez<\/strong> gan\u00f3 el concurso de cr\u00f3nica de la <strong>VI Bienal Nacional de Literatura Antonio Crespo Mel\u00e9ndez <\/strong>con su obra \u201cCr\u00f3nicas de las puertas infierno y otras historias\u201d.<\/p>\n\n\n\n<p>El jurado, integrado por Luis Alberto Crespo, Mar\u00eda Alejandra Rend\u00f3n y Ana Cristina Bracho, habiendo le\u00eddo y evaluado los textos presentados a concurso, decidieron por unanimidad declarar ganadora la obra citada, que particip\u00f3 bajo el seud\u00f3nimo de \u201cRigoberto Alc\u00e1zar\u201d, y que, una vez abierta la plica, result\u00f3 pertenecer a Audio Antonio Cepeda Fern\u00e1ndez.<\/p>\n\n\n\n<p>De acuerdo con el veredicto, \u201ccumple con todos los requisitos de forma y fondo de esta convocatoria; <strong>se trata de una cr\u00f3nica moderna: vivencia, imaginario y cuidado en la escritura del testimonio, cuya belleza fue valorada por el jurado\u201d<\/strong>.<\/p>\n\n\n\n<p>La bienal fue convocada por el <strong>Ministerio del Poder Popular para la Cultura<\/strong>, por intermedio del <strong>Centro Nacional del Libro (Cenal) <\/strong>conjuntamente con la <strong>Casa Nacional de las Letras Andr\u00e9s Bello<\/strong>, y estuvo dirigida a escritores venezolanos y extranjeros, residenciados en la Rep\u00fablica Bolivariana de Venezuela, con permanencia m\u00ednima de 5 a\u00f1os, que tuvieran trabajos in\u00e9ditos.<\/p>\n\n\n\n<p>El ganador recibir\u00e1 certificado y un premio de cien mil bol\u00edvares (Bs 100.000), otorgado por el Centro Nacional del Libro (Cenal), y la publicaci\u00f3n del libro por Monte \u00c1vila Editores (impreso y digital).<\/p>\n\n\n\n<p><strong>Vocaci\u00f3n por el relato<\/strong><\/p>\n\n\n\n<p>Respecto a la obra que present\u00f3 en la VI Bienal Nacional de Literatura Antonio Crespo Mel\u00e9ndez, Audio Antonio Cepeda Fern\u00e1ndez explica que las cr\u00f3nicas y cuentos que contiene son herencia de su grupo familiar m\u00e1s cercano y de sus vivencias, quienes formaron parte de los grupos humanos que durante un siglo abandonaron las sabanas resecas del Distrito Urdaneta (hoy municipio La Ca\u00f1ada de Urdaneta) para asentarse en el sur del Lago de Maracaibo, en pos del verdor y la fertilidad.<\/p>\n\n\n\n<p>&#8220;<strong>En esas tierras pantanosas se revel\u00f3 en ellos una sensible vocaci\u00f3n por el relato y la cr\u00f3nica oral, inspirados por la nostalgia de los espacios que abandonaron y por los nuevos donde se asentaron para fundar conucos, haciendas, poblaciones y una red de transporte acu\u00e1tico que durante siglos surc\u00f3 los r\u00edos y el Lago de Maracaibo<\/strong>&#8220;, relata.<\/p>\n\n\n\n<p>Audio Antonio Cepeda Fern\u00e1ndez, nacido en Maracaibo, Zulia, ha publicado los libros Retratos de vida, editado por Fundacenaf; La nostalgia heredada y otros cuentos (Sistema Nacional de Imprentas Regionales, Zulia, 2009) y Memorias de una Regi\u00f3n Fluvial (Editorial Trinchera, 2019).<\/p>\n\n\n\n<p>Es <strong>Premio Nacional de Cultura, Menci\u00f3n Fotograf\u00eda (2011-2012)<\/strong> y ha recibido diversas distinciones, como la <strong>Orden L\u00eda Berm\u00fadez en su \u00fanica clase de la Universidad Rafael Belloso Chac\u00edn (2008)<\/strong> y la <strong>Orden al M\u00e9rito Art\u00edstico Francisco Hung<\/strong>, en su \u00fanica clase, por la Universidad del Zulia (2009). Adem\u00e1s, ha sido citado y rese\u00f1ado en diversas publicaciones.<\/p>\n","protected":false},"excerpt":{"rendered":"<p>El fot\u00f3grafo Audio Antonio Cepeda Fern\u00e1ndez gan\u00f3 el concurso de cr\u00f3nica de la VI Bienal Nacional de Literatura Antonio Crespo Mel\u00e9ndez con su obra \u201cCr\u00f3nicas de las puertas infierno y [&hellip;]<\/p>\n","protected":false},"author":10,"featured_media":23094,"comment_status":"open","ping_status":"closed","sticky":false,"template":"","format":"standard","meta":{"spay_email":"","jetpack_publicize_message":"","jetpack_is_tweetstorm":false,"jetpack_publicize_feature_enabled":true},"categories":[19],"tags":[23],"yoast_head":"<!-- This site is optimized with the Yoast SEO plugin v19.8 - https:\/\/yoast.com\/wordpress\/plugins\/seo\/ -->\n<title>Audio Cepeda Fern\u00e1ndez gan\u00f3 VI Bienal de Literatura Antonio Crespo Mel\u00e9ndez<\/title>\n<meta name=\"robots\" content=\"index, follow, max-snippet:-1, max-image-preview:large, max-video-preview:-1\" \/>\n<link rel=\"canonical\" href=\"https:\/\/cenal.gob.ve\/?p=23093\" \/>\n<meta property=\"og:locale\" content=\"es_ES\" \/>\n<meta property=\"og:type\" content=\"article\" \/>\n<meta property=\"og:title\" content=\"Audio Cepeda Fern\u00e1ndez gan\u00f3 VI Bienal de Literatura Antonio Crespo Mel\u00e9ndez\" \/>\n<meta property=\"og:description\" content=\"El fot\u00f3grafo Audio Antonio Cepeda Fern\u00e1ndez gan\u00f3 el concurso de cr\u00f3nica de la VI Bienal Nacional de Literatura Antonio Crespo Mel\u00e9ndez con su obra \u201cCr\u00f3nicas de las puertas infierno y [&hellip;]\" \/>\n<meta property=\"og:url\" content=\"https:\/\/cenal.gob.ve\/?p=23093\" \/>\n<meta property=\"og:site_name\" content=\"Cenal\" \/>\n<meta property=\"article:published_time\" content=\"2023-11-28T14:34:19+00:00\" \/>\n<meta property=\"article:modified_time\" content=\"2024-01-12T18:02:56+00:00\" \/>\n<meta property=\"og:image\" content=\"https:\/\/i0.wp.com\/cenal.gob.ve\/wp-content\/uploads\/2023\/11\/IMG-20231128-WA0002.jpg?fit=994%2C1080&ssl=1\" \/>\n\t<meta property=\"og:image:width\" content=\"994\" \/>\n\t<meta property=\"og:image:height\" content=\"1080\" \/>\n\t<meta property=\"og:image:type\" content=\"image\/jpeg\" \/>\n<meta name=\"author\" content=\"Prensa Cenal\" \/>\n<meta name=\"twitter:card\" content=\"summary_large_image\" \/>\n<meta name=\"twitter:label1\" content=\"Written by\" \/>\n\t<meta name=\"twitter:data1\" content=\"Prensa Cenal\" \/>\n\t<meta name=\"twitter:label2\" content=\"Est. reading time\" \/>\n\t<meta name=\"twitter:data2\" content=\"3 minutos\" \/>\n<script type=\"application\/ld+json\" class=\"yoast-schema-graph\">{\"@context\":\"https:\/\/schema.org\",\"@graph\":[{\"@type\":\"Article\",\"@id\":\"https:\/\/cenal.gob.ve\/?p=23093#article\",\"isPartOf\":{\"@id\":\"https:\/\/cenal.gob.ve\/?p=23093\"},\"author\":{\"name\":\"Prensa Cenal\",\"@id\":\"https:\/\/cenal.gob.ve\/#\/schema\/person\/e3ed34623f400ffab8bc7a63b2f5533f\"},\"headline\":\"Audio Cepeda Fern\u00e1ndez gan\u00f3 VI Bienal de Literatura Antonio Crespo Mel\u00e9ndez\",\"datePublished\":\"2023-11-28T14:34:19+00:00\",\"dateModified\":\"2024-01-12T18:02:56+00:00\",\"mainEntityOfPage\":{\"@id\":\"https:\/\/cenal.gob.ve\/?p=23093\"},\"wordCount\":497,\"commentCount\":0,\"publisher\":{\"@id\":\"https:\/\/cenal.gob.ve\/#organization\"},\"keywords\":[\"Bienales\"],\"articleSection\":[\"Bienales\"],\"inLanguage\":\"es\",\"potentialAction\":[{\"@type\":\"CommentAction\",\"name\":\"Comment\",\"target\":[\"https:\/\/cenal.gob.ve\/?p=23093#respond\"]}]},{\"@type\":\"WebPage\",\"@id\":\"https:\/\/cenal.gob.ve\/?p=23093\",\"url\":\"https:\/\/cenal.gob.ve\/?p=23093\",\"name\":\"Audio Cepeda Fern\u00e1ndez gan\u00f3 VI Bienal de Literatura Antonio Crespo Mel\u00e9ndez\",\"isPartOf\":{\"@id\":\"https:\/\/cenal.gob.ve\/#website\"},\"datePublished\":\"2023-11-28T14:34:19+00:00\",\"dateModified\":\"2024-01-12T18:02:56+00:00\",\"breadcrumb\":{\"@id\":\"https:\/\/cenal.gob.ve\/?p=23093#breadcrumb\"},\"inLanguage\":\"es\",\"potentialAction\":[{\"@type\":\"ReadAction\",\"target\":[\"https:\/\/cenal.gob.ve\/?p=23093\"]}]},{\"@type\":\"BreadcrumbList\",\"@id\":\"https:\/\/cenal.gob.ve\/?p=23093#breadcrumb\",\"itemListElement\":[{\"@type\":\"ListItem\",\"position\":1,\"name\":\"Home\",\"item\":\"https:\/\/cenal.gob.ve\/\"},{\"@type\":\"ListItem\",\"position\":2,\"name\":\"Audio Cepeda Fern\u00e1ndez gan\u00f3 VI Bienal de Literatura Antonio Crespo Mel\u00e9ndez\"}]},{\"@type\":\"WebSite\",\"@id\":\"https:\/\/cenal.gob.ve\/#website\",\"url\":\"https:\/\/cenal.gob.ve\/\",\"name\":\"Cenal\",\"description\":\"\",\"publisher\":{\"@id\":\"https:\/\/cenal.gob.ve\/#organization\"},\"potentialAction\":[{\"@type\":\"SearchAction\",\"target\":{\"@type\":\"EntryPoint\",\"urlTemplate\":\"https:\/\/cenal.gob.ve\/?s={search_term_string}\"},\"query-input\":\"required name=search_term_string\"}],\"inLanguage\":\"es\"},{\"@type\":\"Organization\",\"@id\":\"https:\/\/cenal.gob.ve\/#organization\",\"name\":\"CENAL\",\"url\":\"https:\/\/cenal.gob.ve\/\",\"sameAs\":[],\"logo\":{\"@type\":\"ImageObject\",\"inLanguage\":\"es\",\"@id\":\"https:\/\/cenal.gob.ve\/#\/schema\/logo\/image\/\",\"url\":\"https:\/\/i0.wp.com\/cenal.gob.ve\/wp-content\/uploads\/2022\/10\/cropped-images.jpg?fit=512%2C512\",\"contentUrl\":\"https:\/\/i0.wp.com\/cenal.gob.ve\/wp-content\/uploads\/2022\/10\/cropped-images.jpg?fit=512%2C512\",\"width\":512,\"height\":512,\"caption\":\"CENAL\"},\"image\":{\"@id\":\"https:\/\/cenal.gob.ve\/#\/schema\/logo\/image\/\"}},{\"@type\":\"Person\",\"@id\":\"https:\/\/cenal.gob.ve\/#\/schema\/person\/e3ed34623f400ffab8bc7a63b2f5533f\",\"name\":\"Prensa Cenal\",\"image\":{\"@type\":\"ImageObject\",\"inLanguage\":\"es\",\"@id\":\"https:\/\/cenal.gob.ve\/#\/schema\/person\/image\/\",\"url\":\"https:\/\/secure.gravatar.com\/avatar\/594b4ed34090910c619ac3679001d491?s=96&d=mm&r=g\",\"contentUrl\":\"https:\/\/secure.gravatar.com\/avatar\/594b4ed34090910c619ac3679001d491?s=96&d=mm&r=g\",\"caption\":\"Prensa Cenal\"},\"url\":\"https:\/\/cenal.gob.ve\/?author=10\"}]}<\/script>\n<!-- \/ Yoast SEO plugin. -->","yoast_head_json":{"title":"Audio Cepeda Fern\u00e1ndez gan\u00f3 VI Bienal de Literatura Antonio Crespo Mel\u00e9ndez","robots":{"index":"index","follow":"follow","max-snippet":"max-snippet:-1","max-image-preview":"max-image-preview:large","max-video-preview":"max-video-preview:-1"},"canonical":"https:\/\/cenal.gob.ve\/?p=23093","og_locale":"es_ES","og_type":"article","og_title":"Audio Cepeda Fern\u00e1ndez gan\u00f3 VI Bienal de Literatura Antonio Crespo Mel\u00e9ndez","og_description":"El fot\u00f3grafo Audio Antonio Cepeda Fern\u00e1ndez gan\u00f3 el concurso de cr\u00f3nica de la VI Bienal Nacional de Literatura Antonio Crespo Mel\u00e9ndez con su obra \u201cCr\u00f3nicas de las puertas infierno y [&hellip;]","og_url":"https:\/\/cenal.gob.ve\/?p=23093","og_site_name":"Cenal","article_published_time":"2023-11-28T14:34:19+00:00","article_modified_time":"2024-01-12T18:02:56+00:00","og_image":[{"width":994,"height":1080,"url":"https:\/\/i0.wp.com\/cenal.gob.ve\/wp-content\/uploads\/2023\/11\/IMG-20231128-WA0002.jpg?fit=994%2C1080&ssl=1","type":"image\/jpeg"}],"author":"Prensa Cenal","twitter_card":"summary_large_image","twitter_misc":{"Written by":"Prensa Cenal","Est. reading time":"3 minutos"},"schema":{"@context":"https:\/\/schema.org","@graph":[{"@type":"Article","@id":"https:\/\/cenal.gob.ve\/?p=23093#article","isPartOf":{"@id":"https:\/\/cenal.gob.ve\/?p=23093"},"author":{"name":"Prensa Cenal","@id":"https:\/\/cenal.gob.ve\/#\/schema\/person\/e3ed34623f400ffab8bc7a63b2f5533f"},"headline":"Audio Cepeda Fern\u00e1ndez gan\u00f3 VI Bienal de Literatura Antonio Crespo Mel\u00e9ndez","datePublished":"2023-11-28T14:34:19+00:00","dateModified":"2024-01-12T18:02:56+00:00","mainEntityOfPage":{"@id":"https:\/\/cenal.gob.ve\/?p=23093"},"wordCount":497,"commentCount":0,"publisher":{"@id":"https:\/\/cenal.gob.ve\/#organization"},"keywords":["Bienales"],"articleSection":["Bienales"],"inLanguage":"es","potentialAction":[{"@type":"CommentAction","name":"Comment","target":["https:\/\/cenal.gob.ve\/?p=23093#respond"]}]},{"@type":"WebPage","@id":"https:\/\/cenal.gob.ve\/?p=23093","url":"https:\/\/cenal.gob.ve\/?p=23093","name":"Audio Cepeda Fern\u00e1ndez gan\u00f3 VI Bienal de Literatura Antonio Crespo Mel\u00e9ndez","isPartOf":{"@id":"https:\/\/cenal.gob.ve\/#website"},"datePublished":"2023-11-28T14:34:19+00:00","dateModified":"2024-01-12T18:02:56+00:00","breadcrumb":{"@id":"https:\/\/cenal.gob.ve\/?p=23093#breadcrumb"},"inLanguage":"es","potentialAction":[{"@type":"ReadAction","target":["https:\/\/cenal.gob.ve\/?p=23093"]}]},{"@type":"BreadcrumbList","@id":"https:\/\/cenal.gob.ve\/?p=23093#breadcrumb","itemListElement":[{"@type":"ListItem","position":1,"name":"Home","item":"https:\/\/cenal.gob.ve\/"},{"@type":"ListItem","position":2,"name":"Audio Cepeda Fern\u00e1ndez gan\u00f3 VI Bienal de Literatura Antonio Crespo Mel\u00e9ndez"}]},{"@type":"WebSite","@id":"https:\/\/cenal.gob.ve\/#website","url":"https:\/\/cenal.gob.ve\/","name":"Cenal","description":"","publisher":{"@id":"https:\/\/cenal.gob.ve\/#organization"},"potentialAction":[{"@type":"SearchAction","target":{"@type":"EntryPoint","urlTemplate":"https:\/\/cenal.gob.ve\/?s={search_term_string}"},"query-input":"required name=search_term_string"}],"inLanguage":"es"},{"@type":"Organization","@id":"https:\/\/cenal.gob.ve\/#organization","name":"CENAL","url":"https:\/\/cenal.gob.ve\/","sameAs":[],"logo":{"@type":"ImageObject","inLanguage":"es","@id":"https:\/\/cenal.gob.ve\/#\/schema\/logo\/image\/","url":"https:\/\/i0.wp.com\/cenal.gob.ve\/wp-content\/uploads\/2022\/10\/cropped-images.jpg?fit=512%2C512","contentUrl":"https:\/\/i0.wp.com\/cenal.gob.ve\/wp-content\/uploads\/2022\/10\/cropped-images.jpg?fit=512%2C512","width":512,"height":512,"caption":"CENAL"},"image":{"@id":"https:\/\/cenal.gob.ve\/#\/schema\/logo\/image\/"}},{"@type":"Person","@id":"https:\/\/cenal.gob.ve\/#\/schema\/person\/e3ed34623f400ffab8bc7a63b2f5533f","name":"Prensa Cenal","image":{"@type":"ImageObject","inLanguage":"es","@id":"https:\/\/cenal.gob.ve\/#\/schema\/person\/image\/","url":"https:\/\/secure.gravatar.com\/avatar\/594b4ed34090910c619ac3679001d491?s=96&d=mm&r=g","contentUrl":"https:\/\/secure.gravatar.com\/avatar\/594b4ed34090910c619ac3679001d491?s=96&d=mm&r=g","caption":"Prensa Cenal"},"url":"https:\/\/cenal.gob.ve\/?author=10"}]}},"jetpack_featured_media_url":"https:\/\/cenal.gob.ve\/wp-content\/uploads\/2023\/11\/IMG-20231128-WA0002.jpg","jetpack_publicize_connections":[],"jetpack_shortlink":"https:\/\/wp.me\/p5FMhp-60t","_links":{"self":[{"href":"https:\/\/cenal.gob.ve\/index.php?rest_route=\/wp\/v2\/posts\/23093"}],"collection":[{"href":"https:\/\/cenal.gob.ve\/index.php?rest_route=\/wp\/v2\/posts"}],"about":[{"href":"https:\/\/cenal.gob.ve\/index.php?rest_route=\/wp\/v2\/types\/post"}],"author":[{"embeddable":true,"href":"https:\/\/cenal.gob.ve\/index.php?rest_route=\/wp\/v2\/users\/10"}],"replies":[{"embeddable":true,"href":"https:\/\/cenal.gob.ve\/index.php?rest_route=%2Fwp%2Fv2%2Fcomments&post=23093"}],"version-history":[{"count":2,"href":"https:\/\/cenal.gob.ve\/index.php?rest_route=\/wp\/v2\/posts\/23093\/revisions"}],"predecessor-version":[{"id":23097,"href":"https:\/\/cenal.gob.ve\/index.php?rest_route=\/wp\/v2\/posts\/23093\/revisions\/23097"}],"wp:featuredmedia":[{"embeddable":true,"href":"https:\/\/cenal.gob.ve\/index.php?rest_route=\/wp\/v2\/media\/23094"}],"wp:attachment":[{"href":"https:\/\/cenal.gob.ve\/index.php?rest_route=%2Fwp%2Fv2%2Fmedia&parent=23093"}],"wp:term":[{"taxonomy":"category","embeddable":true,"href":"https:\/\/cenal.gob.ve\/index.php?rest_route=%2Fwp%2Fv2%2Fcategories&post=23093"},{"taxonomy":"post_tag","embeddable":true,"href":"https:\/\/cenal.gob.ve\/index.php?rest_route=%2Fwp%2Fv2%2Ftags&post=23093"}],"curies":[{"name":"wp","href":"https:\/\/api.w.org\/{rel}","templated":true}]}}