{"id":23159,"date":"2023-12-15T17:38:32","date_gmt":"2023-12-15T21:38:32","guid":{"rendered":"http:\/\/cenal.gob.ve\/?p=23159"},"modified":"2023-12-16T11:56:44","modified_gmt":"2023-12-16T15:56:44","slug":"allende-ha-sido-en-chile-el-punto-mas-alto-del-proyecto-pueblo","status":"publish","type":"post","link":"https:\/\/cenal.gob.ve\/?p=23159","title":{"rendered":"Allende ha sido en Chile el punto m\u00e1s alto del proyecto pueblo"},"content":{"rendered":"\n<p>Los efectos del golpe de Estado al presidente socialista Salvador Allende en septiembre de 1973 y la sucesiva dictadura militar de Augusto Pinochet (1973-1990) se han prolongado en la sociedad chilena y a\u00fan existen divisiones y heridas abiertas relacionadas con esos sucesos que marcaron un antes y un despu\u00e9s en la historia de Chile.<\/p>\n\n\n\n<p>Un acercamiento a estos eventos comparte junto a Ra\u00fal Cazal en el episodio 42 de <strong>Las formas del libro<\/strong> el periodista chileno Ignacio Vidaurr\u00e1zaga Manr\u00edquez, autor de <strong>El mapa del Golpe. Santiago de Chile 11\/09\/1973<\/strong>, editado por el Fondo de Cultura Econ\u00f3mica y presentado en la reciente edici\u00f3n n\u00famero 19 Feria Internacional del Libro de Venezuela (Filven).<\/p>\n\n\n\n<p>A 50 a\u00f1os del golpe, el texto hace un recorrido por Santiago de Chile el 11 de septiembre de 1973, por 20 lugares y hechos fundamentales para nuestra historia. Recoge micro historias que recorren la capital chilena con una banda sonora compartida por aviones cazadores y las palabras del presidente cercado junto a sus escoltas y otros leales.<\/p>\n\n\n\n<figure class=\"wp-block-embed is-type-video is-provider-youtube wp-block-embed-youtube wp-embed-aspect-16-9 wp-has-aspect-ratio\"><div class=\"wp-block-embed__wrapper\">\n<div class=\"jetpack-video-wrapper\"><iframe title=\"Ignacio Vidaurr\u00e1zaga Manr\u00edquez | Las formas del libro | Episodio 42\" width=\"640\" height=\"360\" src=\"https:\/\/www.youtube.com\/embed\/QiYZ6h6sEc8?feature=oembed\" frameborder=\"0\" allow=\"accelerometer; autoplay; clipboard-write; encrypted-media; gyroscope; picture-in-picture; web-share\" allowfullscreen><\/iframe><\/div>\n<\/div><\/figure>\n\n\n\n<p><strong>De joven militante del MIR a un mapa del golpe<\/strong><\/p>\n\n\n\n<p>En esa fecha, Ignacio Vidaurr\u00e1zaga Manr\u00edquez era un estudiante de 18 a\u00f1os, militante del Movimiento de Izquierda Revolucionaria (MIR), que ya desde los 12 a\u00f1os segu\u00eda al l\u00edder chileno Salvador Allende, de quien ha destacado su palabra seductora y capacidad incre\u00edble de improvisar en conexi\u00f3n con un auditorio.<\/p>\n\n\n\n<p>Recuerda que el centro de Santiago estaba cercado por militares, aunque fuera del centro podr\u00eda haber seguido una normalidad de la vida en distintas formas.<\/p>\n\n\n\n<p>\u201cLa imagen que tengo grabada son los veh\u00edculos que ten\u00edan sus radios encendidas y gente escuchando a Allende; es muy fuerte eso, est\u00e1n los bandos y Allende est\u00e1 hablando en paralelo; eso no lo esperaba nadie\u201d, recuerda el comunicador, quien record\u00f3 que Allende a\u00fan pod\u00eda salir al aire por radio pese al bombardeo.<\/p>\n\n\n\n<p>Y sobre por qu\u00e9 hacer un mapa de esos momentos, responde que a 50 a\u00f1os del golpe hab\u00eda que estar presente y \u201cla forma de estar fue ese mapa\u201d. Recuerda: \u201clanzamos el mapa a cuatro cuadras de La Moneda, en la librer\u00eda Fondo de Cultura Econ\u00f3mica, con una mujer sobreviviente de los combates de la zona Sur\u201d.<\/p>\n\n\n\n<p>Explic\u00f3 que la idea surgi\u00f3 de una conversaci\u00f3n que tuvo con un dise\u00f1ador muy amigo, Luis Antonio Rojas. \u201cPensamos van a salir muchos libros en torno a los 50 a\u00f1os (del golpe), obras de teatro, libros, pel\u00edculas, secretos, etc. Pero, \u00bfpor qu\u00e9 no dejamos algo as\u00ed como una estampilla, algo que se guarde pero que sea f\u00e1cil de obtener?\u201d, coment\u00f3.<\/p>\n\n\n\n<p>\u201cNo ten\u00edamos ning\u00fan prototipo, es decir, sabes c\u00f3mo se hace un mapa de un momento hist\u00f3rico que pudi\u00e9ramos ver y en realidad fuimos el \u00fanico mapa, y ese mapa podr\u00eda ser una estampilla porque hay gente que lo ha puesto en los vidrios pero transformado en un cuadro\u201d, narr\u00f3.<\/p>\n\n\n\n<figure class=\"wp-block-image size-large\"><img width=\"1024\" height=\"683\" src=\"http:\/\/cenal.gob.ve\/wp-content\/uploads\/2023\/12\/IMG_9032-1024x683.jpg\" alt=\"\" class=\"wp-image-23163\" srcset=\"https:\/\/cenal.gob.ve\/wp-content\/uploads\/2023\/12\/IMG_9032-1024x683.jpg 1024w, https:\/\/cenal.gob.ve\/wp-content\/uploads\/2023\/12\/IMG_9032-300x200.jpg 300w, https:\/\/cenal.gob.ve\/wp-content\/uploads\/2023\/12\/IMG_9032-768x512.jpg 768w, https:\/\/cenal.gob.ve\/wp-content\/uploads\/2023\/12\/IMG_9032-1536x1024.jpg 1536w, https:\/\/cenal.gob.ve\/wp-content\/uploads\/2023\/12\/IMG_9032-2048x1365.jpg 2048w, https:\/\/cenal.gob.ve\/wp-content\/uploads\/2023\/12\/IMG_9032-640x427.jpg 640w\" sizes=\"(max-width: 1024px) 100vw, 1024px\" \/><\/figure>\n\n\n\n<p><strong>Allende, una suerte de ruta y destino<\/strong><\/p>\n\n\n\n<p>Ignacio Vidaurr\u00e1zaga Manr\u00edquez dice que hasta ahora han transcurrido 50 a\u00f1os y nunca Chile ha vuelto a tener un programa, un proyecto; considera que la unidad popular con Allende fue el punto m\u00e1s alto de proyecto pueblo que tuvo Chile, y por eso es que siempre se est\u00e1 volviendo a \u00e9l como \u201cuna suerte de s\u00edmbolo, ruta, destino\u201d.<\/p>\n\n\n\n<p>Consultado sobre las formas de ver el proceso chileno y especialmente sobre una constituci\u00f3n que sigue siendo de la dictadura, el periodista chileno indica que Chile est\u00e1 buscando su sentido, su proyecto y ha costado.<\/p>\n\n\n\n<p>\u201cPero yo creo que la memoria es un campo en disputa y a ese campo en disputa los que escribimos o creamos e inventamos cosas tenemos que ir, pero yo creo que tenemos que ir de forma inteligente en el sentido de los formatos, reinventarlos, o sea, hoy d\u00eda t\u00fa est\u00e1s en un gui\u00f3n de una pel\u00edcula, ma\u00f1ana est\u00e1s en un mapa, ma\u00f1ana est\u00e1s en un libro\u201d.<\/p>\n\n\n\n<p><strong>Cr\u00f3nicas del MIR<\/strong><\/p>\n\n\n\n<p>Como investigador, tambi\u00e9n trabaja en varios tomos sobre el MIR \u2014fundado por el m\u00e9dico, pol\u00edtico y revolucionario Miguel Enr\u00edquez\u2014 para documentar historias de detenidos y desaparecidos en la clandestinidad y persecuci\u00f3n.<\/p>\n\n\n\n<p>Trabaj\u00f3 el tomo 1 y tomo 2 y ahora trabaja \u201cen el tomo 3 que es la clandestinidad, el \u00faltimo a\u00f1o de Miguel Enr\u00edquez, septiembre 73-diciembre 74\u201d.<\/p>\n\n\n\n<p>Ignacio Vidaurr\u00e1zaga tambi\u00e9n es autor del libro <strong>La primera resistencia<\/strong>, donde relata la historia de hombres, mujeres y ni\u00f1os que se levantaron armados para resistir al golpe militar en los primeros d\u00edas de la dictadura en Chile, y que tambi\u00e9n es relevante en el contexto actual, en medio de cuestionamientos hacia el modelo y la transici\u00f3n en Chile.<\/p>\n\n\n\n<p>Los episodios de <strong>Las formas del libro<\/strong> est\u00e1n disponibles en el sitio web <a href=\"http:\/\/www.lasformasdellibro.com\">www.lasformasdellibro.com<\/a>, se transmiten por el canal digital <a href=\"http:\/\/culturavenezuela.com\">Cultura Venezuela<\/a>, por los canales ANTV, ViveTV y en Cuba por Multivisi\u00f3n.<\/p>\n\n\n\n<p>T \/ Jessika Selgrad<br>E \/ Jos\u00e9 Vicente Scorza<br>F \/ Inti Garboza<\/p>\n","protected":false},"excerpt":{"rendered":"<p>Los efectos del golpe de Estado al presidente socialista Salvador Allende en septiembre de 1973 y la sucesiva dictadura militar de Augusto Pinochet (1973-1990) se han prolongado en la sociedad [&hellip;]<\/p>\n","protected":false},"author":10,"featured_media":23160,"comment_status":"open","ping_status":"closed","sticky":false,"template":"","format":"standard","meta":{"spay_email":"","jetpack_publicize_message":"","jetpack_is_tweetstorm":false,"jetpack_publicize_feature_enabled":true},"categories":[2],"tags":[122],"yoast_head":"<!-- This site is optimized with the Yoast SEO plugin v19.8 - https:\/\/yoast.com\/wordpress\/plugins\/seo\/ -->\n<title>Allende ha sido en Chile el punto m\u00e1s alto del proyecto pueblo<\/title>\n<meta name=\"robots\" content=\"index, follow, max-snippet:-1, max-image-preview:large, max-video-preview:-1\" \/>\n<link rel=\"canonical\" href=\"https:\/\/cenal.gob.ve\/?p=23159\" \/>\n<meta property=\"og:locale\" content=\"es_ES\" \/>\n<meta property=\"og:type\" content=\"article\" \/>\n<meta property=\"og:title\" content=\"Allende ha sido en Chile el punto m\u00e1s alto del proyecto pueblo\" \/>\n<meta property=\"og:description\" content=\"Los efectos del golpe de Estado al presidente socialista Salvador Allende en septiembre de 1973 y la sucesiva dictadura militar de Augusto Pinochet (1973-1990) se han prolongado en la sociedad [&hellip;]\" \/>\n<meta property=\"og:url\" content=\"https:\/\/cenal.gob.ve\/?p=23159\" \/>\n<meta property=\"og:site_name\" content=\"Cenal\" \/>\n<meta property=\"article:published_time\" content=\"2023-12-15T21:38:32+00:00\" \/>\n<meta property=\"article:modified_time\" content=\"2023-12-16T15:56:44+00:00\" \/>\n<meta property=\"og:image\" content=\"https:\/\/i0.wp.com\/cenal.gob.ve\/wp-content\/uploads\/2023\/12\/Ignacio-V-Chile-scaled.jpg?fit=2560%2C1707&ssl=1\" \/>\n\t<meta property=\"og:image:width\" content=\"2560\" \/>\n\t<meta property=\"og:image:height\" content=\"1707\" \/>\n\t<meta property=\"og:image:type\" content=\"image\/jpeg\" \/>\n<meta name=\"author\" content=\"Prensa Cenal\" \/>\n<meta name=\"twitter:card\" content=\"summary_large_image\" \/>\n<meta name=\"twitter:label1\" content=\"Written by\" \/>\n\t<meta name=\"twitter:data1\" content=\"Prensa Cenal\" \/>\n\t<meta name=\"twitter:label2\" content=\"Est. reading time\" \/>\n\t<meta name=\"twitter:data2\" content=\"4 minutos\" \/>\n<script type=\"application\/ld+json\" class=\"yoast-schema-graph\">{\"@context\":\"https:\/\/schema.org\",\"@graph\":[{\"@type\":\"Article\",\"@id\":\"https:\/\/cenal.gob.ve\/?p=23159#article\",\"isPartOf\":{\"@id\":\"https:\/\/cenal.gob.ve\/?p=23159\"},\"author\":{\"name\":\"Prensa Cenal\",\"@id\":\"https:\/\/cenal.gob.ve\/#\/schema\/person\/e3ed34623f400ffab8bc7a63b2f5533f\"},\"headline\":\"Allende ha sido en Chile el punto m\u00e1s alto del proyecto pueblo\",\"datePublished\":\"2023-12-15T21:38:32+00:00\",\"dateModified\":\"2023-12-16T15:56:44+00:00\",\"mainEntityOfPage\":{\"@id\":\"https:\/\/cenal.gob.ve\/?p=23159\"},\"wordCount\":869,\"commentCount\":0,\"publisher\":{\"@id\":\"https:\/\/cenal.gob.ve\/#organization\"},\"keywords\":[\"Las formas del libro\"],\"articleSection\":[\"Cenal\"],\"inLanguage\":\"es\",\"potentialAction\":[{\"@type\":\"CommentAction\",\"name\":\"Comment\",\"target\":[\"https:\/\/cenal.gob.ve\/?p=23159#respond\"]}]},{\"@type\":\"WebPage\",\"@id\":\"https:\/\/cenal.gob.ve\/?p=23159\",\"url\":\"https:\/\/cenal.gob.ve\/?p=23159\",\"name\":\"Allende ha sido en Chile el punto m\u00e1s alto del proyecto pueblo\",\"isPartOf\":{\"@id\":\"https:\/\/cenal.gob.ve\/#website\"},\"datePublished\":\"2023-12-15T21:38:32+00:00\",\"dateModified\":\"2023-12-16T15:56:44+00:00\",\"breadcrumb\":{\"@id\":\"https:\/\/cenal.gob.ve\/?p=23159#breadcrumb\"},\"inLanguage\":\"es\",\"potentialAction\":[{\"@type\":\"ReadAction\",\"target\":[\"https:\/\/cenal.gob.ve\/?p=23159\"]}]},{\"@type\":\"BreadcrumbList\",\"@id\":\"https:\/\/cenal.gob.ve\/?p=23159#breadcrumb\",\"itemListElement\":[{\"@type\":\"ListItem\",\"position\":1,\"name\":\"Home\",\"item\":\"https:\/\/cenal.gob.ve\/\"},{\"@type\":\"ListItem\",\"position\":2,\"name\":\"Allende ha sido en Chile el punto m\u00e1s alto del proyecto pueblo\"}]},{\"@type\":\"WebSite\",\"@id\":\"https:\/\/cenal.gob.ve\/#website\",\"url\":\"https:\/\/cenal.gob.ve\/\",\"name\":\"Cenal\",\"description\":\"\",\"publisher\":{\"@id\":\"https:\/\/cenal.gob.ve\/#organization\"},\"potentialAction\":[{\"@type\":\"SearchAction\",\"target\":{\"@type\":\"EntryPoint\",\"urlTemplate\":\"https:\/\/cenal.gob.ve\/?s={search_term_string}\"},\"query-input\":\"required name=search_term_string\"}],\"inLanguage\":\"es\"},{\"@type\":\"Organization\",\"@id\":\"https:\/\/cenal.gob.ve\/#organization\",\"name\":\"CENAL\",\"url\":\"https:\/\/cenal.gob.ve\/\",\"sameAs\":[],\"logo\":{\"@type\":\"ImageObject\",\"inLanguage\":\"es\",\"@id\":\"https:\/\/cenal.gob.ve\/#\/schema\/logo\/image\/\",\"url\":\"https:\/\/i0.wp.com\/cenal.gob.ve\/wp-content\/uploads\/2022\/10\/cropped-images.jpg?fit=512%2C512\",\"contentUrl\":\"https:\/\/i0.wp.com\/cenal.gob.ve\/wp-content\/uploads\/2022\/10\/cropped-images.jpg?fit=512%2C512\",\"width\":512,\"height\":512,\"caption\":\"CENAL\"},\"image\":{\"@id\":\"https:\/\/cenal.gob.ve\/#\/schema\/logo\/image\/\"}},{\"@type\":\"Person\",\"@id\":\"https:\/\/cenal.gob.ve\/#\/schema\/person\/e3ed34623f400ffab8bc7a63b2f5533f\",\"name\":\"Prensa Cenal\",\"image\":{\"@type\":\"ImageObject\",\"inLanguage\":\"es\",\"@id\":\"https:\/\/cenal.gob.ve\/#\/schema\/person\/image\/\",\"url\":\"https:\/\/secure.gravatar.com\/avatar\/594b4ed34090910c619ac3679001d491?s=96&d=mm&r=g\",\"contentUrl\":\"https:\/\/secure.gravatar.com\/avatar\/594b4ed34090910c619ac3679001d491?s=96&d=mm&r=g\",\"caption\":\"Prensa Cenal\"},\"url\":\"https:\/\/cenal.gob.ve\/?author=10\"}]}<\/script>\n<!-- \/ Yoast SEO plugin. -->","yoast_head_json":{"title":"Allende ha sido en Chile el punto m\u00e1s alto del proyecto pueblo","robots":{"index":"index","follow":"follow","max-snippet":"max-snippet:-1","max-image-preview":"max-image-preview:large","max-video-preview":"max-video-preview:-1"},"canonical":"https:\/\/cenal.gob.ve\/?p=23159","og_locale":"es_ES","og_type":"article","og_title":"Allende ha sido en Chile el punto m\u00e1s alto del proyecto pueblo","og_description":"Los efectos del golpe de Estado al presidente socialista Salvador Allende en septiembre de 1973 y la sucesiva dictadura militar de Augusto Pinochet (1973-1990) se han prolongado en la sociedad [&hellip;]","og_url":"https:\/\/cenal.gob.ve\/?p=23159","og_site_name":"Cenal","article_published_time":"2023-12-15T21:38:32+00:00","article_modified_time":"2023-12-16T15:56:44+00:00","og_image":[{"width":2560,"height":1707,"url":"https:\/\/i0.wp.com\/cenal.gob.ve\/wp-content\/uploads\/2023\/12\/Ignacio-V-Chile-scaled.jpg?fit=2560%2C1707&ssl=1","type":"image\/jpeg"}],"author":"Prensa Cenal","twitter_card":"summary_large_image","twitter_misc":{"Written by":"Prensa Cenal","Est. reading time":"4 minutos"},"schema":{"@context":"https:\/\/schema.org","@graph":[{"@type":"Article","@id":"https:\/\/cenal.gob.ve\/?p=23159#article","isPartOf":{"@id":"https:\/\/cenal.gob.ve\/?p=23159"},"author":{"name":"Prensa Cenal","@id":"https:\/\/cenal.gob.ve\/#\/schema\/person\/e3ed34623f400ffab8bc7a63b2f5533f"},"headline":"Allende ha sido en Chile el punto m\u00e1s alto del proyecto pueblo","datePublished":"2023-12-15T21:38:32+00:00","dateModified":"2023-12-16T15:56:44+00:00","mainEntityOfPage":{"@id":"https:\/\/cenal.gob.ve\/?p=23159"},"wordCount":869,"commentCount":0,"publisher":{"@id":"https:\/\/cenal.gob.ve\/#organization"},"keywords":["Las formas del libro"],"articleSection":["Cenal"],"inLanguage":"es","potentialAction":[{"@type":"CommentAction","name":"Comment","target":["https:\/\/cenal.gob.ve\/?p=23159#respond"]}]},{"@type":"WebPage","@id":"https:\/\/cenal.gob.ve\/?p=23159","url":"https:\/\/cenal.gob.ve\/?p=23159","name":"Allende ha sido en Chile el punto m\u00e1s alto del proyecto pueblo","isPartOf":{"@id":"https:\/\/cenal.gob.ve\/#website"},"datePublished":"2023-12-15T21:38:32+00:00","dateModified":"2023-12-16T15:56:44+00:00","breadcrumb":{"@id":"https:\/\/cenal.gob.ve\/?p=23159#breadcrumb"},"inLanguage":"es","potentialAction":[{"@type":"ReadAction","target":["https:\/\/cenal.gob.ve\/?p=23159"]}]},{"@type":"BreadcrumbList","@id":"https:\/\/cenal.gob.ve\/?p=23159#breadcrumb","itemListElement":[{"@type":"ListItem","position":1,"name":"Home","item":"https:\/\/cenal.gob.ve\/"},{"@type":"ListItem","position":2,"name":"Allende ha sido en Chile el punto m\u00e1s alto del proyecto pueblo"}]},{"@type":"WebSite","@id":"https:\/\/cenal.gob.ve\/#website","url":"https:\/\/cenal.gob.ve\/","name":"Cenal","description":"","publisher":{"@id":"https:\/\/cenal.gob.ve\/#organization"},"potentialAction":[{"@type":"SearchAction","target":{"@type":"EntryPoint","urlTemplate":"https:\/\/cenal.gob.ve\/?s={search_term_string}"},"query-input":"required name=search_term_string"}],"inLanguage":"es"},{"@type":"Organization","@id":"https:\/\/cenal.gob.ve\/#organization","name":"CENAL","url":"https:\/\/cenal.gob.ve\/","sameAs":[],"logo":{"@type":"ImageObject","inLanguage":"es","@id":"https:\/\/cenal.gob.ve\/#\/schema\/logo\/image\/","url":"https:\/\/i0.wp.com\/cenal.gob.ve\/wp-content\/uploads\/2022\/10\/cropped-images.jpg?fit=512%2C512","contentUrl":"https:\/\/i0.wp.com\/cenal.gob.ve\/wp-content\/uploads\/2022\/10\/cropped-images.jpg?fit=512%2C512","width":512,"height":512,"caption":"CENAL"},"image":{"@id":"https:\/\/cenal.gob.ve\/#\/schema\/logo\/image\/"}},{"@type":"Person","@id":"https:\/\/cenal.gob.ve\/#\/schema\/person\/e3ed34623f400ffab8bc7a63b2f5533f","name":"Prensa Cenal","image":{"@type":"ImageObject","inLanguage":"es","@id":"https:\/\/cenal.gob.ve\/#\/schema\/person\/image\/","url":"https:\/\/secure.gravatar.com\/avatar\/594b4ed34090910c619ac3679001d491?s=96&d=mm&r=g","contentUrl":"https:\/\/secure.gravatar.com\/avatar\/594b4ed34090910c619ac3679001d491?s=96&d=mm&r=g","caption":"Prensa Cenal"},"url":"https:\/\/cenal.gob.ve\/?author=10"}]}},"jetpack_featured_media_url":"https:\/\/cenal.gob.ve\/wp-content\/uploads\/2023\/12\/Ignacio-V-Chile-scaled.jpg","jetpack_publicize_connections":[],"jetpack_shortlink":"https:\/\/wp.me\/p5FMhp-61x","_links":{"self":[{"href":"https:\/\/cenal.gob.ve\/index.php?rest_route=\/wp\/v2\/posts\/23159"}],"collection":[{"href":"https:\/\/cenal.gob.ve\/index.php?rest_route=\/wp\/v2\/posts"}],"about":[{"href":"https:\/\/cenal.gob.ve\/index.php?rest_route=\/wp\/v2\/types\/post"}],"author":[{"embeddable":true,"href":"https:\/\/cenal.gob.ve\/index.php?rest_route=\/wp\/v2\/users\/10"}],"replies":[{"embeddable":true,"href":"https:\/\/cenal.gob.ve\/index.php?rest_route=%2Fwp%2Fv2%2Fcomments&post=23159"}],"version-history":[{"count":2,"href":"https:\/\/cenal.gob.ve\/index.php?rest_route=\/wp\/v2\/posts\/23159\/revisions"}],"predecessor-version":[{"id":23165,"href":"https:\/\/cenal.gob.ve\/index.php?rest_route=\/wp\/v2\/posts\/23159\/revisions\/23165"}],"wp:featuredmedia":[{"embeddable":true,"href":"https:\/\/cenal.gob.ve\/index.php?rest_route=\/wp\/v2\/media\/23160"}],"wp:attachment":[{"href":"https:\/\/cenal.gob.ve\/index.php?rest_route=%2Fwp%2Fv2%2Fmedia&parent=23159"}],"wp:term":[{"taxonomy":"category","embeddable":true,"href":"https:\/\/cenal.gob.ve\/index.php?rest_route=%2Fwp%2Fv2%2Fcategories&post=23159"},{"taxonomy":"post_tag","embeddable":true,"href":"https:\/\/cenal.gob.ve\/index.php?rest_route=%2Fwp%2Fv2%2Ftags&post=23159"}],"curies":[{"name":"wp","href":"https:\/\/api.w.org\/{rel}","templated":true}]}}