{"id":23174,"date":"2023-12-27T10:03:21","date_gmt":"2023-12-27T14:03:21","guid":{"rendered":"http:\/\/cenal.gob.ve\/?p=23174"},"modified":"2023-12-27T12:32:43","modified_gmt":"2023-12-27T16:32:43","slug":"akapellah-en-las-formas-del-libro","status":"publish","type":"post","link":"https:\/\/cenal.gob.ve\/?p=23174","title":{"rendered":"Akapellah en Las formas del libro"},"content":{"rendered":"\n<p>Pedro El\u00edas Aquino Cova, mejor conocido como el Goldo Funky, Akapellah, rapero venezolano nominado tres veces al Grammy Latino y n\u00famero 12 en la lista de la revista <em>Rolling Stone<\/em> de los 50 mejores artistas del rap en espa\u00f1ol, convers\u00f3 con Ra\u00fal Cazal en el episodio 43 de <strong>Las formas del libro<\/strong> sobre su natural destreza en responder en el <em>freestyle<\/em> gracias a la lectura inculcada por su familia desde siempre.<\/p>\n\n\n\n<p>Comparti\u00f3 en los inicios de su infancia entre los llanos y del oriente venezolano con familiares que le ense\u00f1aron a reconocer los valores de sus ra\u00edces afrovenezolanas y admirar la destreza de los copleros, en especial de Francisco Montoya, \u201cEl Tigre de Payara\u201d.<\/p>\n\n\n\n<figure class=\"wp-block-image size-large\"><img width=\"1024\" height=\"683\" src=\"http:\/\/cenal.gob.ve\/wp-content\/uploads\/2023\/12\/IMG_3220-1024x683.jpg\" alt=\"\" class=\"wp-image-23175\" srcset=\"https:\/\/cenal.gob.ve\/wp-content\/uploads\/2023\/12\/IMG_3220-1024x683.jpg 1024w, https:\/\/cenal.gob.ve\/wp-content\/uploads\/2023\/12\/IMG_3220-300x200.jpg 300w, https:\/\/cenal.gob.ve\/wp-content\/uploads\/2023\/12\/IMG_3220-768x512.jpg 768w, https:\/\/cenal.gob.ve\/wp-content\/uploads\/2023\/12\/IMG_3220-1536x1024.jpg 1536w, https:\/\/cenal.gob.ve\/wp-content\/uploads\/2023\/12\/IMG_3220-2048x1365.jpg 2048w, https:\/\/cenal.gob.ve\/wp-content\/uploads\/2023\/12\/IMG_3220-640x427.jpg 640w\" sizes=\"(max-width: 1024px) 100vw, 1024px\" \/><\/figure>\n\n\n\n<p>\u201cLos llaneros son mejores que los raperos, creo yo\u201d, dice Akapellah porque \u201cel rapero tiene que parafrasear mucho, da muchas vueltas, y siento que los copleros son m\u00e1s directos, tienen muchas met\u00e1foras\u201d. \u201cSi los raperos tiene una memoria de 100 gigas, los copleros tienen de 1 tera\u201d.&nbsp;<\/p>\n\n\n\n<p>Los copleros tienen expresiones que lo impresiona: \u201cc\u00f3mo se le ocurri\u00f3 a ese se\u00f1or decir ese ejemplo (frase) en esta batalla (reto)\u201d, dice con admiraci\u00f3n Akapellah.<\/p>\n\n\n\n<figure class=\"wp-block-embed is-type-video is-provider-youtube wp-block-embed-youtube wp-embed-aspect-16-9 wp-has-aspect-ratio\"><div class=\"wp-block-embed__wrapper\">\n<div class=\"jetpack-video-wrapper\"><iframe title=\"Akapellah | Las formas del libro | Episodio 43\" width=\"640\" height=\"360\" src=\"https:\/\/www.youtube.com\/embed\/8NYfHJhxdDE?feature=oembed\" frameborder=\"0\" allow=\"accelerometer; autoplay; clipboard-write; encrypted-media; gyroscope; picture-in-picture; web-share\" allowfullscreen><\/iframe><\/div>\n<\/div><\/figure>\n\n\n\n<p>Sus apreciaciones sobre Canserbero, Tirone Gonz\u00e1lez; el rap en Venezuela y las repercusiones que tiene el g\u00e9nero urbano en el mundo fueron parte de este episodio en <strong>Las formas del libro<\/strong>.<\/p>\n\n\n\n<figure class=\"wp-block-image size-large\"><img width=\"1024\" height=\"683\" src=\"http:\/\/cenal.gob.ve\/wp-content\/uploads\/2023\/12\/IMG_3215-1024x683.jpg\" alt=\"\" class=\"wp-image-23183\" srcset=\"https:\/\/cenal.gob.ve\/wp-content\/uploads\/2023\/12\/IMG_3215-1024x683.jpg 1024w, https:\/\/cenal.gob.ve\/wp-content\/uploads\/2023\/12\/IMG_3215-300x200.jpg 300w, https:\/\/cenal.gob.ve\/wp-content\/uploads\/2023\/12\/IMG_3215-768x512.jpg 768w, https:\/\/cenal.gob.ve\/wp-content\/uploads\/2023\/12\/IMG_3215-1536x1024.jpg 1536w, https:\/\/cenal.gob.ve\/wp-content\/uploads\/2023\/12\/IMG_3215-2048x1365.jpg 2048w, https:\/\/cenal.gob.ve\/wp-content\/uploads\/2023\/12\/IMG_3215-640x427.jpg 640w\" sizes=\"(max-width: 1024px) 100vw, 1024px\" \/><\/figure>\n\n\n\n<p>Los episodios de\u00a0<strong>Las formas del libro<\/strong>\u00a0est\u00e1n disponibles en el sitio web\u00a0<a href=\"http:\/\/www.lasformasdellibro.com\/\">www.lasformasdellibro.com<\/a>, se transmiten por el canal digital\u00a0<a href=\"http:\/\/culturavenezuela.com\/\">Cultura Venezuela<\/a>, por los canales ANTV, ViveTV y en Cuba por Multivisi\u00f3n.<\/p>\n\n\n\n<p>Foto: Gabriela Materano<\/p>\n","protected":false},"excerpt":{"rendered":"<p>Pedro El\u00edas Aquino Cova, mejor conocido como el Goldo Funky, Akapellah, rapero venezolano nominado tres veces al Grammy Latino y n\u00famero 12 en la lista de la revista Rolling Stone de los 50 mejores artistas del rap en espa\u00f1ol, convers\u00f3 con Ra\u00fal Cazal en el episodio 43 de Las formas del libro sobre su natural destreza en responder en el freestyle gracias a la lectura inculcada por su familia desde siempre<\/p>\n","protected":false},"author":10,"featured_media":23176,"comment_status":"open","ping_status":"closed","sticky":false,"template":"","format":"standard","meta":{"spay_email":"","jetpack_publicize_message":"","jetpack_is_tweetstorm":false,"jetpack_publicize_feature_enabled":true},"categories":[2],"tags":[122],"yoast_head":"<!-- This site is optimized with the Yoast SEO plugin v19.8 - https:\/\/yoast.com\/wordpress\/plugins\/seo\/ -->\n<title>Akapellah en Las formas del libro<\/title>\n<meta name=\"robots\" content=\"index, follow, max-snippet:-1, max-image-preview:large, max-video-preview:-1\" \/>\n<link rel=\"canonical\" href=\"https:\/\/cenal.gob.ve\/?p=23174\" \/>\n<meta property=\"og:locale\" content=\"es_ES\" \/>\n<meta property=\"og:type\" content=\"article\" \/>\n<meta property=\"og:title\" content=\"Akapellah en Las formas del libro\" \/>\n<meta property=\"og:description\" content=\"Pedro El\u00edas Aquino Cova, mejor conocido como el Goldo Funky, Akapellah, rapero venezolano nominado tres veces al Grammy Latino y n\u00famero 12 en la lista de la revista Rolling Stone de los 50 mejores artistas del rap en espa\u00f1ol, convers\u00f3 con Ra\u00fal Cazal en el episodio 43 de Las formas del libro sobre su natural destreza en responder en el freestyle gracias a la lectura inculcada por su familia desde siempre\" \/>\n<meta property=\"og:url\" content=\"https:\/\/cenal.gob.ve\/?p=23174\" \/>\n<meta property=\"og:site_name\" content=\"Cenal\" \/>\n<meta property=\"article:published_time\" content=\"2023-12-27T14:03:21+00:00\" \/>\n<meta property=\"article:modified_time\" content=\"2023-12-27T16:32:43+00:00\" \/>\n<meta property=\"og:image\" content=\"https:\/\/i0.wp.com\/cenal.gob.ve\/wp-content\/uploads\/2023\/12\/IMG_3223-scaled.jpg?fit=2560%2C1706&ssl=1\" \/>\n\t<meta property=\"og:image:width\" content=\"2560\" \/>\n\t<meta property=\"og:image:height\" content=\"1706\" \/>\n\t<meta property=\"og:image:type\" content=\"image\/jpeg\" \/>\n<meta name=\"author\" content=\"Prensa Cenal\" \/>\n<meta name=\"twitter:card\" content=\"summary_large_image\" \/>\n<meta name=\"twitter:label1\" content=\"Written by\" \/>\n\t<meta name=\"twitter:data1\" content=\"Prensa Cenal\" \/>\n\t<meta name=\"twitter:label2\" content=\"Est. reading time\" \/>\n\t<meta name=\"twitter:data2\" content=\"2 minutos\" \/>\n<script type=\"application\/ld+json\" class=\"yoast-schema-graph\">{\"@context\":\"https:\/\/schema.org\",\"@graph\":[{\"@type\":\"Article\",\"@id\":\"https:\/\/cenal.gob.ve\/?p=23174#article\",\"isPartOf\":{\"@id\":\"https:\/\/cenal.gob.ve\/?p=23174\"},\"author\":{\"name\":\"Prensa Cenal\",\"@id\":\"https:\/\/cenal.gob.ve\/#\/schema\/person\/e3ed34623f400ffab8bc7a63b2f5533f\"},\"headline\":\"Akapellah en Las formas del libro\",\"datePublished\":\"2023-12-27T14:03:21+00:00\",\"dateModified\":\"2023-12-27T16:32:43+00:00\",\"mainEntityOfPage\":{\"@id\":\"https:\/\/cenal.gob.ve\/?p=23174\"},\"wordCount\":276,\"commentCount\":0,\"publisher\":{\"@id\":\"https:\/\/cenal.gob.ve\/#organization\"},\"keywords\":[\"Las formas del libro\"],\"articleSection\":[\"Cenal\"],\"inLanguage\":\"es\",\"potentialAction\":[{\"@type\":\"CommentAction\",\"name\":\"Comment\",\"target\":[\"https:\/\/cenal.gob.ve\/?p=23174#respond\"]}]},{\"@type\":\"WebPage\",\"@id\":\"https:\/\/cenal.gob.ve\/?p=23174\",\"url\":\"https:\/\/cenal.gob.ve\/?p=23174\",\"name\":\"Akapellah en Las formas del libro\",\"isPartOf\":{\"@id\":\"https:\/\/cenal.gob.ve\/#website\"},\"datePublished\":\"2023-12-27T14:03:21+00:00\",\"dateModified\":\"2023-12-27T16:32:43+00:00\",\"breadcrumb\":{\"@id\":\"https:\/\/cenal.gob.ve\/?p=23174#breadcrumb\"},\"inLanguage\":\"es\",\"potentialAction\":[{\"@type\":\"ReadAction\",\"target\":[\"https:\/\/cenal.gob.ve\/?p=23174\"]}]},{\"@type\":\"BreadcrumbList\",\"@id\":\"https:\/\/cenal.gob.ve\/?p=23174#breadcrumb\",\"itemListElement\":[{\"@type\":\"ListItem\",\"position\":1,\"name\":\"Home\",\"item\":\"https:\/\/cenal.gob.ve\/\"},{\"@type\":\"ListItem\",\"position\":2,\"name\":\"Akapellah en Las formas del libro\"}]},{\"@type\":\"WebSite\",\"@id\":\"https:\/\/cenal.gob.ve\/#website\",\"url\":\"https:\/\/cenal.gob.ve\/\",\"name\":\"Cenal\",\"description\":\"\",\"publisher\":{\"@id\":\"https:\/\/cenal.gob.ve\/#organization\"},\"potentialAction\":[{\"@type\":\"SearchAction\",\"target\":{\"@type\":\"EntryPoint\",\"urlTemplate\":\"https:\/\/cenal.gob.ve\/?s={search_term_string}\"},\"query-input\":\"required name=search_term_string\"}],\"inLanguage\":\"es\"},{\"@type\":\"Organization\",\"@id\":\"https:\/\/cenal.gob.ve\/#organization\",\"name\":\"CENAL\",\"url\":\"https:\/\/cenal.gob.ve\/\",\"sameAs\":[],\"logo\":{\"@type\":\"ImageObject\",\"inLanguage\":\"es\",\"@id\":\"https:\/\/cenal.gob.ve\/#\/schema\/logo\/image\/\",\"url\":\"https:\/\/i0.wp.com\/cenal.gob.ve\/wp-content\/uploads\/2022\/10\/cropped-images.jpg?fit=512%2C512\",\"contentUrl\":\"https:\/\/i0.wp.com\/cenal.gob.ve\/wp-content\/uploads\/2022\/10\/cropped-images.jpg?fit=512%2C512\",\"width\":512,\"height\":512,\"caption\":\"CENAL\"},\"image\":{\"@id\":\"https:\/\/cenal.gob.ve\/#\/schema\/logo\/image\/\"}},{\"@type\":\"Person\",\"@id\":\"https:\/\/cenal.gob.ve\/#\/schema\/person\/e3ed34623f400ffab8bc7a63b2f5533f\",\"name\":\"Prensa Cenal\",\"image\":{\"@type\":\"ImageObject\",\"inLanguage\":\"es\",\"@id\":\"https:\/\/cenal.gob.ve\/#\/schema\/person\/image\/\",\"url\":\"https:\/\/secure.gravatar.com\/avatar\/594b4ed34090910c619ac3679001d491?s=96&d=mm&r=g\",\"contentUrl\":\"https:\/\/secure.gravatar.com\/avatar\/594b4ed34090910c619ac3679001d491?s=96&d=mm&r=g\",\"caption\":\"Prensa Cenal\"},\"url\":\"https:\/\/cenal.gob.ve\/?author=10\"}]}<\/script>\n<!-- \/ Yoast SEO plugin. -->","yoast_head_json":{"title":"Akapellah en Las formas del libro","robots":{"index":"index","follow":"follow","max-snippet":"max-snippet:-1","max-image-preview":"max-image-preview:large","max-video-preview":"max-video-preview:-1"},"canonical":"https:\/\/cenal.gob.ve\/?p=23174","og_locale":"es_ES","og_type":"article","og_title":"Akapellah en Las formas del libro","og_description":"Pedro El\u00edas Aquino Cova, mejor conocido como el Goldo Funky, Akapellah, rapero venezolano nominado tres veces al Grammy Latino y n\u00famero 12 en la lista de la revista Rolling Stone de los 50 mejores artistas del rap en espa\u00f1ol, convers\u00f3 con Ra\u00fal Cazal en el episodio 43 de Las formas del libro sobre su natural destreza en responder en el freestyle gracias a la lectura inculcada por su familia desde siempre","og_url":"https:\/\/cenal.gob.ve\/?p=23174","og_site_name":"Cenal","article_published_time":"2023-12-27T14:03:21+00:00","article_modified_time":"2023-12-27T16:32:43+00:00","og_image":[{"width":2560,"height":1706,"url":"https:\/\/i0.wp.com\/cenal.gob.ve\/wp-content\/uploads\/2023\/12\/IMG_3223-scaled.jpg?fit=2560%2C1706&ssl=1","type":"image\/jpeg"}],"author":"Prensa Cenal","twitter_card":"summary_large_image","twitter_misc":{"Written by":"Prensa Cenal","Est. reading time":"2 minutos"},"schema":{"@context":"https:\/\/schema.org","@graph":[{"@type":"Article","@id":"https:\/\/cenal.gob.ve\/?p=23174#article","isPartOf":{"@id":"https:\/\/cenal.gob.ve\/?p=23174"},"author":{"name":"Prensa Cenal","@id":"https:\/\/cenal.gob.ve\/#\/schema\/person\/e3ed34623f400ffab8bc7a63b2f5533f"},"headline":"Akapellah en Las formas del libro","datePublished":"2023-12-27T14:03:21+00:00","dateModified":"2023-12-27T16:32:43+00:00","mainEntityOfPage":{"@id":"https:\/\/cenal.gob.ve\/?p=23174"},"wordCount":276,"commentCount":0,"publisher":{"@id":"https:\/\/cenal.gob.ve\/#organization"},"keywords":["Las formas del libro"],"articleSection":["Cenal"],"inLanguage":"es","potentialAction":[{"@type":"CommentAction","name":"Comment","target":["https:\/\/cenal.gob.ve\/?p=23174#respond"]}]},{"@type":"WebPage","@id":"https:\/\/cenal.gob.ve\/?p=23174","url":"https:\/\/cenal.gob.ve\/?p=23174","name":"Akapellah en Las formas del libro","isPartOf":{"@id":"https:\/\/cenal.gob.ve\/#website"},"datePublished":"2023-12-27T14:03:21+00:00","dateModified":"2023-12-27T16:32:43+00:00","breadcrumb":{"@id":"https:\/\/cenal.gob.ve\/?p=23174#breadcrumb"},"inLanguage":"es","potentialAction":[{"@type":"ReadAction","target":["https:\/\/cenal.gob.ve\/?p=23174"]}]},{"@type":"BreadcrumbList","@id":"https:\/\/cenal.gob.ve\/?p=23174#breadcrumb","itemListElement":[{"@type":"ListItem","position":1,"name":"Home","item":"https:\/\/cenal.gob.ve\/"},{"@type":"ListItem","position":2,"name":"Akapellah en Las formas del libro"}]},{"@type":"WebSite","@id":"https:\/\/cenal.gob.ve\/#website","url":"https:\/\/cenal.gob.ve\/","name":"Cenal","description":"","publisher":{"@id":"https:\/\/cenal.gob.ve\/#organization"},"potentialAction":[{"@type":"SearchAction","target":{"@type":"EntryPoint","urlTemplate":"https:\/\/cenal.gob.ve\/?s={search_term_string}"},"query-input":"required name=search_term_string"}],"inLanguage":"es"},{"@type":"Organization","@id":"https:\/\/cenal.gob.ve\/#organization","name":"CENAL","url":"https:\/\/cenal.gob.ve\/","sameAs":[],"logo":{"@type":"ImageObject","inLanguage":"es","@id":"https:\/\/cenal.gob.ve\/#\/schema\/logo\/image\/","url":"https:\/\/i0.wp.com\/cenal.gob.ve\/wp-content\/uploads\/2022\/10\/cropped-images.jpg?fit=512%2C512","contentUrl":"https:\/\/i0.wp.com\/cenal.gob.ve\/wp-content\/uploads\/2022\/10\/cropped-images.jpg?fit=512%2C512","width":512,"height":512,"caption":"CENAL"},"image":{"@id":"https:\/\/cenal.gob.ve\/#\/schema\/logo\/image\/"}},{"@type":"Person","@id":"https:\/\/cenal.gob.ve\/#\/schema\/person\/e3ed34623f400ffab8bc7a63b2f5533f","name":"Prensa Cenal","image":{"@type":"ImageObject","inLanguage":"es","@id":"https:\/\/cenal.gob.ve\/#\/schema\/person\/image\/","url":"https:\/\/secure.gravatar.com\/avatar\/594b4ed34090910c619ac3679001d491?s=96&d=mm&r=g","contentUrl":"https:\/\/secure.gravatar.com\/avatar\/594b4ed34090910c619ac3679001d491?s=96&d=mm&r=g","caption":"Prensa Cenal"},"url":"https:\/\/cenal.gob.ve\/?author=10"}]}},"jetpack_featured_media_url":"https:\/\/cenal.gob.ve\/wp-content\/uploads\/2023\/12\/IMG_3223-scaled.jpg","jetpack_publicize_connections":[],"jetpack_shortlink":"https:\/\/wp.me\/p5FMhp-61M","_links":{"self":[{"href":"https:\/\/cenal.gob.ve\/index.php?rest_route=\/wp\/v2\/posts\/23174"}],"collection":[{"href":"https:\/\/cenal.gob.ve\/index.php?rest_route=\/wp\/v2\/posts"}],"about":[{"href":"https:\/\/cenal.gob.ve\/index.php?rest_route=\/wp\/v2\/types\/post"}],"author":[{"embeddable":true,"href":"https:\/\/cenal.gob.ve\/index.php?rest_route=\/wp\/v2\/users\/10"}],"replies":[{"embeddable":true,"href":"https:\/\/cenal.gob.ve\/index.php?rest_route=%2Fwp%2Fv2%2Fcomments&post=23174"}],"version-history":[{"count":5,"href":"https:\/\/cenal.gob.ve\/index.php?rest_route=\/wp\/v2\/posts\/23174\/revisions"}],"predecessor-version":[{"id":23184,"href":"https:\/\/cenal.gob.ve\/index.php?rest_route=\/wp\/v2\/posts\/23174\/revisions\/23184"}],"wp:featuredmedia":[{"embeddable":true,"href":"https:\/\/cenal.gob.ve\/index.php?rest_route=\/wp\/v2\/media\/23176"}],"wp:attachment":[{"href":"https:\/\/cenal.gob.ve\/index.php?rest_route=%2Fwp%2Fv2%2Fmedia&parent=23174"}],"wp:term":[{"taxonomy":"category","embeddable":true,"href":"https:\/\/cenal.gob.ve\/index.php?rest_route=%2Fwp%2Fv2%2Fcategories&post=23174"},{"taxonomy":"post_tag","embeddable":true,"href":"https:\/\/cenal.gob.ve\/index.php?rest_route=%2Fwp%2Fv2%2Ftags&post=23174"}],"curies":[{"name":"wp","href":"https:\/\/api.w.org\/{rel}","templated":true}]}}