{"id":23189,"date":"2023-12-31T12:39:55","date_gmt":"2023-12-31T16:39:55","guid":{"rendered":"http:\/\/cenal.gob.ve\/?p=23189"},"modified":"2024-01-02T13:25:25","modified_gmt":"2024-01-02T17:25:25","slug":"resumen-2023-de-las-formas-del-libro","status":"publish","type":"post","link":"https:\/\/cenal.gob.ve\/?p=23189","title":{"rendered":"Resumen 2023 de Las formas del libro"},"content":{"rendered":"\n<p>Una historia debe tener un comienzo que atrape al lector y lo mantenga hasta el final. <strong>Las formas del libro<\/strong> espera haber cumplido con esta premisa literaria durante 2023, programa dedicado a la promoci\u00f3n de la lectura, dirigido y conducido por el periodista Ra\u00fal Cazal, actualmente presidente del Centro Nacional del Libro y viceministro de Fomento para la Econom\u00eda Cultural.&nbsp;<\/p>\n\n\n\n<p>Comenz\u00f3 el a\u00f1o con el poeta Tarek William Saab (<a href=\"http:\/\/lasformasdellibro.com\/?video_skrn=tarek-william-saab\" target=\"_blank\" rel=\"noreferrer noopener\">episodio 21<\/a>) y cerr\u00f3 con el rapero venezolano Akapellah (<a href=\"http:\/\/lasformasdellibro.com\/?video_skrn=akapellah\" target=\"_blank\" rel=\"noreferrer noopener\">episodio 43<\/a>). Este \u00faltimo episodio fue una vuelta de tuerca que acerc\u00f3 a los j\u00f3venes a un programa sobre libros.<\/p>\n\n\n\n<figure class=\"wp-block-image size-large\"><img width=\"1024\" height=\"682\" src=\"http:\/\/cenal.gob.ve\/wp-content\/uploads\/2023\/12\/Tarek-William-Saad-1024x682.jpeg\" alt=\"\" class=\"wp-image-23195\" srcset=\"https:\/\/cenal.gob.ve\/wp-content\/uploads\/2023\/12\/Tarek-William-Saad-1024x682.jpeg 1024w, https:\/\/cenal.gob.ve\/wp-content\/uploads\/2023\/12\/Tarek-William-Saad-300x200.jpeg 300w, https:\/\/cenal.gob.ve\/wp-content\/uploads\/2023\/12\/Tarek-William-Saad-768x512.jpeg 768w, https:\/\/cenal.gob.ve\/wp-content\/uploads\/2023\/12\/Tarek-William-Saad-640x427.jpeg 640w, https:\/\/cenal.gob.ve\/wp-content\/uploads\/2023\/12\/Tarek-William-Saad.jpeg 1280w\" sizes=\"(max-width: 1024px) 100vw, 1024px\" \/><\/figure>\n\n\n\n<figure class=\"wp-block-gallery has-nested-images columns-default is-cropped\">\n<figure class=\"wp-block-image size-large\"><img width=\"2560\" height=\"1706\" data-id=\"23183\"  src=\"http:\/\/cenal.gob.ve\/wp-content\/uploads\/2023\/12\/IMG_3215-scaled.jpg\" alt=\"\" class=\"wp-image-23183\" srcset=\"https:\/\/cenal.gob.ve\/wp-content\/uploads\/2023\/12\/IMG_3215-scaled.jpg 2560w, https:\/\/cenal.gob.ve\/wp-content\/uploads\/2023\/12\/IMG_3215-300x200.jpg 300w, https:\/\/cenal.gob.ve\/wp-content\/uploads\/2023\/12\/IMG_3215-1024x683.jpg 1024w, https:\/\/cenal.gob.ve\/wp-content\/uploads\/2023\/12\/IMG_3215-768x512.jpg 768w, https:\/\/cenal.gob.ve\/wp-content\/uploads\/2023\/12\/IMG_3215-1536x1024.jpg 1536w, https:\/\/cenal.gob.ve\/wp-content\/uploads\/2023\/12\/IMG_3215-2048x1365.jpg 2048w, https:\/\/cenal.gob.ve\/wp-content\/uploads\/2023\/12\/IMG_3215-640x427.jpg 640w\" sizes=\"(max-width: 2560px) 100vw, 2560px\" \/><\/figure>\n<\/figure>\n\n\n\n<p>Varios fueron los temas que se abordaron con diferentes actores, entre los que destacan Ignacio Ramonet con su libro <em>La era del conspiracionismo<\/em> (<a href=\"http:\/\/lasformasdellibro.com\/?video_skrn=ignacio-ramonet-2\" target=\"_blank\" rel=\"noreferrer noopener\">episodio 42<\/a>), Atilio Boron en donde anunci\u00f3 la primicia de su biograf\u00eda <em>A contramano<\/em> (<a href=\"http:\/\/lasformasdellibro.com\/?video_skrn=atilio-boron\" target=\"_blank\" rel=\"noreferrer noopener\">episodio 23<\/a>), Carmen Boh\u00f3rquez sobre su libro <em>La mujer ind\u00edgena y la colonizaci\u00f3n de la er\u00f3tica en Am\u00e9rica Latina<\/em> (<a href=\"http:\/\/lasformasdellibro.com\/?video_skrn=carmen-bohorquez\" target=\"_blank\" rel=\"noreferrer noopener\">episodio 25<\/a>) y con el historiador Pedro Calzadilla conversaron con su padre Pedro Calzadilla \u00c1lvarez sobre sus libros de cr\u00f3nicas (<a href=\"http:\/\/lasformasdellibro.com\/?video_skrn=pedro-calzadilla-alvarez\" target=\"_blank\" rel=\"noreferrer noopener\">episodio 41<\/a>).<\/p>\n\n\n\n<figure class=\"wp-block-image size-large\"><img width=\"1024\" height=\"683\" src=\"http:\/\/cenal.gob.ve\/wp-content\/uploads\/2023\/12\/Raul-Cazal-Ignacio-Ramonet-scaled-1-1024x683.jpg\" alt=\"\" class=\"wp-image-23143\" srcset=\"https:\/\/cenal.gob.ve\/wp-content\/uploads\/2023\/12\/Raul-Cazal-Ignacio-Ramonet-scaled-1-1024x683.jpg 1024w, https:\/\/cenal.gob.ve\/wp-content\/uploads\/2023\/12\/Raul-Cazal-Ignacio-Ramonet-scaled-1-300x200.jpg 300w, https:\/\/cenal.gob.ve\/wp-content\/uploads\/2023\/12\/Raul-Cazal-Ignacio-Ramonet-scaled-1-768x512.jpg 768w, https:\/\/cenal.gob.ve\/wp-content\/uploads\/2023\/12\/Raul-Cazal-Ignacio-Ramonet-scaled-1-640x427.jpg 640w, https:\/\/cenal.gob.ve\/wp-content\/uploads\/2023\/12\/Raul-Cazal-Ignacio-Ramonet-scaled-1.jpg 1080w\" sizes=\"(max-width: 1024px) 100vw, 1024px\" \/><figcaption><strong>Ignacio Ramonet participa por segunda vez en Las formas del libro<\/strong><\/figcaption><\/figure>\n\n\n\n<p>Tambi\u00e9n estuvieron los poetas Luis Alberto Crespo (<a href=\"http:\/\/lasformasdellibro.com\/?video_skrn=luis-alberto-crespo\" target=\"_blank\" rel=\"noreferrer noopener\">episodio 27<\/a>), Antonio Trujillo (<a href=\"http:\/\/lasformasdellibro.com\/?video_skrn=antonio-trujillo\" target=\"_blank\" rel=\"noreferrer noopener\">episodio 28<\/a>) y Leopoldo Teuco Castilla (<a href=\"http:\/\/lasformasdellibro.com\/?video_skrn=leopoldo-teuco-castilla\" target=\"_blank\" rel=\"noreferrer noopener\">episodio 33<\/a>), cada uno con su visi\u00f3n y propuesta po\u00e9tica.<\/p>\n\n\n\n<p>A prop\u00f3sito del II Festival Internacional de Teatro Progresista que se realiza en Venezuela, Cazal entrevist\u00f3 a los dramaturgos y directores de teatro Rodolfo Porras (Venezuela, <a href=\"http:\/\/lasformasdellibro.com\/?video_skrn=rodolfo-porras\" target=\"_blank\" rel=\"noreferrer noopener\">episodio 30<\/a>), Patricia Ariza (Colombia, <a href=\"http:\/\/lasformasdellibro.com\/?video_skrn=patricia-ariza\" target=\"_blank\" rel=\"noreferrer noopener\">episodio 31<\/a>), Julian Boal (Teatro del oprimido, Brasil, <a href=\"http:\/\/lasformasdellibro.com\/?video_skrn=teatro-del-oprimido\" target=\"_blank\" rel=\"noreferrer noopener\">episodio 34<\/a>) y Mauricio Kartun (Argentina, <a href=\"http:\/\/lasformasdellibro.com\/?video_skrn=mauricio-kartun\" target=\"_blank\" rel=\"noreferrer noopener\">episodio 37<\/a>).<\/p>\n\n\n\n<figure class=\"wp-block-image size-large\"><img width=\"1024\" height=\"683\" src=\"http:\/\/cenal.gob.ve\/wp-content\/uploads\/2023\/12\/1681922022799-1024x683.jpg\" alt=\"\" class=\"wp-image-23194\" srcset=\"https:\/\/cenal.gob.ve\/wp-content\/uploads\/2023\/12\/1681922022799-1024x683.jpg 1024w, https:\/\/cenal.gob.ve\/wp-content\/uploads\/2023\/12\/1681922022799-300x200.jpg 300w, https:\/\/cenal.gob.ve\/wp-content\/uploads\/2023\/12\/1681922022799-768x512.jpg 768w, https:\/\/cenal.gob.ve\/wp-content\/uploads\/2023\/12\/1681922022799-1536x1024.jpg 1536w, https:\/\/cenal.gob.ve\/wp-content\/uploads\/2023\/12\/1681922022799-2048x1365.jpg 2048w, https:\/\/cenal.gob.ve\/wp-content\/uploads\/2023\/12\/1681922022799-640x427.jpg 640w\" sizes=\"(max-width: 1024px) 100vw, 1024px\" \/><figcaption>El poeta Luis Alberto Crespo prometi\u00f3 una segunda entraga para Las formas del libro<\/figcaption><\/figure>\n\n\n\n<p>Nuestro llano cont\u00f3 con la participaci\u00f3n de Vidal Colmenares y Fidel Barbarito (<a href=\"http:\/\/lasformasdellibro.com\/?video_skrn=nuestro-llano\" target=\"_blank\" rel=\"noreferrer noopener\">episodio 35<\/a>) y el flamenco con las historias de amor de Manuelita (S\u00e1enz) y Sim\u00f3n (Bol\u00edvar) con el bailaor David Morales (<a href=\"http:\/\/lasformasdellibro.com\/?video_skrn=david-morales\" target=\"_blank\" rel=\"noreferrer noopener\">episodio 32<\/a>).<\/p>\n\n\n\n<p>La Inteligencia Artificial fue un ensayo en donde los escritores venezolanos Jos\u00e9 Carlos de N\u00f3brega y Pedro T\u00e9llez, sin saberlo, fueron parte de un experimento audiovisual de un tema que a tantos creadores preocupa (<a href=\"http:\/\/lasformasdellibro.com\/?video_skrn=ensayo-ia\" target=\"_blank\" rel=\"noreferrer noopener\">episodio 24<\/a>).<\/p>\n\n\n\n<p>La coronela Sara Otero Santiso revel\u00f3 la formaci\u00f3n literaria en la academia militar (<a href=\"http:\/\/lasformasdellibro.com\/?video_skrn=sara-otero-santiso\" target=\"_blank\" rel=\"noreferrer noopener\">episodio 23<\/a>), Katya Colmenares y Michel Mujica disertaron sobre los marxismos (<a href=\"http:\/\/lasformasdellibro.com\/?video_skrn=marxismos\" target=\"_blank\" rel=\"noreferrer noopener\">episodio 22<\/a>) y L\u00e1zara Herrera convers\u00f3 sobre el documentalista cubano Santiago \u00c1lvarez (<a href=\"http:\/\/lasformasdellibro.com\/?video_skrn=lazara-herrera\" target=\"_blank\" rel=\"noreferrer noopener\">episodio 39<\/a>).<\/p>\n\n\n\n<figure class=\"wp-block-image size-large\"><img width=\"1024\" height=\"683\" src=\"http:\/\/cenal.gob.ve\/wp-content\/uploads\/2023\/12\/Sara-Otero-Santiso-1024x683.jpg\" alt=\"\" class=\"wp-image-23196\" srcset=\"https:\/\/cenal.gob.ve\/wp-content\/uploads\/2023\/12\/Sara-Otero-Santiso-1024x683.jpg 1024w, https:\/\/cenal.gob.ve\/wp-content\/uploads\/2023\/12\/Sara-Otero-Santiso-300x200.jpg 300w, https:\/\/cenal.gob.ve\/wp-content\/uploads\/2023\/12\/Sara-Otero-Santiso-768x512.jpg 768w, https:\/\/cenal.gob.ve\/wp-content\/uploads\/2023\/12\/Sara-Otero-Santiso-1536x1024.jpg 1536w, https:\/\/cenal.gob.ve\/wp-content\/uploads\/2023\/12\/Sara-Otero-Santiso-2048x1365.jpg 2048w, https:\/\/cenal.gob.ve\/wp-content\/uploads\/2023\/12\/Sara-Otero-Santiso-640x427.jpg 640w\" sizes=\"(max-width: 1024px) 100vw, 1024px\" \/><figcaption>Coronela Sara Otero Santiso directora de la editorial Hormiguero<\/figcaption><\/figure>\n\n\n\n<p>El Waraira Repano y el Dr Knoch fue tema de conversaci\u00f3n con el narrador venezolano Jos\u00e9 Miguel Segovia (<a href=\"http:\/\/lasformasdellibro.com\/?video_skrn=dr-knoch\" target=\"_blank\" rel=\"noreferrer noopener\">episodio 29<\/a>) y la guitarra venezolana, Antonio Lauro y la obra de Enrique Bernardo N\u00fa\u00f1ez con Alejandro Bruzual (<a href=\"http:\/\/lasformasdellibro.com\/?video_skrn=alejandro-bruzual\" target=\"_blank\" rel=\"noreferrer noopener\">episodio 40<\/a>).<\/p>\n\n\n\n<p>Los 50 a\u00f1os del golpe de estado en Chile contra Allende se analiz\u00f3 con Ignacio Vidaurr\u00e1zaga Manr\u00edquez a prop\u00f3sito del mapa que realiz\u00f3 sobre el 11 de septiembre de 1973 (<a href=\"http:\/\/lasformasdellibro.com\/?video_skrn=ignacio-vidaurrazaga-manriquez\" target=\"_blank\" rel=\"noreferrer noopener\">episodio 42<\/a>) y se hizo un recuento hist\u00f3rico de los bloqueos contra Venezuela con el profesor en historia Manuel Carrero y el periodista William Castillo Boll\u00e9 (<a href=\"http:\/\/lasformasdellibro.com\/?video_skrn=soberania-y-bloqueos\" target=\"_blank\" rel=\"noreferrer noopener\">episodio 36<\/a>).<\/p>\n\n\n\n<p>Las formas del libro cumpli\u00f3 dos a\u00f1os en noviembre de 2023 y ha contado con la participaci\u00f3n de <a href=\"http:\/\/lasformasdellibro.com\/?video_skrn=novela-policial\" target=\"_blank\" rel=\"noreferrer noopener\">Paco Ignacio Taibo II<\/a>, <a href=\"http:\/\/lasformasdellibro.com\/?video_skrn=ramon-grosfoguel\" target=\"_blank\" rel=\"noreferrer noopener\">Ram\u00f3n Grosfoguel<\/a>, <a href=\"http:\/\/lasformasdellibro.com\/?video_skrn=vladimir-acosta\" target=\"_blank\" rel=\"noreferrer noopener\">Vladimir Acosta<\/a>, <a href=\"http:\/\/lasformasdellibro.com\/?video_skrn=iraida-vargas\" target=\"_blank\" rel=\"noreferrer noopener\">Iraida Vargas<\/a>, <a href=\"http:\/\/lasformasdellibro.com\/?video_skrn=adan-chavez\" target=\"_blank\" rel=\"noreferrer noopener\">Ad\u00e1n Ch\u00e1vez<\/a>, <a href=\"http:\/\/lasformasdellibro.com\/?video_skrn=ernesto-villegas-poljak\" target=\"_blank\" rel=\"noreferrer noopener\">Ernesto Villegas Poljak<\/a>, <a href=\"http:\/\/lasformasdellibro.com\/?video_skrn=sergio-guerra-vilaboy\" target=\"_blank\" rel=\"noreferrer noopener\">Sergio Guerra Vilaboy<\/a>, <a href=\"http:\/\/lasformasdellibro.com\/?video_skrn=chuchito-sanoja\" target=\"_blank\" rel=\"noreferrer noopener\">Chuchito Sanoja<\/a>, <a href=\"http:\/\/lasformasdellibro.com\/?video_skrn=wilmar-castro-soteldo\" target=\"_blank\" rel=\"noreferrer noopener\">Wilmar Castro Soteldo<\/a>, <a href=\"http:\/\/lasformasdellibro.com\/?video_skrn=jose-negron-valera\" target=\"_blank\" rel=\"noreferrer noopener\">Jos\u00e9 Negr\u00f3n Valera<\/a>, <a href=\"http:\/\/lasformasdellibro.com\/?video_skrn=rafael-quintero\" target=\"_blank\" rel=\"noreferrer noopener\">Rafael Quintero<\/a> y las cimarronas <a href=\"http:\/\/lasformasdellibro.com\/?video_skrn=cimarronas\" target=\"_blank\" rel=\"noreferrer noopener\">Beatriz Aiffil y Casimira <\/a><a href=\"http:\/\/lasformasdellibro.com\/?video_skrn=cimarronas\">Monasterios<\/a>, entre otros.<\/p>\n\n\n\n<p>Los episodios est\u00e1n disponibles en <a href=\"http:\/\/www.lasformasdellibro.com\/\">www.lasformasdellibro.com<\/a>, se transmiten por el canal digital&nbsp;<a href=\"http:\/\/culturavenezuela.com\/\">Cultura Venezuela<\/a> y por ANTV, ViveTV y en Cuba por Multivisi\u00f3n.<\/p>\n","protected":false},"excerpt":{"rendered":"<p>Una historia debe tener un comienzo que atrape al lector y lo mantenga hasta el final. Las formas del libro espera haber cumplido con esta premisa literaria durante 2023, programa [&hellip;]<\/p>\n","protected":false},"author":10,"featured_media":23192,"comment_status":"open","ping_status":"closed","sticky":false,"template":"","format":"standard","meta":{"spay_email":"","jetpack_publicize_message":"","jetpack_is_tweetstorm":false,"jetpack_publicize_feature_enabled":true},"categories":[2],"tags":[122],"yoast_head":"<!-- This site is optimized with the Yoast SEO plugin v19.8 - https:\/\/yoast.com\/wordpress\/plugins\/seo\/ -->\n<title>Resumen 2023 de Las formas del libro<\/title>\n<meta name=\"robots\" content=\"index, follow, max-snippet:-1, max-image-preview:large, max-video-preview:-1\" \/>\n<link rel=\"canonical\" href=\"https:\/\/cenal.gob.ve\/?p=23189\" \/>\n<meta property=\"og:locale\" content=\"es_ES\" \/>\n<meta property=\"og:type\" content=\"article\" \/>\n<meta property=\"og:title\" content=\"Resumen 2023 de Las formas del libro\" \/>\n<meta property=\"og:description\" content=\"Una historia debe tener un comienzo que atrape al lector y lo mantenga hasta el final. Las formas del libro espera haber cumplido con esta premisa literaria durante 2023, programa [&hellip;]\" \/>\n<meta property=\"og:url\" content=\"https:\/\/cenal.gob.ve\/?p=23189\" \/>\n<meta property=\"og:site_name\" content=\"Cenal\" \/>\n<meta property=\"article:published_time\" content=\"2023-12-31T16:39:55+00:00\" \/>\n<meta property=\"article:modified_time\" content=\"2024-01-02T17:25:25+00:00\" \/>\n<meta property=\"og:image\" content=\"https:\/\/i0.wp.com\/cenal.gob.ve\/wp-content\/uploads\/2023\/12\/resumen.jpg?fit=1280%2C720&ssl=1\" \/>\n\t<meta property=\"og:image:width\" content=\"1280\" \/>\n\t<meta property=\"og:image:height\" content=\"720\" \/>\n\t<meta property=\"og:image:type\" content=\"image\/jpeg\" \/>\n<meta name=\"author\" content=\"Prensa Cenal\" \/>\n<meta name=\"twitter:card\" content=\"summary_large_image\" \/>\n<meta name=\"twitter:label1\" content=\"Written by\" \/>\n\t<meta name=\"twitter:data1\" content=\"Prensa Cenal\" \/>\n\t<meta name=\"twitter:label2\" content=\"Est. reading time\" \/>\n\t<meta name=\"twitter:data2\" content=\"4 minutos\" \/>\n<script type=\"application\/ld+json\" class=\"yoast-schema-graph\">{\"@context\":\"https:\/\/schema.org\",\"@graph\":[{\"@type\":\"Article\",\"@id\":\"https:\/\/cenal.gob.ve\/?p=23189#article\",\"isPartOf\":{\"@id\":\"https:\/\/cenal.gob.ve\/?p=23189\"},\"author\":{\"name\":\"Prensa Cenal\",\"@id\":\"https:\/\/cenal.gob.ve\/#\/schema\/person\/e3ed34623f400ffab8bc7a63b2f5533f\"},\"headline\":\"Resumen 2023 de Las formas del libro\",\"datePublished\":\"2023-12-31T16:39:55+00:00\",\"dateModified\":\"2024-01-02T17:25:25+00:00\",\"mainEntityOfPage\":{\"@id\":\"https:\/\/cenal.gob.ve\/?p=23189\"},\"wordCount\":589,\"commentCount\":2,\"publisher\":{\"@id\":\"https:\/\/cenal.gob.ve\/#organization\"},\"keywords\":[\"Las formas del libro\"],\"articleSection\":[\"Cenal\"],\"inLanguage\":\"es\",\"potentialAction\":[{\"@type\":\"CommentAction\",\"name\":\"Comment\",\"target\":[\"https:\/\/cenal.gob.ve\/?p=23189#respond\"]}]},{\"@type\":\"WebPage\",\"@id\":\"https:\/\/cenal.gob.ve\/?p=23189\",\"url\":\"https:\/\/cenal.gob.ve\/?p=23189\",\"name\":\"Resumen 2023 de Las formas del libro\",\"isPartOf\":{\"@id\":\"https:\/\/cenal.gob.ve\/#website\"},\"datePublished\":\"2023-12-31T16:39:55+00:00\",\"dateModified\":\"2024-01-02T17:25:25+00:00\",\"breadcrumb\":{\"@id\":\"https:\/\/cenal.gob.ve\/?p=23189#breadcrumb\"},\"inLanguage\":\"es\",\"potentialAction\":[{\"@type\":\"ReadAction\",\"target\":[\"https:\/\/cenal.gob.ve\/?p=23189\"]}]},{\"@type\":\"BreadcrumbList\",\"@id\":\"https:\/\/cenal.gob.ve\/?p=23189#breadcrumb\",\"itemListElement\":[{\"@type\":\"ListItem\",\"position\":1,\"name\":\"Home\",\"item\":\"https:\/\/cenal.gob.ve\/\"},{\"@type\":\"ListItem\",\"position\":2,\"name\":\"Resumen 2023 de Las formas del libro\"}]},{\"@type\":\"WebSite\",\"@id\":\"https:\/\/cenal.gob.ve\/#website\",\"url\":\"https:\/\/cenal.gob.ve\/\",\"name\":\"Cenal\",\"description\":\"\",\"publisher\":{\"@id\":\"https:\/\/cenal.gob.ve\/#organization\"},\"potentialAction\":[{\"@type\":\"SearchAction\",\"target\":{\"@type\":\"EntryPoint\",\"urlTemplate\":\"https:\/\/cenal.gob.ve\/?s={search_term_string}\"},\"query-input\":\"required name=search_term_string\"}],\"inLanguage\":\"es\"},{\"@type\":\"Organization\",\"@id\":\"https:\/\/cenal.gob.ve\/#organization\",\"name\":\"CENAL\",\"url\":\"https:\/\/cenal.gob.ve\/\",\"sameAs\":[],\"logo\":{\"@type\":\"ImageObject\",\"inLanguage\":\"es\",\"@id\":\"https:\/\/cenal.gob.ve\/#\/schema\/logo\/image\/\",\"url\":\"https:\/\/i0.wp.com\/cenal.gob.ve\/wp-content\/uploads\/2022\/10\/cropped-images.jpg?fit=512%2C512\",\"contentUrl\":\"https:\/\/i0.wp.com\/cenal.gob.ve\/wp-content\/uploads\/2022\/10\/cropped-images.jpg?fit=512%2C512\",\"width\":512,\"height\":512,\"caption\":\"CENAL\"},\"image\":{\"@id\":\"https:\/\/cenal.gob.ve\/#\/schema\/logo\/image\/\"}},{\"@type\":\"Person\",\"@id\":\"https:\/\/cenal.gob.ve\/#\/schema\/person\/e3ed34623f400ffab8bc7a63b2f5533f\",\"name\":\"Prensa Cenal\",\"image\":{\"@type\":\"ImageObject\",\"inLanguage\":\"es\",\"@id\":\"https:\/\/cenal.gob.ve\/#\/schema\/person\/image\/\",\"url\":\"https:\/\/secure.gravatar.com\/avatar\/594b4ed34090910c619ac3679001d491?s=96&d=mm&r=g\",\"contentUrl\":\"https:\/\/secure.gravatar.com\/avatar\/594b4ed34090910c619ac3679001d491?s=96&d=mm&r=g\",\"caption\":\"Prensa Cenal\"},\"url\":\"https:\/\/cenal.gob.ve\/?author=10\"}]}<\/script>\n<!-- \/ Yoast SEO plugin. -->","yoast_head_json":{"title":"Resumen 2023 de Las formas del libro","robots":{"index":"index","follow":"follow","max-snippet":"max-snippet:-1","max-image-preview":"max-image-preview:large","max-video-preview":"max-video-preview:-1"},"canonical":"https:\/\/cenal.gob.ve\/?p=23189","og_locale":"es_ES","og_type":"article","og_title":"Resumen 2023 de Las formas del libro","og_description":"Una historia debe tener un comienzo que atrape al lector y lo mantenga hasta el final. Las formas del libro espera haber cumplido con esta premisa literaria durante 2023, programa [&hellip;]","og_url":"https:\/\/cenal.gob.ve\/?p=23189","og_site_name":"Cenal","article_published_time":"2023-12-31T16:39:55+00:00","article_modified_time":"2024-01-02T17:25:25+00:00","og_image":[{"width":1280,"height":720,"url":"https:\/\/i0.wp.com\/cenal.gob.ve\/wp-content\/uploads\/2023\/12\/resumen.jpg?fit=1280%2C720&ssl=1","type":"image\/jpeg"}],"author":"Prensa Cenal","twitter_card":"summary_large_image","twitter_misc":{"Written by":"Prensa Cenal","Est. reading time":"4 minutos"},"schema":{"@context":"https:\/\/schema.org","@graph":[{"@type":"Article","@id":"https:\/\/cenal.gob.ve\/?p=23189#article","isPartOf":{"@id":"https:\/\/cenal.gob.ve\/?p=23189"},"author":{"name":"Prensa Cenal","@id":"https:\/\/cenal.gob.ve\/#\/schema\/person\/e3ed34623f400ffab8bc7a63b2f5533f"},"headline":"Resumen 2023 de Las formas del libro","datePublished":"2023-12-31T16:39:55+00:00","dateModified":"2024-01-02T17:25:25+00:00","mainEntityOfPage":{"@id":"https:\/\/cenal.gob.ve\/?p=23189"},"wordCount":589,"commentCount":2,"publisher":{"@id":"https:\/\/cenal.gob.ve\/#organization"},"keywords":["Las formas del libro"],"articleSection":["Cenal"],"inLanguage":"es","potentialAction":[{"@type":"CommentAction","name":"Comment","target":["https:\/\/cenal.gob.ve\/?p=23189#respond"]}]},{"@type":"WebPage","@id":"https:\/\/cenal.gob.ve\/?p=23189","url":"https:\/\/cenal.gob.ve\/?p=23189","name":"Resumen 2023 de Las formas del libro","isPartOf":{"@id":"https:\/\/cenal.gob.ve\/#website"},"datePublished":"2023-12-31T16:39:55+00:00","dateModified":"2024-01-02T17:25:25+00:00","breadcrumb":{"@id":"https:\/\/cenal.gob.ve\/?p=23189#breadcrumb"},"inLanguage":"es","potentialAction":[{"@type":"ReadAction","target":["https:\/\/cenal.gob.ve\/?p=23189"]}]},{"@type":"BreadcrumbList","@id":"https:\/\/cenal.gob.ve\/?p=23189#breadcrumb","itemListElement":[{"@type":"ListItem","position":1,"name":"Home","item":"https:\/\/cenal.gob.ve\/"},{"@type":"ListItem","position":2,"name":"Resumen 2023 de Las formas del libro"}]},{"@type":"WebSite","@id":"https:\/\/cenal.gob.ve\/#website","url":"https:\/\/cenal.gob.ve\/","name":"Cenal","description":"","publisher":{"@id":"https:\/\/cenal.gob.ve\/#organization"},"potentialAction":[{"@type":"SearchAction","target":{"@type":"EntryPoint","urlTemplate":"https:\/\/cenal.gob.ve\/?s={search_term_string}"},"query-input":"required name=search_term_string"}],"inLanguage":"es"},{"@type":"Organization","@id":"https:\/\/cenal.gob.ve\/#organization","name":"CENAL","url":"https:\/\/cenal.gob.ve\/","sameAs":[],"logo":{"@type":"ImageObject","inLanguage":"es","@id":"https:\/\/cenal.gob.ve\/#\/schema\/logo\/image\/","url":"https:\/\/i0.wp.com\/cenal.gob.ve\/wp-content\/uploads\/2022\/10\/cropped-images.jpg?fit=512%2C512","contentUrl":"https:\/\/i0.wp.com\/cenal.gob.ve\/wp-content\/uploads\/2022\/10\/cropped-images.jpg?fit=512%2C512","width":512,"height":512,"caption":"CENAL"},"image":{"@id":"https:\/\/cenal.gob.ve\/#\/schema\/logo\/image\/"}},{"@type":"Person","@id":"https:\/\/cenal.gob.ve\/#\/schema\/person\/e3ed34623f400ffab8bc7a63b2f5533f","name":"Prensa Cenal","image":{"@type":"ImageObject","inLanguage":"es","@id":"https:\/\/cenal.gob.ve\/#\/schema\/person\/image\/","url":"https:\/\/secure.gravatar.com\/avatar\/594b4ed34090910c619ac3679001d491?s=96&d=mm&r=g","contentUrl":"https:\/\/secure.gravatar.com\/avatar\/594b4ed34090910c619ac3679001d491?s=96&d=mm&r=g","caption":"Prensa Cenal"},"url":"https:\/\/cenal.gob.ve\/?author=10"}]}},"jetpack_featured_media_url":"https:\/\/cenal.gob.ve\/wp-content\/uploads\/2023\/12\/resumen.jpg","jetpack_publicize_connections":[],"jetpack_shortlink":"https:\/\/wp.me\/p5FMhp-621","_links":{"self":[{"href":"https:\/\/cenal.gob.ve\/index.php?rest_route=\/wp\/v2\/posts\/23189"}],"collection":[{"href":"https:\/\/cenal.gob.ve\/index.php?rest_route=\/wp\/v2\/posts"}],"about":[{"href":"https:\/\/cenal.gob.ve\/index.php?rest_route=\/wp\/v2\/types\/post"}],"author":[{"embeddable":true,"href":"https:\/\/cenal.gob.ve\/index.php?rest_route=\/wp\/v2\/users\/10"}],"replies":[{"embeddable":true,"href":"https:\/\/cenal.gob.ve\/index.php?rest_route=%2Fwp%2Fv2%2Fcomments&post=23189"}],"version-history":[{"count":4,"href":"https:\/\/cenal.gob.ve\/index.php?rest_route=\/wp\/v2\/posts\/23189\/revisions"}],"predecessor-version":[{"id":23200,"href":"https:\/\/cenal.gob.ve\/index.php?rest_route=\/wp\/v2\/posts\/23189\/revisions\/23200"}],"wp:featuredmedia":[{"embeddable":true,"href":"https:\/\/cenal.gob.ve\/index.php?rest_route=\/wp\/v2\/media\/23192"}],"wp:attachment":[{"href":"https:\/\/cenal.gob.ve\/index.php?rest_route=%2Fwp%2Fv2%2Fmedia&parent=23189"}],"wp:term":[{"taxonomy":"category","embeddable":true,"href":"https:\/\/cenal.gob.ve\/index.php?rest_route=%2Fwp%2Fv2%2Fcategories&post=23189"},{"taxonomy":"post_tag","embeddable":true,"href":"https:\/\/cenal.gob.ve\/index.php?rest_route=%2Fwp%2Fv2%2Ftags&post=23189"}],"curies":[{"name":"wp","href":"https:\/\/api.w.org\/{rel}","templated":true}]}}