{"id":23399,"date":"2024-02-07T11:51:11","date_gmt":"2024-02-07T15:51:11","guid":{"rendered":"http:\/\/cenal.gob.ve\/?p=23399"},"modified":"2024-02-07T11:54:56","modified_gmt":"2024-02-07T15:54:56","slug":"en-la-19-a-filven-delta-amacuro-presentaron-libro-manuel-piar-gloria-y-extravio-de-un-heroe","status":"publish","type":"post","link":"https:\/\/cenal.gob.ve\/?p=23399","title":{"rendered":"En la 19.\u00aa Filven Delta Amacuro presentaron libro Manuel Piar: Gloria y extrav\u00edo de un h\u00e9roe"},"content":{"rendered":"\n<p>El libro Manuel Piar: Gloria y extrav\u00edo de un h\u00e9roe, de Mar\u00eda Magdalena Zambrano y publicado por El perro y la rana bajo la Colecci\u00f3n Ensayo (2022), fue presentado durante la 19.\u00aa Filven Delta Amacuro, una oportunidad de conocer junto a la autora, quien asiste como invitada nacional, pormenores de hechos ocurridos durante el proceso de independencia con la finalidad de evaluar y entender mejor la figura de este personaje hist\u00f3rico.<\/p>\n\n\n\n<p>Piar, nacido en 1774 en Curazao, inici\u00f3 los trascendentales pasos para la liberaci\u00f3n de Guayana, la mayor provincia de la Rep\u00fablica, el 11 de abril de 1817, y de su importancia estrat\u00e9gica estaba consciente El Libertador.<\/p>\n\n\n\n<p>La autora del libro es una caraque\u00f1a residente en Ciudad Guayana, por lo que su texto se centra en explicar la situaci\u00f3n en la cual el h\u00e9roe Manuel Piar resulta juzgado y condenado en Ciudad Guayana por insubordinaci\u00f3n, conspiraci\u00f3n, sedici\u00f3n y deserci\u00f3n.<\/p>\n\n\n\n<p>\u201cEsta trama es bastante compleja y dif\u00edcil de entender, ya que en ese momento hab\u00eda mucha anarqu\u00eda y rivalidades entre los patriotas. En medio de todo esto, el h\u00e9roe ten\u00eda la pretensi\u00f3n de disputarle el liderazgo a Bol\u00edvar, a pesar de que este lo invit\u00f3 a trabajar juntos. El hecho de que Piar logr\u00f3 triunfar en la batalla de San F\u00e9lix hizo que se sintiera merecedor de ser el jefe, lo que gener\u00f3 un conflicto, tr\u00e1gico y triste\u201d, explica Zambrano.<\/p>\n\n\n\n<p>La autora, para quien la comunicaci\u00f3n siempre ha sido una necesidad desde joven, decidi\u00f3 escribir este libro en medio de una pol\u00e9mica en Guayana, donde se ha exaltado la figura de Piar en detrimento de la imagen del Libertador. Se le ataca por el fusilamiento de Piar, y esto impuls\u00f3 a la autora a escribir sobre \u00e9l.<\/p>\n\n\n\n<p>La autora tambi\u00e9n destaca la importancia del Discurso de Angostura de Sim\u00f3n Bol\u00edvar. Le interesa despertar el inter\u00e9s de los j\u00f3venes en el estudio del pensamiento del Libertador.<\/p>\n\n\n\n<p>La 19.\u00aa Filven Delta Amacuro culmina este s\u00e1bado 3 de febrero.<\/p>\n\n\n\n<figure class=\"wp-block-image size-large\"><img width=\"682\" height=\"1024\" src=\"http:\/\/cenal.gob.ve\/wp-content\/uploads\/2024\/02\/WhatsApp-Image-2024-02-07-at-11.48.32-AM-682x1024.jpeg\" alt=\"\" class=\"wp-image-23402\" srcset=\"https:\/\/cenal.gob.ve\/wp-content\/uploads\/2024\/02\/WhatsApp-Image-2024-02-07-at-11.48.32-AM-682x1024.jpeg 682w, https:\/\/cenal.gob.ve\/wp-content\/uploads\/2024\/02\/WhatsApp-Image-2024-02-07-at-11.48.32-AM-200x300.jpeg 200w, https:\/\/cenal.gob.ve\/wp-content\/uploads\/2024\/02\/WhatsApp-Image-2024-02-07-at-11.48.32-AM-640x961.jpeg 640w, https:\/\/cenal.gob.ve\/wp-content\/uploads\/2024\/02\/WhatsApp-Image-2024-02-07-at-11.48.32-AM.jpeg 719w\" sizes=\"(max-width: 682px) 100vw, 682px\" \/><\/figure>\n","protected":false},"excerpt":{"rendered":"<p>El libro Manuel Piar: Gloria y extrav\u00edo de un h\u00e9roe, de Mar\u00eda Magdalena Zambrano y publicado por El perro y la rana bajo la Colecci\u00f3n Ensayo (2022), fue presentado durante [&hellip;]<\/p>\n","protected":false},"author":10,"featured_media":23400,"comment_status":"open","ping_status":"closed","sticky":false,"template":"","format":"standard","meta":{"spay_email":"","jetpack_publicize_message":"","jetpack_is_tweetstorm":false,"jetpack_publicize_feature_enabled":true},"categories":[12],"tags":[79,81,9],"yoast_head":"<!-- This site is optimized with the Yoast SEO plugin v19.8 - https:\/\/yoast.com\/wordpress\/plugins\/seo\/ -->\n<title>En la 19.\u00aa Filven Delta Amacuro presentaron libro Manuel Piar: Gloria y extrav\u00edo de un h\u00e9roe<\/title>\n<meta name=\"robots\" content=\"index, follow, max-snippet:-1, max-image-preview:large, max-video-preview:-1\" \/>\n<link rel=\"canonical\" href=\"https:\/\/cenal.gob.ve\/?p=23399\" \/>\n<meta property=\"og:locale\" content=\"es_ES\" \/>\n<meta property=\"og:type\" content=\"article\" \/>\n<meta property=\"og:title\" content=\"En la 19.\u00aa Filven Delta Amacuro presentaron libro Manuel Piar: Gloria y extrav\u00edo de un h\u00e9roe\" \/>\n<meta property=\"og:description\" content=\"El libro Manuel Piar: Gloria y extrav\u00edo de un h\u00e9roe, de Mar\u00eda Magdalena Zambrano y publicado por El perro y la rana bajo la Colecci\u00f3n Ensayo (2022), fue presentado durante [&hellip;]\" \/>\n<meta property=\"og:url\" content=\"https:\/\/cenal.gob.ve\/?p=23399\" \/>\n<meta property=\"og:site_name\" content=\"Cenal\" \/>\n<meta property=\"article:published_time\" content=\"2024-02-07T15:51:11+00:00\" \/>\n<meta property=\"article:modified_time\" content=\"2024-02-07T15:54:56+00:00\" \/>\n<meta property=\"og:image\" content=\"https:\/\/i0.wp.com\/cenal.gob.ve\/wp-content\/uploads\/2024\/02\/WhatsApp-Image-2024-02-07-at-11.48.25-AM.jpeg?fit=1080%2C719&ssl=1\" \/>\n\t<meta property=\"og:image:width\" content=\"1080\" \/>\n\t<meta property=\"og:image:height\" content=\"719\" \/>\n\t<meta property=\"og:image:type\" content=\"image\/jpeg\" \/>\n<meta name=\"author\" content=\"Prensa Cenal\" \/>\n<meta name=\"twitter:card\" content=\"summary_large_image\" \/>\n<meta name=\"twitter:label1\" content=\"Written by\" \/>\n\t<meta name=\"twitter:data1\" content=\"Prensa Cenal\" \/>\n\t<meta name=\"twitter:label2\" content=\"Est. reading time\" \/>\n\t<meta name=\"twitter:data2\" content=\"2 minutos\" \/>\n<script type=\"application\/ld+json\" class=\"yoast-schema-graph\">{\"@context\":\"https:\/\/schema.org\",\"@graph\":[{\"@type\":\"Article\",\"@id\":\"https:\/\/cenal.gob.ve\/?p=23399#article\",\"isPartOf\":{\"@id\":\"https:\/\/cenal.gob.ve\/?p=23399\"},\"author\":{\"name\":\"Prensa Cenal\",\"@id\":\"https:\/\/cenal.gob.ve\/#\/schema\/person\/e3ed34623f400ffab8bc7a63b2f5533f\"},\"headline\":\"En la 19.\u00aa Filven Delta Amacuro presentaron libro Manuel Piar: Gloria y extrav\u00edo de un h\u00e9roe\",\"datePublished\":\"2024-02-07T15:51:11+00:00\",\"dateModified\":\"2024-02-07T15:54:56+00:00\",\"mainEntityOfPage\":{\"@id\":\"https:\/\/cenal.gob.ve\/?p=23399\"},\"wordCount\":367,\"commentCount\":0,\"publisher\":{\"@id\":\"https:\/\/cenal.gob.ve\/#organization\"},\"keywords\":[\"FILVEN\",\"Libros\",\"Noticias\"],\"articleSection\":[\"Filven\"],\"inLanguage\":\"es\",\"potentialAction\":[{\"@type\":\"CommentAction\",\"name\":\"Comment\",\"target\":[\"https:\/\/cenal.gob.ve\/?p=23399#respond\"]}]},{\"@type\":\"WebPage\",\"@id\":\"https:\/\/cenal.gob.ve\/?p=23399\",\"url\":\"https:\/\/cenal.gob.ve\/?p=23399\",\"name\":\"En la 19.\u00aa Filven Delta Amacuro presentaron libro Manuel Piar: Gloria y extrav\u00edo de un h\u00e9roe\",\"isPartOf\":{\"@id\":\"https:\/\/cenal.gob.ve\/#website\"},\"datePublished\":\"2024-02-07T15:51:11+00:00\",\"dateModified\":\"2024-02-07T15:54:56+00:00\",\"breadcrumb\":{\"@id\":\"https:\/\/cenal.gob.ve\/?p=23399#breadcrumb\"},\"inLanguage\":\"es\",\"potentialAction\":[{\"@type\":\"ReadAction\",\"target\":[\"https:\/\/cenal.gob.ve\/?p=23399\"]}]},{\"@type\":\"BreadcrumbList\",\"@id\":\"https:\/\/cenal.gob.ve\/?p=23399#breadcrumb\",\"itemListElement\":[{\"@type\":\"ListItem\",\"position\":1,\"name\":\"Home\",\"item\":\"https:\/\/cenal.gob.ve\/\"},{\"@type\":\"ListItem\",\"position\":2,\"name\":\"En la 19.\u00aa Filven Delta Amacuro presentaron libro Manuel Piar: Gloria y extrav\u00edo de un h\u00e9roe\"}]},{\"@type\":\"WebSite\",\"@id\":\"https:\/\/cenal.gob.ve\/#website\",\"url\":\"https:\/\/cenal.gob.ve\/\",\"name\":\"Cenal\",\"description\":\"\",\"publisher\":{\"@id\":\"https:\/\/cenal.gob.ve\/#organization\"},\"potentialAction\":[{\"@type\":\"SearchAction\",\"target\":{\"@type\":\"EntryPoint\",\"urlTemplate\":\"https:\/\/cenal.gob.ve\/?s={search_term_string}\"},\"query-input\":\"required name=search_term_string\"}],\"inLanguage\":\"es\"},{\"@type\":\"Organization\",\"@id\":\"https:\/\/cenal.gob.ve\/#organization\",\"name\":\"CENAL\",\"url\":\"https:\/\/cenal.gob.ve\/\",\"sameAs\":[],\"logo\":{\"@type\":\"ImageObject\",\"inLanguage\":\"es\",\"@id\":\"https:\/\/cenal.gob.ve\/#\/schema\/logo\/image\/\",\"url\":\"https:\/\/i0.wp.com\/cenal.gob.ve\/wp-content\/uploads\/2022\/10\/cropped-images.jpg?fit=512%2C512\",\"contentUrl\":\"https:\/\/i0.wp.com\/cenal.gob.ve\/wp-content\/uploads\/2022\/10\/cropped-images.jpg?fit=512%2C512\",\"width\":512,\"height\":512,\"caption\":\"CENAL\"},\"image\":{\"@id\":\"https:\/\/cenal.gob.ve\/#\/schema\/logo\/image\/\"}},{\"@type\":\"Person\",\"@id\":\"https:\/\/cenal.gob.ve\/#\/schema\/person\/e3ed34623f400ffab8bc7a63b2f5533f\",\"name\":\"Prensa Cenal\",\"image\":{\"@type\":\"ImageObject\",\"inLanguage\":\"es\",\"@id\":\"https:\/\/cenal.gob.ve\/#\/schema\/person\/image\/\",\"url\":\"https:\/\/secure.gravatar.com\/avatar\/594b4ed34090910c619ac3679001d491?s=96&d=mm&r=g\",\"contentUrl\":\"https:\/\/secure.gravatar.com\/avatar\/594b4ed34090910c619ac3679001d491?s=96&d=mm&r=g\",\"caption\":\"Prensa Cenal\"},\"url\":\"https:\/\/cenal.gob.ve\/?author=10\"}]}<\/script>\n<!-- \/ Yoast SEO plugin. -->","yoast_head_json":{"title":"En la 19.\u00aa Filven Delta Amacuro presentaron libro Manuel Piar: Gloria y extrav\u00edo de un h\u00e9roe","robots":{"index":"index","follow":"follow","max-snippet":"max-snippet:-1","max-image-preview":"max-image-preview:large","max-video-preview":"max-video-preview:-1"},"canonical":"https:\/\/cenal.gob.ve\/?p=23399","og_locale":"es_ES","og_type":"article","og_title":"En la 19.\u00aa Filven Delta Amacuro presentaron libro Manuel Piar: Gloria y extrav\u00edo de un h\u00e9roe","og_description":"El libro Manuel Piar: Gloria y extrav\u00edo de un h\u00e9roe, de Mar\u00eda Magdalena Zambrano y publicado por El perro y la rana bajo la Colecci\u00f3n Ensayo (2022), fue presentado durante [&hellip;]","og_url":"https:\/\/cenal.gob.ve\/?p=23399","og_site_name":"Cenal","article_published_time":"2024-02-07T15:51:11+00:00","article_modified_time":"2024-02-07T15:54:56+00:00","og_image":[{"width":1080,"height":719,"url":"https:\/\/i0.wp.com\/cenal.gob.ve\/wp-content\/uploads\/2024\/02\/WhatsApp-Image-2024-02-07-at-11.48.25-AM.jpeg?fit=1080%2C719&ssl=1","type":"image\/jpeg"}],"author":"Prensa Cenal","twitter_card":"summary_large_image","twitter_misc":{"Written by":"Prensa Cenal","Est. reading time":"2 minutos"},"schema":{"@context":"https:\/\/schema.org","@graph":[{"@type":"Article","@id":"https:\/\/cenal.gob.ve\/?p=23399#article","isPartOf":{"@id":"https:\/\/cenal.gob.ve\/?p=23399"},"author":{"name":"Prensa Cenal","@id":"https:\/\/cenal.gob.ve\/#\/schema\/person\/e3ed34623f400ffab8bc7a63b2f5533f"},"headline":"En la 19.\u00aa Filven Delta Amacuro presentaron libro Manuel Piar: Gloria y extrav\u00edo de un h\u00e9roe","datePublished":"2024-02-07T15:51:11+00:00","dateModified":"2024-02-07T15:54:56+00:00","mainEntityOfPage":{"@id":"https:\/\/cenal.gob.ve\/?p=23399"},"wordCount":367,"commentCount":0,"publisher":{"@id":"https:\/\/cenal.gob.ve\/#organization"},"keywords":["FILVEN","Libros","Noticias"],"articleSection":["Filven"],"inLanguage":"es","potentialAction":[{"@type":"CommentAction","name":"Comment","target":["https:\/\/cenal.gob.ve\/?p=23399#respond"]}]},{"@type":"WebPage","@id":"https:\/\/cenal.gob.ve\/?p=23399","url":"https:\/\/cenal.gob.ve\/?p=23399","name":"En la 19.\u00aa Filven Delta Amacuro presentaron libro Manuel Piar: Gloria y extrav\u00edo de un h\u00e9roe","isPartOf":{"@id":"https:\/\/cenal.gob.ve\/#website"},"datePublished":"2024-02-07T15:51:11+00:00","dateModified":"2024-02-07T15:54:56+00:00","breadcrumb":{"@id":"https:\/\/cenal.gob.ve\/?p=23399#breadcrumb"},"inLanguage":"es","potentialAction":[{"@type":"ReadAction","target":["https:\/\/cenal.gob.ve\/?p=23399"]}]},{"@type":"BreadcrumbList","@id":"https:\/\/cenal.gob.ve\/?p=23399#breadcrumb","itemListElement":[{"@type":"ListItem","position":1,"name":"Home","item":"https:\/\/cenal.gob.ve\/"},{"@type":"ListItem","position":2,"name":"En la 19.\u00aa Filven Delta Amacuro presentaron libro Manuel Piar: Gloria y extrav\u00edo de un h\u00e9roe"}]},{"@type":"WebSite","@id":"https:\/\/cenal.gob.ve\/#website","url":"https:\/\/cenal.gob.ve\/","name":"Cenal","description":"","publisher":{"@id":"https:\/\/cenal.gob.ve\/#organization"},"potentialAction":[{"@type":"SearchAction","target":{"@type":"EntryPoint","urlTemplate":"https:\/\/cenal.gob.ve\/?s={search_term_string}"},"query-input":"required name=search_term_string"}],"inLanguage":"es"},{"@type":"Organization","@id":"https:\/\/cenal.gob.ve\/#organization","name":"CENAL","url":"https:\/\/cenal.gob.ve\/","sameAs":[],"logo":{"@type":"ImageObject","inLanguage":"es","@id":"https:\/\/cenal.gob.ve\/#\/schema\/logo\/image\/","url":"https:\/\/i0.wp.com\/cenal.gob.ve\/wp-content\/uploads\/2022\/10\/cropped-images.jpg?fit=512%2C512","contentUrl":"https:\/\/i0.wp.com\/cenal.gob.ve\/wp-content\/uploads\/2022\/10\/cropped-images.jpg?fit=512%2C512","width":512,"height":512,"caption":"CENAL"},"image":{"@id":"https:\/\/cenal.gob.ve\/#\/schema\/logo\/image\/"}},{"@type":"Person","@id":"https:\/\/cenal.gob.ve\/#\/schema\/person\/e3ed34623f400ffab8bc7a63b2f5533f","name":"Prensa Cenal","image":{"@type":"ImageObject","inLanguage":"es","@id":"https:\/\/cenal.gob.ve\/#\/schema\/person\/image\/","url":"https:\/\/secure.gravatar.com\/avatar\/594b4ed34090910c619ac3679001d491?s=96&d=mm&r=g","contentUrl":"https:\/\/secure.gravatar.com\/avatar\/594b4ed34090910c619ac3679001d491?s=96&d=mm&r=g","caption":"Prensa Cenal"},"url":"https:\/\/cenal.gob.ve\/?author=10"}]}},"jetpack_featured_media_url":"https:\/\/cenal.gob.ve\/wp-content\/uploads\/2024\/02\/WhatsApp-Image-2024-02-07-at-11.48.25-AM.jpeg","jetpack_publicize_connections":[],"jetpack_shortlink":"https:\/\/wp.me\/p5FMhp-65p","_links":{"self":[{"href":"https:\/\/cenal.gob.ve\/index.php?rest_route=\/wp\/v2\/posts\/23399"}],"collection":[{"href":"https:\/\/cenal.gob.ve\/index.php?rest_route=\/wp\/v2\/posts"}],"about":[{"href":"https:\/\/cenal.gob.ve\/index.php?rest_route=\/wp\/v2\/types\/post"}],"author":[{"embeddable":true,"href":"https:\/\/cenal.gob.ve\/index.php?rest_route=\/wp\/v2\/users\/10"}],"replies":[{"embeddable":true,"href":"https:\/\/cenal.gob.ve\/index.php?rest_route=%2Fwp%2Fv2%2Fcomments&post=23399"}],"version-history":[{"count":3,"href":"https:\/\/cenal.gob.ve\/index.php?rest_route=\/wp\/v2\/posts\/23399\/revisions"}],"predecessor-version":[{"id":23405,"href":"https:\/\/cenal.gob.ve\/index.php?rest_route=\/wp\/v2\/posts\/23399\/revisions\/23405"}],"wp:featuredmedia":[{"embeddable":true,"href":"https:\/\/cenal.gob.ve\/index.php?rest_route=\/wp\/v2\/media\/23400"}],"wp:attachment":[{"href":"https:\/\/cenal.gob.ve\/index.php?rest_route=%2Fwp%2Fv2%2Fmedia&parent=23399"}],"wp:term":[{"taxonomy":"category","embeddable":true,"href":"https:\/\/cenal.gob.ve\/index.php?rest_route=%2Fwp%2Fv2%2Fcategories&post=23399"},{"taxonomy":"post_tag","embeddable":true,"href":"https:\/\/cenal.gob.ve\/index.php?rest_route=%2Fwp%2Fv2%2Ftags&post=23399"}],"curies":[{"name":"wp","href":"https:\/\/api.w.org\/{rel}","templated":true}]}}