{"id":23406,"date":"2024-02-07T12:01:01","date_gmt":"2024-02-07T16:01:01","guid":{"rendered":"http:\/\/cenal.gob.ve\/?p=23406"},"modified":"2024-02-07T12:01:06","modified_gmt":"2024-02-07T16:01:06","slug":"en-la-19-a-filven-delta-amacuro-rindieron-homenaje-a-vadell-hermanos-y-obra-de-domingo-alberto-rangel","status":"publish","type":"post","link":"https:\/\/cenal.gob.ve\/?p=23406","title":{"rendered":"En la 19.\u00aa Filven Delta Amacuro rindieron homenaje a Vadell Hermanos y obra de Domingo Alberto Rangel"},"content":{"rendered":"\n<p>La 19.\u00aa Filven rinde homenaje a Vadell Hermanos Editores por sus 50 a\u00f1os de existencia, y por esta raz\u00f3n al cap\u00edtulo Delta Amacuro de esta gran fiesta literaria lleg\u00f3 la directora de esa casa editorial para presentar una reedici\u00f3n especial del libro<br>El ayer que hizo el mundo de hoy de Domingo Alberto Rangel, escritor nacional que tambi\u00e9n integra el cuadro de homenajeados.<\/p>\n\n\n\n<figure class=\"wp-block-image size-large\"><img width=\"1024\" height=\"682\" src=\"http:\/\/cenal.gob.ve\/wp-content\/uploads\/2024\/02\/WhatsApp-Image-2024-02-07-at-11.58.35-AM-1024x682.jpeg\" alt=\"\" class=\"wp-image-23407\" srcset=\"https:\/\/cenal.gob.ve\/wp-content\/uploads\/2024\/02\/WhatsApp-Image-2024-02-07-at-11.58.35-AM-1024x682.jpeg 1024w, https:\/\/cenal.gob.ve\/wp-content\/uploads\/2024\/02\/WhatsApp-Image-2024-02-07-at-11.58.35-AM-300x200.jpeg 300w, https:\/\/cenal.gob.ve\/wp-content\/uploads\/2024\/02\/WhatsApp-Image-2024-02-07-at-11.58.35-AM-768x511.jpeg 768w, https:\/\/cenal.gob.ve\/wp-content\/uploads\/2024\/02\/WhatsApp-Image-2024-02-07-at-11.58.35-AM-640x426.jpeg 640w, https:\/\/cenal.gob.ve\/wp-content\/uploads\/2024\/02\/WhatsApp-Image-2024-02-07-at-11.58.35-AM.jpeg 1080w\" sizes=\"(max-width: 1024px) 100vw, 1024px\" \/><\/figure>\n\n\n\n<p>De acuerdo con Valentina Vadell, con esta reedici\u00f3n, Vadell Hermanos Editores busca rendir homenaje a la figura de Domingo Alberto Rangel, quien contribuy\u00f3 en el pa\u00eds con el pensamiento cr\u00edtico y, adem\u00e1s, se busca promover el debate de ideas sobre el mundo que se ha construido a partir del pasado.<\/p>\n\n\n\n<p>La presentaci\u00f3n especial realizada en este libro por Luis Britto Garc\u00eda, reconocido intelectual venezolano y defensor de los derechos humanos, aporta una mirada actualizada y enriquecedora a la obra de Rangel, pues con su vasto conocimiento y experiencia contextualiza la importancia de este libro en la actual Venezuela, coment\u00f3 Valentina Vadell.<\/p>\n\n\n\n<p>A trav\u00e9s de las p\u00e1ginas de este libro, los lectores pueden sumergirse en la historia contempor\u00e1nea de Venezuela y enriquecer su comprensi\u00f3n de la realidad pol\u00edtica y social del pa\u00eds.<\/p>\n\n\n\n<p><em><strong>Compromiso con la cultura<\/strong><\/em><\/p>\n\n\n\n<p>Por otro lado, Valentina Vadell aprovech\u00f3 la oportunidad de agradecer a la Filven Delta Amacuro la oportunidad de presentar las publicaciones del sello editorial a su cargo.<\/p>\n\n\n\n<p>\u201cEste lugar es una tierra ancestral, llena de historia, con el r\u00edo Orinoco, el m\u00e1s importante de nuestro pa\u00eds\u201d, dijo, por lo que, agreg\u00f3, \u201ctraer nuestras novedades editoriales y dar a conocer a nuestros escritores en esta regi\u00f3n es de suma importancia\u201d.<\/p>\n\n\n\n<p>Destac\u00f3 la labor importante del Ministerio del Poder Popular para la Cultura de llevar el libro y la lectura a lugares como estos, donde, adem\u00e1s existe una riqueza cultural y una poblaci\u00f3n ind\u00edgena que tambi\u00e9n hay que incluir.<\/p>\n\n\n\n<p>\u201cCreo que todo intercambio cultural es enriquecedor, y estoy comprometida en trabajar para que la cultura y la literatura sigan creciendo y llegando a las futuras generaciones. El legado de nuestro sello editorial es el de seguir produciendo textos y contribuyendo a la cultura de nuestro pa\u00eds. Estoy muy emocionada de formar parte de esto y de estar aqu\u00ed en esta feria regional del libro por primera vez en el estado Delta Amacuro\u201d, coment\u00f3 Vadell.<\/p>\n\n\n\n<figure class=\"wp-block-gallery has-nested-images columns-default is-cropped\">\n<figure class=\"wp-block-image size-large\"><img width=\"682\" height=\"1024\" data-id=\"23408\"  src=\"http:\/\/cenal.gob.ve\/wp-content\/uploads\/2024\/02\/WhatsApp-Image-2024-02-07-at-11.58.37-AM-682x1024.jpeg\" alt=\"\" class=\"wp-image-23408\" srcset=\"https:\/\/cenal.gob.ve\/wp-content\/uploads\/2024\/02\/WhatsApp-Image-2024-02-07-at-11.58.37-AM-682x1024.jpeg 682w, https:\/\/cenal.gob.ve\/wp-content\/uploads\/2024\/02\/WhatsApp-Image-2024-02-07-at-11.58.37-AM-200x300.jpeg 200w, https:\/\/cenal.gob.ve\/wp-content\/uploads\/2024\/02\/WhatsApp-Image-2024-02-07-at-11.58.37-AM-640x961.jpeg 640w, https:\/\/cenal.gob.ve\/wp-content\/uploads\/2024\/02\/WhatsApp-Image-2024-02-07-at-11.58.37-AM.jpeg 719w\" sizes=\"(max-width: 682px) 100vw, 682px\" \/><\/figure>\n<\/figure>\n\n\n\n<p><\/p>\n","protected":false},"excerpt":{"rendered":"<p>La 19.\u00aa Filven rinde homenaje a Vadell Hermanos Editores por sus 50 a\u00f1os de existencia, y por esta raz\u00f3n al cap\u00edtulo Delta Amacuro de esta gran fiesta literaria lleg\u00f3 la [&hellip;]<\/p>\n","protected":false},"author":10,"featured_media":23409,"comment_status":"open","ping_status":"closed","sticky":false,"template":"","format":"standard","meta":{"spay_email":"","jetpack_publicize_message":"","jetpack_is_tweetstorm":false,"jetpack_publicize_feature_enabled":true},"categories":[12],"tags":[79,81,9],"yoast_head":"<!-- This site is optimized with the Yoast SEO plugin v19.8 - https:\/\/yoast.com\/wordpress\/plugins\/seo\/ -->\n<title>En la 19.\u00aa Filven Delta Amacuro rindieron homenaje a Vadell Hermanos y obra de Domingo Alberto Rangel<\/title>\n<meta name=\"robots\" content=\"index, follow, max-snippet:-1, max-image-preview:large, max-video-preview:-1\" \/>\n<link rel=\"canonical\" href=\"https:\/\/cenal.gob.ve\/?p=23406\" \/>\n<meta property=\"og:locale\" content=\"es_ES\" \/>\n<meta property=\"og:type\" content=\"article\" \/>\n<meta property=\"og:title\" content=\"En la 19.\u00aa Filven Delta Amacuro rindieron homenaje a Vadell Hermanos y obra de Domingo Alberto Rangel\" \/>\n<meta property=\"og:description\" content=\"La 19.\u00aa Filven rinde homenaje a Vadell Hermanos Editores por sus 50 a\u00f1os de existencia, y por esta raz\u00f3n al cap\u00edtulo Delta Amacuro de esta gran fiesta literaria lleg\u00f3 la [&hellip;]\" \/>\n<meta property=\"og:url\" content=\"https:\/\/cenal.gob.ve\/?p=23406\" \/>\n<meta property=\"og:site_name\" content=\"Cenal\" \/>\n<meta property=\"article:published_time\" content=\"2024-02-07T16:01:01+00:00\" \/>\n<meta property=\"article:modified_time\" content=\"2024-02-07T16:01:06+00:00\" \/>\n<meta property=\"og:image\" content=\"https:\/\/i0.wp.com\/cenal.gob.ve\/wp-content\/uploads\/2024\/02\/WhatsApp-Image-2024-02-07-at-11.58.36-AM.jpeg?fit=1080%2C719&ssl=1\" \/>\n\t<meta property=\"og:image:width\" content=\"1080\" \/>\n\t<meta property=\"og:image:height\" content=\"719\" \/>\n\t<meta property=\"og:image:type\" content=\"image\/jpeg\" \/>\n<meta name=\"author\" content=\"Prensa Cenal\" \/>\n<meta name=\"twitter:card\" content=\"summary_large_image\" \/>\n<meta name=\"twitter:label1\" content=\"Written by\" \/>\n\t<meta name=\"twitter:data1\" content=\"Prensa Cenal\" \/>\n\t<meta name=\"twitter:label2\" content=\"Est. reading time\" \/>\n\t<meta name=\"twitter:data2\" content=\"3 minutos\" \/>\n<script type=\"application\/ld+json\" class=\"yoast-schema-graph\">{\"@context\":\"https:\/\/schema.org\",\"@graph\":[{\"@type\":\"Article\",\"@id\":\"https:\/\/cenal.gob.ve\/?p=23406#article\",\"isPartOf\":{\"@id\":\"https:\/\/cenal.gob.ve\/?p=23406\"},\"author\":{\"name\":\"Prensa Cenal\",\"@id\":\"https:\/\/cenal.gob.ve\/#\/schema\/person\/e3ed34623f400ffab8bc7a63b2f5533f\"},\"headline\":\"En la 19.\u00aa Filven Delta Amacuro rindieron homenaje a Vadell Hermanos y obra de Domingo Alberto Rangel\",\"datePublished\":\"2024-02-07T16:01:01+00:00\",\"dateModified\":\"2024-02-07T16:01:06+00:00\",\"mainEntityOfPage\":{\"@id\":\"https:\/\/cenal.gob.ve\/?p=23406\"},\"wordCount\":419,\"commentCount\":0,\"publisher\":{\"@id\":\"https:\/\/cenal.gob.ve\/#organization\"},\"keywords\":[\"FILVEN\",\"Libros\",\"Noticias\"],\"articleSection\":[\"Filven\"],\"inLanguage\":\"es\",\"potentialAction\":[{\"@type\":\"CommentAction\",\"name\":\"Comment\",\"target\":[\"https:\/\/cenal.gob.ve\/?p=23406#respond\"]}]},{\"@type\":\"WebPage\",\"@id\":\"https:\/\/cenal.gob.ve\/?p=23406\",\"url\":\"https:\/\/cenal.gob.ve\/?p=23406\",\"name\":\"En la 19.\u00aa Filven Delta Amacuro rindieron homenaje a Vadell Hermanos y obra de Domingo Alberto Rangel\",\"isPartOf\":{\"@id\":\"https:\/\/cenal.gob.ve\/#website\"},\"datePublished\":\"2024-02-07T16:01:01+00:00\",\"dateModified\":\"2024-02-07T16:01:06+00:00\",\"breadcrumb\":{\"@id\":\"https:\/\/cenal.gob.ve\/?p=23406#breadcrumb\"},\"inLanguage\":\"es\",\"potentialAction\":[{\"@type\":\"ReadAction\",\"target\":[\"https:\/\/cenal.gob.ve\/?p=23406\"]}]},{\"@type\":\"BreadcrumbList\",\"@id\":\"https:\/\/cenal.gob.ve\/?p=23406#breadcrumb\",\"itemListElement\":[{\"@type\":\"ListItem\",\"position\":1,\"name\":\"Home\",\"item\":\"https:\/\/cenal.gob.ve\/\"},{\"@type\":\"ListItem\",\"position\":2,\"name\":\"En la 19.\u00aa Filven Delta Amacuro rindieron homenaje a Vadell Hermanos y obra de Domingo Alberto Rangel\"}]},{\"@type\":\"WebSite\",\"@id\":\"https:\/\/cenal.gob.ve\/#website\",\"url\":\"https:\/\/cenal.gob.ve\/\",\"name\":\"Cenal\",\"description\":\"\",\"publisher\":{\"@id\":\"https:\/\/cenal.gob.ve\/#organization\"},\"potentialAction\":[{\"@type\":\"SearchAction\",\"target\":{\"@type\":\"EntryPoint\",\"urlTemplate\":\"https:\/\/cenal.gob.ve\/?s={search_term_string}\"},\"query-input\":\"required name=search_term_string\"}],\"inLanguage\":\"es\"},{\"@type\":\"Organization\",\"@id\":\"https:\/\/cenal.gob.ve\/#organization\",\"name\":\"CENAL\",\"url\":\"https:\/\/cenal.gob.ve\/\",\"sameAs\":[],\"logo\":{\"@type\":\"ImageObject\",\"inLanguage\":\"es\",\"@id\":\"https:\/\/cenal.gob.ve\/#\/schema\/logo\/image\/\",\"url\":\"https:\/\/i0.wp.com\/cenal.gob.ve\/wp-content\/uploads\/2022\/10\/cropped-images.jpg?fit=512%2C512\",\"contentUrl\":\"https:\/\/i0.wp.com\/cenal.gob.ve\/wp-content\/uploads\/2022\/10\/cropped-images.jpg?fit=512%2C512\",\"width\":512,\"height\":512,\"caption\":\"CENAL\"},\"image\":{\"@id\":\"https:\/\/cenal.gob.ve\/#\/schema\/logo\/image\/\"}},{\"@type\":\"Person\",\"@id\":\"https:\/\/cenal.gob.ve\/#\/schema\/person\/e3ed34623f400ffab8bc7a63b2f5533f\",\"name\":\"Prensa Cenal\",\"image\":{\"@type\":\"ImageObject\",\"inLanguage\":\"es\",\"@id\":\"https:\/\/cenal.gob.ve\/#\/schema\/person\/image\/\",\"url\":\"https:\/\/secure.gravatar.com\/avatar\/594b4ed34090910c619ac3679001d491?s=96&d=mm&r=g\",\"contentUrl\":\"https:\/\/secure.gravatar.com\/avatar\/594b4ed34090910c619ac3679001d491?s=96&d=mm&r=g\",\"caption\":\"Prensa Cenal\"},\"url\":\"https:\/\/cenal.gob.ve\/?author=10\"}]}<\/script>\n<!-- \/ Yoast SEO plugin. -->","yoast_head_json":{"title":"En la 19.\u00aa Filven Delta Amacuro rindieron homenaje a Vadell Hermanos y obra de Domingo Alberto Rangel","robots":{"index":"index","follow":"follow","max-snippet":"max-snippet:-1","max-image-preview":"max-image-preview:large","max-video-preview":"max-video-preview:-1"},"canonical":"https:\/\/cenal.gob.ve\/?p=23406","og_locale":"es_ES","og_type":"article","og_title":"En la 19.\u00aa Filven Delta Amacuro rindieron homenaje a Vadell Hermanos y obra de Domingo Alberto Rangel","og_description":"La 19.\u00aa Filven rinde homenaje a Vadell Hermanos Editores por sus 50 a\u00f1os de existencia, y por esta raz\u00f3n al cap\u00edtulo Delta Amacuro de esta gran fiesta literaria lleg\u00f3 la [&hellip;]","og_url":"https:\/\/cenal.gob.ve\/?p=23406","og_site_name":"Cenal","article_published_time":"2024-02-07T16:01:01+00:00","article_modified_time":"2024-02-07T16:01:06+00:00","og_image":[{"width":1080,"height":719,"url":"https:\/\/i0.wp.com\/cenal.gob.ve\/wp-content\/uploads\/2024\/02\/WhatsApp-Image-2024-02-07-at-11.58.36-AM.jpeg?fit=1080%2C719&ssl=1","type":"image\/jpeg"}],"author":"Prensa Cenal","twitter_card":"summary_large_image","twitter_misc":{"Written by":"Prensa Cenal","Est. reading time":"3 minutos"},"schema":{"@context":"https:\/\/schema.org","@graph":[{"@type":"Article","@id":"https:\/\/cenal.gob.ve\/?p=23406#article","isPartOf":{"@id":"https:\/\/cenal.gob.ve\/?p=23406"},"author":{"name":"Prensa Cenal","@id":"https:\/\/cenal.gob.ve\/#\/schema\/person\/e3ed34623f400ffab8bc7a63b2f5533f"},"headline":"En la 19.\u00aa Filven Delta Amacuro rindieron homenaje a Vadell Hermanos y obra de Domingo Alberto Rangel","datePublished":"2024-02-07T16:01:01+00:00","dateModified":"2024-02-07T16:01:06+00:00","mainEntityOfPage":{"@id":"https:\/\/cenal.gob.ve\/?p=23406"},"wordCount":419,"commentCount":0,"publisher":{"@id":"https:\/\/cenal.gob.ve\/#organization"},"keywords":["FILVEN","Libros","Noticias"],"articleSection":["Filven"],"inLanguage":"es","potentialAction":[{"@type":"CommentAction","name":"Comment","target":["https:\/\/cenal.gob.ve\/?p=23406#respond"]}]},{"@type":"WebPage","@id":"https:\/\/cenal.gob.ve\/?p=23406","url":"https:\/\/cenal.gob.ve\/?p=23406","name":"En la 19.\u00aa Filven Delta Amacuro rindieron homenaje a Vadell Hermanos y obra de Domingo Alberto Rangel","isPartOf":{"@id":"https:\/\/cenal.gob.ve\/#website"},"datePublished":"2024-02-07T16:01:01+00:00","dateModified":"2024-02-07T16:01:06+00:00","breadcrumb":{"@id":"https:\/\/cenal.gob.ve\/?p=23406#breadcrumb"},"inLanguage":"es","potentialAction":[{"@type":"ReadAction","target":["https:\/\/cenal.gob.ve\/?p=23406"]}]},{"@type":"BreadcrumbList","@id":"https:\/\/cenal.gob.ve\/?p=23406#breadcrumb","itemListElement":[{"@type":"ListItem","position":1,"name":"Home","item":"https:\/\/cenal.gob.ve\/"},{"@type":"ListItem","position":2,"name":"En la 19.\u00aa Filven Delta Amacuro rindieron homenaje a Vadell Hermanos y obra de Domingo Alberto Rangel"}]},{"@type":"WebSite","@id":"https:\/\/cenal.gob.ve\/#website","url":"https:\/\/cenal.gob.ve\/","name":"Cenal","description":"","publisher":{"@id":"https:\/\/cenal.gob.ve\/#organization"},"potentialAction":[{"@type":"SearchAction","target":{"@type":"EntryPoint","urlTemplate":"https:\/\/cenal.gob.ve\/?s={search_term_string}"},"query-input":"required name=search_term_string"}],"inLanguage":"es"},{"@type":"Organization","@id":"https:\/\/cenal.gob.ve\/#organization","name":"CENAL","url":"https:\/\/cenal.gob.ve\/","sameAs":[],"logo":{"@type":"ImageObject","inLanguage":"es","@id":"https:\/\/cenal.gob.ve\/#\/schema\/logo\/image\/","url":"https:\/\/i0.wp.com\/cenal.gob.ve\/wp-content\/uploads\/2022\/10\/cropped-images.jpg?fit=512%2C512","contentUrl":"https:\/\/i0.wp.com\/cenal.gob.ve\/wp-content\/uploads\/2022\/10\/cropped-images.jpg?fit=512%2C512","width":512,"height":512,"caption":"CENAL"},"image":{"@id":"https:\/\/cenal.gob.ve\/#\/schema\/logo\/image\/"}},{"@type":"Person","@id":"https:\/\/cenal.gob.ve\/#\/schema\/person\/e3ed34623f400ffab8bc7a63b2f5533f","name":"Prensa Cenal","image":{"@type":"ImageObject","inLanguage":"es","@id":"https:\/\/cenal.gob.ve\/#\/schema\/person\/image\/","url":"https:\/\/secure.gravatar.com\/avatar\/594b4ed34090910c619ac3679001d491?s=96&d=mm&r=g","contentUrl":"https:\/\/secure.gravatar.com\/avatar\/594b4ed34090910c619ac3679001d491?s=96&d=mm&r=g","caption":"Prensa Cenal"},"url":"https:\/\/cenal.gob.ve\/?author=10"}]}},"jetpack_featured_media_url":"https:\/\/cenal.gob.ve\/wp-content\/uploads\/2024\/02\/WhatsApp-Image-2024-02-07-at-11.58.36-AM.jpeg","jetpack_publicize_connections":[],"jetpack_shortlink":"https:\/\/wp.me\/p5FMhp-65w","_links":{"self":[{"href":"https:\/\/cenal.gob.ve\/index.php?rest_route=\/wp\/v2\/posts\/23406"}],"collection":[{"href":"https:\/\/cenal.gob.ve\/index.php?rest_route=\/wp\/v2\/posts"}],"about":[{"href":"https:\/\/cenal.gob.ve\/index.php?rest_route=\/wp\/v2\/types\/post"}],"author":[{"embeddable":true,"href":"https:\/\/cenal.gob.ve\/index.php?rest_route=\/wp\/v2\/users\/10"}],"replies":[{"embeddable":true,"href":"https:\/\/cenal.gob.ve\/index.php?rest_route=%2Fwp%2Fv2%2Fcomments&post=23406"}],"version-history":[{"count":1,"href":"https:\/\/cenal.gob.ve\/index.php?rest_route=\/wp\/v2\/posts\/23406\/revisions"}],"predecessor-version":[{"id":23410,"href":"https:\/\/cenal.gob.ve\/index.php?rest_route=\/wp\/v2\/posts\/23406\/revisions\/23410"}],"wp:featuredmedia":[{"embeddable":true,"href":"https:\/\/cenal.gob.ve\/index.php?rest_route=\/wp\/v2\/media\/23409"}],"wp:attachment":[{"href":"https:\/\/cenal.gob.ve\/index.php?rest_route=%2Fwp%2Fv2%2Fmedia&parent=23406"}],"wp:term":[{"taxonomy":"category","embeddable":true,"href":"https:\/\/cenal.gob.ve\/index.php?rest_route=%2Fwp%2Fv2%2Fcategories&post=23406"},{"taxonomy":"post_tag","embeddable":true,"href":"https:\/\/cenal.gob.ve\/index.php?rest_route=%2Fwp%2Fv2%2Ftags&post=23406"}],"curies":[{"name":"wp","href":"https:\/\/api.w.org\/{rel}","templated":true}]}}