{"id":23426,"date":"2024-02-07T17:07:47","date_gmt":"2024-02-07T21:07:47","guid":{"rendered":"http:\/\/cenal.gob.ve\/?p=23426"},"modified":"2024-02-09T11:38:11","modified_gmt":"2024-02-09T15:38:11","slug":"ministerio-de-cultura-impulsa-formacion-de-escritoras-en-el-marco-de-la-gran-mision-venezuela-mujer","status":"publish","type":"post","link":"https:\/\/cenal.gob.ve\/?p=23426","title":{"rendered":"Ministerio de Cultura impulsa formaci\u00f3n de escritoras en el marco de la Gran Misi\u00f3n Venezuela Mujer"},"content":{"rendered":"\n<p>Como una forma de contribuir con la generaci\u00f3n de nuevas j\u00f3venes escritoras desde los centros de educaci\u00f3n media general y t\u00e9cnica del pa\u00eds, el Ministerio del Poder Popular para la Cultura (Mppc), a trav\u00e9s del Centro Nacional del Libro (Cenal), ha ideado el seminario de literatura \u201cTras las huellas de Teresa de la Parra\u201d para que docentes de Castellano, de cualquier parte del territorio nacional, puedan adquirir herramientas de lectura y escritura con base en la obra de esta insigne escritora venezolana, considerada una de las narradoras m\u00e1s destacadas de su \u00e9poca, y transmitirlas a las estudiantes sobre el cuento como g\u00e9nero narrativo.<\/p>\n\n\n\n<p>El objetivo es cultivar en las aulas la formaci\u00f3n de grandes escritoras y pensadoras nacionales, de la talla de la autora de novelas como Ifigenia y Memorias de Mam\u00e1 Blanca, como ha instruido el ministro del Poder Popular para la Cultura, Ernesto Villegas Poljak, a cargo del v\u00e9rtice Sistema de Comunicaci\u00f3n y Cultura de la Mujer de la Gran Misi\u00f3n Venezuela Mujer, orientado a impulsar la incorporaci\u00f3n a la misi\u00f3n de las mujeres dedicadas al arte y la cultura.<\/p>\n\n\n\n<p>En ese contexto, se abrir\u00e1 la posibilidad de que las j\u00f3venes estudiantes de educaci\u00f3n media general y t\u00e9cnica del pa\u00eds, una vez que reciban el conocimiento impartido por los docentes de Castellano que cursen el seminario, participen en la I Bienal Nacional de Literatura Teresa de la Parra, que se realizar\u00e1 entre septiembre y noviembre de 2024.<\/p>\n\n\n\n<p>Los detalles del programa acad\u00e9mico del seminario \u201cTras las huellas de Teresa de la Parra\u201d, previsto para que inicie en marzo de este a\u00f1o, fueron afinados el pasado 16 de enero durante una reuni\u00f3n que sostuvo el viceministro de Fomento para la Econom\u00eda Cultural y presidente del Cenal, Ra\u00fal Cazal, con las facilitadoras que participar\u00e1n y dem\u00e1s organizadores.<\/p>\n\n\n\n<p>La fecha fue calificada como de valor hist\u00f3rico por el ministro Ernesto Villegas Poljak, quien hizo seguimiento de la reuni\u00f3n por v\u00eda virtual, por cuanto marca \u201cla siembra de una semilla: las grandes escritoras, narradoras, de Venezuela que muy pronto tendr\u00e1n su ra\u00edz asentada en esta reuni\u00f3n, por lo que no es una reuni\u00f3n cualquiera\u201d.<\/p>\n\n\n\n<p>La obra literaria de Teresa de la Parra (1889-1936) es el eje central de este seminario. La autora fue precursora de la literatura en Am\u00e9rica, siendo su novela m\u00e1s conocida Ifigenia (1924) una puerta abierta hacia una nueva valoraci\u00f3n de la mujer, al plantear por primera vez en el pa\u00eds el drama de esta frente a una sociedad que no le permit\u00eda tener voz propia, y, adem\u00e1s, considerada como una obra que marca la madurez del g\u00e9nero en las letras de Venezuela. Memorias de Mam\u00e1 Blanca (1929), su segunda novela, est\u00e1 dentro de los cl\u00e1sicos de la literatura hispanoamericana. Se suman sus relatos cortos que igualmente evidencian una facilidad particular en el lenguaje.<\/p>\n\n\n\n<p><em><strong>Inscripciones para el seminario y modalidad de estudio<\/strong><\/em><\/p>\n\n\n\n<p>El seminario \u201cTras las huellas de Teresa de la Parra\u201d est\u00e1 dirigido a docentes de Castellano de Educaci\u00f3n Media General y T\u00e9cnica y ser\u00e1 dictado por la Escuela Taller de Narraci\u00f3n de Venezuela (Estanave), una iniciativa educativa del Cenal en coordinaci\u00f3n con la Universidad Nacional Experimental de las Artes (Unearte).<\/p>\n\n\n\n<p>Las inscripciones ya est\u00e1n abiertas y la fecha de cierre para este proceso es el 23 de febrero<\/p>\n\n\n\n<p>Las clases est\u00e1n exoneradas del pago de matr\u00edcula, con fecha de inicio el pr\u00f3ximo 4 de marzo y finalizar\u00e1n el 31 de mayo de 2024, con la posterior entrega de certificado digital acreditado por la Unearte.<\/p>\n\n\n\n<div class=\"wp-block-image\"><figure class=\"aligncenter size-large is-resized\"><img src=\"http:\/\/cenal.gob.ve\/wp-content\/uploads\/2024\/02\/WhatsApp-Image-2024-02-08-at-12.58.51-PM-1024x1024.jpeg\" alt=\"\" class=\"wp-image-23472\" width=\"480\" height=\"480\" srcset=\"https:\/\/cenal.gob.ve\/wp-content\/uploads\/2024\/02\/WhatsApp-Image-2024-02-08-at-12.58.51-PM-1024x1024.jpeg 1024w, https:\/\/cenal.gob.ve\/wp-content\/uploads\/2024\/02\/WhatsApp-Image-2024-02-08-at-12.58.51-PM-300x300.jpeg 300w, https:\/\/cenal.gob.ve\/wp-content\/uploads\/2024\/02\/WhatsApp-Image-2024-02-08-at-12.58.51-PM-150x150.jpeg 150w, https:\/\/cenal.gob.ve\/wp-content\/uploads\/2024\/02\/WhatsApp-Image-2024-02-08-at-12.58.51-PM-768x768.jpeg 768w, https:\/\/cenal.gob.ve\/wp-content\/uploads\/2024\/02\/WhatsApp-Image-2024-02-08-at-12.58.51-PM-640x640.jpeg 640w, https:\/\/cenal.gob.ve\/wp-content\/uploads\/2024\/02\/WhatsApp-Image-2024-02-08-at-12.58.51-PM.jpeg 1080w\" sizes=\"(max-width: 480px) 100vw, 480px\" \/><\/figure><\/div>\n\n\n\n<p>Se dictar\u00e1n v\u00eda virtual\/asincr\u00f3nica por el canal de videos de Estanave y la aplicaci\u00f3n digital de mensajer\u00eda instant\u00e1nea.<\/p>\n\n\n\n<p>Los docentes de Castellano interesados en participar y desarrollar la escritura creativa en las aulas mediante el seminario deber\u00e1n llenar el respectivo formulario de inscripci\u00f3n en el enlace que <a href=\"https:\/\/info.cenal.org.ve\/index.php?r=survey\/index&amp;sid=679983&amp;lang=es\">aqu\u00ed<\/a> publicamos y posteriormente esperar a ser llamados para la confirmaci\u00f3n de la inscripci\u00f3n.<\/p>\n\n\n\n<p><em><strong>Facilitadores que dictar\u00e1n las clases<\/strong><\/em><\/p>\n\n\n\n<p>El seminario est\u00e1 conformado por 4 m\u00f3dulos que ser\u00e1n dictados por los facilitadores Gloria Caballero, Florbella Gonz\u00e1lez, Maribel Prieto y Rod Medina.<\/p>\n\n\n\n<p>Gloria Caballero es Magister Scientiarum en Literatura Venezolana (UCV, 2012); Licenciada en Comunicaci\u00f3n Social, menci\u00f3n Periodismo Impreso (UCAB, 1990) y Licenciada en Letras (UCV, 2007).<\/p>\n\n\n\n<p>Por su parte, Florbella Gonz\u00e1lez es poeta, gestora cultural y facilitadora de talleres de escritura creativa; egresada en Gerencia y Producci\u00f3n Teatral de la Unearte, con Maestr\u00eda en Escritura Creativa de la Universidad del Claustro Sor Juana In\u00e9s de la Cruz de M\u00e9xico.<\/p>\n\n\n\n<p>Asimismo, Maribel Prieto es Licenciada en Letras (LUZ) y M.Sc. en Literatura Iberoamericana (ULA); Doctora en Ciencias Pedag\u00f3gicas; profesora titular (UBV); escritora y poeta con una amplia trayectoria en promoci\u00f3n de lectura y formaci\u00f3n del ethos lector.<\/p>\n\n\n\n<p>Finalmente, Rod Medina es escritor, poeta, docente, promotor cultural, mediador de la lectura, editor, bloguero y productor radial; autor de los t\u00edtulos A leer se aprende leyendo (Cenal, 2015), \u00a1Imag\u00ednate t\u00fa! (Editorial El perro y la rana, 2017) y La poes\u00eda no me alcanza (Ediciones Madriguera, 2023); ganador de la VII Bienal Nacional de Literatura Cruz Salmer\u00f3n Acosta, menci\u00f3n poes\u00eda infantil.<\/p>\n\n\n\n<p>Pulsa aqu\u00ed para acceder al <a href=\"https:\/\/info.cenal.org.ve\/index.php?r=survey\/index&amp;sid=679983&amp;lang=es\">formulario de inscripci\u00f3n.<\/a><\/p>\n","protected":false},"excerpt":{"rendered":"<p>Como una forma de contribuir con la generaci\u00f3n de nuevas j\u00f3venes escritoras desde los centros de educaci\u00f3n media general y t\u00e9cnica del pa\u00eds, el Ministerio del Poder Popular para la [&hellip;]<\/p>\n","protected":false},"author":10,"featured_media":23431,"comment_status":"open","ping_status":"closed","sticky":false,"template":"","format":"standard","meta":{"spay_email":"","jetpack_publicize_message":"","jetpack_is_tweetstorm":false,"jetpack_publicize_feature_enabled":true},"categories":[2],"tags":[209,210,208,9,207,206,193],"yoast_head":"<!-- This site is optimized with the Yoast SEO plugin v19.8 - https:\/\/yoast.com\/wordpress\/plugins\/seo\/ -->\n<title>Ministerio de Cultura impulsa formaci\u00f3n de escritoras en el marco de la Gran Misi\u00f3n Venezuela Mujer<\/title>\n<meta name=\"robots\" content=\"index, follow, max-snippet:-1, max-image-preview:large, max-video-preview:-1\" \/>\n<link rel=\"canonical\" href=\"https:\/\/cenal.gob.ve\/?p=23426\" \/>\n<meta property=\"og:locale\" content=\"es_ES\" \/>\n<meta property=\"og:type\" content=\"article\" \/>\n<meta property=\"og:title\" content=\"Ministerio de Cultura impulsa formaci\u00f3n de escritoras en el marco de la Gran Misi\u00f3n Venezuela Mujer\" \/>\n<meta property=\"og:description\" content=\"Como una forma de contribuir con la generaci\u00f3n de nuevas j\u00f3venes escritoras desde los centros de educaci\u00f3n media general y t\u00e9cnica del pa\u00eds, el Ministerio del Poder Popular para la [&hellip;]\" \/>\n<meta property=\"og:url\" content=\"https:\/\/cenal.gob.ve\/?p=23426\" \/>\n<meta property=\"og:site_name\" content=\"Cenal\" \/>\n<meta property=\"article:published_time\" content=\"2024-02-07T21:07:47+00:00\" \/>\n<meta property=\"article:modified_time\" content=\"2024-02-09T15:38:11+00:00\" \/>\n<meta property=\"og:image\" content=\"https:\/\/i0.wp.com\/cenal.gob.ve\/wp-content\/uploads\/2024\/02\/IMG_20240207_165604_838.jpg?fit=768%2C428&ssl=1\" \/>\n\t<meta property=\"og:image:width\" content=\"768\" \/>\n\t<meta property=\"og:image:height\" content=\"428\" \/>\n\t<meta property=\"og:image:type\" content=\"image\/jpeg\" \/>\n<meta name=\"author\" content=\"Prensa Cenal\" \/>\n<meta name=\"twitter:card\" content=\"summary_large_image\" \/>\n<meta name=\"twitter:label1\" content=\"Written by\" \/>\n\t<meta name=\"twitter:data1\" content=\"Prensa Cenal\" \/>\n\t<meta name=\"twitter:label2\" content=\"Est. reading time\" \/>\n\t<meta name=\"twitter:data2\" content=\"5 minutos\" \/>\n<script type=\"application\/ld+json\" class=\"yoast-schema-graph\">{\"@context\":\"https:\/\/schema.org\",\"@graph\":[{\"@type\":\"Article\",\"@id\":\"https:\/\/cenal.gob.ve\/?p=23426#article\",\"isPartOf\":{\"@id\":\"https:\/\/cenal.gob.ve\/?p=23426\"},\"author\":{\"name\":\"Prensa Cenal\",\"@id\":\"https:\/\/cenal.gob.ve\/#\/schema\/person\/e3ed34623f400ffab8bc7a63b2f5533f\"},\"headline\":\"Ministerio de Cultura impulsa formaci\u00f3n de escritoras en el marco de la Gran Misi\u00f3n Venezuela Mujer\",\"datePublished\":\"2024-02-07T21:07:47+00:00\",\"dateModified\":\"2024-02-09T15:38:11+00:00\",\"mainEntityOfPage\":{\"@id\":\"https:\/\/cenal.gob.ve\/?p=23426\"},\"wordCount\":924,\"commentCount\":2,\"publisher\":{\"@id\":\"https:\/\/cenal.gob.ve\/#organization\"},\"keywords\":[\"Cultura\",\"Escritoras\",\"Gran Misi\u00f3n Venezuela MUjer\",\"Noticias\",\"Seminario\",\"Teresa de la Parra\",\"Venezuela\"],\"articleSection\":[\"Cenal\"],\"inLanguage\":\"es\",\"potentialAction\":[{\"@type\":\"CommentAction\",\"name\":\"Comment\",\"target\":[\"https:\/\/cenal.gob.ve\/?p=23426#respond\"]}]},{\"@type\":\"WebPage\",\"@id\":\"https:\/\/cenal.gob.ve\/?p=23426\",\"url\":\"https:\/\/cenal.gob.ve\/?p=23426\",\"name\":\"Ministerio de Cultura impulsa formaci\u00f3n de escritoras en el marco de la Gran Misi\u00f3n Venezuela Mujer\",\"isPartOf\":{\"@id\":\"https:\/\/cenal.gob.ve\/#website\"},\"datePublished\":\"2024-02-07T21:07:47+00:00\",\"dateModified\":\"2024-02-09T15:38:11+00:00\",\"breadcrumb\":{\"@id\":\"https:\/\/cenal.gob.ve\/?p=23426#breadcrumb\"},\"inLanguage\":\"es\",\"potentialAction\":[{\"@type\":\"ReadAction\",\"target\":[\"https:\/\/cenal.gob.ve\/?p=23426\"]}]},{\"@type\":\"BreadcrumbList\",\"@id\":\"https:\/\/cenal.gob.ve\/?p=23426#breadcrumb\",\"itemListElement\":[{\"@type\":\"ListItem\",\"position\":1,\"name\":\"Home\",\"item\":\"https:\/\/cenal.gob.ve\/\"},{\"@type\":\"ListItem\",\"position\":2,\"name\":\"Ministerio de Cultura impulsa formaci\u00f3n de escritoras en el marco de la Gran Misi\u00f3n Venezuela Mujer\"}]},{\"@type\":\"WebSite\",\"@id\":\"https:\/\/cenal.gob.ve\/#website\",\"url\":\"https:\/\/cenal.gob.ve\/\",\"name\":\"Cenal\",\"description\":\"\",\"publisher\":{\"@id\":\"https:\/\/cenal.gob.ve\/#organization\"},\"potentialAction\":[{\"@type\":\"SearchAction\",\"target\":{\"@type\":\"EntryPoint\",\"urlTemplate\":\"https:\/\/cenal.gob.ve\/?s={search_term_string}\"},\"query-input\":\"required name=search_term_string\"}],\"inLanguage\":\"es\"},{\"@type\":\"Organization\",\"@id\":\"https:\/\/cenal.gob.ve\/#organization\",\"name\":\"CENAL\",\"url\":\"https:\/\/cenal.gob.ve\/\",\"sameAs\":[],\"logo\":{\"@type\":\"ImageObject\",\"inLanguage\":\"es\",\"@id\":\"https:\/\/cenal.gob.ve\/#\/schema\/logo\/image\/\",\"url\":\"https:\/\/i0.wp.com\/cenal.gob.ve\/wp-content\/uploads\/2022\/10\/cropped-images.jpg?fit=512%2C512\",\"contentUrl\":\"https:\/\/i0.wp.com\/cenal.gob.ve\/wp-content\/uploads\/2022\/10\/cropped-images.jpg?fit=512%2C512\",\"width\":512,\"height\":512,\"caption\":\"CENAL\"},\"image\":{\"@id\":\"https:\/\/cenal.gob.ve\/#\/schema\/logo\/image\/\"}},{\"@type\":\"Person\",\"@id\":\"https:\/\/cenal.gob.ve\/#\/schema\/person\/e3ed34623f400ffab8bc7a63b2f5533f\",\"name\":\"Prensa Cenal\",\"image\":{\"@type\":\"ImageObject\",\"inLanguage\":\"es\",\"@id\":\"https:\/\/cenal.gob.ve\/#\/schema\/person\/image\/\",\"url\":\"https:\/\/secure.gravatar.com\/avatar\/594b4ed34090910c619ac3679001d491?s=96&d=mm&r=g\",\"contentUrl\":\"https:\/\/secure.gravatar.com\/avatar\/594b4ed34090910c619ac3679001d491?s=96&d=mm&r=g\",\"caption\":\"Prensa Cenal\"},\"url\":\"https:\/\/cenal.gob.ve\/?author=10\"}]}<\/script>\n<!-- \/ Yoast SEO plugin. -->","yoast_head_json":{"title":"Ministerio de Cultura impulsa formaci\u00f3n de escritoras en el marco de la Gran Misi\u00f3n Venezuela Mujer","robots":{"index":"index","follow":"follow","max-snippet":"max-snippet:-1","max-image-preview":"max-image-preview:large","max-video-preview":"max-video-preview:-1"},"canonical":"https:\/\/cenal.gob.ve\/?p=23426","og_locale":"es_ES","og_type":"article","og_title":"Ministerio de Cultura impulsa formaci\u00f3n de escritoras en el marco de la Gran Misi\u00f3n Venezuela Mujer","og_description":"Como una forma de contribuir con la generaci\u00f3n de nuevas j\u00f3venes escritoras desde los centros de educaci\u00f3n media general y t\u00e9cnica del pa\u00eds, el Ministerio del Poder Popular para la [&hellip;]","og_url":"https:\/\/cenal.gob.ve\/?p=23426","og_site_name":"Cenal","article_published_time":"2024-02-07T21:07:47+00:00","article_modified_time":"2024-02-09T15:38:11+00:00","og_image":[{"width":768,"height":428,"url":"https:\/\/i0.wp.com\/cenal.gob.ve\/wp-content\/uploads\/2024\/02\/IMG_20240207_165604_838.jpg?fit=768%2C428&ssl=1","type":"image\/jpeg"}],"author":"Prensa Cenal","twitter_card":"summary_large_image","twitter_misc":{"Written by":"Prensa Cenal","Est. reading time":"5 minutos"},"schema":{"@context":"https:\/\/schema.org","@graph":[{"@type":"Article","@id":"https:\/\/cenal.gob.ve\/?p=23426#article","isPartOf":{"@id":"https:\/\/cenal.gob.ve\/?p=23426"},"author":{"name":"Prensa Cenal","@id":"https:\/\/cenal.gob.ve\/#\/schema\/person\/e3ed34623f400ffab8bc7a63b2f5533f"},"headline":"Ministerio de Cultura impulsa formaci\u00f3n de escritoras en el marco de la Gran Misi\u00f3n Venezuela Mujer","datePublished":"2024-02-07T21:07:47+00:00","dateModified":"2024-02-09T15:38:11+00:00","mainEntityOfPage":{"@id":"https:\/\/cenal.gob.ve\/?p=23426"},"wordCount":924,"commentCount":2,"publisher":{"@id":"https:\/\/cenal.gob.ve\/#organization"},"keywords":["Cultura","Escritoras","Gran Misi\u00f3n Venezuela MUjer","Noticias","Seminario","Teresa de la Parra","Venezuela"],"articleSection":["Cenal"],"inLanguage":"es","potentialAction":[{"@type":"CommentAction","name":"Comment","target":["https:\/\/cenal.gob.ve\/?p=23426#respond"]}]},{"@type":"WebPage","@id":"https:\/\/cenal.gob.ve\/?p=23426","url":"https:\/\/cenal.gob.ve\/?p=23426","name":"Ministerio de Cultura impulsa formaci\u00f3n de escritoras en el marco de la Gran Misi\u00f3n Venezuela Mujer","isPartOf":{"@id":"https:\/\/cenal.gob.ve\/#website"},"datePublished":"2024-02-07T21:07:47+00:00","dateModified":"2024-02-09T15:38:11+00:00","breadcrumb":{"@id":"https:\/\/cenal.gob.ve\/?p=23426#breadcrumb"},"inLanguage":"es","potentialAction":[{"@type":"ReadAction","target":["https:\/\/cenal.gob.ve\/?p=23426"]}]},{"@type":"BreadcrumbList","@id":"https:\/\/cenal.gob.ve\/?p=23426#breadcrumb","itemListElement":[{"@type":"ListItem","position":1,"name":"Home","item":"https:\/\/cenal.gob.ve\/"},{"@type":"ListItem","position":2,"name":"Ministerio de Cultura impulsa formaci\u00f3n de escritoras en el marco de la Gran Misi\u00f3n Venezuela Mujer"}]},{"@type":"WebSite","@id":"https:\/\/cenal.gob.ve\/#website","url":"https:\/\/cenal.gob.ve\/","name":"Cenal","description":"","publisher":{"@id":"https:\/\/cenal.gob.ve\/#organization"},"potentialAction":[{"@type":"SearchAction","target":{"@type":"EntryPoint","urlTemplate":"https:\/\/cenal.gob.ve\/?s={search_term_string}"},"query-input":"required name=search_term_string"}],"inLanguage":"es"},{"@type":"Organization","@id":"https:\/\/cenal.gob.ve\/#organization","name":"CENAL","url":"https:\/\/cenal.gob.ve\/","sameAs":[],"logo":{"@type":"ImageObject","inLanguage":"es","@id":"https:\/\/cenal.gob.ve\/#\/schema\/logo\/image\/","url":"https:\/\/i0.wp.com\/cenal.gob.ve\/wp-content\/uploads\/2022\/10\/cropped-images.jpg?fit=512%2C512","contentUrl":"https:\/\/i0.wp.com\/cenal.gob.ve\/wp-content\/uploads\/2022\/10\/cropped-images.jpg?fit=512%2C512","width":512,"height":512,"caption":"CENAL"},"image":{"@id":"https:\/\/cenal.gob.ve\/#\/schema\/logo\/image\/"}},{"@type":"Person","@id":"https:\/\/cenal.gob.ve\/#\/schema\/person\/e3ed34623f400ffab8bc7a63b2f5533f","name":"Prensa Cenal","image":{"@type":"ImageObject","inLanguage":"es","@id":"https:\/\/cenal.gob.ve\/#\/schema\/person\/image\/","url":"https:\/\/secure.gravatar.com\/avatar\/594b4ed34090910c619ac3679001d491?s=96&d=mm&r=g","contentUrl":"https:\/\/secure.gravatar.com\/avatar\/594b4ed34090910c619ac3679001d491?s=96&d=mm&r=g","caption":"Prensa Cenal"},"url":"https:\/\/cenal.gob.ve\/?author=10"}]}},"jetpack_featured_media_url":"https:\/\/cenal.gob.ve\/wp-content\/uploads\/2024\/02\/IMG_20240207_165604_838.jpg","jetpack_publicize_connections":[],"jetpack_shortlink":"https:\/\/wp.me\/p5FMhp-65Q","_links":{"self":[{"href":"https:\/\/cenal.gob.ve\/index.php?rest_route=\/wp\/v2\/posts\/23426"}],"collection":[{"href":"https:\/\/cenal.gob.ve\/index.php?rest_route=\/wp\/v2\/posts"}],"about":[{"href":"https:\/\/cenal.gob.ve\/index.php?rest_route=\/wp\/v2\/types\/post"}],"author":[{"embeddable":true,"href":"https:\/\/cenal.gob.ve\/index.php?rest_route=\/wp\/v2\/users\/10"}],"replies":[{"embeddable":true,"href":"https:\/\/cenal.gob.ve\/index.php?rest_route=%2Fwp%2Fv2%2Fcomments&post=23426"}],"version-history":[{"count":12,"href":"https:\/\/cenal.gob.ve\/index.php?rest_route=\/wp\/v2\/posts\/23426\/revisions"}],"predecessor-version":[{"id":23477,"href":"https:\/\/cenal.gob.ve\/index.php?rest_route=\/wp\/v2\/posts\/23426\/revisions\/23477"}],"wp:featuredmedia":[{"embeddable":true,"href":"https:\/\/cenal.gob.ve\/index.php?rest_route=\/wp\/v2\/media\/23431"}],"wp:attachment":[{"href":"https:\/\/cenal.gob.ve\/index.php?rest_route=%2Fwp%2Fv2%2Fmedia&parent=23426"}],"wp:term":[{"taxonomy":"category","embeddable":true,"href":"https:\/\/cenal.gob.ve\/index.php?rest_route=%2Fwp%2Fv2%2Fcategories&post=23426"},{"taxonomy":"post_tag","embeddable":true,"href":"https:\/\/cenal.gob.ve\/index.php?rest_route=%2Fwp%2Fv2%2Ftags&post=23426"}],"curies":[{"name":"wp","href":"https:\/\/api.w.org\/{rel}","templated":true}]}}