{"id":23453,"date":"2024-02-07T17:29:15","date_gmt":"2024-02-07T21:29:15","guid":{"rendered":"http:\/\/cenal.gob.ve\/?p=23453"},"modified":"2024-02-15T14:43:16","modified_gmt":"2024-02-15T18:43:16","slug":"el-medinismo-modernizacion-crisis-politica-y-golpe-de-estado","status":"publish","type":"post","link":"https:\/\/cenal.gob.ve\/?p=23453","title":{"rendered":"El medinismo. Modernizaci\u00f3n, crisis pol\u00edtica y golpe de Estado"},"content":{"rendered":"\n<p>Este libro naci\u00f3 de la necesidad de investigar y analizar con rigor el gobierno y ciertos aspectos de la personalidad de Isa\u00edas Medina Angarita, presidente de Venezuela desde 1941 hasta 1945, cuando fue derrocado por un golpe de Estado. Explica el autor que, tras la dictadura de Juan Vicente G\u00f3mez (entre 1908 y 1935), se consolida entre la clase gobernante la idea de que, a partir de la intervenci\u00f3n directa del Estado, es posible dise\u00f1ar y llevar adelante un proyecto de modernizaci\u00f3n econ\u00f3mica y social (con el desarrollo capitalista), para mejorar las condiciones generales del pa\u00eds. En ese contexto, el autor describe la situaci\u00f3n general de los cotos de poder y las condiciones del Estado para aquellos a\u00f1os, aborda el contexto econ\u00f3mico \u2014renta petrolera, banca, desarrollo industrial y agricultura\u2014 y hace un balance del plan de Medina Angarita. De igual modo, analiza las contradicciones de este proyecto modernizador con la estrategia estadounidense de la posguerra, as\u00ed como las circunstancias del derrocamiento del primer mandatario.<\/p>\n\n\n\n<p><strong>Oscar Battaglini<\/strong>&nbsp;Historiador y profesor universitario. Naci\u00f3 en Car\u00fapano, Sucre, en 1940. Magister scientiarium en Seguridad y Defensa Nacional y doctor en Ciencias Sociales. Autor de una amplia obra sobre sucesos hist\u00f3ricos de la pol\u00edtica y la sociedad venezolana del siglo XX. Algunas de sus obras son:&nbsp;<em>Legitimaci\u00f3n del poder y lucha pol\u00edtica en Venezuela<\/em>, 1936-1941 (1993);&nbsp;<em>Venezuela 1936-1941: dos proyectos democr\u00e1ticos<\/em>&nbsp;(2006);&nbsp;<em>La seguridad y defensa del Estado venezolano en el per\u00edodo de la posguerra fr\u00eda<\/em>&nbsp;(2002) y&nbsp;<em>Ascenso y ca\u00edda del puntofijismo<\/em>&nbsp;(2011).<\/p>\n\n\n\n<p><strong>Oscar Battaglini<\/strong><br><strong><em>El medinismo. Modernizaci\u00f3n, crisis pol\u00edtica y golpe de Estado<\/em><\/strong><br>Colecci\u00f3n Bicentenario Carabobo 161<br>ISBN 978-980-440-207-4\u00a0<br>322 pp.<\/p>\n","protected":false},"excerpt":{"rendered":"<p>Este libro naci\u00f3 de la necesidad de investigar y analizar con rigor el gobierno y ciertos aspectos de la personalidad de Isa\u00edas Medina Angarita, presidente de Venezuela desde 1941 hasta [&hellip;]<\/p>\n","protected":false},"author":10,"featured_media":23454,"comment_status":"open","ping_status":"closed","sticky":false,"template":"","format":"standard","meta":{"spay_email":"","jetpack_publicize_message":"","jetpack_is_tweetstorm":false,"jetpack_publicize_feature_enabled":true},"categories":[93,55],"tags":[],"yoast_head":"<!-- This site is optimized with the Yoast SEO plugin v19.8 - https:\/\/yoast.com\/wordpress\/plugins\/seo\/ -->\n<title>El medinismo. Modernizaci\u00f3n, crisis pol\u00edtica y golpe de Estado<\/title>\n<meta name=\"robots\" content=\"index, follow, max-snippet:-1, max-image-preview:large, max-video-preview:-1\" \/>\n<link rel=\"canonical\" href=\"https:\/\/cenal.gob.ve\/?p=23453\" \/>\n<meta property=\"og:locale\" content=\"es_ES\" \/>\n<meta property=\"og:type\" content=\"article\" \/>\n<meta property=\"og:title\" content=\"El medinismo. Modernizaci\u00f3n, crisis pol\u00edtica y golpe de Estado\" \/>\n<meta property=\"og:description\" content=\"Este libro naci\u00f3 de la necesidad de investigar y analizar con rigor el gobierno y ciertos aspectos de la personalidad de Isa\u00edas Medina Angarita, presidente de Venezuela desde 1941 hasta [&hellip;]\" \/>\n<meta property=\"og:url\" content=\"https:\/\/cenal.gob.ve\/?p=23453\" \/>\n<meta property=\"og:site_name\" content=\"Cenal\" \/>\n<meta property=\"article:published_time\" content=\"2024-02-07T21:29:15+00:00\" \/>\n<meta property=\"article:modified_time\" content=\"2024-02-15T18:43:16+00:00\" \/>\n<meta property=\"og:image\" content=\"https:\/\/i0.wp.com\/cenal.gob.ve\/wp-content\/uploads\/2024\/02\/Coleccion-Bicentenario-Carabobo-161-Oscar-Battaglini-El-medinismo.-Modernizacion-crisis-politica-y-golpe-de-Estado.jpg?fit=461%2C679&ssl=1\" \/>\n\t<meta property=\"og:image:width\" content=\"461\" \/>\n\t<meta property=\"og:image:height\" content=\"679\" \/>\n\t<meta property=\"og:image:type\" content=\"image\/jpeg\" \/>\n<meta name=\"author\" content=\"Prensa Cenal\" \/>\n<meta name=\"twitter:card\" content=\"summary_large_image\" \/>\n<meta name=\"twitter:label1\" content=\"Written by\" \/>\n\t<meta name=\"twitter:data1\" content=\"Prensa Cenal\" \/>\n\t<meta name=\"twitter:label2\" content=\"Est. reading time\" \/>\n\t<meta name=\"twitter:data2\" content=\"2 minutos\" \/>\n<script type=\"application\/ld+json\" class=\"yoast-schema-graph\">{\"@context\":\"https:\/\/schema.org\",\"@graph\":[{\"@type\":\"Article\",\"@id\":\"https:\/\/cenal.gob.ve\/?p=23453#article\",\"isPartOf\":{\"@id\":\"https:\/\/cenal.gob.ve\/?p=23453\"},\"author\":{\"name\":\"Prensa Cenal\",\"@id\":\"https:\/\/cenal.gob.ve\/#\/schema\/person\/e3ed34623f400ffab8bc7a63b2f5533f\"},\"headline\":\"El medinismo. Modernizaci\u00f3n, crisis pol\u00edtica y golpe de Estado\",\"datePublished\":\"2024-02-07T21:29:15+00:00\",\"dateModified\":\"2024-02-15T18:43:16+00:00\",\"mainEntityOfPage\":{\"@id\":\"https:\/\/cenal.gob.ve\/?p=23453\"},\"wordCount\":299,\"commentCount\":0,\"publisher\":{\"@id\":\"https:\/\/cenal.gob.ve\/#organization\"},\"articleSection\":[\"Bicentenario Carabobo\",\"Libros\"],\"inLanguage\":\"es\",\"potentialAction\":[{\"@type\":\"CommentAction\",\"name\":\"Comment\",\"target\":[\"https:\/\/cenal.gob.ve\/?p=23453#respond\"]}]},{\"@type\":\"WebPage\",\"@id\":\"https:\/\/cenal.gob.ve\/?p=23453\",\"url\":\"https:\/\/cenal.gob.ve\/?p=23453\",\"name\":\"El medinismo. Modernizaci\u00f3n, crisis pol\u00edtica y golpe de Estado\",\"isPartOf\":{\"@id\":\"https:\/\/cenal.gob.ve\/#website\"},\"datePublished\":\"2024-02-07T21:29:15+00:00\",\"dateModified\":\"2024-02-15T18:43:16+00:00\",\"breadcrumb\":{\"@id\":\"https:\/\/cenal.gob.ve\/?p=23453#breadcrumb\"},\"inLanguage\":\"es\",\"potentialAction\":[{\"@type\":\"ReadAction\",\"target\":[\"https:\/\/cenal.gob.ve\/?p=23453\"]}]},{\"@type\":\"BreadcrumbList\",\"@id\":\"https:\/\/cenal.gob.ve\/?p=23453#breadcrumb\",\"itemListElement\":[{\"@type\":\"ListItem\",\"position\":1,\"name\":\"Home\",\"item\":\"https:\/\/cenal.gob.ve\/\"},{\"@type\":\"ListItem\",\"position\":2,\"name\":\"El medinismo. Modernizaci\u00f3n, crisis pol\u00edtica y golpe de Estado\"}]},{\"@type\":\"WebSite\",\"@id\":\"https:\/\/cenal.gob.ve\/#website\",\"url\":\"https:\/\/cenal.gob.ve\/\",\"name\":\"Cenal\",\"description\":\"\",\"publisher\":{\"@id\":\"https:\/\/cenal.gob.ve\/#organization\"},\"potentialAction\":[{\"@type\":\"SearchAction\",\"target\":{\"@type\":\"EntryPoint\",\"urlTemplate\":\"https:\/\/cenal.gob.ve\/?s={search_term_string}\"},\"query-input\":\"required name=search_term_string\"}],\"inLanguage\":\"es\"},{\"@type\":\"Organization\",\"@id\":\"https:\/\/cenal.gob.ve\/#organization\",\"name\":\"CENAL\",\"url\":\"https:\/\/cenal.gob.ve\/\",\"sameAs\":[],\"logo\":{\"@type\":\"ImageObject\",\"inLanguage\":\"es\",\"@id\":\"https:\/\/cenal.gob.ve\/#\/schema\/logo\/image\/\",\"url\":\"https:\/\/i0.wp.com\/cenal.gob.ve\/wp-content\/uploads\/2022\/10\/cropped-images.jpg?fit=512%2C512\",\"contentUrl\":\"https:\/\/i0.wp.com\/cenal.gob.ve\/wp-content\/uploads\/2022\/10\/cropped-images.jpg?fit=512%2C512\",\"width\":512,\"height\":512,\"caption\":\"CENAL\"},\"image\":{\"@id\":\"https:\/\/cenal.gob.ve\/#\/schema\/logo\/image\/\"}},{\"@type\":\"Person\",\"@id\":\"https:\/\/cenal.gob.ve\/#\/schema\/person\/e3ed34623f400ffab8bc7a63b2f5533f\",\"name\":\"Prensa Cenal\",\"image\":{\"@type\":\"ImageObject\",\"inLanguage\":\"es\",\"@id\":\"https:\/\/cenal.gob.ve\/#\/schema\/person\/image\/\",\"url\":\"https:\/\/secure.gravatar.com\/avatar\/594b4ed34090910c619ac3679001d491?s=96&d=mm&r=g\",\"contentUrl\":\"https:\/\/secure.gravatar.com\/avatar\/594b4ed34090910c619ac3679001d491?s=96&d=mm&r=g\",\"caption\":\"Prensa Cenal\"},\"url\":\"https:\/\/cenal.gob.ve\/?author=10\"}]}<\/script>\n<!-- \/ Yoast SEO plugin. -->","yoast_head_json":{"title":"El medinismo. Modernizaci\u00f3n, crisis pol\u00edtica y golpe de Estado","robots":{"index":"index","follow":"follow","max-snippet":"max-snippet:-1","max-image-preview":"max-image-preview:large","max-video-preview":"max-video-preview:-1"},"canonical":"https:\/\/cenal.gob.ve\/?p=23453","og_locale":"es_ES","og_type":"article","og_title":"El medinismo. Modernizaci\u00f3n, crisis pol\u00edtica y golpe de Estado","og_description":"Este libro naci\u00f3 de la necesidad de investigar y analizar con rigor el gobierno y ciertos aspectos de la personalidad de Isa\u00edas Medina Angarita, presidente de Venezuela desde 1941 hasta [&hellip;]","og_url":"https:\/\/cenal.gob.ve\/?p=23453","og_site_name":"Cenal","article_published_time":"2024-02-07T21:29:15+00:00","article_modified_time":"2024-02-15T18:43:16+00:00","og_image":[{"width":461,"height":679,"url":"https:\/\/i0.wp.com\/cenal.gob.ve\/wp-content\/uploads\/2024\/02\/Coleccion-Bicentenario-Carabobo-161-Oscar-Battaglini-El-medinismo.-Modernizacion-crisis-politica-y-golpe-de-Estado.jpg?fit=461%2C679&ssl=1","type":"image\/jpeg"}],"author":"Prensa Cenal","twitter_card":"summary_large_image","twitter_misc":{"Written by":"Prensa Cenal","Est. reading time":"2 minutos"},"schema":{"@context":"https:\/\/schema.org","@graph":[{"@type":"Article","@id":"https:\/\/cenal.gob.ve\/?p=23453#article","isPartOf":{"@id":"https:\/\/cenal.gob.ve\/?p=23453"},"author":{"name":"Prensa Cenal","@id":"https:\/\/cenal.gob.ve\/#\/schema\/person\/e3ed34623f400ffab8bc7a63b2f5533f"},"headline":"El medinismo. Modernizaci\u00f3n, crisis pol\u00edtica y golpe de Estado","datePublished":"2024-02-07T21:29:15+00:00","dateModified":"2024-02-15T18:43:16+00:00","mainEntityOfPage":{"@id":"https:\/\/cenal.gob.ve\/?p=23453"},"wordCount":299,"commentCount":0,"publisher":{"@id":"https:\/\/cenal.gob.ve\/#organization"},"articleSection":["Bicentenario Carabobo","Libros"],"inLanguage":"es","potentialAction":[{"@type":"CommentAction","name":"Comment","target":["https:\/\/cenal.gob.ve\/?p=23453#respond"]}]},{"@type":"WebPage","@id":"https:\/\/cenal.gob.ve\/?p=23453","url":"https:\/\/cenal.gob.ve\/?p=23453","name":"El medinismo. Modernizaci\u00f3n, crisis pol\u00edtica y golpe de Estado","isPartOf":{"@id":"https:\/\/cenal.gob.ve\/#website"},"datePublished":"2024-02-07T21:29:15+00:00","dateModified":"2024-02-15T18:43:16+00:00","breadcrumb":{"@id":"https:\/\/cenal.gob.ve\/?p=23453#breadcrumb"},"inLanguage":"es","potentialAction":[{"@type":"ReadAction","target":["https:\/\/cenal.gob.ve\/?p=23453"]}]},{"@type":"BreadcrumbList","@id":"https:\/\/cenal.gob.ve\/?p=23453#breadcrumb","itemListElement":[{"@type":"ListItem","position":1,"name":"Home","item":"https:\/\/cenal.gob.ve\/"},{"@type":"ListItem","position":2,"name":"El medinismo. Modernizaci\u00f3n, crisis pol\u00edtica y golpe de Estado"}]},{"@type":"WebSite","@id":"https:\/\/cenal.gob.ve\/#website","url":"https:\/\/cenal.gob.ve\/","name":"Cenal","description":"","publisher":{"@id":"https:\/\/cenal.gob.ve\/#organization"},"potentialAction":[{"@type":"SearchAction","target":{"@type":"EntryPoint","urlTemplate":"https:\/\/cenal.gob.ve\/?s={search_term_string}"},"query-input":"required name=search_term_string"}],"inLanguage":"es"},{"@type":"Organization","@id":"https:\/\/cenal.gob.ve\/#organization","name":"CENAL","url":"https:\/\/cenal.gob.ve\/","sameAs":[],"logo":{"@type":"ImageObject","inLanguage":"es","@id":"https:\/\/cenal.gob.ve\/#\/schema\/logo\/image\/","url":"https:\/\/i0.wp.com\/cenal.gob.ve\/wp-content\/uploads\/2022\/10\/cropped-images.jpg?fit=512%2C512","contentUrl":"https:\/\/i0.wp.com\/cenal.gob.ve\/wp-content\/uploads\/2022\/10\/cropped-images.jpg?fit=512%2C512","width":512,"height":512,"caption":"CENAL"},"image":{"@id":"https:\/\/cenal.gob.ve\/#\/schema\/logo\/image\/"}},{"@type":"Person","@id":"https:\/\/cenal.gob.ve\/#\/schema\/person\/e3ed34623f400ffab8bc7a63b2f5533f","name":"Prensa Cenal","image":{"@type":"ImageObject","inLanguage":"es","@id":"https:\/\/cenal.gob.ve\/#\/schema\/person\/image\/","url":"https:\/\/secure.gravatar.com\/avatar\/594b4ed34090910c619ac3679001d491?s=96&d=mm&r=g","contentUrl":"https:\/\/secure.gravatar.com\/avatar\/594b4ed34090910c619ac3679001d491?s=96&d=mm&r=g","caption":"Prensa Cenal"},"url":"https:\/\/cenal.gob.ve\/?author=10"}]}},"jetpack_featured_media_url":"https:\/\/cenal.gob.ve\/wp-content\/uploads\/2024\/02\/Coleccion-Bicentenario-Carabobo-161-Oscar-Battaglini-El-medinismo.-Modernizacion-crisis-politica-y-golpe-de-Estado.jpg","jetpack_publicize_connections":[],"jetpack_shortlink":"https:\/\/wp.me\/p5FMhp-66h","_links":{"self":[{"href":"https:\/\/cenal.gob.ve\/index.php?rest_route=\/wp\/v2\/posts\/23453"}],"collection":[{"href":"https:\/\/cenal.gob.ve\/index.php?rest_route=\/wp\/v2\/posts"}],"about":[{"href":"https:\/\/cenal.gob.ve\/index.php?rest_route=\/wp\/v2\/types\/post"}],"author":[{"embeddable":true,"href":"https:\/\/cenal.gob.ve\/index.php?rest_route=\/wp\/v2\/users\/10"}],"replies":[{"embeddable":true,"href":"https:\/\/cenal.gob.ve\/index.php?rest_route=%2Fwp%2Fv2%2Fcomments&post=23453"}],"version-history":[{"count":5,"href":"https:\/\/cenal.gob.ve\/index.php?rest_route=\/wp\/v2\/posts\/23453\/revisions"}],"predecessor-version":[{"id":23498,"href":"https:\/\/cenal.gob.ve\/index.php?rest_route=\/wp\/v2\/posts\/23453\/revisions\/23498"}],"wp:featuredmedia":[{"embeddable":true,"href":"https:\/\/cenal.gob.ve\/index.php?rest_route=\/wp\/v2\/media\/23454"}],"wp:attachment":[{"href":"https:\/\/cenal.gob.ve\/index.php?rest_route=%2Fwp%2Fv2%2Fmedia&parent=23453"}],"wp:term":[{"taxonomy":"category","embeddable":true,"href":"https:\/\/cenal.gob.ve\/index.php?rest_route=%2Fwp%2Fv2%2Fcategories&post=23453"},{"taxonomy":"post_tag","embeddable":true,"href":"https:\/\/cenal.gob.ve\/index.php?rest_route=%2Fwp%2Fv2%2Ftags&post=23453"}],"curies":[{"name":"wp","href":"https:\/\/api.w.org\/{rel}","templated":true}]}}