{"id":23534,"date":"2024-02-20T17:27:02","date_gmt":"2024-02-20T21:27:02","guid":{"rendered":"http:\/\/cenal.gob.ve\/?p=23534"},"modified":"2024-02-20T17:27:05","modified_gmt":"2024-02-20T21:27:05","slug":"19-a-filven-sucre-se-celebrara-del-22-al-24-de-febrero","status":"publish","type":"post","link":"https:\/\/cenal.gob.ve\/?p=23534","title":{"rendered":"19.\u00aa\u00a0Filven Sucre se celebrar\u00e1 del 22 al 24 de febrero"},"content":{"rendered":"\n<p>La 19.\u00aa Filven Sucre se celebrar\u00e1 del 22 al 24 de febrero en Cuman\u00e1,&nbsp;donde se instalar\u00e1&nbsp;en el&nbsp;bulevar Antonio Jos\u00e9 de Sucre,&nbsp;ubicado en el centro hist\u00f3rico de la ciudad,&nbsp;bajo el lema Leer nos reencuentra.<\/p>\n\n\n\n<p>Ser\u00e1 una oportunidad para los sucrenses de adquirir novedades literarias, entre ellas las&nbsp;publicadas por el Ministerio del Poder Popular para la Cultura (Mppc) a trav\u00e9s de El perro y la rana, Monte \u00c1vila y Biblioteca Ayacucho,&nbsp;as\u00ed como acceder a&nbsp;presentaciones de libros, conversatorios, talleres, actividades en el pabell\u00f3n infantil y&nbsp;a&nbsp;una variedad de expresiones art\u00edsticas y culturales.<\/p>\n\n\n\n<p>Este a\u00f1o el escritor regional homenajeado es C\u00e9sar&nbsp;Luis Franco Rivero&nbsp;(Manicuare, 1953),&nbsp;autor de poemas, cuentos y obras de teatro y cultor popular; constituy\u00f3 el Centro Cultural Cruz Salmer\u00f3n Acosta (1972), dedicado al rescate de la obra literaria de este poeta y su imagen como hombre adorado por su pueblo.<\/p>\n\n\n\n<p>Franco Rivero gan\u00f3 la I Bienal Nacional de Literatura Infantil y Juvenil Carmen Delia Bencomo con su obra \u201cA las nubes en un velero\u201d&nbsp;y tambi\u00e9n fue&nbsp;el&nbsp;ganador de la VI Bienal Cruz Salmer\u00f3n Acosta, en literatura infantil, con su poemario&nbsp;El cayuquito&nbsp;de Chucho, publicado por Monte \u00c1vila Editores Latinoamericana (2022).<\/p>\n\n\n\n<p>A este encuentro con las letras asistir\u00e1&nbsp;como&nbsp;escritor nacional invitado Benito Irady, nacido&nbsp;en El Tigre, estado Anzo\u00e1tegui,&nbsp;quien&nbsp;ha dedicado cuatro d\u00e9cadas de su trayectoria vital&nbsp;a la investigaci\u00f3n y&nbsp;reconocimiento del saber popular en Venezuela,&nbsp;desempa\u00f1ado entre otros cargos el de&nbsp;presidente del Centro de la Diversidad Cultural.<\/p>\n\n\n\n<p>El soci\u00f3logo&nbsp;Gustavo Silva tambi\u00e9n estar\u00e1&nbsp;como&nbsp;escritor&nbsp;invitado nacional, autor del libro Cimarronaje cultural de lo afirmativo Venezolano en tiempos de guerra simb\u00f3lica,&nbsp;editado por El&nbsp;perro y la&nbsp;rana,&nbsp;y&nbsp;facilitador de varios talleres, foros&nbsp;y&nbsp;conversatorios sobre descolonialidad, historia, teatro, pol\u00edtica, cultura, afrovenezolanidad, patrimonio,&nbsp;entre otras materias.<\/p>\n\n\n\n<p><strong>Presentaciones de libros<\/strong><\/p>\n\n\n\n<p>Este&nbsp;jueves 22&nbsp;se presentar\u00e1 el libroA las nubes en un velero,&nbsp;de&nbsp;C\u00e9sar Franco Rivero (El&nbsp;perro y la&nbsp;rana).&nbsp;Tambi\u00e9n el libro&nbsp;El&nbsp;chavismo como&nbsp;identidad&nbsp;pol\u00edtica,&nbsp;de&nbsp;Jesse Chac\u00f3n y Wilfer Bonilla (El&nbsp;perro y la&nbsp;rana).<\/p>\n\n\n\n<p>El viernes 23 se presentar\u00e1n&nbsp;los libros El tiempo de la estrella.&nbsp;Obra selecta de Carmen Delia Bencomo&nbsp;(El&nbsp;perro y la&nbsp;rana); Las&nbsp;im\u00e1genes de la ausente,&nbsp;de&nbsp;Wafi Salih&nbsp;(Editorial Trinchera);&nbsp;El socialismo bolivariano del siglo XXI&nbsp;(El&nbsp;perro y la&nbsp;rana),&nbsp;de&nbsp;Yldelfonso Finol,&nbsp;y&nbsp;Los andinos en el poder Domingo,&nbsp;de&nbsp;Domingo Alberto Rangel&nbsp;(El perro y la rana).<\/p>\n\n\n\n<p>El s\u00e1bado 24 se presentar\u00e1n&nbsp;los libros Tras las huellas del gen maldito -cr\u00edtica a la sociedad patriarcal,&nbsp;de&nbsp;Aminta Bele\u00f1o (Monte&nbsp;\u00c1vila); Feminismo y \u00e9tica nuestroamericana,&nbsp;de&nbsp;Virginia Aguirre&nbsp;(El&nbsp;perro y la&nbsp;rana); Cimarronaje cultural de lo afirmativo venezolano en tiempo de guerra simb\u00f3lica,&nbsp;de&nbsp;Gustavo Silva&nbsp;(El&nbsp;perro y la&nbsp;rana); Parto de&nbsp;pueblo&nbsp;cimarr\u00f3n,&nbsp;de&nbsp;Casimira Monasterio&nbsp;(El&nbsp;perro y la&nbsp;rana).<\/p>\n\n\n\n<p>La 19<sup>.a<\/sup>\u00a0Filven Sucre es organizada por el Ministerio del Poder Popular para la Cultura, a trav\u00e9s del Centro Nacional del Libro (Cenal) y el Gabinete Estadal de Cultura, en coordinaci\u00f3n con la gobernaci\u00f3n del estado Sucre y la alcald\u00eda de Cuman\u00e1.<\/p>\n\n\n\n<figure class=\"wp-block-image size-large\"><img width=\"1024\" height=\"1024\" src=\"http:\/\/cenal.gob.ve\/wp-content\/uploads\/2024\/02\/IMG-20240220-WA0062-1024x1024.jpg\" alt=\"\" class=\"wp-image-23535\" srcset=\"https:\/\/cenal.gob.ve\/wp-content\/uploads\/2024\/02\/IMG-20240220-WA0062-1024x1024.jpg 1024w, https:\/\/cenal.gob.ve\/wp-content\/uploads\/2024\/02\/IMG-20240220-WA0062-300x300.jpg 300w, https:\/\/cenal.gob.ve\/wp-content\/uploads\/2024\/02\/IMG-20240220-WA0062-150x150.jpg 150w, https:\/\/cenal.gob.ve\/wp-content\/uploads\/2024\/02\/IMG-20240220-WA0062-768x768.jpg 768w, https:\/\/cenal.gob.ve\/wp-content\/uploads\/2024\/02\/IMG-20240220-WA0062-1536x1536.jpg 1536w, https:\/\/cenal.gob.ve\/wp-content\/uploads\/2024\/02\/IMG-20240220-WA0062-2048x2048.jpg 2048w, https:\/\/cenal.gob.ve\/wp-content\/uploads\/2024\/02\/IMG-20240220-WA0062-640x640.jpg 640w\" sizes=\"(max-width: 1024px) 100vw, 1024px\" \/><\/figure>\n","protected":false},"excerpt":{"rendered":"<p>La 19.\u00aa Filven Sucre se celebrar\u00e1 del 22 al 24 de febrero en Cuman\u00e1,&nbsp;donde se instalar\u00e1&nbsp;en el&nbsp;bulevar Antonio Jos\u00e9 de Sucre,&nbsp;ubicado en el centro hist\u00f3rico de la ciudad,&nbsp;bajo el lema [&hellip;]<\/p>\n","protected":false},"author":10,"featured_media":23536,"comment_status":"open","ping_status":"closed","sticky":false,"template":"","format":"standard","meta":{"spay_email":"","jetpack_publicize_message":"","jetpack_is_tweetstorm":false,"jetpack_publicize_feature_enabled":true},"categories":[12],"tags":[79,81,9],"yoast_head":"<!-- This site is optimized with the Yoast SEO plugin v19.8 - https:\/\/yoast.com\/wordpress\/plugins\/seo\/ -->\n<title>19.\u00aa\u00a0Filven Sucre se celebrar\u00e1 del 22 al 24 de febrero<\/title>\n<meta name=\"robots\" content=\"index, follow, max-snippet:-1, max-image-preview:large, max-video-preview:-1\" \/>\n<link rel=\"canonical\" href=\"https:\/\/cenal.gob.ve\/?p=23534\" \/>\n<meta property=\"og:locale\" content=\"es_ES\" \/>\n<meta property=\"og:type\" content=\"article\" \/>\n<meta property=\"og:title\" content=\"19.\u00aa\u00a0Filven Sucre se celebrar\u00e1 del 22 al 24 de febrero\" \/>\n<meta property=\"og:description\" content=\"La 19.\u00aa Filven Sucre se celebrar\u00e1 del 22 al 24 de febrero en Cuman\u00e1,&nbsp;donde se instalar\u00e1&nbsp;en el&nbsp;bulevar Antonio Jos\u00e9 de Sucre,&nbsp;ubicado en el centro hist\u00f3rico de la ciudad,&nbsp;bajo el lema [&hellip;]\" \/>\n<meta property=\"og:url\" content=\"https:\/\/cenal.gob.ve\/?p=23534\" \/>\n<meta property=\"og:site_name\" content=\"Cenal\" \/>\n<meta property=\"article:published_time\" content=\"2024-02-20T21:27:02+00:00\" \/>\n<meta property=\"article:modified_time\" content=\"2024-02-20T21:27:05+00:00\" \/>\n<meta property=\"og:image\" content=\"https:\/\/i0.wp.com\/cenal.gob.ve\/wp-content\/uploads\/2024\/02\/FILVENNN.jpg?fit=1280%2C853&ssl=1\" \/>\n\t<meta property=\"og:image:width\" content=\"1280\" \/>\n\t<meta property=\"og:image:height\" content=\"853\" \/>\n\t<meta property=\"og:image:type\" content=\"image\/jpeg\" \/>\n<meta name=\"author\" content=\"Prensa Cenal\" \/>\n<meta name=\"twitter:card\" content=\"summary_large_image\" \/>\n<meta name=\"twitter:label1\" content=\"Written by\" \/>\n\t<meta name=\"twitter:data1\" content=\"Prensa Cenal\" \/>\n\t<meta name=\"twitter:label2\" content=\"Est. reading time\" \/>\n\t<meta name=\"twitter:data2\" content=\"3 minutos\" \/>\n<script type=\"application\/ld+json\" class=\"yoast-schema-graph\">{\"@context\":\"https:\/\/schema.org\",\"@graph\":[{\"@type\":\"Article\",\"@id\":\"https:\/\/cenal.gob.ve\/?p=23534#article\",\"isPartOf\":{\"@id\":\"https:\/\/cenal.gob.ve\/?p=23534\"},\"author\":{\"name\":\"Prensa Cenal\",\"@id\":\"https:\/\/cenal.gob.ve\/#\/schema\/person\/e3ed34623f400ffab8bc7a63b2f5533f\"},\"headline\":\"19.\u00aa\u00a0Filven Sucre se celebrar\u00e1 del 22 al 24 de febrero\",\"datePublished\":\"2024-02-20T21:27:02+00:00\",\"dateModified\":\"2024-02-20T21:27:05+00:00\",\"mainEntityOfPage\":{\"@id\":\"https:\/\/cenal.gob.ve\/?p=23534\"},\"wordCount\":644,\"commentCount\":0,\"publisher\":{\"@id\":\"https:\/\/cenal.gob.ve\/#organization\"},\"keywords\":[\"FILVEN\",\"Libros\",\"Noticias\"],\"articleSection\":[\"Filven\"],\"inLanguage\":\"es\",\"potentialAction\":[{\"@type\":\"CommentAction\",\"name\":\"Comment\",\"target\":[\"https:\/\/cenal.gob.ve\/?p=23534#respond\"]}]},{\"@type\":\"WebPage\",\"@id\":\"https:\/\/cenal.gob.ve\/?p=23534\",\"url\":\"https:\/\/cenal.gob.ve\/?p=23534\",\"name\":\"19.\u00aa\u00a0Filven Sucre se celebrar\u00e1 del 22 al 24 de febrero\",\"isPartOf\":{\"@id\":\"https:\/\/cenal.gob.ve\/#website\"},\"datePublished\":\"2024-02-20T21:27:02+00:00\",\"dateModified\":\"2024-02-20T21:27:05+00:00\",\"breadcrumb\":{\"@id\":\"https:\/\/cenal.gob.ve\/?p=23534#breadcrumb\"},\"inLanguage\":\"es\",\"potentialAction\":[{\"@type\":\"ReadAction\",\"target\":[\"https:\/\/cenal.gob.ve\/?p=23534\"]}]},{\"@type\":\"BreadcrumbList\",\"@id\":\"https:\/\/cenal.gob.ve\/?p=23534#breadcrumb\",\"itemListElement\":[{\"@type\":\"ListItem\",\"position\":1,\"name\":\"Home\",\"item\":\"https:\/\/cenal.gob.ve\/\"},{\"@type\":\"ListItem\",\"position\":2,\"name\":\"19.\u00aa\u00a0Filven Sucre se celebrar\u00e1 del 22 al 24 de febrero\"}]},{\"@type\":\"WebSite\",\"@id\":\"https:\/\/cenal.gob.ve\/#website\",\"url\":\"https:\/\/cenal.gob.ve\/\",\"name\":\"Cenal\",\"description\":\"\",\"publisher\":{\"@id\":\"https:\/\/cenal.gob.ve\/#organization\"},\"potentialAction\":[{\"@type\":\"SearchAction\",\"target\":{\"@type\":\"EntryPoint\",\"urlTemplate\":\"https:\/\/cenal.gob.ve\/?s={search_term_string}\"},\"query-input\":\"required name=search_term_string\"}],\"inLanguage\":\"es\"},{\"@type\":\"Organization\",\"@id\":\"https:\/\/cenal.gob.ve\/#organization\",\"name\":\"CENAL\",\"url\":\"https:\/\/cenal.gob.ve\/\",\"sameAs\":[],\"logo\":{\"@type\":\"ImageObject\",\"inLanguage\":\"es\",\"@id\":\"https:\/\/cenal.gob.ve\/#\/schema\/logo\/image\/\",\"url\":\"https:\/\/i0.wp.com\/cenal.gob.ve\/wp-content\/uploads\/2022\/10\/cropped-images.jpg?fit=512%2C512\",\"contentUrl\":\"https:\/\/i0.wp.com\/cenal.gob.ve\/wp-content\/uploads\/2022\/10\/cropped-images.jpg?fit=512%2C512\",\"width\":512,\"height\":512,\"caption\":\"CENAL\"},\"image\":{\"@id\":\"https:\/\/cenal.gob.ve\/#\/schema\/logo\/image\/\"}},{\"@type\":\"Person\",\"@id\":\"https:\/\/cenal.gob.ve\/#\/schema\/person\/e3ed34623f400ffab8bc7a63b2f5533f\",\"name\":\"Prensa Cenal\",\"image\":{\"@type\":\"ImageObject\",\"inLanguage\":\"es\",\"@id\":\"https:\/\/cenal.gob.ve\/#\/schema\/person\/image\/\",\"url\":\"https:\/\/secure.gravatar.com\/avatar\/594b4ed34090910c619ac3679001d491?s=96&d=mm&r=g\",\"contentUrl\":\"https:\/\/secure.gravatar.com\/avatar\/594b4ed34090910c619ac3679001d491?s=96&d=mm&r=g\",\"caption\":\"Prensa Cenal\"},\"url\":\"https:\/\/cenal.gob.ve\/?author=10\"}]}<\/script>\n<!-- \/ Yoast SEO plugin. -->","yoast_head_json":{"title":"19.\u00aa\u00a0Filven Sucre se celebrar\u00e1 del 22 al 24 de febrero","robots":{"index":"index","follow":"follow","max-snippet":"max-snippet:-1","max-image-preview":"max-image-preview:large","max-video-preview":"max-video-preview:-1"},"canonical":"https:\/\/cenal.gob.ve\/?p=23534","og_locale":"es_ES","og_type":"article","og_title":"19.\u00aa\u00a0Filven Sucre se celebrar\u00e1 del 22 al 24 de febrero","og_description":"La 19.\u00aa Filven Sucre se celebrar\u00e1 del 22 al 24 de febrero en Cuman\u00e1,&nbsp;donde se instalar\u00e1&nbsp;en el&nbsp;bulevar Antonio Jos\u00e9 de Sucre,&nbsp;ubicado en el centro hist\u00f3rico de la ciudad,&nbsp;bajo el lema [&hellip;]","og_url":"https:\/\/cenal.gob.ve\/?p=23534","og_site_name":"Cenal","article_published_time":"2024-02-20T21:27:02+00:00","article_modified_time":"2024-02-20T21:27:05+00:00","og_image":[{"width":1280,"height":853,"url":"https:\/\/i0.wp.com\/cenal.gob.ve\/wp-content\/uploads\/2024\/02\/FILVENNN.jpg?fit=1280%2C853&ssl=1","type":"image\/jpeg"}],"author":"Prensa Cenal","twitter_card":"summary_large_image","twitter_misc":{"Written by":"Prensa Cenal","Est. reading time":"3 minutos"},"schema":{"@context":"https:\/\/schema.org","@graph":[{"@type":"Article","@id":"https:\/\/cenal.gob.ve\/?p=23534#article","isPartOf":{"@id":"https:\/\/cenal.gob.ve\/?p=23534"},"author":{"name":"Prensa Cenal","@id":"https:\/\/cenal.gob.ve\/#\/schema\/person\/e3ed34623f400ffab8bc7a63b2f5533f"},"headline":"19.\u00aa\u00a0Filven Sucre se celebrar\u00e1 del 22 al 24 de febrero","datePublished":"2024-02-20T21:27:02+00:00","dateModified":"2024-02-20T21:27:05+00:00","mainEntityOfPage":{"@id":"https:\/\/cenal.gob.ve\/?p=23534"},"wordCount":644,"commentCount":0,"publisher":{"@id":"https:\/\/cenal.gob.ve\/#organization"},"keywords":["FILVEN","Libros","Noticias"],"articleSection":["Filven"],"inLanguage":"es","potentialAction":[{"@type":"CommentAction","name":"Comment","target":["https:\/\/cenal.gob.ve\/?p=23534#respond"]}]},{"@type":"WebPage","@id":"https:\/\/cenal.gob.ve\/?p=23534","url":"https:\/\/cenal.gob.ve\/?p=23534","name":"19.\u00aa\u00a0Filven Sucre se celebrar\u00e1 del 22 al 24 de febrero","isPartOf":{"@id":"https:\/\/cenal.gob.ve\/#website"},"datePublished":"2024-02-20T21:27:02+00:00","dateModified":"2024-02-20T21:27:05+00:00","breadcrumb":{"@id":"https:\/\/cenal.gob.ve\/?p=23534#breadcrumb"},"inLanguage":"es","potentialAction":[{"@type":"ReadAction","target":["https:\/\/cenal.gob.ve\/?p=23534"]}]},{"@type":"BreadcrumbList","@id":"https:\/\/cenal.gob.ve\/?p=23534#breadcrumb","itemListElement":[{"@type":"ListItem","position":1,"name":"Home","item":"https:\/\/cenal.gob.ve\/"},{"@type":"ListItem","position":2,"name":"19.\u00aa\u00a0Filven Sucre se celebrar\u00e1 del 22 al 24 de febrero"}]},{"@type":"WebSite","@id":"https:\/\/cenal.gob.ve\/#website","url":"https:\/\/cenal.gob.ve\/","name":"Cenal","description":"","publisher":{"@id":"https:\/\/cenal.gob.ve\/#organization"},"potentialAction":[{"@type":"SearchAction","target":{"@type":"EntryPoint","urlTemplate":"https:\/\/cenal.gob.ve\/?s={search_term_string}"},"query-input":"required name=search_term_string"}],"inLanguage":"es"},{"@type":"Organization","@id":"https:\/\/cenal.gob.ve\/#organization","name":"CENAL","url":"https:\/\/cenal.gob.ve\/","sameAs":[],"logo":{"@type":"ImageObject","inLanguage":"es","@id":"https:\/\/cenal.gob.ve\/#\/schema\/logo\/image\/","url":"https:\/\/i0.wp.com\/cenal.gob.ve\/wp-content\/uploads\/2022\/10\/cropped-images.jpg?fit=512%2C512","contentUrl":"https:\/\/i0.wp.com\/cenal.gob.ve\/wp-content\/uploads\/2022\/10\/cropped-images.jpg?fit=512%2C512","width":512,"height":512,"caption":"CENAL"},"image":{"@id":"https:\/\/cenal.gob.ve\/#\/schema\/logo\/image\/"}},{"@type":"Person","@id":"https:\/\/cenal.gob.ve\/#\/schema\/person\/e3ed34623f400ffab8bc7a63b2f5533f","name":"Prensa Cenal","image":{"@type":"ImageObject","inLanguage":"es","@id":"https:\/\/cenal.gob.ve\/#\/schema\/person\/image\/","url":"https:\/\/secure.gravatar.com\/avatar\/594b4ed34090910c619ac3679001d491?s=96&d=mm&r=g","contentUrl":"https:\/\/secure.gravatar.com\/avatar\/594b4ed34090910c619ac3679001d491?s=96&d=mm&r=g","caption":"Prensa Cenal"},"url":"https:\/\/cenal.gob.ve\/?author=10"}]}},"jetpack_featured_media_url":"https:\/\/cenal.gob.ve\/wp-content\/uploads\/2024\/02\/FILVENNN.jpg","jetpack_publicize_connections":[],"jetpack_shortlink":"https:\/\/wp.me\/p5FMhp-67A","_links":{"self":[{"href":"https:\/\/cenal.gob.ve\/index.php?rest_route=\/wp\/v2\/posts\/23534"}],"collection":[{"href":"https:\/\/cenal.gob.ve\/index.php?rest_route=\/wp\/v2\/posts"}],"about":[{"href":"https:\/\/cenal.gob.ve\/index.php?rest_route=\/wp\/v2\/types\/post"}],"author":[{"embeddable":true,"href":"https:\/\/cenal.gob.ve\/index.php?rest_route=\/wp\/v2\/users\/10"}],"replies":[{"embeddable":true,"href":"https:\/\/cenal.gob.ve\/index.php?rest_route=%2Fwp%2Fv2%2Fcomments&post=23534"}],"version-history":[{"count":1,"href":"https:\/\/cenal.gob.ve\/index.php?rest_route=\/wp\/v2\/posts\/23534\/revisions"}],"predecessor-version":[{"id":23537,"href":"https:\/\/cenal.gob.ve\/index.php?rest_route=\/wp\/v2\/posts\/23534\/revisions\/23537"}],"wp:featuredmedia":[{"embeddable":true,"href":"https:\/\/cenal.gob.ve\/index.php?rest_route=\/wp\/v2\/media\/23536"}],"wp:attachment":[{"href":"https:\/\/cenal.gob.ve\/index.php?rest_route=%2Fwp%2Fv2%2Fmedia&parent=23534"}],"wp:term":[{"taxonomy":"category","embeddable":true,"href":"https:\/\/cenal.gob.ve\/index.php?rest_route=%2Fwp%2Fv2%2Fcategories&post=23534"},{"taxonomy":"post_tag","embeddable":true,"href":"https:\/\/cenal.gob.ve\/index.php?rest_route=%2Fwp%2Fv2%2Ftags&post=23534"}],"curies":[{"name":"wp","href":"https:\/\/api.w.org\/{rel}","templated":true}]}}