{"id":23777,"date":"2024-03-04T16:17:41","date_gmt":"2024-03-04T20:17:41","guid":{"rendered":"http:\/\/cenal.gob.ve\/?p=23777"},"modified":"2024-03-04T16:17:50","modified_gmt":"2024-03-04T20:17:50","slug":"inaugurada-la-19-a-filven-tachira","status":"publish","type":"post","link":"https:\/\/cenal.gob.ve\/?p=23777","title":{"rendered":"Inaugurada la 19.\u00aa Filven T\u00e1chira"},"content":{"rendered":"\n<p>Este jueves 29 de febrero se inaugur\u00f3 la 19.\u00aa Filven T\u00e1chira en San Crist\u00f3bal, en el Ateneo del T\u00e1chira, epicentro e \u00edcono de la cultura en la entidad andina.<\/p>\n\n\n\n<p>Hasta el s\u00e1bado 2 de marzo un grupo de 18 expositores estar\u00e1 ofreciendo a los visitantes una variada oferta editorial, al tiempo que se realizan presentaciones de libros, conversatorios, talleres, actividades en el pabell\u00f3n infantil y representaciones art\u00edsticas y culturales, bajo el lema Leer nos reencuentra.<\/p>\n\n\n\n<p>Entre la oferta literaria est\u00e1n los t\u00edtulos publicados por el Ministerio del Poder Popular para la Cultura a trav\u00e9s de las editoriales El perro y la rana, Monte \u00c1vila y Biblioteca Ayacucho, los cuales pueden hallarse en el estand de Librer\u00edas del Sur.<\/p>\n\n\n\n<p>Esta fiesta de la palabra qued\u00f3 inaugurada con un acto encabezado por el director de Cultura de T\u00e1chira, Pedro Fressel Galaviz; el director de Cultura de la Alcald\u00eda del municipio San Crist\u00f3bal, Alexander Garc\u00eda La Cruz, y la directora del Gabinete Estadal de Cultura, Ysley Carrero, en compa\u00f1\u00eda del escritor regional homenajeado, Luis Jos\u00e9 Oropeza, y el escritor nacional invitado Ennio Tucci.<\/p>\n\n\n\n<p>Estuvo presente el c\u00f3nsul de Colombia en San Crist\u00f3bal, David Haddad Clavijo, a prop\u00f3sito de ser este pa\u00eds vecino el invitado de honor de la edici\u00f3n n\u00famero 19 de la Filven.<\/p>\n\n\n\n<p>Haddad asegur\u00f3 sentirse conmovido con la actividad inaugural que incluyo un repertorio musical con piezas de ambas naciones.<br>\u201cSiempre he manifestado que la integraci\u00f3n fronteriza entre dos pa\u00edses hermanos, Colombia y Venezuela, debe ser y debe dar inicio y final por parte de la cultura, la educaci\u00f3n, los escritores, las artes pl\u00e1sticas, estoy muy conmovido\u201d, se\u00f1al\u00f3 ante lo que consider\u00f3 \u201cun acto tan hermoso y tan bello\u201d.<\/p>\n\n\n\n<figure class=\"wp-block-image size-full\"><img width=\"1024\" height=\"682\" src=\"http:\/\/cenal.gob.ve\/wp-content\/uploads\/2024\/03\/IMG_20240229_175929_317-1024x682-1.jpg\" alt=\"\" class=\"wp-image-23778\" srcset=\"https:\/\/cenal.gob.ve\/wp-content\/uploads\/2024\/03\/IMG_20240229_175929_317-1024x682-1.jpg 1024w, https:\/\/cenal.gob.ve\/wp-content\/uploads\/2024\/03\/IMG_20240229_175929_317-1024x682-1-300x200.jpg 300w, https:\/\/cenal.gob.ve\/wp-content\/uploads\/2024\/03\/IMG_20240229_175929_317-1024x682-1-768x512.jpg 768w, https:\/\/cenal.gob.ve\/wp-content\/uploads\/2024\/03\/IMG_20240229_175929_317-1024x682-1-640x426.jpg 640w\" sizes=\"(max-width: 1024px) 100vw, 1024px\" \/><\/figure>\n\n\n\n<figure class=\"wp-block-image size-full\"><img width=\"1024\" height=\"682\" src=\"http:\/\/cenal.gob.ve\/wp-content\/uploads\/2024\/03\/IMG_20240229_175934_351-1024x682-1.jpg\" alt=\"\" class=\"wp-image-23779\" srcset=\"https:\/\/cenal.gob.ve\/wp-content\/uploads\/2024\/03\/IMG_20240229_175934_351-1024x682-1.jpg 1024w, https:\/\/cenal.gob.ve\/wp-content\/uploads\/2024\/03\/IMG_20240229_175934_351-1024x682-1-300x200.jpg 300w, https:\/\/cenal.gob.ve\/wp-content\/uploads\/2024\/03\/IMG_20240229_175934_351-1024x682-1-768x512.jpg 768w, https:\/\/cenal.gob.ve\/wp-content\/uploads\/2024\/03\/IMG_20240229_175934_351-1024x682-1-640x426.jpg 640w\" sizes=\"(max-width: 1024px) 100vw, 1024px\" \/><\/figure>\n\n\n\n<p>El consulado de Colombia estar\u00e1 realizando en esta cita con las letras diversas actividades.<\/p>\n\n\n\n<p>Tambi\u00e9n asistieron a la inauguraci\u00f3n Zoraida Parra, diputada del Consejo Legislativo del T\u00e1chira, y Carlos Tovar, diputado e integrante de la Comisi\u00f3n Permanente de Cultura y Recreaci\u00f3n de la Asamblea Nacional.<\/p>\n\n\n\n<p><strong>Felices por el libro y la lectura<\/strong><\/p>\n\n\n\n<p>Alegr\u00eda y lecturas impregnaron el ambiente de lo que se considera el sal\u00f3n de lectura m\u00e1s antiguo del pa\u00eds.<\/p>\n\n\n\n<figure class=\"wp-block-image size-full\"><img width=\"1024\" height=\"682\" src=\"http:\/\/cenal.gob.ve\/wp-content\/uploads\/2024\/03\/IMG_20240229_180339_612-1024x682-1.jpg\" alt=\"\" class=\"wp-image-23780\" srcset=\"https:\/\/cenal.gob.ve\/wp-content\/uploads\/2024\/03\/IMG_20240229_180339_612-1024x682-1.jpg 1024w, https:\/\/cenal.gob.ve\/wp-content\/uploads\/2024\/03\/IMG_20240229_180339_612-1024x682-1-300x200.jpg 300w, https:\/\/cenal.gob.ve\/wp-content\/uploads\/2024\/03\/IMG_20240229_180339_612-1024x682-1-768x512.jpg 768w, https:\/\/cenal.gob.ve\/wp-content\/uploads\/2024\/03\/IMG_20240229_180339_612-1024x682-1-640x426.jpg 640w\" sizes=\"(max-width: 1024px) 100vw, 1024px\" \/><\/figure>\n\n\n\n<p>El escritor regional homenajeado Luis Jos\u00e9 Oropeza, poeta y artista pl\u00e1stico, nacido en Caracas (1946) y residenciado en T\u00e1chira, donde se ha dedicado a promover la literatura, present\u00f3 en el primer d\u00eda de la fiesta literaria sus libros Ocaso de la noche (El perro y la rana) y Tiempo de regreso (Z\u00f3calo Editores).<\/p>\n\n\n\n<p>Oropeza, cofundador y actual presidente de la Asociaci\u00f3n de Escritores de T\u00e1chira, se inici\u00f3 en el oficio de poetizar y de construirse una voz hace m\u00e1s de 50 a\u00f1os, y Ocaso de la noche re\u00fane parte de su obra creativa de versos breves y profundos.<\/p>\n\n\n\n<figure class=\"wp-block-image size-full\"><img width=\"1024\" height=\"682\" src=\"http:\/\/cenal.gob.ve\/wp-content\/uploads\/2024\/03\/IMG_20240229_180459_565-1024x682-1.jpg\" alt=\"\" class=\"wp-image-23781\" srcset=\"https:\/\/cenal.gob.ve\/wp-content\/uploads\/2024\/03\/IMG_20240229_180459_565-1024x682-1.jpg 1024w, https:\/\/cenal.gob.ve\/wp-content\/uploads\/2024\/03\/IMG_20240229_180459_565-1024x682-1-300x200.jpg 300w, https:\/\/cenal.gob.ve\/wp-content\/uploads\/2024\/03\/IMG_20240229_180459_565-1024x682-1-768x512.jpg 768w, https:\/\/cenal.gob.ve\/wp-content\/uploads\/2024\/03\/IMG_20240229_180459_565-1024x682-1-640x426.jpg 640w\" sizes=\"(max-width: 1024px) 100vw, 1024px\" \/><\/figure>\n\n\n\n<p>Ennio Tucci, autor de la novela En primera (Monte \u00c1vila, 2023) y director de Ediciones Madriguera, quien participa como escritor nacional invitado, present\u00f3 libros infantiles publicados por el sello editorial a su cago, entre ellos Rocinante, de Luz Marina Almarza, y Ronda del pan y del trigo, de Jos\u00e9 Gregorio Gonz\u00e1lez M\u00e1rquez.<\/p>\n\n\n\n<p>De acuerdo con Tucci, tanto Almarza como Gonz\u00e1lez M\u00e1rquez son una referencia en Venezuela en materia de literatura para ni\u00f1os y ni\u00f1as. Asimismo present\u00f3 Un viaje al Esequibo en alas de golondrina, de Gregoria Caraballo.<\/p>\n\n\n\n<figure class=\"wp-block-image size-full\"><img width=\"1024\" height=\"682\" src=\"http:\/\/cenal.gob.ve\/wp-content\/uploads\/2024\/03\/IMG-20240229-WA0053-1024x682-1.jpg\" alt=\"\" class=\"wp-image-23782\" srcset=\"https:\/\/cenal.gob.ve\/wp-content\/uploads\/2024\/03\/IMG-20240229-WA0053-1024x682-1.jpg 1024w, https:\/\/cenal.gob.ve\/wp-content\/uploads\/2024\/03\/IMG-20240229-WA0053-1024x682-1-300x200.jpg 300w, https:\/\/cenal.gob.ve\/wp-content\/uploads\/2024\/03\/IMG-20240229-WA0053-1024x682-1-768x512.jpg 768w, https:\/\/cenal.gob.ve\/wp-content\/uploads\/2024\/03\/IMG-20240229-WA0053-1024x682-1-640x426.jpg 640w\" sizes=\"(max-width: 1024px) 100vw, 1024px\" \/><\/figure>\n\n\n\n<figure class=\"wp-block-image size-full\"><img width=\"1024\" height=\"682\" src=\"http:\/\/cenal.gob.ve\/wp-content\/uploads\/2024\/03\/IMG-20240229-WA0051-1024x682-1.jpg\" alt=\"\" class=\"wp-image-23783\" srcset=\"https:\/\/cenal.gob.ve\/wp-content\/uploads\/2024\/03\/IMG-20240229-WA0051-1024x682-1.jpg 1024w, https:\/\/cenal.gob.ve\/wp-content\/uploads\/2024\/03\/IMG-20240229-WA0051-1024x682-1-300x200.jpg 300w, https:\/\/cenal.gob.ve\/wp-content\/uploads\/2024\/03\/IMG-20240229-WA0051-1024x682-1-768x512.jpg 768w, https:\/\/cenal.gob.ve\/wp-content\/uploads\/2024\/03\/IMG-20240229-WA0051-1024x682-1-640x426.jpg 640w\" sizes=\"(max-width: 1024px) 100vw, 1024px\" \/><\/figure>\n\n\n\n<p>La reconocida poeta, escritora y promotora cultural Ana Mar\u00eda Oviedo, quien tiene entre sus m\u00e1s recientes publicaciones los t\u00edtulos El reino de los sauces (2022) y Palabras de salva (2022), tambi\u00e9n se suma a esta fiesta de las letras.<\/p>\n\n\n\n<figure class=\"wp-block-image size-full\"><img width=\"1024\" height=\"682\" src=\"http:\/\/cenal.gob.ve\/wp-content\/uploads\/2024\/03\/IMG-20240229-WA0052-1024x682-1.jpg\" alt=\"\" class=\"wp-image-23784\" srcset=\"https:\/\/cenal.gob.ve\/wp-content\/uploads\/2024\/03\/IMG-20240229-WA0052-1024x682-1.jpg 1024w, https:\/\/cenal.gob.ve\/wp-content\/uploads\/2024\/03\/IMG-20240229-WA0052-1024x682-1-300x200.jpg 300w, https:\/\/cenal.gob.ve\/wp-content\/uploads\/2024\/03\/IMG-20240229-WA0052-1024x682-1-768x512.jpg 768w, https:\/\/cenal.gob.ve\/wp-content\/uploads\/2024\/03\/IMG-20240229-WA0052-1024x682-1-640x426.jpg 640w\" sizes=\"(max-width: 1024px) 100vw, 1024px\" \/><\/figure>\n\n\n\n<p>Este 29 igualmente se efectu\u00f3 un encuentro de decimistas y se presentaron los libros Dejen quietas las flores, de Mariana Ruiz Oviedo, y 1909 y otras historias, de Leonardo Gustavo Ruiz, obras publicadas por Z\u00f3calo Editores.<\/p>\n\n\n\n<p><strong>Otros t\u00edtulos que se presentar\u00e1n<\/strong><\/p>\n\n\n\n<p>Entre los t\u00edtulos disponibles y que se estar\u00e1n presentando en la Filven T\u00e1chira est\u00e1n El mar que me regalas, de Jorge Rodr\u00edguez G\u00f3mez (Editorial Acirema); Casa ajena, de Freddy \u00d1\u00e1\u00f1ez (\u00c9pica Ediciones de Colombia); Pa\u00eds mantuano- ensayo de filosof\u00eda del cimarronaje-en clave de Historia Insurgente, de Lilia Ana M\u00e1rquez Ugueto (El perro y la rana); Las im\u00e1genes de la ausente, de Wafi Salih (Monte \u00c1vila).<\/p>\n\n\n\n<p>Se suman a la lista Los andinos al poder, de Domingo Alberto Rangel (El perro y la rana); Vida de esclavos negros en Venezuela, de Miguel Acosta Saignes (El perro y la rana); Palabra mestiza, de Gris Jhon Gallardo (El perro y la rana); Obra (in)completa, de Salustio Gonz\u00e1lezq Rincones (El perro y laq rana).<\/p>\n\n\n\n<p>Alirio D\u00edaz. Guitarra de tierra profunda, de Alejandro Bruzual (Monte \u00c1vila); Dejen quieta a las flores; Dios de abrojo, de Alejandro Vivas Ram\u00edrez; Cr\u00f3nicas de sangre; arte, dioses y sombras, de Otto Rosales C\u00e1rdenas (Editorial Bordes).<\/p>\n\n\n\n<p>Nadie dice nada, de Elsa Gualdr\u00f3n L\u00f3pez; Primer viaje, de Arturo Sosa Leal (Z\u00f3calo Editores); Diario entre marcos, de Arlette Vallenotti (Z\u00f3calo Editores); La entra\u00f1a del monstruo, Mariana Ruiz Oviedo (Z\u00f3calo Editores); Peregrino, de El\u00ed Caicedo Pinto (Z\u00f3calo Editores).<\/p>\n\n\n\n<p>La 19.\u00aa Filven T\u00e1chira es organizada por el Ministerio del Poder Popular para la Cultura, a trav\u00e9s del Centro Nacional del Libro (Cenal) y el Gabinete Estadal de Cultura, en coordinaci\u00f3n con la gobernaci\u00f3n de T\u00e1chira y la alcald\u00eda de San Crist\u00f3bal.<\/p>\n\n\n\n<figure class=\"wp-block-image size-full\"><img width=\"1024\" height=\"682\" src=\"http:\/\/cenal.gob.ve\/wp-content\/uploads\/2024\/03\/IMG_20240229_164939_000-1024x682-1.jpg\" alt=\"\" class=\"wp-image-23785\" srcset=\"https:\/\/cenal.gob.ve\/wp-content\/uploads\/2024\/03\/IMG_20240229_164939_000-1024x682-1.jpg 1024w, https:\/\/cenal.gob.ve\/wp-content\/uploads\/2024\/03\/IMG_20240229_164939_000-1024x682-1-300x200.jpg 300w, https:\/\/cenal.gob.ve\/wp-content\/uploads\/2024\/03\/IMG_20240229_164939_000-1024x682-1-768x512.jpg 768w, https:\/\/cenal.gob.ve\/wp-content\/uploads\/2024\/03\/IMG_20240229_164939_000-1024x682-1-640x426.jpg 640w\" sizes=\"(max-width: 1024px) 100vw, 1024px\" \/><\/figure>\n\n\n\n<figure class=\"wp-block-image size-full\"><img width=\"1024\" height=\"682\" src=\"http:\/\/cenal.gob.ve\/wp-content\/uploads\/2024\/03\/IMG_20240229_165432_483-1024x682-1.jpg\" alt=\"\" class=\"wp-image-23786\" srcset=\"https:\/\/cenal.gob.ve\/wp-content\/uploads\/2024\/03\/IMG_20240229_165432_483-1024x682-1.jpg 1024w, https:\/\/cenal.gob.ve\/wp-content\/uploads\/2024\/03\/IMG_20240229_165432_483-1024x682-1-300x200.jpg 300w, https:\/\/cenal.gob.ve\/wp-content\/uploads\/2024\/03\/IMG_20240229_165432_483-1024x682-1-768x512.jpg 768w, https:\/\/cenal.gob.ve\/wp-content\/uploads\/2024\/03\/IMG_20240229_165432_483-1024x682-1-640x426.jpg 640w\" sizes=\"(max-width: 1024px) 100vw, 1024px\" \/><\/figure>\n\n\n\n<figure class=\"wp-block-image size-full\"><img width=\"1024\" height=\"682\" src=\"http:\/\/cenal.gob.ve\/wp-content\/uploads\/2024\/03\/IMG_20240229_174431_691-1024x682-1.jpg\" alt=\"\" class=\"wp-image-23787\" srcset=\"https:\/\/cenal.gob.ve\/wp-content\/uploads\/2024\/03\/IMG_20240229_174431_691-1024x682-1.jpg 1024w, https:\/\/cenal.gob.ve\/wp-content\/uploads\/2024\/03\/IMG_20240229_174431_691-1024x682-1-300x200.jpg 300w, https:\/\/cenal.gob.ve\/wp-content\/uploads\/2024\/03\/IMG_20240229_174431_691-1024x682-1-768x512.jpg 768w, https:\/\/cenal.gob.ve\/wp-content\/uploads\/2024\/03\/IMG_20240229_174431_691-1024x682-1-640x426.jpg 640w\" sizes=\"(max-width: 1024px) 100vw, 1024px\" \/><\/figure>\n","protected":false},"excerpt":{"rendered":"<p>Este jueves 29 de febrero se inaugur\u00f3 la 19.\u00aa Filven T\u00e1chira en San Crist\u00f3bal, en el Ateneo del T\u00e1chira, epicentro e \u00edcono de la cultura en la entidad andina. Hasta [&hellip;]<\/p>\n","protected":false},"author":10,"featured_media":23788,"comment_status":"open","ping_status":"closed","sticky":false,"template":"","format":"standard","meta":{"spay_email":"","jetpack_publicize_message":"","jetpack_is_tweetstorm":false,"jetpack_publicize_feature_enabled":true},"categories":[2],"tags":[79,81,9],"yoast_head":"<!-- This site is optimized with the Yoast SEO plugin v19.8 - https:\/\/yoast.com\/wordpress\/plugins\/seo\/ -->\n<title>Inaugurada la 19.\u00aa Filven T\u00e1chira<\/title>\n<meta name=\"robots\" content=\"index, follow, max-snippet:-1, max-image-preview:large, max-video-preview:-1\" \/>\n<link rel=\"canonical\" href=\"https:\/\/cenal.gob.ve\/?p=23777\" \/>\n<meta property=\"og:locale\" content=\"es_ES\" \/>\n<meta property=\"og:type\" content=\"article\" \/>\n<meta property=\"og:title\" content=\"Inaugurada la 19.\u00aa Filven T\u00e1chira\" \/>\n<meta property=\"og:description\" content=\"Este jueves 29 de febrero se inaugur\u00f3 la 19.\u00aa Filven T\u00e1chira en San Crist\u00f3bal, en el Ateneo del T\u00e1chira, epicentro e \u00edcono de la cultura en la entidad andina. Hasta [&hellip;]\" \/>\n<meta property=\"og:url\" content=\"https:\/\/cenal.gob.ve\/?p=23777\" \/>\n<meta property=\"og:site_name\" content=\"Cenal\" \/>\n<meta property=\"article:published_time\" content=\"2024-03-04T20:17:41+00:00\" \/>\n<meta property=\"article:modified_time\" content=\"2024-03-04T20:17:50+00:00\" \/>\n<meta property=\"og:image\" content=\"https:\/\/i0.wp.com\/cenal.gob.ve\/wp-content\/uploads\/2024\/03\/FILVEN-TACHIRA.jpg?fit=1280%2C853&ssl=1\" \/>\n\t<meta property=\"og:image:width\" content=\"1280\" \/>\n\t<meta property=\"og:image:height\" content=\"853\" \/>\n\t<meta property=\"og:image:type\" content=\"image\/jpeg\" \/>\n<meta name=\"author\" content=\"Prensa Cenal\" \/>\n<meta name=\"twitter:card\" content=\"summary_large_image\" \/>\n<meta name=\"twitter:label1\" content=\"Written by\" \/>\n\t<meta name=\"twitter:data1\" content=\"Prensa Cenal\" \/>\n\t<meta name=\"twitter:label2\" content=\"Est. reading time\" \/>\n\t<meta name=\"twitter:data2\" content=\"6 minutos\" \/>\n<script type=\"application\/ld+json\" class=\"yoast-schema-graph\">{\"@context\":\"https:\/\/schema.org\",\"@graph\":[{\"@type\":\"Article\",\"@id\":\"https:\/\/cenal.gob.ve\/?p=23777#article\",\"isPartOf\":{\"@id\":\"https:\/\/cenal.gob.ve\/?p=23777\"},\"author\":{\"name\":\"Prensa Cenal\",\"@id\":\"https:\/\/cenal.gob.ve\/#\/schema\/person\/e3ed34623f400ffab8bc7a63b2f5533f\"},\"headline\":\"Inaugurada la 19.\u00aa Filven T\u00e1chira\",\"datePublished\":\"2024-03-04T20:17:41+00:00\",\"dateModified\":\"2024-03-04T20:17:50+00:00\",\"mainEntityOfPage\":{\"@id\":\"https:\/\/cenal.gob.ve\/?p=23777\"},\"wordCount\":930,\"commentCount\":0,\"publisher\":{\"@id\":\"https:\/\/cenal.gob.ve\/#organization\"},\"keywords\":[\"FILVEN\",\"Libros\",\"Noticias\"],\"articleSection\":[\"Cenal\"],\"inLanguage\":\"es\",\"potentialAction\":[{\"@type\":\"CommentAction\",\"name\":\"Comment\",\"target\":[\"https:\/\/cenal.gob.ve\/?p=23777#respond\"]}]},{\"@type\":\"WebPage\",\"@id\":\"https:\/\/cenal.gob.ve\/?p=23777\",\"url\":\"https:\/\/cenal.gob.ve\/?p=23777\",\"name\":\"Inaugurada la 19.\u00aa Filven T\u00e1chira\",\"isPartOf\":{\"@id\":\"https:\/\/cenal.gob.ve\/#website\"},\"datePublished\":\"2024-03-04T20:17:41+00:00\",\"dateModified\":\"2024-03-04T20:17:50+00:00\",\"breadcrumb\":{\"@id\":\"https:\/\/cenal.gob.ve\/?p=23777#breadcrumb\"},\"inLanguage\":\"es\",\"potentialAction\":[{\"@type\":\"ReadAction\",\"target\":[\"https:\/\/cenal.gob.ve\/?p=23777\"]}]},{\"@type\":\"BreadcrumbList\",\"@id\":\"https:\/\/cenal.gob.ve\/?p=23777#breadcrumb\",\"itemListElement\":[{\"@type\":\"ListItem\",\"position\":1,\"name\":\"Home\",\"item\":\"https:\/\/cenal.gob.ve\/\"},{\"@type\":\"ListItem\",\"position\":2,\"name\":\"Inaugurada la 19.\u00aa Filven T\u00e1chira\"}]},{\"@type\":\"WebSite\",\"@id\":\"https:\/\/cenal.gob.ve\/#website\",\"url\":\"https:\/\/cenal.gob.ve\/\",\"name\":\"Cenal\",\"description\":\"\",\"publisher\":{\"@id\":\"https:\/\/cenal.gob.ve\/#organization\"},\"potentialAction\":[{\"@type\":\"SearchAction\",\"target\":{\"@type\":\"EntryPoint\",\"urlTemplate\":\"https:\/\/cenal.gob.ve\/?s={search_term_string}\"},\"query-input\":\"required name=search_term_string\"}],\"inLanguage\":\"es\"},{\"@type\":\"Organization\",\"@id\":\"https:\/\/cenal.gob.ve\/#organization\",\"name\":\"CENAL\",\"url\":\"https:\/\/cenal.gob.ve\/\",\"sameAs\":[],\"logo\":{\"@type\":\"ImageObject\",\"inLanguage\":\"es\",\"@id\":\"https:\/\/cenal.gob.ve\/#\/schema\/logo\/image\/\",\"url\":\"https:\/\/i0.wp.com\/cenal.gob.ve\/wp-content\/uploads\/2022\/10\/cropped-images.jpg?fit=512%2C512\",\"contentUrl\":\"https:\/\/i0.wp.com\/cenal.gob.ve\/wp-content\/uploads\/2022\/10\/cropped-images.jpg?fit=512%2C512\",\"width\":512,\"height\":512,\"caption\":\"CENAL\"},\"image\":{\"@id\":\"https:\/\/cenal.gob.ve\/#\/schema\/logo\/image\/\"}},{\"@type\":\"Person\",\"@id\":\"https:\/\/cenal.gob.ve\/#\/schema\/person\/e3ed34623f400ffab8bc7a63b2f5533f\",\"name\":\"Prensa Cenal\",\"image\":{\"@type\":\"ImageObject\",\"inLanguage\":\"es\",\"@id\":\"https:\/\/cenal.gob.ve\/#\/schema\/person\/image\/\",\"url\":\"https:\/\/secure.gravatar.com\/avatar\/594b4ed34090910c619ac3679001d491?s=96&d=mm&r=g\",\"contentUrl\":\"https:\/\/secure.gravatar.com\/avatar\/594b4ed34090910c619ac3679001d491?s=96&d=mm&r=g\",\"caption\":\"Prensa Cenal\"},\"url\":\"https:\/\/cenal.gob.ve\/?author=10\"}]}<\/script>\n<!-- \/ Yoast SEO plugin. -->","yoast_head_json":{"title":"Inaugurada la 19.\u00aa Filven T\u00e1chira","robots":{"index":"index","follow":"follow","max-snippet":"max-snippet:-1","max-image-preview":"max-image-preview:large","max-video-preview":"max-video-preview:-1"},"canonical":"https:\/\/cenal.gob.ve\/?p=23777","og_locale":"es_ES","og_type":"article","og_title":"Inaugurada la 19.\u00aa Filven T\u00e1chira","og_description":"Este jueves 29 de febrero se inaugur\u00f3 la 19.\u00aa Filven T\u00e1chira en San Crist\u00f3bal, en el Ateneo del T\u00e1chira, epicentro e \u00edcono de la cultura en la entidad andina. Hasta [&hellip;]","og_url":"https:\/\/cenal.gob.ve\/?p=23777","og_site_name":"Cenal","article_published_time":"2024-03-04T20:17:41+00:00","article_modified_time":"2024-03-04T20:17:50+00:00","og_image":[{"width":1280,"height":853,"url":"https:\/\/i0.wp.com\/cenal.gob.ve\/wp-content\/uploads\/2024\/03\/FILVEN-TACHIRA.jpg?fit=1280%2C853&ssl=1","type":"image\/jpeg"}],"author":"Prensa Cenal","twitter_card":"summary_large_image","twitter_misc":{"Written by":"Prensa Cenal","Est. reading time":"6 minutos"},"schema":{"@context":"https:\/\/schema.org","@graph":[{"@type":"Article","@id":"https:\/\/cenal.gob.ve\/?p=23777#article","isPartOf":{"@id":"https:\/\/cenal.gob.ve\/?p=23777"},"author":{"name":"Prensa Cenal","@id":"https:\/\/cenal.gob.ve\/#\/schema\/person\/e3ed34623f400ffab8bc7a63b2f5533f"},"headline":"Inaugurada la 19.\u00aa Filven T\u00e1chira","datePublished":"2024-03-04T20:17:41+00:00","dateModified":"2024-03-04T20:17:50+00:00","mainEntityOfPage":{"@id":"https:\/\/cenal.gob.ve\/?p=23777"},"wordCount":930,"commentCount":0,"publisher":{"@id":"https:\/\/cenal.gob.ve\/#organization"},"keywords":["FILVEN","Libros","Noticias"],"articleSection":["Cenal"],"inLanguage":"es","potentialAction":[{"@type":"CommentAction","name":"Comment","target":["https:\/\/cenal.gob.ve\/?p=23777#respond"]}]},{"@type":"WebPage","@id":"https:\/\/cenal.gob.ve\/?p=23777","url":"https:\/\/cenal.gob.ve\/?p=23777","name":"Inaugurada la 19.\u00aa Filven T\u00e1chira","isPartOf":{"@id":"https:\/\/cenal.gob.ve\/#website"},"datePublished":"2024-03-04T20:17:41+00:00","dateModified":"2024-03-04T20:17:50+00:00","breadcrumb":{"@id":"https:\/\/cenal.gob.ve\/?p=23777#breadcrumb"},"inLanguage":"es","potentialAction":[{"@type":"ReadAction","target":["https:\/\/cenal.gob.ve\/?p=23777"]}]},{"@type":"BreadcrumbList","@id":"https:\/\/cenal.gob.ve\/?p=23777#breadcrumb","itemListElement":[{"@type":"ListItem","position":1,"name":"Home","item":"https:\/\/cenal.gob.ve\/"},{"@type":"ListItem","position":2,"name":"Inaugurada la 19.\u00aa Filven T\u00e1chira"}]},{"@type":"WebSite","@id":"https:\/\/cenal.gob.ve\/#website","url":"https:\/\/cenal.gob.ve\/","name":"Cenal","description":"","publisher":{"@id":"https:\/\/cenal.gob.ve\/#organization"},"potentialAction":[{"@type":"SearchAction","target":{"@type":"EntryPoint","urlTemplate":"https:\/\/cenal.gob.ve\/?s={search_term_string}"},"query-input":"required name=search_term_string"}],"inLanguage":"es"},{"@type":"Organization","@id":"https:\/\/cenal.gob.ve\/#organization","name":"CENAL","url":"https:\/\/cenal.gob.ve\/","sameAs":[],"logo":{"@type":"ImageObject","inLanguage":"es","@id":"https:\/\/cenal.gob.ve\/#\/schema\/logo\/image\/","url":"https:\/\/i0.wp.com\/cenal.gob.ve\/wp-content\/uploads\/2022\/10\/cropped-images.jpg?fit=512%2C512","contentUrl":"https:\/\/i0.wp.com\/cenal.gob.ve\/wp-content\/uploads\/2022\/10\/cropped-images.jpg?fit=512%2C512","width":512,"height":512,"caption":"CENAL"},"image":{"@id":"https:\/\/cenal.gob.ve\/#\/schema\/logo\/image\/"}},{"@type":"Person","@id":"https:\/\/cenal.gob.ve\/#\/schema\/person\/e3ed34623f400ffab8bc7a63b2f5533f","name":"Prensa Cenal","image":{"@type":"ImageObject","inLanguage":"es","@id":"https:\/\/cenal.gob.ve\/#\/schema\/person\/image\/","url":"https:\/\/secure.gravatar.com\/avatar\/594b4ed34090910c619ac3679001d491?s=96&d=mm&r=g","contentUrl":"https:\/\/secure.gravatar.com\/avatar\/594b4ed34090910c619ac3679001d491?s=96&d=mm&r=g","caption":"Prensa Cenal"},"url":"https:\/\/cenal.gob.ve\/?author=10"}]}},"jetpack_featured_media_url":"https:\/\/cenal.gob.ve\/wp-content\/uploads\/2024\/03\/FILVEN-TACHIRA.jpg","jetpack_publicize_connections":[],"jetpack_shortlink":"https:\/\/wp.me\/p5FMhp-6bv","_links":{"self":[{"href":"https:\/\/cenal.gob.ve\/index.php?rest_route=\/wp\/v2\/posts\/23777"}],"collection":[{"href":"https:\/\/cenal.gob.ve\/index.php?rest_route=\/wp\/v2\/posts"}],"about":[{"href":"https:\/\/cenal.gob.ve\/index.php?rest_route=\/wp\/v2\/types\/post"}],"author":[{"embeddable":true,"href":"https:\/\/cenal.gob.ve\/index.php?rest_route=\/wp\/v2\/users\/10"}],"replies":[{"embeddable":true,"href":"https:\/\/cenal.gob.ve\/index.php?rest_route=%2Fwp%2Fv2%2Fcomments&post=23777"}],"version-history":[{"count":2,"href":"https:\/\/cenal.gob.ve\/index.php?rest_route=\/wp\/v2\/posts\/23777\/revisions"}],"predecessor-version":[{"id":23790,"href":"https:\/\/cenal.gob.ve\/index.php?rest_route=\/wp\/v2\/posts\/23777\/revisions\/23790"}],"wp:featuredmedia":[{"embeddable":true,"href":"https:\/\/cenal.gob.ve\/index.php?rest_route=\/wp\/v2\/media\/23788"}],"wp:attachment":[{"href":"https:\/\/cenal.gob.ve\/index.php?rest_route=%2Fwp%2Fv2%2Fmedia&parent=23777"}],"wp:term":[{"taxonomy":"category","embeddable":true,"href":"https:\/\/cenal.gob.ve\/index.php?rest_route=%2Fwp%2Fv2%2Fcategories&post=23777"},{"taxonomy":"post_tag","embeddable":true,"href":"https:\/\/cenal.gob.ve\/index.php?rest_route=%2Fwp%2Fv2%2Ftags&post=23777"}],"curies":[{"name":"wp","href":"https:\/\/api.w.org\/{rel}","templated":true}]}}