{"id":23855,"date":"2024-03-21T14:54:26","date_gmt":"2024-03-21T18:54:26","guid":{"rendered":"http:\/\/cenal.gob.ve\/?p=23855"},"modified":"2024-03-21T14:54:40","modified_gmt":"2024-03-21T18:54:40","slug":"la-19-a-filven-cojedes-culmino-exitosamente-con-entrega-del-premio-carlos-noguera","status":"publish","type":"post","link":"https:\/\/cenal.gob.ve\/?p=23855","title":{"rendered":"La 19.\u00aa Filven Cojedes culmin\u00f3 exitosamente con entrega del Premio Carlos Noguera"},"content":{"rendered":"\n<p>Este s\u00e1bado 16 de marzo cerr\u00f3 exitosamente la 19.\u00aa Filven Cojedes con la entrega del Premio Carlos Noguera, un galard\u00f3n regional que busca reconocer el trabajo de los autores de esta entidad.<\/p>\n\n\n\n<figure class=\"wp-block-image\"><img src=\"https:\/\/filven.com\/wp-content\/uploads\/2024\/03\/IMG_20240316_225830_532-1024x682.jpg\" alt=\"\" class=\"wp-image-15742\"\/><\/figure>\n\n\n\n<figure class=\"wp-block-image\"><img src=\"https:\/\/filven.com\/wp-content\/uploads\/2024\/03\/IMG_20240316_230040_526-1024x682.jpg\" alt=\"\" class=\"wp-image-15743\"\/><\/figure>\n\n\n\n<figure class=\"wp-block-image\"><img src=\"https:\/\/filven.com\/wp-content\/uploads\/2024\/03\/IMG_20240317_081612_405-1024x682.jpg\" alt=\"\" class=\"wp-image-15744\"\/><\/figure>\n\n\n\n<p>Como parte de las actividades de clausura igualmente se realizaron la presentaci\u00f3n del libro Embuster\u00eda del llano venezolano y otros cuentos de Jos\u00e9 Daniel Su\u00e1rez (El perro y la rana), el taller de lectura dramatizada dictado por la homenajeada Ulrike S\u00e1nchez, un encuentro de cacheros y un recital de poes\u00eda con Isa\u00edas Medina.<\/p>\n\n\n\n<figure class=\"wp-block-image\"><img src=\"https:\/\/filven.com\/wp-content\/uploads\/2024\/03\/IMG_20240316_230144_519-1024x682.jpg\" alt=\"\" class=\"wp-image-15745\"\/><\/figure>\n\n\n\n<figure class=\"wp-block-image\"><img src=\"https:\/\/filven.com\/wp-content\/uploads\/2024\/03\/IMG_20240316_230137_911-1024x682.jpg\" alt=\"\" class=\"wp-image-15746\"\/><\/figure>\n\n\n\n<p>Asimismo, se desarroll\u00f3 un conversatorio con el invitado nacional Jorge Barrios, nacido en Guanare, conocido en el mundo de la m\u00fasica como furia.rao, sobre la industria musical en Venezuela, a prop\u00f3sito de ser compositor y tambi\u00e9n dedicarse a la producci\u00f3n teatral y a la actuaci\u00f3n.<\/p>\n\n\n\n<p>La Filven Cojedes abri\u00f3 sus puertas el pasado jueves 14 de marzo con m\u00faltiples actividades que incluyeron a los m\u00e1s peque\u00f1os de la casa en el pabell\u00f3n infantil.<\/p>\n\n\n\n<p><strong>Galardonados con el Premio Carlos Noguera<\/strong><\/p>\n\n\n\n<figure class=\"wp-block-image\"><img src=\"https:\/\/filven.com\/wp-content\/uploads\/2024\/03\/IMG_20240316_230222_473-1024x682.jpg\" alt=\"\" class=\"wp-image-15747\"\/><\/figure>\n\n\n\n<p>Carlos Noguera (1943-2015) fue un escritor cojede\u00f1o nacido en Tinaquillo quien obtuvo el Premio Nacional de Literatura 2004 y fue presidente de la editorial Monte \u00c1vila Editores. El galard\u00f3n que lleva su nombre fue creado por la Fundaci\u00f3n Letras de Cojedes, una asociaci\u00f3n independiente de escritores.<\/p>\n\n\n\n<figure class=\"wp-block-image\"><img src=\"https:\/\/filven.com\/wp-content\/uploads\/2024\/03\/IMG_20240316_230228_270-1024x683.jpg\" alt=\"\" class=\"wp-image-15748\"\/><\/figure>\n\n\n\n<p>\u201cDesde 2018 ha sido s\u00faper importante para el estado Cojedes, tiene una relevancia y ya no es solamente regional, sino que desde hace dos a\u00f1os autores de otros estados del pa\u00eds han participado\u201d, explic\u00f3 Fex L\u00f3pez, uno de los miembros de la Fundaci\u00f3n Letras de Cojedes y trabajador del Gabinete Estadal de Cultura, desde donde participa en la organizaci\u00f3n de la Filven Cojedes.<\/p>\n\n\n\n<p>En el marco del m\u00e1ximo encuentro con el libro y la lectura del pa\u00eds instalado en la plaza Manuel Manrique y Sala Cinemateca de San Carlos, el Premio Carlos Noguera se entreg\u00f3 en sus diferentes categor\u00edas.<\/p>\n\n\n\n<p>Adem\u00e1s, cada a\u00f1o se invita a un liceo, a una universidad, a una instituci\u00f3n p\u00fablica o privada, y este a\u00f1o invitaron a la Escuela Nacional de Poes\u00eda Juan Calzadilla.<\/p>\n\n\n\n<p>En la categor\u00eda Narrativa se entreg\u00f3 este premio al cachero Rafael Arias por sus 30 a\u00f1os contando cachos, una forma de oralidad en los llanos venezolanos.<\/p>\n\n\n\n<p>Por su trabajo en Poes\u00eda, recibi\u00f3 este reconocimiento el escritor Jos\u00e9 Daniel Su\u00e1rez Hermoso por Embuster\u00edas del llano venezolano y otros cuentos.<\/p>\n\n\n\n<p>El premio en la categor\u00eda Promoci\u00f3n lectora fue otorgado a Freddy Sosa por 30 a\u00f1os de promoci\u00f3n de lectura en bibliotecas, librer\u00edas y encuentros de literatura en la Unellez.<\/p>\n\n\n\n<p>Mientras que en la categor\u00eda Dramaturgia el premio fue para Nelson Campos Latouche con su obra Memor\u00e1ndum.<\/p>\n\n\n\n<p>En la categor\u00eda Pensamiento por promoci\u00f3n de lectura cr\u00edtica este premio se le otorg\u00f3 al personal de la Biblioteca P\u00fablica de Tinaco, recibido por la coordinadora de la Red de Bibliotecas P\u00fablicas de Tinaco, Argelia Zamora.<\/p>\n\n\n\n<p>En la categor\u00eda Audiovisuales gan\u00f3 Luis Arteaga por el proyecto Aula 7 publicado por la editorial Zorro Tuerto.<\/p>\n\n\n\n<p>Asimismo se hizo entrega de reconocimientos a los autores homenajeados de la Filven Cojedes H\u00e9ctor Gonz\u00e1lez y Ulrike S\u00e1nchez.<\/p>\n\n\n\n<p>La 19.a Filven ahora calienta motores para trasladarse al estado Yaracuy, donde se instalar\u00e1 del 21 al 23 de marzo.<\/p>\n\n\n\n<figure class=\"wp-block-image\"><img src=\"https:\/\/filven.com\/wp-content\/uploads\/2024\/03\/IMG_20240317_073820_640-1024x682.jpg\" alt=\"\" class=\"wp-image-15749\"\/><\/figure>\n\n\n\n<figure class=\"wp-block-image\"><img src=\"https:\/\/filven.com\/wp-content\/uploads\/2024\/03\/IMG_20240316_230025_681-2-1024x682.jpg\" alt=\"\" class=\"wp-image-15756\"\/><\/figure>\n","protected":false},"excerpt":{"rendered":"<p>Este s\u00e1bado 16 de marzo cerr\u00f3 exitosamente la 19.\u00aa Filven Cojedes con la entrega del Premio Carlos Noguera, un galard\u00f3n regional que busca reconocer el trabajo de los autores de [&hellip;]<\/p>\n","protected":false},"author":10,"featured_media":23856,"comment_status":"open","ping_status":"closed","sticky":false,"template":"","format":"standard","meta":{"spay_email":"","jetpack_publicize_message":"","jetpack_is_tweetstorm":false,"jetpack_publicize_feature_enabled":true},"categories":[12],"tags":[79,81,9],"yoast_head":"<!-- This site is optimized with the Yoast SEO plugin v19.8 - https:\/\/yoast.com\/wordpress\/plugins\/seo\/ -->\n<title>La 19.\u00aa Filven Cojedes culmin\u00f3 exitosamente con entrega del Premio Carlos Noguera<\/title>\n<meta name=\"robots\" content=\"index, follow, max-snippet:-1, max-image-preview:large, max-video-preview:-1\" \/>\n<link rel=\"canonical\" href=\"https:\/\/cenal.gob.ve\/?p=23855\" \/>\n<meta property=\"og:locale\" content=\"es_ES\" \/>\n<meta property=\"og:type\" content=\"article\" \/>\n<meta property=\"og:title\" content=\"La 19.\u00aa Filven Cojedes culmin\u00f3 exitosamente con entrega del Premio Carlos Noguera\" \/>\n<meta property=\"og:description\" content=\"Este s\u00e1bado 16 de marzo cerr\u00f3 exitosamente la 19.\u00aa Filven Cojedes con la entrega del Premio Carlos Noguera, un galard\u00f3n regional que busca reconocer el trabajo de los autores de [&hellip;]\" \/>\n<meta property=\"og:url\" content=\"https:\/\/cenal.gob.ve\/?p=23855\" \/>\n<meta property=\"og:site_name\" content=\"Cenal\" \/>\n<meta property=\"article:published_time\" content=\"2024-03-21T18:54:26+00:00\" \/>\n<meta property=\"article:modified_time\" content=\"2024-03-21T18:54:40+00:00\" \/>\n<meta property=\"og:image\" content=\"https:\/\/i0.wp.com\/cenal.gob.ve\/wp-content\/uploads\/2024\/03\/cojedes-1.jpg?fit=1024%2C768&ssl=1\" \/>\n\t<meta property=\"og:image:width\" content=\"1024\" \/>\n\t<meta property=\"og:image:height\" content=\"768\" \/>\n\t<meta property=\"og:image:type\" content=\"image\/jpeg\" \/>\n<meta name=\"author\" content=\"Prensa Cenal\" \/>\n<meta name=\"twitter:card\" content=\"summary_large_image\" \/>\n<meta name=\"twitter:label1\" content=\"Written by\" \/>\n\t<meta name=\"twitter:data1\" content=\"Prensa Cenal\" \/>\n\t<meta name=\"twitter:label2\" content=\"Est. reading time\" \/>\n\t<meta name=\"twitter:data2\" content=\"5 minutos\" \/>\n<script type=\"application\/ld+json\" class=\"yoast-schema-graph\">{\"@context\":\"https:\/\/schema.org\",\"@graph\":[{\"@type\":\"Article\",\"@id\":\"https:\/\/cenal.gob.ve\/?p=23855#article\",\"isPartOf\":{\"@id\":\"https:\/\/cenal.gob.ve\/?p=23855\"},\"author\":{\"name\":\"Prensa Cenal\",\"@id\":\"https:\/\/cenal.gob.ve\/#\/schema\/person\/e3ed34623f400ffab8bc7a63b2f5533f\"},\"headline\":\"La 19.\u00aa Filven Cojedes culmin\u00f3 exitosamente con entrega del Premio Carlos Noguera\",\"datePublished\":\"2024-03-21T18:54:26+00:00\",\"dateModified\":\"2024-03-21T18:54:40+00:00\",\"mainEntityOfPage\":{\"@id\":\"https:\/\/cenal.gob.ve\/?p=23855\"},\"wordCount\":584,\"commentCount\":1,\"publisher\":{\"@id\":\"https:\/\/cenal.gob.ve\/#organization\"},\"keywords\":[\"FILVEN\",\"Libros\",\"Noticias\"],\"articleSection\":[\"Filven\"],\"inLanguage\":\"es\",\"potentialAction\":[{\"@type\":\"CommentAction\",\"name\":\"Comment\",\"target\":[\"https:\/\/cenal.gob.ve\/?p=23855#respond\"]}]},{\"@type\":\"WebPage\",\"@id\":\"https:\/\/cenal.gob.ve\/?p=23855\",\"url\":\"https:\/\/cenal.gob.ve\/?p=23855\",\"name\":\"La 19.\u00aa Filven Cojedes culmin\u00f3 exitosamente con entrega del Premio Carlos Noguera\",\"isPartOf\":{\"@id\":\"https:\/\/cenal.gob.ve\/#website\"},\"datePublished\":\"2024-03-21T18:54:26+00:00\",\"dateModified\":\"2024-03-21T18:54:40+00:00\",\"breadcrumb\":{\"@id\":\"https:\/\/cenal.gob.ve\/?p=23855#breadcrumb\"},\"inLanguage\":\"es\",\"potentialAction\":[{\"@type\":\"ReadAction\",\"target\":[\"https:\/\/cenal.gob.ve\/?p=23855\"]}]},{\"@type\":\"BreadcrumbList\",\"@id\":\"https:\/\/cenal.gob.ve\/?p=23855#breadcrumb\",\"itemListElement\":[{\"@type\":\"ListItem\",\"position\":1,\"name\":\"Home\",\"item\":\"https:\/\/cenal.gob.ve\/\"},{\"@type\":\"ListItem\",\"position\":2,\"name\":\"La 19.\u00aa Filven Cojedes culmin\u00f3 exitosamente con entrega del Premio Carlos Noguera\"}]},{\"@type\":\"WebSite\",\"@id\":\"https:\/\/cenal.gob.ve\/#website\",\"url\":\"https:\/\/cenal.gob.ve\/\",\"name\":\"Cenal\",\"description\":\"\",\"publisher\":{\"@id\":\"https:\/\/cenal.gob.ve\/#organization\"},\"potentialAction\":[{\"@type\":\"SearchAction\",\"target\":{\"@type\":\"EntryPoint\",\"urlTemplate\":\"https:\/\/cenal.gob.ve\/?s={search_term_string}\"},\"query-input\":\"required name=search_term_string\"}],\"inLanguage\":\"es\"},{\"@type\":\"Organization\",\"@id\":\"https:\/\/cenal.gob.ve\/#organization\",\"name\":\"CENAL\",\"url\":\"https:\/\/cenal.gob.ve\/\",\"sameAs\":[],\"logo\":{\"@type\":\"ImageObject\",\"inLanguage\":\"es\",\"@id\":\"https:\/\/cenal.gob.ve\/#\/schema\/logo\/image\/\",\"url\":\"https:\/\/i0.wp.com\/cenal.gob.ve\/wp-content\/uploads\/2022\/10\/cropped-images.jpg?fit=512%2C512\",\"contentUrl\":\"https:\/\/i0.wp.com\/cenal.gob.ve\/wp-content\/uploads\/2022\/10\/cropped-images.jpg?fit=512%2C512\",\"width\":512,\"height\":512,\"caption\":\"CENAL\"},\"image\":{\"@id\":\"https:\/\/cenal.gob.ve\/#\/schema\/logo\/image\/\"}},{\"@type\":\"Person\",\"@id\":\"https:\/\/cenal.gob.ve\/#\/schema\/person\/e3ed34623f400ffab8bc7a63b2f5533f\",\"name\":\"Prensa Cenal\",\"image\":{\"@type\":\"ImageObject\",\"inLanguage\":\"es\",\"@id\":\"https:\/\/cenal.gob.ve\/#\/schema\/person\/image\/\",\"url\":\"https:\/\/secure.gravatar.com\/avatar\/594b4ed34090910c619ac3679001d491?s=96&d=mm&r=g\",\"contentUrl\":\"https:\/\/secure.gravatar.com\/avatar\/594b4ed34090910c619ac3679001d491?s=96&d=mm&r=g\",\"caption\":\"Prensa Cenal\"},\"url\":\"https:\/\/cenal.gob.ve\/?author=10\"}]}<\/script>\n<!-- \/ Yoast SEO plugin. -->","yoast_head_json":{"title":"La 19.\u00aa Filven Cojedes culmin\u00f3 exitosamente con entrega del Premio Carlos Noguera","robots":{"index":"index","follow":"follow","max-snippet":"max-snippet:-1","max-image-preview":"max-image-preview:large","max-video-preview":"max-video-preview:-1"},"canonical":"https:\/\/cenal.gob.ve\/?p=23855","og_locale":"es_ES","og_type":"article","og_title":"La 19.\u00aa Filven Cojedes culmin\u00f3 exitosamente con entrega del Premio Carlos Noguera","og_description":"Este s\u00e1bado 16 de marzo cerr\u00f3 exitosamente la 19.\u00aa Filven Cojedes con la entrega del Premio Carlos Noguera, un galard\u00f3n regional que busca reconocer el trabajo de los autores de [&hellip;]","og_url":"https:\/\/cenal.gob.ve\/?p=23855","og_site_name":"Cenal","article_published_time":"2024-03-21T18:54:26+00:00","article_modified_time":"2024-03-21T18:54:40+00:00","og_image":[{"width":1024,"height":768,"url":"https:\/\/i0.wp.com\/cenal.gob.ve\/wp-content\/uploads\/2024\/03\/cojedes-1.jpg?fit=1024%2C768&ssl=1","type":"image\/jpeg"}],"author":"Prensa Cenal","twitter_card":"summary_large_image","twitter_misc":{"Written by":"Prensa Cenal","Est. reading time":"5 minutos"},"schema":{"@context":"https:\/\/schema.org","@graph":[{"@type":"Article","@id":"https:\/\/cenal.gob.ve\/?p=23855#article","isPartOf":{"@id":"https:\/\/cenal.gob.ve\/?p=23855"},"author":{"name":"Prensa Cenal","@id":"https:\/\/cenal.gob.ve\/#\/schema\/person\/e3ed34623f400ffab8bc7a63b2f5533f"},"headline":"La 19.\u00aa Filven Cojedes culmin\u00f3 exitosamente con entrega del Premio Carlos Noguera","datePublished":"2024-03-21T18:54:26+00:00","dateModified":"2024-03-21T18:54:40+00:00","mainEntityOfPage":{"@id":"https:\/\/cenal.gob.ve\/?p=23855"},"wordCount":584,"commentCount":1,"publisher":{"@id":"https:\/\/cenal.gob.ve\/#organization"},"keywords":["FILVEN","Libros","Noticias"],"articleSection":["Filven"],"inLanguage":"es","potentialAction":[{"@type":"CommentAction","name":"Comment","target":["https:\/\/cenal.gob.ve\/?p=23855#respond"]}]},{"@type":"WebPage","@id":"https:\/\/cenal.gob.ve\/?p=23855","url":"https:\/\/cenal.gob.ve\/?p=23855","name":"La 19.\u00aa Filven Cojedes culmin\u00f3 exitosamente con entrega del Premio Carlos Noguera","isPartOf":{"@id":"https:\/\/cenal.gob.ve\/#website"},"datePublished":"2024-03-21T18:54:26+00:00","dateModified":"2024-03-21T18:54:40+00:00","breadcrumb":{"@id":"https:\/\/cenal.gob.ve\/?p=23855#breadcrumb"},"inLanguage":"es","potentialAction":[{"@type":"ReadAction","target":["https:\/\/cenal.gob.ve\/?p=23855"]}]},{"@type":"BreadcrumbList","@id":"https:\/\/cenal.gob.ve\/?p=23855#breadcrumb","itemListElement":[{"@type":"ListItem","position":1,"name":"Home","item":"https:\/\/cenal.gob.ve\/"},{"@type":"ListItem","position":2,"name":"La 19.\u00aa Filven Cojedes culmin\u00f3 exitosamente con entrega del Premio Carlos Noguera"}]},{"@type":"WebSite","@id":"https:\/\/cenal.gob.ve\/#website","url":"https:\/\/cenal.gob.ve\/","name":"Cenal","description":"","publisher":{"@id":"https:\/\/cenal.gob.ve\/#organization"},"potentialAction":[{"@type":"SearchAction","target":{"@type":"EntryPoint","urlTemplate":"https:\/\/cenal.gob.ve\/?s={search_term_string}"},"query-input":"required name=search_term_string"}],"inLanguage":"es"},{"@type":"Organization","@id":"https:\/\/cenal.gob.ve\/#organization","name":"CENAL","url":"https:\/\/cenal.gob.ve\/","sameAs":[],"logo":{"@type":"ImageObject","inLanguage":"es","@id":"https:\/\/cenal.gob.ve\/#\/schema\/logo\/image\/","url":"https:\/\/i0.wp.com\/cenal.gob.ve\/wp-content\/uploads\/2022\/10\/cropped-images.jpg?fit=512%2C512","contentUrl":"https:\/\/i0.wp.com\/cenal.gob.ve\/wp-content\/uploads\/2022\/10\/cropped-images.jpg?fit=512%2C512","width":512,"height":512,"caption":"CENAL"},"image":{"@id":"https:\/\/cenal.gob.ve\/#\/schema\/logo\/image\/"}},{"@type":"Person","@id":"https:\/\/cenal.gob.ve\/#\/schema\/person\/e3ed34623f400ffab8bc7a63b2f5533f","name":"Prensa Cenal","image":{"@type":"ImageObject","inLanguage":"es","@id":"https:\/\/cenal.gob.ve\/#\/schema\/person\/image\/","url":"https:\/\/secure.gravatar.com\/avatar\/594b4ed34090910c619ac3679001d491?s=96&d=mm&r=g","contentUrl":"https:\/\/secure.gravatar.com\/avatar\/594b4ed34090910c619ac3679001d491?s=96&d=mm&r=g","caption":"Prensa Cenal"},"url":"https:\/\/cenal.gob.ve\/?author=10"}]}},"jetpack_featured_media_url":"https:\/\/cenal.gob.ve\/wp-content\/uploads\/2024\/03\/cojedes-1.jpg","jetpack_publicize_connections":[],"jetpack_shortlink":"https:\/\/wp.me\/p5FMhp-6cL","_links":{"self":[{"href":"https:\/\/cenal.gob.ve\/index.php?rest_route=\/wp\/v2\/posts\/23855"}],"collection":[{"href":"https:\/\/cenal.gob.ve\/index.php?rest_route=\/wp\/v2\/posts"}],"about":[{"href":"https:\/\/cenal.gob.ve\/index.php?rest_route=\/wp\/v2\/types\/post"}],"author":[{"embeddable":true,"href":"https:\/\/cenal.gob.ve\/index.php?rest_route=\/wp\/v2\/users\/10"}],"replies":[{"embeddable":true,"href":"https:\/\/cenal.gob.ve\/index.php?rest_route=%2Fwp%2Fv2%2Fcomments&post=23855"}],"version-history":[{"count":1,"href":"https:\/\/cenal.gob.ve\/index.php?rest_route=\/wp\/v2\/posts\/23855\/revisions"}],"predecessor-version":[{"id":23857,"href":"https:\/\/cenal.gob.ve\/index.php?rest_route=\/wp\/v2\/posts\/23855\/revisions\/23857"}],"wp:featuredmedia":[{"embeddable":true,"href":"https:\/\/cenal.gob.ve\/index.php?rest_route=\/wp\/v2\/media\/23856"}],"wp:attachment":[{"href":"https:\/\/cenal.gob.ve\/index.php?rest_route=%2Fwp%2Fv2%2Fmedia&parent=23855"}],"wp:term":[{"taxonomy":"category","embeddable":true,"href":"https:\/\/cenal.gob.ve\/index.php?rest_route=%2Fwp%2Fv2%2Fcategories&post=23855"},{"taxonomy":"post_tag","embeddable":true,"href":"https:\/\/cenal.gob.ve\/index.php?rest_route=%2Fwp%2Fv2%2Ftags&post=23855"}],"curies":[{"name":"wp","href":"https:\/\/api.w.org\/{rel}","templated":true}]}}