{"id":23884,"date":"2024-03-25T14:05:16","date_gmt":"2024-03-25T18:05:16","guid":{"rendered":"http:\/\/cenal.gob.ve\/?p=23884"},"modified":"2024-03-25T14:05:26","modified_gmt":"2024-03-25T18:05:26","slug":"inaugurada-la-19-a-filven-yaracuy","status":"publish","type":"post","link":"https:\/\/cenal.gob.ve\/?p=23884","title":{"rendered":"Inaugurada la 19.\u00aa Filven Yaracuy"},"content":{"rendered":"\n<p>La 19.\u00aa Filven lleg\u00f3 a Yaracuy este jueves 21 de marzo. Los espacios del Museo Carmelo Fern\u00e1ndez de San Felipe se convirtieron en sede del m\u00e1ximo encuentro con el libro y la cultura de Venezuela.<\/p>\n\n\n\n<figure class=\"wp-block-image\"><img src=\"https:\/\/filven.com\/wp-content\/uploads\/2024\/03\/IMG_20240321_140727_599-1024x682.jpg\" alt=\"\" class=\"wp-image-15771\"\/><\/figure>\n\n\n\n<p>La cita literaria qued\u00f3 inaugurada con un acto encabezado por la Autoridad \u00danica de Cultura de Yaracuy, Epifanio Ochoa, acompa\u00f1ado por la gerente de Estrategias del Centro Nacional del Libro (Cenal), Yris Villamizar; el coordinador de la Plataforma del Libro del Gabinete Estadal de Cultura de Yaracuy, Jairo Brijaldo; la escritora regional homenajeada, Edy Barboza, y los autores nacionales invitados Nereyda Ferrer, Wafi Salih y Ennio Tucci.<\/p>\n\n\n\n<p>Ochoa destac\u00f3 la inauguraci\u00f3n de esta feria del libro en el D\u00eda Internacional de la Poes\u00eda y se\u00f1al\u00f3 que este encuentro con la palabra ofrecer\u00e1 hasta el s\u00e1bado 23 una amplia programaci\u00f3n literaria y art\u00edstica.<\/p>\n\n\n\n<p>\u201cEstamos de fiesta en Yaracuy. Invito a toda la poblaci\u00f3n, en especial a lo j\u00f3venes, quienes est\u00e1n inquietos escribiendo y componiendo, a que vengan\u201d, manifest\u00f3.<\/p>\n\n\n\n<figure class=\"wp-block-image\"><img src=\"https:\/\/filven.com\/wp-content\/uploads\/2024\/03\/1711050365197-1024x682.jpg\" alt=\"\" class=\"wp-image-15796\"\/><\/figure>\n\n\n\n<p>Participan m\u00e1s de 20 expositores; entre ellos est\u00e1 Librer\u00edas del Sur con toda la producci\u00f3n editorial que realiza el Ministerio del Poder Popular de la Cultura a trav\u00e9s de la Fundaci\u00f3n Editorial El perro y la rana, Monte \u00c1vila Editores y Biblioteca Ayacucho.<\/p>\n\n\n\n<p>As\u00ed mismo, asisten el Centro Nacional de la Historia, la Alcald\u00eda de Caracas con las ediciones de Fundarte, Vadell Hermanos Editores, Ediciones de la Asamblea Nacional, Ediciones del Ipasm\u00e9, Ediciones de la UNEY, la UNES, la Red de Historia Memoria y Patrimonio, Ediciones Madriguera, Biblioteca Digital Carmen Delia Bencomo y Distribuidora Mil\u00e1ngel.<\/p>\n\n\n\n<figure class=\"wp-block-image\"><img src=\"https:\/\/filven.com\/wp-content\/uploads\/2024\/03\/WhatsApp-Image-2024-03-21-at-3.08.46-PM-1024x576.jpeg\" alt=\"\" class=\"wp-image-15780\"\/><\/figure>\n\n\n\n<p>La Filven Yaracuy tambi\u00e9n recuerda a Ar\u00edstides Bastidas por el centenario de su natalicio. En el marco de las actividades inaugurales, el cronista oficial del municipio Ar\u00edstides Bastidas, Jos\u00e9 Luis Guillory, junto al historiador Pedro Pares Freites y el profesor Manuel Azo Pi\u00f1a, present\u00f3 el libro 100 a\u00f1os de Ar\u00edstides Bastidas, de Manuel Azo, publicado por el Fondo Editorial de la UNEY.<\/p>\n\n\n\n<p><strong>Pies de verano<\/strong><\/p>\n\n\n\n<p>La homenajeada es la escritora Edy Suley Barboza Blanco, poeta, cronista, maestra especialista en lectura, quien naci\u00f3 en San Felipe el 15 de diciembre de 1958.<\/p>\n\n\n\n<figure class=\"wp-block-image\"><img src=\"https:\/\/filven.com\/wp-content\/uploads\/2024\/03\/IMG_20240321_141538_571-1024x682.jpg\" alt=\"\" class=\"wp-image-15772\"\/><\/figure>\n\n\n\n<figure class=\"wp-block-image\"><img src=\"https:\/\/filven.com\/wp-content\/uploads\/2024\/03\/IMG_20240321_141548_354-1024x682.jpg\" alt=\"\" class=\"wp-image-15774\"\/><\/figure>\n\n\n\n<p>En el primer d\u00eda de la Filven Yaracuy present\u00f3 su poemario Pies de verano, editado por El perro y la rana, en el que en medio de la c\u00e1lida geograf\u00eda tropical yaracuyana se desenvuelven im\u00e1genes con una inconfundible voz femenina y una marcada tradici\u00f3n cultural afrodescendiente.<br>Ah\u00ed estuvo acompa\u00f1ada por las tambi\u00e9n poetas Wafi Salih e Yris Villamizar.<\/p>\n\n\n\n<figure class=\"wp-block-image\"><img src=\"https:\/\/filven.com\/wp-content\/uploads\/2024\/03\/WhatsApp-Image-2024-03-21-at-3.15.51-PM-1024x682.jpeg\" alt=\"\" class=\"wp-image-15786\"\/><\/figure>\n\n\n\n<p>\u201cEs sobre el imaginario de la infancia en Veroes. Estoy muy alegre de esta edici\u00f3n muy bella\u201d, dijo Barboza.<\/p>\n\n\n\n<p>Sus inicios en la literatura y la creaci\u00f3n po\u00e9tica est\u00e1n vinculados a la oralidad con los cantos de tambor en los pueblos del municipio Veroes y a su participaci\u00f3n en el Centro Experimental de Talleres Art\u00edsticos (CETA), en cuya revista La oruga luminosa public\u00f3 su primer poema.<\/p>\n\n\n\n<figure class=\"wp-block-image\"><img src=\"https:\/\/filven.com\/wp-content\/uploads\/2024\/03\/1711050365223-1024x682.jpg\" alt=\"\" class=\"wp-image-15797\"\/><\/figure>\n\n\n\n<p>En materia de promoci\u00f3n del libro y la lectura, Barboza form\u00f3 parte de los equipos regionales en los programas y Plan Lector de Cajas Viajeras, Bibliotecas Familiares, Bibliotecas para los Consejos Comunales.<br>Con la Universidad Nacional Experimental de Yaracuy (UNEY) particip\u00f3 en el proyecto La lectura vuelve a casa.<\/p>\n\n\n\n<p>Es autora de Testimonio de tambor, libro en el que se recopila la vida de dos tamboreros del municipio Veroes (Iacey, 2002); de textos po\u00e9ticos en R\u00edo de Voces, antolog\u00eda de poetas yaracuyanas (Ateneo de San Felipe, 2005); el poemario D\u00e9cadas (Iacey, 2007), Menci\u00f3n de honor en el Concurso Literario Rafael Z\u00e1rraga.<\/p>\n\n\n\n<p><strong>Invitados presentan sus libros<\/strong><\/p>\n\n\n\n<p>La escritora Nereyda Ferrer, del estado Falc\u00f3n, quien tiene como l\u00ednea de investigaci\u00f3n los procesos hist\u00f3ricos de los pueblos afrodescendientes del estado Falc\u00f3n, presentar\u00e1 este viernes 22, a las 4:00 p.m., su libro Subalternizaci\u00f3n africana y resignaci\u00f3n de sus memorias de Coro, obra publicada por la Fundaci\u00f3n Editorial El perro y la rana.<\/p>\n\n\n\n<figure class=\"wp-block-image\"><img src=\"https:\/\/filven.com\/wp-content\/uploads\/2024\/03\/WhatsApp-Image-2024-03-21-at-3.31.00-PM-1024x682.jpeg\" alt=\"\" class=\"wp-image-15791\"\/><\/figure>\n\n\n\n<p>El escritor y antrop\u00f3logo caraque\u00f1o Jos\u00e9 Luis Alcal\u00e1 Ojeda, nieto de Fabricio Ojeda, es autor del libro Fabricio Ojeda \u00a1Pionero de la revoluci\u00f3n!, el cual presentar\u00e1 este s\u00e1bado para conversar sobre la importancia del pensamiento y la acci\u00f3n de este dirigente pol\u00edtico venezolano.<\/p>\n\n\n\n<figure class=\"wp-block-image\"><img src=\"https:\/\/filven.com\/wp-content\/uploads\/2024\/03\/WhatsApp-Image-2024-03-21-at-3.31.25-PM-1024x682.jpeg\" alt=\"\" class=\"wp-image-15792\"\/><\/figure>\n\n\n\n<p>Wafi Salih, de Trujillo, conocida como la maestra de la poes\u00eda breve en Venezuela por la extensa exploraci\u00f3n del g\u00e9nero haiku, llega con Las im\u00e1genes de la ausente (Monte \u00c1vila) y el invitado Ennio Tucci, proveniente de M\u00e9rida, estar\u00e1 presentando su novela En primera, publicada por Monte \u00c1vila, ganadora de la VI Bienal Nacional de Literatura Rafael Z\u00e1rraga.<\/p>\n\n\n\n<p>La Filven Yaracuy, bajo el lema Leer nos reencuentra, es organizada por el Ministerio del Poder Popular para la Cultura, mediante el Centro Nacional del Libro (Cenal) y el Gabinete Estadal de Cultura, en coordinaci\u00f3n con la Gobernaci\u00f3n de la entidad y autoridades locales.<\/p>\n\n\n\n<figure class=\"wp-block-image\"><img src=\"https:\/\/filven.com\/wp-content\/uploads\/2024\/03\/WhatsApp-Image-2024-03-21-at-3.32.42-PM-1024x682.jpeg\" alt=\"\" class=\"wp-image-15790\"\/><\/figure>\n\n\n\n<figure class=\"wp-block-image\"><img src=\"https:\/\/filven.com\/wp-content\/uploads\/2024\/03\/WhatsApp-Image-2024-03-21-at-3.02.12-PM-1024x682.jpeg\" alt=\"\" class=\"wp-image-15776\"\/><\/figure>\n\n\n\n<figure class=\"wp-block-image\"><img src=\"https:\/\/filven.com\/wp-content\/uploads\/2024\/03\/WhatsApp-Image-2024-03-21-at-3.01.34-PM-1024x682.jpeg\" alt=\"\" class=\"wp-image-15777\"\/><\/figure>\n\n\n\n<figure class=\"wp-block-image\"><img src=\"https:\/\/filven.com\/wp-content\/uploads\/2024\/03\/1711050365323-1024x682.jpg\" alt=\"\" class=\"wp-image-15799\"\/><\/figure>\n\n\n\n<figure class=\"wp-block-image\"><img src=\"https:\/\/filven.com\/wp-content\/uploads\/2024\/03\/1711050365140-1024x682.jpg\" alt=\"\" class=\"wp-image-15800\"\/><\/figure>\n\n\n\n<figure class=\"wp-block-image\"><img src=\"https:\/\/filven.com\/wp-content\/uploads\/2024\/03\/1711050365271-1024x682.jpg\" alt=\"\" class=\"wp-image-15801\"\/><\/figure>\n","protected":false},"excerpt":{"rendered":"<p>La 19.\u00aa Filven lleg\u00f3 a Yaracuy este jueves 21 de marzo. Los espacios del Museo Carmelo Fern\u00e1ndez de San Felipe se convirtieron en sede del m\u00e1ximo encuentro con el libro [&hellip;]<\/p>\n","protected":false},"author":10,"featured_media":23885,"comment_status":"open","ping_status":"closed","sticky":false,"template":"","format":"standard","meta":{"spay_email":"","jetpack_publicize_message":"","jetpack_is_tweetstorm":false,"jetpack_publicize_feature_enabled":true},"categories":[12],"tags":[79,81,9],"yoast_head":"<!-- This site is optimized with the Yoast SEO plugin v19.8 - https:\/\/yoast.com\/wordpress\/plugins\/seo\/ -->\n<title>Inaugurada la 19.\u00aa Filven Yaracuy<\/title>\n<meta name=\"robots\" content=\"index, follow, max-snippet:-1, max-image-preview:large, max-video-preview:-1\" \/>\n<link rel=\"canonical\" href=\"https:\/\/cenal.gob.ve\/?p=23884\" \/>\n<meta property=\"og:locale\" content=\"es_ES\" \/>\n<meta property=\"og:type\" content=\"article\" \/>\n<meta property=\"og:title\" content=\"Inaugurada la 19.\u00aa Filven Yaracuy\" \/>\n<meta property=\"og:description\" content=\"La 19.\u00aa Filven lleg\u00f3 a Yaracuy este jueves 21 de marzo. Los espacios del Museo Carmelo Fern\u00e1ndez de San Felipe se convirtieron en sede del m\u00e1ximo encuentro con el libro [&hellip;]\" \/>\n<meta property=\"og:url\" content=\"https:\/\/cenal.gob.ve\/?p=23884\" \/>\n<meta property=\"og:site_name\" content=\"Cenal\" \/>\n<meta property=\"article:published_time\" content=\"2024-03-25T18:05:16+00:00\" \/>\n<meta property=\"article:modified_time\" content=\"2024-03-25T18:05:26+00:00\" \/>\n<meta property=\"og:image\" content=\"http:\/\/cenal.gob.ve\/wp-content\/uploads\/2024\/03\/WhatsApp-Image-2024-03-21-at-3.29.19-PM-1024x682-1.jpeg\" \/>\n\t<meta property=\"og:image:width\" content=\"1024\" \/>\n\t<meta property=\"og:image:height\" content=\"682\" \/>\n\t<meta property=\"og:image:type\" content=\"image\/jpeg\" \/>\n<meta name=\"author\" content=\"Prensa Cenal\" \/>\n<meta name=\"twitter:card\" content=\"summary_large_image\" \/>\n<meta name=\"twitter:label1\" content=\"Written by\" \/>\n\t<meta name=\"twitter:data1\" content=\"Prensa Cenal\" \/>\n\t<meta name=\"twitter:label2\" content=\"Est. reading time\" \/>\n\t<meta name=\"twitter:data2\" content=\"7 minutos\" \/>\n<script type=\"application\/ld+json\" class=\"yoast-schema-graph\">{\"@context\":\"https:\/\/schema.org\",\"@graph\":[{\"@type\":\"Article\",\"@id\":\"https:\/\/cenal.gob.ve\/?p=23884#article\",\"isPartOf\":{\"@id\":\"https:\/\/cenal.gob.ve\/?p=23884\"},\"author\":{\"name\":\"Prensa Cenal\",\"@id\":\"https:\/\/cenal.gob.ve\/#\/schema\/person\/e3ed34623f400ffab8bc7a63b2f5533f\"},\"headline\":\"Inaugurada la 19.\u00aa Filven Yaracuy\",\"datePublished\":\"2024-03-25T18:05:16+00:00\",\"dateModified\":\"2024-03-25T18:05:26+00:00\",\"mainEntityOfPage\":{\"@id\":\"https:\/\/cenal.gob.ve\/?p=23884\"},\"wordCount\":836,\"commentCount\":0,\"publisher\":{\"@id\":\"https:\/\/cenal.gob.ve\/#organization\"},\"keywords\":[\"FILVEN\",\"Libros\",\"Noticias\"],\"articleSection\":[\"Filven\"],\"inLanguage\":\"es\",\"potentialAction\":[{\"@type\":\"CommentAction\",\"name\":\"Comment\",\"target\":[\"https:\/\/cenal.gob.ve\/?p=23884#respond\"]}]},{\"@type\":\"WebPage\",\"@id\":\"https:\/\/cenal.gob.ve\/?p=23884\",\"url\":\"https:\/\/cenal.gob.ve\/?p=23884\",\"name\":\"Inaugurada la 19.\u00aa Filven Yaracuy\",\"isPartOf\":{\"@id\":\"https:\/\/cenal.gob.ve\/#website\"},\"datePublished\":\"2024-03-25T18:05:16+00:00\",\"dateModified\":\"2024-03-25T18:05:26+00:00\",\"breadcrumb\":{\"@id\":\"https:\/\/cenal.gob.ve\/?p=23884#breadcrumb\"},\"inLanguage\":\"es\",\"potentialAction\":[{\"@type\":\"ReadAction\",\"target\":[\"https:\/\/cenal.gob.ve\/?p=23884\"]}]},{\"@type\":\"BreadcrumbList\",\"@id\":\"https:\/\/cenal.gob.ve\/?p=23884#breadcrumb\",\"itemListElement\":[{\"@type\":\"ListItem\",\"position\":1,\"name\":\"Home\",\"item\":\"https:\/\/cenal.gob.ve\/\"},{\"@type\":\"ListItem\",\"position\":2,\"name\":\"Inaugurada la 19.\u00aa Filven Yaracuy\"}]},{\"@type\":\"WebSite\",\"@id\":\"https:\/\/cenal.gob.ve\/#website\",\"url\":\"https:\/\/cenal.gob.ve\/\",\"name\":\"Cenal\",\"description\":\"\",\"publisher\":{\"@id\":\"https:\/\/cenal.gob.ve\/#organization\"},\"potentialAction\":[{\"@type\":\"SearchAction\",\"target\":{\"@type\":\"EntryPoint\",\"urlTemplate\":\"https:\/\/cenal.gob.ve\/?s={search_term_string}\"},\"query-input\":\"required name=search_term_string\"}],\"inLanguage\":\"es\"},{\"@type\":\"Organization\",\"@id\":\"https:\/\/cenal.gob.ve\/#organization\",\"name\":\"CENAL\",\"url\":\"https:\/\/cenal.gob.ve\/\",\"sameAs\":[],\"logo\":{\"@type\":\"ImageObject\",\"inLanguage\":\"es\",\"@id\":\"https:\/\/cenal.gob.ve\/#\/schema\/logo\/image\/\",\"url\":\"https:\/\/i0.wp.com\/cenal.gob.ve\/wp-content\/uploads\/2022\/10\/cropped-images.jpg?fit=512%2C512\",\"contentUrl\":\"https:\/\/i0.wp.com\/cenal.gob.ve\/wp-content\/uploads\/2022\/10\/cropped-images.jpg?fit=512%2C512\",\"width\":512,\"height\":512,\"caption\":\"CENAL\"},\"image\":{\"@id\":\"https:\/\/cenal.gob.ve\/#\/schema\/logo\/image\/\"}},{\"@type\":\"Person\",\"@id\":\"https:\/\/cenal.gob.ve\/#\/schema\/person\/e3ed34623f400ffab8bc7a63b2f5533f\",\"name\":\"Prensa Cenal\",\"image\":{\"@type\":\"ImageObject\",\"inLanguage\":\"es\",\"@id\":\"https:\/\/cenal.gob.ve\/#\/schema\/person\/image\/\",\"url\":\"https:\/\/secure.gravatar.com\/avatar\/594b4ed34090910c619ac3679001d491?s=96&d=mm&r=g\",\"contentUrl\":\"https:\/\/secure.gravatar.com\/avatar\/594b4ed34090910c619ac3679001d491?s=96&d=mm&r=g\",\"caption\":\"Prensa Cenal\"},\"url\":\"https:\/\/cenal.gob.ve\/?author=10\"}]}<\/script>\n<!-- \/ Yoast SEO plugin. -->","yoast_head_json":{"title":"Inaugurada la 19.\u00aa Filven Yaracuy","robots":{"index":"index","follow":"follow","max-snippet":"max-snippet:-1","max-image-preview":"max-image-preview:large","max-video-preview":"max-video-preview:-1"},"canonical":"https:\/\/cenal.gob.ve\/?p=23884","og_locale":"es_ES","og_type":"article","og_title":"Inaugurada la 19.\u00aa Filven Yaracuy","og_description":"La 19.\u00aa Filven lleg\u00f3 a Yaracuy este jueves 21 de marzo. Los espacios del Museo Carmelo Fern\u00e1ndez de San Felipe se convirtieron en sede del m\u00e1ximo encuentro con el libro [&hellip;]","og_url":"https:\/\/cenal.gob.ve\/?p=23884","og_site_name":"Cenal","article_published_time":"2024-03-25T18:05:16+00:00","article_modified_time":"2024-03-25T18:05:26+00:00","og_image":[{"width":1024,"height":682,"url":"http:\/\/cenal.gob.ve\/wp-content\/uploads\/2024\/03\/WhatsApp-Image-2024-03-21-at-3.29.19-PM-1024x682-1.jpeg","type":"image\/jpeg"}],"author":"Prensa Cenal","twitter_card":"summary_large_image","twitter_misc":{"Written by":"Prensa Cenal","Est. reading time":"7 minutos"},"schema":{"@context":"https:\/\/schema.org","@graph":[{"@type":"Article","@id":"https:\/\/cenal.gob.ve\/?p=23884#article","isPartOf":{"@id":"https:\/\/cenal.gob.ve\/?p=23884"},"author":{"name":"Prensa Cenal","@id":"https:\/\/cenal.gob.ve\/#\/schema\/person\/e3ed34623f400ffab8bc7a63b2f5533f"},"headline":"Inaugurada la 19.\u00aa Filven Yaracuy","datePublished":"2024-03-25T18:05:16+00:00","dateModified":"2024-03-25T18:05:26+00:00","mainEntityOfPage":{"@id":"https:\/\/cenal.gob.ve\/?p=23884"},"wordCount":836,"commentCount":0,"publisher":{"@id":"https:\/\/cenal.gob.ve\/#organization"},"keywords":["FILVEN","Libros","Noticias"],"articleSection":["Filven"],"inLanguage":"es","potentialAction":[{"@type":"CommentAction","name":"Comment","target":["https:\/\/cenal.gob.ve\/?p=23884#respond"]}]},{"@type":"WebPage","@id":"https:\/\/cenal.gob.ve\/?p=23884","url":"https:\/\/cenal.gob.ve\/?p=23884","name":"Inaugurada la 19.\u00aa Filven Yaracuy","isPartOf":{"@id":"https:\/\/cenal.gob.ve\/#website"},"datePublished":"2024-03-25T18:05:16+00:00","dateModified":"2024-03-25T18:05:26+00:00","breadcrumb":{"@id":"https:\/\/cenal.gob.ve\/?p=23884#breadcrumb"},"inLanguage":"es","potentialAction":[{"@type":"ReadAction","target":["https:\/\/cenal.gob.ve\/?p=23884"]}]},{"@type":"BreadcrumbList","@id":"https:\/\/cenal.gob.ve\/?p=23884#breadcrumb","itemListElement":[{"@type":"ListItem","position":1,"name":"Home","item":"https:\/\/cenal.gob.ve\/"},{"@type":"ListItem","position":2,"name":"Inaugurada la 19.\u00aa Filven Yaracuy"}]},{"@type":"WebSite","@id":"https:\/\/cenal.gob.ve\/#website","url":"https:\/\/cenal.gob.ve\/","name":"Cenal","description":"","publisher":{"@id":"https:\/\/cenal.gob.ve\/#organization"},"potentialAction":[{"@type":"SearchAction","target":{"@type":"EntryPoint","urlTemplate":"https:\/\/cenal.gob.ve\/?s={search_term_string}"},"query-input":"required name=search_term_string"}],"inLanguage":"es"},{"@type":"Organization","@id":"https:\/\/cenal.gob.ve\/#organization","name":"CENAL","url":"https:\/\/cenal.gob.ve\/","sameAs":[],"logo":{"@type":"ImageObject","inLanguage":"es","@id":"https:\/\/cenal.gob.ve\/#\/schema\/logo\/image\/","url":"https:\/\/i0.wp.com\/cenal.gob.ve\/wp-content\/uploads\/2022\/10\/cropped-images.jpg?fit=512%2C512","contentUrl":"https:\/\/i0.wp.com\/cenal.gob.ve\/wp-content\/uploads\/2022\/10\/cropped-images.jpg?fit=512%2C512","width":512,"height":512,"caption":"CENAL"},"image":{"@id":"https:\/\/cenal.gob.ve\/#\/schema\/logo\/image\/"}},{"@type":"Person","@id":"https:\/\/cenal.gob.ve\/#\/schema\/person\/e3ed34623f400ffab8bc7a63b2f5533f","name":"Prensa Cenal","image":{"@type":"ImageObject","inLanguage":"es","@id":"https:\/\/cenal.gob.ve\/#\/schema\/person\/image\/","url":"https:\/\/secure.gravatar.com\/avatar\/594b4ed34090910c619ac3679001d491?s=96&d=mm&r=g","contentUrl":"https:\/\/secure.gravatar.com\/avatar\/594b4ed34090910c619ac3679001d491?s=96&d=mm&r=g","caption":"Prensa Cenal"},"url":"https:\/\/cenal.gob.ve\/?author=10"}]}},"jetpack_featured_media_url":"https:\/\/cenal.gob.ve\/wp-content\/uploads\/2024\/03\/WhatsApp-Image-2024-03-21-at-3.29.19-PM-1024x682-1.jpeg","jetpack_publicize_connections":[],"jetpack_shortlink":"https:\/\/wp.me\/p5FMhp-6de","_links":{"self":[{"href":"https:\/\/cenal.gob.ve\/index.php?rest_route=\/wp\/v2\/posts\/23884"}],"collection":[{"href":"https:\/\/cenal.gob.ve\/index.php?rest_route=\/wp\/v2\/posts"}],"about":[{"href":"https:\/\/cenal.gob.ve\/index.php?rest_route=\/wp\/v2\/types\/post"}],"author":[{"embeddable":true,"href":"https:\/\/cenal.gob.ve\/index.php?rest_route=\/wp\/v2\/users\/10"}],"replies":[{"embeddable":true,"href":"https:\/\/cenal.gob.ve\/index.php?rest_route=%2Fwp%2Fv2%2Fcomments&post=23884"}],"version-history":[{"count":1,"href":"https:\/\/cenal.gob.ve\/index.php?rest_route=\/wp\/v2\/posts\/23884\/revisions"}],"predecessor-version":[{"id":23886,"href":"https:\/\/cenal.gob.ve\/index.php?rest_route=\/wp\/v2\/posts\/23884\/revisions\/23886"}],"wp:featuredmedia":[{"embeddable":true,"href":"https:\/\/cenal.gob.ve\/index.php?rest_route=\/wp\/v2\/media\/23885"}],"wp:attachment":[{"href":"https:\/\/cenal.gob.ve\/index.php?rest_route=%2Fwp%2Fv2%2Fmedia&parent=23884"}],"wp:term":[{"taxonomy":"category","embeddable":true,"href":"https:\/\/cenal.gob.ve\/index.php?rest_route=%2Fwp%2Fv2%2Fcategories&post=23884"},{"taxonomy":"post_tag","embeddable":true,"href":"https:\/\/cenal.gob.ve\/index.php?rest_route=%2Fwp%2Fv2%2Ftags&post=23884"}],"curies":[{"name":"wp","href":"https:\/\/api.w.org\/{rel}","templated":true}]}}