{"id":23887,"date":"2024-03-25T14:08:44","date_gmt":"2024-03-25T18:08:44","guid":{"rendered":"http:\/\/cenal.gob.ve\/?p=23887"},"modified":"2024-03-25T14:09:03","modified_gmt":"2024-03-25T18:09:03","slug":"nueva-edicion-de-hacia-el-indio-y-su-mundo-fue-presentada-en-la-19-a-filven-yaracuy","status":"publish","type":"post","link":"https:\/\/cenal.gob.ve\/?p=23887","title":{"rendered":"Nueva edici\u00f3n de \u201cHacia el indio y su mundo\u201d fue presentada en la 19.\u00aa Filven Yaracuy"},"content":{"rendered":"\n<p>La edici\u00f3n realizada en 2023 por El perro y la rana del libro Hacia el indio y su mundo, del investigador yaracuyano Gilberto Antol\u00ednez, publicada originalmente en 1946, fue presentada este viernes 22 durante la 19.\u00aa Filven instalada en el Museo Carmelo Fern\u00e1ndez de San Felipe.<\/p>\n\n\n\n<figure class=\"wp-block-image\"><img src=\"https:\/\/filven.com\/wp-content\/uploads\/2024\/03\/1711159540514-1024x682.jpg\" alt=\"\" class=\"wp-image-15807\"\/><\/figure>\n\n\n\n<p>La presentaci\u00f3n de esta nueva edici\u00f3n se realiz\u00f3 con la participaci\u00f3n de los escritores Gabriel Jim\u00e9nez Em\u00e1n, Wafi Salih, Luis Gallardo y Orlando Barreto, siendo este \u00faltimo el compilador de trabajos de Antol\u00ednez publicados en prensa y revistas a los que se puede acceder en libros como El ciclo de los Dioses (1995), Retratos y figuras (1997) y El agujero de la serpiente (1998), editados por La oruga luminosa.<\/p>\n\n\n\n<p>Antol\u00ednez (1908-1998) es considerado precursor de los estudios indigenistas en Venezuela y un referente en los centros de estudios latinoamericanos.&nbsp;<\/p>\n\n\n\n<p>Hacia el indio y su mundo, a lo largo de sus 500 p\u00e1ginas, documenta aspectos sociales, religiosos y psicol\u00f3gicos del universo ind\u00edgena.<\/p>\n\n\n\n<p>Los ponentes a cargo de presentar el libro coincidieron en la importancia que representa la obra de Antol\u00ednez como una fuente de informaci\u00f3n para quienes investigan sobre el indigenismo en Am\u00e9rica y una for\u00adma de val\u00ado\u00adrar el aporte ind\u00ed\u00adge\u00adna lega\u00addo a la sociedad.<\/p>\n\n\n\n<figure class=\"wp-block-image\"><img src=\"https:\/\/filven.com\/wp-content\/uploads\/2024\/03\/1711159540429-1024x682.jpg\" alt=\"\" class=\"wp-image-15808\"\/><\/figure>\n\n\n\n<p>En referencia a la pregunta de d\u00f3nde venimos, Jim\u00e9nez Em\u00e1n asegur\u00f3 que con este libro los lectores venezolanos \u201cse van a sentir orgullosos de tener sangre ind\u00edgena\u201d. Luis Gallardo, investigador y conocedor de la mitolog\u00eda yaracuyana, se refiri\u00f3 al texto como un libro fundamental que debe ir a las escuelas.<\/p>\n\n\n\n<p>En Hacia el indio y su mundo se hallan referencias sobre americanismo y venezolanidad; entre otros aspectos, contiene&nbsp; ense\u00f1anzas de la agricultura Jirajara \u2013 Muku, por ejemplo. Tambi\u00e9n habla de seres m\u00edticos y s\u00edmbolos ind\u00edgenas.<\/p>\n\n\n\n<figure class=\"wp-block-image\"><img src=\"https:\/\/filven.com\/wp-content\/uploads\/2024\/03\/1711159540471-1024x682.jpg\" alt=\"\" class=\"wp-image-15810\"\/><\/figure>\n\n\n\n<p>El libro incluye dibujos y grabados en lin\u00f3leo hechos por el mismo autor que ilustran diversos tipos de vivienda, utensilios, vasijas, vestuario, instrumentos de caza e im\u00e1genes de \u00eddolos empleados por comunidades ind\u00edgenas.<\/p>\n\n\n\n<p>Gilberto Antol\u00ednez en un fragmento de su obra dice: \u201cEl indio no ha muerto y su sangre no duerme: por la geograf\u00eda de nuestras venas viene hacia nosotros, calladamente, taciturnamente, inexorablemente, con la calma felina de quien sabe la seguridad de su triunfo indeclinable\u201d.<\/p>\n\n\n\n<figure class=\"wp-block-image\"><img src=\"https:\/\/filven.com\/wp-content\/uploads\/2024\/03\/1711159540408-1024x682.jpg\" alt=\"\" class=\"wp-image-15809\"\/><\/figure>\n","protected":false},"excerpt":{"rendered":"<p>La edici\u00f3n realizada en 2023 por El perro y la rana del libro Hacia el indio y su mundo, del investigador yaracuyano Gilberto Antol\u00ednez, publicada originalmente en 1946, fue presentada [&hellip;]<\/p>\n","protected":false},"author":10,"featured_media":23888,"comment_status":"open","ping_status":"closed","sticky":false,"template":"","format":"standard","meta":{"spay_email":"","jetpack_publicize_message":"","jetpack_is_tweetstorm":false,"jetpack_publicize_feature_enabled":true},"categories":[12],"tags":[79,81,9],"yoast_head":"<!-- This site is optimized with the Yoast SEO plugin v19.8 - https:\/\/yoast.com\/wordpress\/plugins\/seo\/ -->\n<title>Nueva edici\u00f3n de \u201cHacia el indio y su mundo\u201d fue presentada en la 19.\u00aa Filven Yaracuy<\/title>\n<meta name=\"robots\" content=\"index, follow, max-snippet:-1, max-image-preview:large, max-video-preview:-1\" \/>\n<link rel=\"canonical\" href=\"https:\/\/cenal.gob.ve\/?p=23887\" \/>\n<meta property=\"og:locale\" content=\"es_ES\" \/>\n<meta property=\"og:type\" content=\"article\" \/>\n<meta property=\"og:title\" content=\"Nueva edici\u00f3n de \u201cHacia el indio y su mundo\u201d fue presentada en la 19.\u00aa Filven Yaracuy\" \/>\n<meta property=\"og:description\" content=\"La edici\u00f3n realizada en 2023 por El perro y la rana del libro Hacia el indio y su mundo, del investigador yaracuyano Gilberto Antol\u00ednez, publicada originalmente en 1946, fue presentada [&hellip;]\" \/>\n<meta property=\"og:url\" content=\"https:\/\/cenal.gob.ve\/?p=23887\" \/>\n<meta property=\"og:site_name\" content=\"Cenal\" \/>\n<meta property=\"article:published_time\" content=\"2024-03-25T18:08:44+00:00\" \/>\n<meta property=\"article:modified_time\" content=\"2024-03-25T18:09:03+00:00\" \/>\n<meta property=\"og:image\" content=\"https:\/\/i0.wp.com\/cenal.gob.ve\/wp-content\/uploads\/2024\/03\/1711159540450-1-1024x682-1.jpg?fit=1024%2C682&ssl=1\" \/>\n\t<meta property=\"og:image:width\" content=\"1024\" \/>\n\t<meta property=\"og:image:height\" content=\"682\" \/>\n\t<meta property=\"og:image:type\" content=\"image\/jpeg\" \/>\n<meta name=\"author\" content=\"Prensa Cenal\" \/>\n<meta name=\"twitter:card\" content=\"summary_large_image\" \/>\n<meta name=\"twitter:label1\" content=\"Written by\" \/>\n\t<meta name=\"twitter:data1\" content=\"Prensa Cenal\" \/>\n\t<meta name=\"twitter:label2\" content=\"Est. reading time\" \/>\n\t<meta name=\"twitter:data2\" content=\"3 minutos\" \/>\n<script type=\"application\/ld+json\" class=\"yoast-schema-graph\">{\"@context\":\"https:\/\/schema.org\",\"@graph\":[{\"@type\":\"Article\",\"@id\":\"https:\/\/cenal.gob.ve\/?p=23887#article\",\"isPartOf\":{\"@id\":\"https:\/\/cenal.gob.ve\/?p=23887\"},\"author\":{\"name\":\"Prensa Cenal\",\"@id\":\"https:\/\/cenal.gob.ve\/#\/schema\/person\/e3ed34623f400ffab8bc7a63b2f5533f\"},\"headline\":\"Nueva edici\u00f3n de \u201cHacia el indio y su mundo\u201d fue presentada en la 19.\u00aa Filven Yaracuy\",\"datePublished\":\"2024-03-25T18:08:44+00:00\",\"dateModified\":\"2024-03-25T18:09:03+00:00\",\"mainEntityOfPage\":{\"@id\":\"https:\/\/cenal.gob.ve\/?p=23887\"},\"wordCount\":408,\"commentCount\":0,\"publisher\":{\"@id\":\"https:\/\/cenal.gob.ve\/#organization\"},\"keywords\":[\"FILVEN\",\"Libros\",\"Noticias\"],\"articleSection\":[\"Filven\"],\"inLanguage\":\"es\",\"potentialAction\":[{\"@type\":\"CommentAction\",\"name\":\"Comment\",\"target\":[\"https:\/\/cenal.gob.ve\/?p=23887#respond\"]}]},{\"@type\":\"WebPage\",\"@id\":\"https:\/\/cenal.gob.ve\/?p=23887\",\"url\":\"https:\/\/cenal.gob.ve\/?p=23887\",\"name\":\"Nueva edici\u00f3n de \u201cHacia el indio y su mundo\u201d fue presentada en la 19.\u00aa Filven Yaracuy\",\"isPartOf\":{\"@id\":\"https:\/\/cenal.gob.ve\/#website\"},\"datePublished\":\"2024-03-25T18:08:44+00:00\",\"dateModified\":\"2024-03-25T18:09:03+00:00\",\"breadcrumb\":{\"@id\":\"https:\/\/cenal.gob.ve\/?p=23887#breadcrumb\"},\"inLanguage\":\"es\",\"potentialAction\":[{\"@type\":\"ReadAction\",\"target\":[\"https:\/\/cenal.gob.ve\/?p=23887\"]}]},{\"@type\":\"BreadcrumbList\",\"@id\":\"https:\/\/cenal.gob.ve\/?p=23887#breadcrumb\",\"itemListElement\":[{\"@type\":\"ListItem\",\"position\":1,\"name\":\"Home\",\"item\":\"https:\/\/cenal.gob.ve\/\"},{\"@type\":\"ListItem\",\"position\":2,\"name\":\"Nueva edici\u00f3n de \u201cHacia el indio y su mundo\u201d fue presentada en la 19.\u00aa Filven Yaracuy\"}]},{\"@type\":\"WebSite\",\"@id\":\"https:\/\/cenal.gob.ve\/#website\",\"url\":\"https:\/\/cenal.gob.ve\/\",\"name\":\"Cenal\",\"description\":\"\",\"publisher\":{\"@id\":\"https:\/\/cenal.gob.ve\/#organization\"},\"potentialAction\":[{\"@type\":\"SearchAction\",\"target\":{\"@type\":\"EntryPoint\",\"urlTemplate\":\"https:\/\/cenal.gob.ve\/?s={search_term_string}\"},\"query-input\":\"required name=search_term_string\"}],\"inLanguage\":\"es\"},{\"@type\":\"Organization\",\"@id\":\"https:\/\/cenal.gob.ve\/#organization\",\"name\":\"CENAL\",\"url\":\"https:\/\/cenal.gob.ve\/\",\"sameAs\":[],\"logo\":{\"@type\":\"ImageObject\",\"inLanguage\":\"es\",\"@id\":\"https:\/\/cenal.gob.ve\/#\/schema\/logo\/image\/\",\"url\":\"https:\/\/i0.wp.com\/cenal.gob.ve\/wp-content\/uploads\/2022\/10\/cropped-images.jpg?fit=512%2C512\",\"contentUrl\":\"https:\/\/i0.wp.com\/cenal.gob.ve\/wp-content\/uploads\/2022\/10\/cropped-images.jpg?fit=512%2C512\",\"width\":512,\"height\":512,\"caption\":\"CENAL\"},\"image\":{\"@id\":\"https:\/\/cenal.gob.ve\/#\/schema\/logo\/image\/\"}},{\"@type\":\"Person\",\"@id\":\"https:\/\/cenal.gob.ve\/#\/schema\/person\/e3ed34623f400ffab8bc7a63b2f5533f\",\"name\":\"Prensa Cenal\",\"image\":{\"@type\":\"ImageObject\",\"inLanguage\":\"es\",\"@id\":\"https:\/\/cenal.gob.ve\/#\/schema\/person\/image\/\",\"url\":\"https:\/\/secure.gravatar.com\/avatar\/594b4ed34090910c619ac3679001d491?s=96&d=mm&r=g\",\"contentUrl\":\"https:\/\/secure.gravatar.com\/avatar\/594b4ed34090910c619ac3679001d491?s=96&d=mm&r=g\",\"caption\":\"Prensa Cenal\"},\"url\":\"https:\/\/cenal.gob.ve\/?author=10\"}]}<\/script>\n<!-- \/ Yoast SEO plugin. -->","yoast_head_json":{"title":"Nueva edici\u00f3n de \u201cHacia el indio y su mundo\u201d fue presentada en la 19.\u00aa Filven Yaracuy","robots":{"index":"index","follow":"follow","max-snippet":"max-snippet:-1","max-image-preview":"max-image-preview:large","max-video-preview":"max-video-preview:-1"},"canonical":"https:\/\/cenal.gob.ve\/?p=23887","og_locale":"es_ES","og_type":"article","og_title":"Nueva edici\u00f3n de \u201cHacia el indio y su mundo\u201d fue presentada en la 19.\u00aa Filven Yaracuy","og_description":"La edici\u00f3n realizada en 2023 por El perro y la rana del libro Hacia el indio y su mundo, del investigador yaracuyano Gilberto Antol\u00ednez, publicada originalmente en 1946, fue presentada [&hellip;]","og_url":"https:\/\/cenal.gob.ve\/?p=23887","og_site_name":"Cenal","article_published_time":"2024-03-25T18:08:44+00:00","article_modified_time":"2024-03-25T18:09:03+00:00","og_image":[{"width":1024,"height":682,"url":"https:\/\/i0.wp.com\/cenal.gob.ve\/wp-content\/uploads\/2024\/03\/1711159540450-1-1024x682-1.jpg?fit=1024%2C682&ssl=1","type":"image\/jpeg"}],"author":"Prensa Cenal","twitter_card":"summary_large_image","twitter_misc":{"Written by":"Prensa Cenal","Est. reading time":"3 minutos"},"schema":{"@context":"https:\/\/schema.org","@graph":[{"@type":"Article","@id":"https:\/\/cenal.gob.ve\/?p=23887#article","isPartOf":{"@id":"https:\/\/cenal.gob.ve\/?p=23887"},"author":{"name":"Prensa Cenal","@id":"https:\/\/cenal.gob.ve\/#\/schema\/person\/e3ed34623f400ffab8bc7a63b2f5533f"},"headline":"Nueva edici\u00f3n de \u201cHacia el indio y su mundo\u201d fue presentada en la 19.\u00aa Filven Yaracuy","datePublished":"2024-03-25T18:08:44+00:00","dateModified":"2024-03-25T18:09:03+00:00","mainEntityOfPage":{"@id":"https:\/\/cenal.gob.ve\/?p=23887"},"wordCount":408,"commentCount":0,"publisher":{"@id":"https:\/\/cenal.gob.ve\/#organization"},"keywords":["FILVEN","Libros","Noticias"],"articleSection":["Filven"],"inLanguage":"es","potentialAction":[{"@type":"CommentAction","name":"Comment","target":["https:\/\/cenal.gob.ve\/?p=23887#respond"]}]},{"@type":"WebPage","@id":"https:\/\/cenal.gob.ve\/?p=23887","url":"https:\/\/cenal.gob.ve\/?p=23887","name":"Nueva edici\u00f3n de \u201cHacia el indio y su mundo\u201d fue presentada en la 19.\u00aa Filven Yaracuy","isPartOf":{"@id":"https:\/\/cenal.gob.ve\/#website"},"datePublished":"2024-03-25T18:08:44+00:00","dateModified":"2024-03-25T18:09:03+00:00","breadcrumb":{"@id":"https:\/\/cenal.gob.ve\/?p=23887#breadcrumb"},"inLanguage":"es","potentialAction":[{"@type":"ReadAction","target":["https:\/\/cenal.gob.ve\/?p=23887"]}]},{"@type":"BreadcrumbList","@id":"https:\/\/cenal.gob.ve\/?p=23887#breadcrumb","itemListElement":[{"@type":"ListItem","position":1,"name":"Home","item":"https:\/\/cenal.gob.ve\/"},{"@type":"ListItem","position":2,"name":"Nueva edici\u00f3n de \u201cHacia el indio y su mundo\u201d fue presentada en la 19.\u00aa Filven Yaracuy"}]},{"@type":"WebSite","@id":"https:\/\/cenal.gob.ve\/#website","url":"https:\/\/cenal.gob.ve\/","name":"Cenal","description":"","publisher":{"@id":"https:\/\/cenal.gob.ve\/#organization"},"potentialAction":[{"@type":"SearchAction","target":{"@type":"EntryPoint","urlTemplate":"https:\/\/cenal.gob.ve\/?s={search_term_string}"},"query-input":"required name=search_term_string"}],"inLanguage":"es"},{"@type":"Organization","@id":"https:\/\/cenal.gob.ve\/#organization","name":"CENAL","url":"https:\/\/cenal.gob.ve\/","sameAs":[],"logo":{"@type":"ImageObject","inLanguage":"es","@id":"https:\/\/cenal.gob.ve\/#\/schema\/logo\/image\/","url":"https:\/\/i0.wp.com\/cenal.gob.ve\/wp-content\/uploads\/2022\/10\/cropped-images.jpg?fit=512%2C512","contentUrl":"https:\/\/i0.wp.com\/cenal.gob.ve\/wp-content\/uploads\/2022\/10\/cropped-images.jpg?fit=512%2C512","width":512,"height":512,"caption":"CENAL"},"image":{"@id":"https:\/\/cenal.gob.ve\/#\/schema\/logo\/image\/"}},{"@type":"Person","@id":"https:\/\/cenal.gob.ve\/#\/schema\/person\/e3ed34623f400ffab8bc7a63b2f5533f","name":"Prensa Cenal","image":{"@type":"ImageObject","inLanguage":"es","@id":"https:\/\/cenal.gob.ve\/#\/schema\/person\/image\/","url":"https:\/\/secure.gravatar.com\/avatar\/594b4ed34090910c619ac3679001d491?s=96&d=mm&r=g","contentUrl":"https:\/\/secure.gravatar.com\/avatar\/594b4ed34090910c619ac3679001d491?s=96&d=mm&r=g","caption":"Prensa Cenal"},"url":"https:\/\/cenal.gob.ve\/?author=10"}]}},"jetpack_featured_media_url":"https:\/\/cenal.gob.ve\/wp-content\/uploads\/2024\/03\/1711159540450-1-1024x682-1.jpg","jetpack_publicize_connections":[],"jetpack_shortlink":"https:\/\/wp.me\/p5FMhp-6dh","_links":{"self":[{"href":"https:\/\/cenal.gob.ve\/index.php?rest_route=\/wp\/v2\/posts\/23887"}],"collection":[{"href":"https:\/\/cenal.gob.ve\/index.php?rest_route=\/wp\/v2\/posts"}],"about":[{"href":"https:\/\/cenal.gob.ve\/index.php?rest_route=\/wp\/v2\/types\/post"}],"author":[{"embeddable":true,"href":"https:\/\/cenal.gob.ve\/index.php?rest_route=\/wp\/v2\/users\/10"}],"replies":[{"embeddable":true,"href":"https:\/\/cenal.gob.ve\/index.php?rest_route=%2Fwp%2Fv2%2Fcomments&post=23887"}],"version-history":[{"count":1,"href":"https:\/\/cenal.gob.ve\/index.php?rest_route=\/wp\/v2\/posts\/23887\/revisions"}],"predecessor-version":[{"id":23889,"href":"https:\/\/cenal.gob.ve\/index.php?rest_route=\/wp\/v2\/posts\/23887\/revisions\/23889"}],"wp:featuredmedia":[{"embeddable":true,"href":"https:\/\/cenal.gob.ve\/index.php?rest_route=\/wp\/v2\/media\/23888"}],"wp:attachment":[{"href":"https:\/\/cenal.gob.ve\/index.php?rest_route=%2Fwp%2Fv2%2Fmedia&parent=23887"}],"wp:term":[{"taxonomy":"category","embeddable":true,"href":"https:\/\/cenal.gob.ve\/index.php?rest_route=%2Fwp%2Fv2%2Fcategories&post=23887"},{"taxonomy":"post_tag","embeddable":true,"href":"https:\/\/cenal.gob.ve\/index.php?rest_route=%2Fwp%2Fv2%2Ftags&post=23887"}],"curies":[{"name":"wp","href":"https:\/\/api.w.org\/{rel}","templated":true}]}}