{"id":23934,"date":"2024-04-10T12:18:11","date_gmt":"2024-04-10T16:18:11","guid":{"rendered":"http:\/\/cenal.gob.ve\/?p=23934"},"modified":"2024-04-10T12:18:22","modified_gmt":"2024-04-10T16:18:22","slug":"inaugurada-la-19-a-filven-merida","status":"publish","type":"post","link":"https:\/\/cenal.gob.ve\/?p=23934","title":{"rendered":"Inaugurada la 19.\u00aa Filven M\u00e9rida"},"content":{"rendered":"\n<p>Este viernes 5 de abril fue inaugurada la edici\u00f3n regional n\u00famero 19 de la Filven en el estado M\u00e9rida, en el Centro Cultural Tulio Febres Cordero de la ciudad de M\u00e9rida, capital del municipio Libertador de la entidad andina.<\/p>\n\n\n\n<figure class=\"wp-block-image\"><img src=\"https:\/\/filven.com\/wp-content\/uploads\/2024\/04\/IMG_20240405_182244_387-1024x683.jpg\" alt=\"\" class=\"wp-image-15908\"\/><\/figure>\n\n\n\n<p>El gobernador de M\u00e9rida, Jehyson Guzm\u00e1n, y el ministro del Poder Popular para la Cultura, Ernesto Villegas, encabezaron el acto de inauguraci\u00f3n en compa\u00f1\u00eda del viceministro de Fomento para la Econom\u00eda Cultural y presidente del Centro Nacional del Libro (Cenal), Ra\u00fal Cazal; la viceministra de Artes de la Imagen y Espacio, Mary Pemjean;&nbsp; el secretario de Educaci\u00f3n, Cultura y Deportes de M\u00e9rida, Rodolfo Vivas, y el director del Gabinete Estadal de Cultura, \u00d3scar Upegui.<\/p>\n\n\n\n<figure class=\"wp-block-image\"><img src=\"https:\/\/filven.com\/wp-content\/uploads\/2024\/04\/IMG_20240405_181846_759-1024x683.jpg\" alt=\"\" class=\"wp-image-15909\"\/><\/figure>\n\n\n\n<figure class=\"wp-block-image\"><img src=\"https:\/\/filven.com\/wp-content\/uploads\/2024\/04\/IMG_20240405_181741_289-1024x683.jpg\" alt=\"\" class=\"wp-image-15910\"\/><\/figure>\n\n\n\n<p>Estuvieron presentes los escritores regionales homenajeados Benito Mieses, Gladys Gordones y Elena Molina y los autores e invitados nacionales Luis Britto Garc\u00eda, Wafi Salih, Miguel Mendoza Barreto, Domingo Alberto Rangel Mantilla, adem\u00e1s de escritores, promotores de lectura y cultores locales, entre ellos Alberto Rodr\u00edguez Carucci, Gonzalo Fragui, Jos\u00e9 Gregorio Gonz\u00e1lez, Enrique Plata, Yuri Pati\u00f1o, Karelyn Buena\u00f1o, Ennio Tucci, Hermes Vargas, Miguel James, entre otros.<\/p>\n\n\n\n<p><strong>Ni una menos<\/strong>,&nbsp;<strong>vivas nos queremos<\/strong><\/p>\n\n\n\n<p>Durante la inauguraci\u00f3n se dedic\u00f3 un espacio a la memoria de Yulibeth Araque, trabajadora del Gabinete Estadal de Cultura de M\u00e9rida quien fue v\u00edctima de la violencia de g\u00e9nero y por la que en la 19.\u00aa Filven M\u00e9rida se alz\u00f3 el lema \u201cNi una menos, vivas nos queremos\u201d.<\/p>\n\n\n\n<p>Como parte de este homenaje a Araque se present\u00f3 la Orquesta Sinf\u00f3nica de M\u00e9rida y Milta Centeno interpret\u00f3 \u201cCanci\u00f3n sin miedo\u201d de la compositora y cantautora mexicana Vivir Quintana, cuya letra est\u00e1 inspirada en las v\u00edctimas del feminicidio.<\/p>\n\n\n\n<figure class=\"wp-block-image\"><img src=\"https:\/\/filven.com\/wp-content\/uploads\/2024\/04\/IMG_20240405_181838_501-1024x683.jpg\" alt=\"\" class=\"wp-image-15912\"\/><\/figure>\n\n\n\n<p>Frente a la p\u00e9rdida f\u00edsica de Araque, el ministro Ernesto Villegas record\u00f3 las palabras del poeta y comandante Argimiro Gabald\u00f3n: \u201d Somos la vida y la alegr\u00eda en tremenda lucha contra la tristeza y la muerte\u201d.<\/p>\n\n\n\n<figure class=\"wp-block-image\"><img src=\"https:\/\/filven.com\/wp-content\/uploads\/2024\/04\/IMG_20240405_181713_665-1024x683.jpg\" alt=\"\" class=\"wp-image-15911\"\/><\/figure>\n\n\n\n<p>Adem\u00e1s, cit\u00f3 palabras de su padre Cruz Villegas en uno de sus poemas en los que menciona que \u201cla vida es un instante entre la nada y la nada\u201d, para luego reflexionar en torno a c\u00f3mo un pu\u00f1ado de hombres y mujeres aprovechan ese instante para dejar una huella inolvidable con su creaci\u00f3n y legado, en referencia a Araque y de las miles de mujeres que como ella a lo largo de la Patria est\u00e1n trabajando por lo afirmativo venezolano.<\/p>\n\n\n\n<figure class=\"wp-block-image\"><img src=\"https:\/\/filven.com\/wp-content\/uploads\/2024\/04\/IMG_20240405_185352_729-1024x682.jpg\" alt=\"\" class=\"wp-image-15920\"\/><\/figure>\n\n\n\n<p>El alto funcionario record\u00f3 que en Venezuela existe una pol\u00edtica de la defensa del derecho de la mujer a una vida plena y libre de violencia. \u201cLas quiero trabajando y luchando en igualdad de condiciones con el hombre\u201d, apunt\u00f3.<\/p>\n\n\n\n<figure class=\"wp-block-image\"><img src=\"https:\/\/filven.com\/wp-content\/uploads\/2024\/04\/IMG_20240405_181808_614-1024x683.jpg\" alt=\"\" class=\"wp-image-15913\"\/><\/figure>\n\n\n\n<p>Asimismo, el titular de Cultura reflexion\u00f3 sobre la necesidad de apuntalar las pol\u00edticas p\u00fablicas para la promoci\u00f3n y formaci\u00f3n de escritoras.<\/p>\n\n\n\n<p>\u201cEs necesario que las pol\u00edticas p\u00fablicas en el campo de la promoci\u00f3n y formaci\u00f3n de escritoras se haga notar. Por eso vamos con una escuela de narradoras. Tenemos que ir hacia esa Teresa de la Parra del futuro\u201d, sentenci\u00f3 el ministro, a cargo del v\u00e9rtice Sistema de Comunicaci\u00f3n y Cultura de la Mujer de la Gran Misi\u00f3n Venezuela Mujer.<\/p>\n\n\n\n<p>Igualmente el viceministro de Cultura y presidente del Cenal, Ra\u00fal Cazal, lament\u00f3 el asesinato de Yulibeth Araque as\u00ed como el fallecimiento este 3 de abril del escritor barquisimetano Antonio Urdaneta, quien fuera el homenajeado en la 18.\u00aa Filven Lara celebrada en 2023.<\/p>\n\n\n\n<figure class=\"wp-block-image\"><img src=\"https:\/\/filven.com\/wp-content\/uploads\/2024\/04\/IMG_20240405_181826_751-1-1024x683.jpg\" alt=\"\" class=\"wp-image-15914\"\/><\/figure>\n\n\n\n<p>\u201cVenimos aqu\u00ed porque el libro tiene la vida contenida de mucha gente, la memoria. Venimos a la feria para celebrar tambi\u00e9n la vida\u201d, expres\u00f3.<\/p>\n\n\n\n<p>Agreg\u00f3 que la Filven semana a semana se traslada a cada estado del pa\u00eds. \u201cLa idea es alcanzar todas las regiones\u201d, afirm\u00f3.<\/p>\n\n\n\n<p><strong>Un grupo de 40 expositores&nbsp;<\/strong><\/p>\n\n\n\n<p>Con el lema Leer nos reencuentra, 40 expositores, entre editoriales, libreros, instituciones p\u00fablicas y artesanos, estar\u00e1n ofreciendo en la Filven M\u00e9rida, hasta este domingo 7 de abril, una amplia oferta editorial y muestras culturales de la regi\u00f3n para todo el p\u00fablico, incluyendo a ni\u00f1as y ni\u00f1os.<\/p>\n\n\n\n<figure class=\"wp-block-image\"><img src=\"https:\/\/filven.com\/wp-content\/uploads\/2024\/04\/IMG_20240405_181940_588-1024x683.jpg\" alt=\"\" class=\"wp-image-15915\"\/><\/figure>\n\n\n\n<p>Como es tradici\u00f3n, el pabell\u00f3n infantil de la Filven estar\u00e1 recibiendo a los peque\u00f1os con m\u00faltiples actividades para la mediaci\u00f3n de la lectura.<\/p>\n\n\n\n<p>Adicional a las presentaciones de libros, la programaci\u00f3n incluye charlas, conferencias, talleres y actividades art\u00edsticas.<\/p>\n\n\n\n<figure class=\"wp-block-image\"><img src=\"https:\/\/filven.com\/wp-content\/uploads\/2024\/04\/IMG_20240405_181903_541-1024x683.jpg\" alt=\"\" class=\"wp-image-15921\"\/><\/figure>\n\n\n\n<p>El gobernador Jehyson Guzm\u00e1n asegur\u00f3 que, tras quedar en el pasado la sombra de dirigentes pol\u00edticos que no atendieron la cultura, \u201cM\u00e9rida se est\u00e1 convirtiendo de nuevo en un peque\u00f1o centro de construcci\u00f3n de cultura\u201d.<\/p>\n\n\n\n<figure class=\"wp-block-image\"><img src=\"https:\/\/filven.com\/wp-content\/uploads\/2024\/04\/IMG_20240405_181856_594-1024x683.jpg\" alt=\"\" class=\"wp-image-15916\"\/><\/figure>\n\n\n\n<p>A\u00f1adi\u00f3 que precisamente en la Filven, con el trabajo articulado en esta oportunidad entre la Gobernaci\u00f3n de M\u00e9rida y el Mppc, se generan las armas necesarias para las batallas de las ideas con todos los creadores que participan. \u201cLa cultura es un derecho\u201d, sostuvo.<\/p>\n\n\n\n<figure class=\"wp-block-image\"><img src=\"https:\/\/filven.com\/wp-content\/uploads\/2024\/04\/IMG_20240405_182153_469-1024x683.jpg\" alt=\"\" class=\"wp-image-15917\"\/><\/figure>\n\n\n\n<p>A prop\u00f3sito de instalarse la Filven en el recuperado Centro Cultural Tulio Febres Cordero, Guzm\u00e1n se\u00f1al\u00f3 que este recinto ser\u00e1 el gran centro de encuentro con la cultura del Estado Bolivariano de M\u00e9rida.<\/p>\n\n\n\n<figure class=\"wp-block-image\"><img src=\"https:\/\/filven.com\/wp-content\/uploads\/2024\/04\/IMG_20240405_185127_799-1024x683.jpg\" alt=\"\"\/><\/figure>\n\n\n\n<p>\u201cEntendemos que la cultura, la historia y las tradiciones populares son una sola cosa: la construcci\u00f3n de una identidad\u201d, expuso.<\/p>\n\n\n\n<p><strong>Homenajeados<\/strong>&nbsp;<\/p>\n\n\n\n<p>La feria rinde homenaje en el \u00e1mbito regional a los escritores&nbsp; Benito Mieses, Gladys Gordones y Elena Molina y en el \u00e1mbito nacional a<\/p>\n\n\n\n<p>Carmen Delia Bencomo, Domingo Alberto Rangel Bourgoin y Armando Car\u00edas, siendo Bencomo (1923-2002) \u00edcono en el pa\u00eds en materia de literatura infantil y Rangel (1923-2012) uno de los referentes en las letras sobre la historia pol\u00edtica de Venezuela, dos autores centenarios orgullos de M\u00e9rida.<\/p>\n\n\n\n<p>Como parte de las actividades del primer d\u00eda de la 19.\u00aa Filven M\u00e9rida, el homenajeado Benito Mieses, quien es poeta, traductor y promotor cultural, coordinador nacional de formaci\u00f3n de la Casa Nacional de las Letras Andr\u00e9s Bello y coordinador en M\u00e9rida del piloto de la Escuela de Formaci\u00f3n y Creaci\u00f3n Literaria V\u00edctor Valera Mora, present\u00f3 su libro Nombrar el paisaje (El perro y la rana). Tambi\u00e9n estar\u00e1 presentando en la feria Ca\u00edda y ascensi\u00f3n (Ediciones Madriguera).<\/p>\n\n\n\n<p>Gladys Gordones, antrop\u00f3loga y docente con investigaciones centradas en el reconocimiento de los grupos \u00e9tnicos del pa\u00eds, present\u00f3 su libro Gesti\u00f3n de los recursos vegetales (Ediciones Madriguera).<\/p>\n\n\n\n<p>Elena Molina, poeta, escritora, pintora, escultora y declamadora, ganadora del Premio Municipal de Literatura Infantil Menci\u00f3n Carmen Delia Bencomo, por su obra Conticontando (2006), present\u00f3 de su autor\u00eda Juan Micael (El perro y la rana).<\/p>\n\n\n\n<p><strong>Invitados nacionales<\/strong><\/p>\n\n\n\n<p>A este encuentro con las letras asisten la escritora trujillana Wafi Salih, reconocida por su extensa exploraci\u00f3n del g\u00e9nero haiku, autora de Las im\u00e1genes de la ausente (Monte \u00c1vila Editores), libro que se presentar\u00e1 este s\u00e1bado 6&nbsp; a la 1:30 p.m., y el escritor monaguense Miguel Mendoza Barreto, docente universitario, locutor, jefe de la Oficina del Historiador de Matur\u00edn, ganador del Premio Nacional de Poes\u00eda \u201cStefania Mosca\u201d por Desde el arrecife de Chunosuke Matsuyama, quien trae a la Filven el conversatorio \u201cCuando una ciudad son sus estatuas\u201d.<\/p>\n\n\n\n<figure class=\"wp-block-image\"><img src=\"https:\/\/filven.com\/wp-content\/uploads\/2024\/04\/IMG_20240405_185457_408-1024x682.jpg\" alt=\"\" class=\"wp-image-15918\"\/><\/figure>\n\n\n\n<p>Salih y Mendoza Barreto incluyeron en la programaci\u00f3n de este 5 de abril el conversatorio Arqueolog\u00eda del amor.<\/p>\n\n\n\n<p><strong>Los andinos en el poder&nbsp;<\/strong><\/p>\n\n\n\n<p>Tambi\u00e9n asiste la directora de Vadell Hermanos, Valentina Vadell, para presentar novedades de esta casa editora, una de las m\u00e1s influyentes en el pa\u00eds, por sus 50 a\u00f1os, entre ellas El ayer que hizo al mundo de hoy y Los andinos en el poder del escritor nacional homenajeado Domingo Alberto Rangel. El hijo de este autor, Domingo Alberto Rangel Mantilla, y Luis Britto Garc\u00eda arribaron a M\u00e9rida para unirse a la presentaci\u00f3n de estos libros, la cual se&nbsp; efectuar\u00e1 este s\u00e1bado 6 a las 11:00 a.m.<\/p>\n\n\n\n<figure class=\"wp-block-image\"><img src=\"https:\/\/filven.com\/wp-content\/uploads\/2024\/04\/IMG_20240405_185135_724-1024x683.jpg\" alt=\"\" class=\"wp-image-15919\"\/><\/figure>\n\n\n\n<p>Otros libros que se presentar\u00e1n son El tiempo de la estrella: obras selectas, de Carmen Delia Bencomo; Noticias de juguete, de Armando Car\u00edas; Discursos al pie del hemiciclo (1999 al 2004), de Tarek William Saab; Animalia y otros seres de Wilfredo Machado; Los restos del Cholo Facundo, de Nelson Ch\u00e1vez; L\u00e1zara, de Karelyn Buena\u00f1o; El laberinto ensimismado de Franz Kafka, de Gabriel Jim\u00e9nez Em\u00e1n; Teatro Escolar, del Fondo Editorial Carmen Delia Bencomo.<\/p>\n\n\n\n<p>Asimismo, Ch\u00e1vez, mi primera vida (Coedici\u00f3n Vadell Hermanos Editores-Instituto de Altos Estudios Hugo Ch\u00e1vez); La poes\u00eda no me alcanza, de Rod Medina; Ruta de fe, de Yurimia Bosc\u00e1n; Diplomacia Bolivariana de Paz, de \u00d3scar Upegui; Fuentes para el estudio de la Batalla de Carabobo, de Tulio Febres Cordero, y Centenario de la novela Memorias de un muchacho, de Tulio Febres Cordero.<\/p>\n\n\n\n<p>Se adicionan a la lista Amor, sexo y pecado en M\u00e9rida colonial, de Luis Alberto Ram\u00edrez; Papeles de ocio, de Julio Valderrey; El imaginario petrolero y otros ensayos, de C\u00f3simo Mandrillo; Resistencia comunal frente al bloqueo imperialista: Voces de la Comuna Che Guevara; Resistencia campesina frente al bloqueo imperialista: Voces de Proinpa, de Chris Gilbert y Cira Pascual Marquina; Nadie dice nada. Nueve relatos para no repetir, de Elsa Esperanza Gualdr\u00f3n; El crimin\u00f3logo, de Oscar Gueller, entre otros t\u00edtulos.<\/p>\n\n\n\n<p>La Filven M\u00e9rida es un evento organizado por el Ministerio del Poder Popular para la Cultura, a trav\u00e9s del Centro Nacional del Libro (Cenal) y el Gabinete Estadal de Cultura, junto al Gobierno del estado Bolivariano de M\u00e9rida.<\/p>\n\n\n\n<figure class=\"wp-block-image\"><img src=\"https:\/\/filven.com\/wp-content\/uploads\/2024\/04\/IMG_20240405_185446_245-1024x682.jpg\" alt=\"\"\/><\/figure>\n\n\n\n<figure class=\"wp-block-image\"><img src=\"https:\/\/filven.com\/wp-content\/uploads\/2024\/04\/IMG_20240405_185505_667-1024x682.jpg\" alt=\"\"\/><\/figure>\n\n\n\n<figure class=\"wp-block-image\"><img src=\"https:\/\/filven.com\/wp-content\/uploads\/2024\/04\/IMG_20240405_185214_978-1024x683.jpg\" alt=\"\" class=\"wp-image-15925\"\/><\/figure>\n\n\n\n<figure class=\"wp-block-image\"><img src=\"https:\/\/filven.com\/wp-content\/uploads\/2024\/04\/IMG_20240405_182010_561-1-1024x683.jpg\" alt=\"\" class=\"wp-image-15926\"\/><\/figure>\n\n\n\n<figure class=\"wp-block-image\"><img src=\"https:\/\/filven.com\/wp-content\/uploads\/2024\/04\/IMG_20240405_181751_918-1024x683.jpg\" alt=\"\" class=\"wp-image-15927\"\/><\/figure>\n\n\n\n<figure class=\"wp-block-image\"><img src=\"https:\/\/filven.com\/wp-content\/uploads\/2024\/04\/IMG_20240405_181932_822-1024x683.jpg\" alt=\"\" class=\"wp-image-15928\"\/><\/figure>\n\n\n\n<figure class=\"wp-block-image\"><img src=\"https:\/\/filven.com\/wp-content\/uploads\/2024\/04\/IMG_20240405_181948_121-1-1024x683.jpg\" alt=\"\" class=\"wp-image-15929\"\/><\/figure>\n","protected":false},"excerpt":{"rendered":"<p>Este viernes 5 de abril fue inaugurada la edici\u00f3n regional n\u00famero 19 de la Filven en el estado M\u00e9rida, en el Centro Cultural Tulio Febres Cordero de la ciudad de [&hellip;]<\/p>\n","protected":false},"author":10,"featured_media":23935,"comment_status":"open","ping_status":"closed","sticky":false,"template":"","format":"standard","meta":{"spay_email":"","jetpack_publicize_message":"","jetpack_is_tweetstorm":false,"jetpack_publicize_feature_enabled":true},"categories":[12],"tags":[79,81,9],"yoast_head":"<!-- This site is optimized with the Yoast SEO plugin v19.8 - https:\/\/yoast.com\/wordpress\/plugins\/seo\/ -->\n<title>Inaugurada la 19.\u00aa Filven M\u00e9rida<\/title>\n<meta name=\"robots\" content=\"index, follow, max-snippet:-1, max-image-preview:large, max-video-preview:-1\" \/>\n<link rel=\"canonical\" href=\"https:\/\/cenal.gob.ve\/?p=23934\" \/>\n<meta property=\"og:locale\" content=\"es_ES\" \/>\n<meta property=\"og:type\" content=\"article\" \/>\n<meta property=\"og:title\" content=\"Inaugurada la 19.\u00aa Filven M\u00e9rida\" \/>\n<meta property=\"og:description\" content=\"Este viernes 5 de abril fue inaugurada la edici\u00f3n regional n\u00famero 19 de la Filven en el estado M\u00e9rida, en el Centro Cultural Tulio Febres Cordero de la ciudad de [&hellip;]\" \/>\n<meta property=\"og:url\" content=\"https:\/\/cenal.gob.ve\/?p=23934\" \/>\n<meta property=\"og:site_name\" content=\"Cenal\" \/>\n<meta property=\"article:published_time\" content=\"2024-04-10T16:18:11+00:00\" \/>\n<meta property=\"article:modified_time\" content=\"2024-04-10T16:18:22+00:00\" \/>\n<meta property=\"og:image\" content=\"https:\/\/i0.wp.com\/cenal.gob.ve\/wp-content\/uploads\/2024\/04\/merida.jpg?fit=1024%2C682&ssl=1\" \/>\n\t<meta property=\"og:image:width\" content=\"1024\" \/>\n\t<meta property=\"og:image:height\" content=\"682\" \/>\n\t<meta property=\"og:image:type\" content=\"image\/jpeg\" \/>\n<meta name=\"author\" content=\"Prensa Cenal\" \/>\n<meta name=\"twitter:card\" content=\"summary_large_image\" \/>\n<meta name=\"twitter:label1\" content=\"Written by\" \/>\n\t<meta name=\"twitter:data1\" content=\"Prensa Cenal\" \/>\n\t<meta name=\"twitter:label2\" content=\"Est. reading time\" \/>\n\t<meta name=\"twitter:data2\" content=\"12 minutos\" \/>\n<script type=\"application\/ld+json\" class=\"yoast-schema-graph\">{\"@context\":\"https:\/\/schema.org\",\"@graph\":[{\"@type\":\"Article\",\"@id\":\"https:\/\/cenal.gob.ve\/?p=23934#article\",\"isPartOf\":{\"@id\":\"https:\/\/cenal.gob.ve\/?p=23934\"},\"author\":{\"name\":\"Prensa Cenal\",\"@id\":\"https:\/\/cenal.gob.ve\/#\/schema\/person\/e3ed34623f400ffab8bc7a63b2f5533f\"},\"headline\":\"Inaugurada la 19.\u00aa Filven M\u00e9rida\",\"datePublished\":\"2024-04-10T16:18:11+00:00\",\"dateModified\":\"2024-04-10T16:18:22+00:00\",\"mainEntityOfPage\":{\"@id\":\"https:\/\/cenal.gob.ve\/?p=23934\"},\"wordCount\":1598,\"commentCount\":0,\"publisher\":{\"@id\":\"https:\/\/cenal.gob.ve\/#organization\"},\"keywords\":[\"FILVEN\",\"Libros\",\"Noticias\"],\"articleSection\":[\"Filven\"],\"inLanguage\":\"es\",\"potentialAction\":[{\"@type\":\"CommentAction\",\"name\":\"Comment\",\"target\":[\"https:\/\/cenal.gob.ve\/?p=23934#respond\"]}]},{\"@type\":\"WebPage\",\"@id\":\"https:\/\/cenal.gob.ve\/?p=23934\",\"url\":\"https:\/\/cenal.gob.ve\/?p=23934\",\"name\":\"Inaugurada la 19.\u00aa Filven M\u00e9rida\",\"isPartOf\":{\"@id\":\"https:\/\/cenal.gob.ve\/#website\"},\"datePublished\":\"2024-04-10T16:18:11+00:00\",\"dateModified\":\"2024-04-10T16:18:22+00:00\",\"breadcrumb\":{\"@id\":\"https:\/\/cenal.gob.ve\/?p=23934#breadcrumb\"},\"inLanguage\":\"es\",\"potentialAction\":[{\"@type\":\"ReadAction\",\"target\":[\"https:\/\/cenal.gob.ve\/?p=23934\"]}]},{\"@type\":\"BreadcrumbList\",\"@id\":\"https:\/\/cenal.gob.ve\/?p=23934#breadcrumb\",\"itemListElement\":[{\"@type\":\"ListItem\",\"position\":1,\"name\":\"Home\",\"item\":\"https:\/\/cenal.gob.ve\/\"},{\"@type\":\"ListItem\",\"position\":2,\"name\":\"Inaugurada la 19.\u00aa Filven M\u00e9rida\"}]},{\"@type\":\"WebSite\",\"@id\":\"https:\/\/cenal.gob.ve\/#website\",\"url\":\"https:\/\/cenal.gob.ve\/\",\"name\":\"Cenal\",\"description\":\"\",\"publisher\":{\"@id\":\"https:\/\/cenal.gob.ve\/#organization\"},\"potentialAction\":[{\"@type\":\"SearchAction\",\"target\":{\"@type\":\"EntryPoint\",\"urlTemplate\":\"https:\/\/cenal.gob.ve\/?s={search_term_string}\"},\"query-input\":\"required name=search_term_string\"}],\"inLanguage\":\"es\"},{\"@type\":\"Organization\",\"@id\":\"https:\/\/cenal.gob.ve\/#organization\",\"name\":\"CENAL\",\"url\":\"https:\/\/cenal.gob.ve\/\",\"sameAs\":[],\"logo\":{\"@type\":\"ImageObject\",\"inLanguage\":\"es\",\"@id\":\"https:\/\/cenal.gob.ve\/#\/schema\/logo\/image\/\",\"url\":\"https:\/\/i0.wp.com\/cenal.gob.ve\/wp-content\/uploads\/2022\/10\/cropped-images.jpg?fit=512%2C512\",\"contentUrl\":\"https:\/\/i0.wp.com\/cenal.gob.ve\/wp-content\/uploads\/2022\/10\/cropped-images.jpg?fit=512%2C512\",\"width\":512,\"height\":512,\"caption\":\"CENAL\"},\"image\":{\"@id\":\"https:\/\/cenal.gob.ve\/#\/schema\/logo\/image\/\"}},{\"@type\":\"Person\",\"@id\":\"https:\/\/cenal.gob.ve\/#\/schema\/person\/e3ed34623f400ffab8bc7a63b2f5533f\",\"name\":\"Prensa Cenal\",\"image\":{\"@type\":\"ImageObject\",\"inLanguage\":\"es\",\"@id\":\"https:\/\/cenal.gob.ve\/#\/schema\/person\/image\/\",\"url\":\"https:\/\/secure.gravatar.com\/avatar\/594b4ed34090910c619ac3679001d491?s=96&d=mm&r=g\",\"contentUrl\":\"https:\/\/secure.gravatar.com\/avatar\/594b4ed34090910c619ac3679001d491?s=96&d=mm&r=g\",\"caption\":\"Prensa Cenal\"},\"url\":\"https:\/\/cenal.gob.ve\/?author=10\"}]}<\/script>\n<!-- \/ Yoast SEO plugin. -->","yoast_head_json":{"title":"Inaugurada la 19.\u00aa Filven M\u00e9rida","robots":{"index":"index","follow":"follow","max-snippet":"max-snippet:-1","max-image-preview":"max-image-preview:large","max-video-preview":"max-video-preview:-1"},"canonical":"https:\/\/cenal.gob.ve\/?p=23934","og_locale":"es_ES","og_type":"article","og_title":"Inaugurada la 19.\u00aa Filven M\u00e9rida","og_description":"Este viernes 5 de abril fue inaugurada la edici\u00f3n regional n\u00famero 19 de la Filven en el estado M\u00e9rida, en el Centro Cultural Tulio Febres Cordero de la ciudad de [&hellip;]","og_url":"https:\/\/cenal.gob.ve\/?p=23934","og_site_name":"Cenal","article_published_time":"2024-04-10T16:18:11+00:00","article_modified_time":"2024-04-10T16:18:22+00:00","og_image":[{"width":1024,"height":682,"url":"https:\/\/i0.wp.com\/cenal.gob.ve\/wp-content\/uploads\/2024\/04\/merida.jpg?fit=1024%2C682&ssl=1","type":"image\/jpeg"}],"author":"Prensa Cenal","twitter_card":"summary_large_image","twitter_misc":{"Written by":"Prensa Cenal","Est. reading time":"12 minutos"},"schema":{"@context":"https:\/\/schema.org","@graph":[{"@type":"Article","@id":"https:\/\/cenal.gob.ve\/?p=23934#article","isPartOf":{"@id":"https:\/\/cenal.gob.ve\/?p=23934"},"author":{"name":"Prensa Cenal","@id":"https:\/\/cenal.gob.ve\/#\/schema\/person\/e3ed34623f400ffab8bc7a63b2f5533f"},"headline":"Inaugurada la 19.\u00aa Filven M\u00e9rida","datePublished":"2024-04-10T16:18:11+00:00","dateModified":"2024-04-10T16:18:22+00:00","mainEntityOfPage":{"@id":"https:\/\/cenal.gob.ve\/?p=23934"},"wordCount":1598,"commentCount":0,"publisher":{"@id":"https:\/\/cenal.gob.ve\/#organization"},"keywords":["FILVEN","Libros","Noticias"],"articleSection":["Filven"],"inLanguage":"es","potentialAction":[{"@type":"CommentAction","name":"Comment","target":["https:\/\/cenal.gob.ve\/?p=23934#respond"]}]},{"@type":"WebPage","@id":"https:\/\/cenal.gob.ve\/?p=23934","url":"https:\/\/cenal.gob.ve\/?p=23934","name":"Inaugurada la 19.\u00aa Filven M\u00e9rida","isPartOf":{"@id":"https:\/\/cenal.gob.ve\/#website"},"datePublished":"2024-04-10T16:18:11+00:00","dateModified":"2024-04-10T16:18:22+00:00","breadcrumb":{"@id":"https:\/\/cenal.gob.ve\/?p=23934#breadcrumb"},"inLanguage":"es","potentialAction":[{"@type":"ReadAction","target":["https:\/\/cenal.gob.ve\/?p=23934"]}]},{"@type":"BreadcrumbList","@id":"https:\/\/cenal.gob.ve\/?p=23934#breadcrumb","itemListElement":[{"@type":"ListItem","position":1,"name":"Home","item":"https:\/\/cenal.gob.ve\/"},{"@type":"ListItem","position":2,"name":"Inaugurada la 19.\u00aa Filven M\u00e9rida"}]},{"@type":"WebSite","@id":"https:\/\/cenal.gob.ve\/#website","url":"https:\/\/cenal.gob.ve\/","name":"Cenal","description":"","publisher":{"@id":"https:\/\/cenal.gob.ve\/#organization"},"potentialAction":[{"@type":"SearchAction","target":{"@type":"EntryPoint","urlTemplate":"https:\/\/cenal.gob.ve\/?s={search_term_string}"},"query-input":"required name=search_term_string"}],"inLanguage":"es"},{"@type":"Organization","@id":"https:\/\/cenal.gob.ve\/#organization","name":"CENAL","url":"https:\/\/cenal.gob.ve\/","sameAs":[],"logo":{"@type":"ImageObject","inLanguage":"es","@id":"https:\/\/cenal.gob.ve\/#\/schema\/logo\/image\/","url":"https:\/\/i0.wp.com\/cenal.gob.ve\/wp-content\/uploads\/2022\/10\/cropped-images.jpg?fit=512%2C512","contentUrl":"https:\/\/i0.wp.com\/cenal.gob.ve\/wp-content\/uploads\/2022\/10\/cropped-images.jpg?fit=512%2C512","width":512,"height":512,"caption":"CENAL"},"image":{"@id":"https:\/\/cenal.gob.ve\/#\/schema\/logo\/image\/"}},{"@type":"Person","@id":"https:\/\/cenal.gob.ve\/#\/schema\/person\/e3ed34623f400ffab8bc7a63b2f5533f","name":"Prensa Cenal","image":{"@type":"ImageObject","inLanguage":"es","@id":"https:\/\/cenal.gob.ve\/#\/schema\/person\/image\/","url":"https:\/\/secure.gravatar.com\/avatar\/594b4ed34090910c619ac3679001d491?s=96&d=mm&r=g","contentUrl":"https:\/\/secure.gravatar.com\/avatar\/594b4ed34090910c619ac3679001d491?s=96&d=mm&r=g","caption":"Prensa Cenal"},"url":"https:\/\/cenal.gob.ve\/?author=10"}]}},"jetpack_featured_media_url":"https:\/\/cenal.gob.ve\/wp-content\/uploads\/2024\/04\/merida.jpg","jetpack_publicize_connections":[],"jetpack_shortlink":"https:\/\/wp.me\/p5FMhp-6e2","_links":{"self":[{"href":"https:\/\/cenal.gob.ve\/index.php?rest_route=\/wp\/v2\/posts\/23934"}],"collection":[{"href":"https:\/\/cenal.gob.ve\/index.php?rest_route=\/wp\/v2\/posts"}],"about":[{"href":"https:\/\/cenal.gob.ve\/index.php?rest_route=\/wp\/v2\/types\/post"}],"author":[{"embeddable":true,"href":"https:\/\/cenal.gob.ve\/index.php?rest_route=\/wp\/v2\/users\/10"}],"replies":[{"embeddable":true,"href":"https:\/\/cenal.gob.ve\/index.php?rest_route=%2Fwp%2Fv2%2Fcomments&post=23934"}],"version-history":[{"count":1,"href":"https:\/\/cenal.gob.ve\/index.php?rest_route=\/wp\/v2\/posts\/23934\/revisions"}],"predecessor-version":[{"id":23936,"href":"https:\/\/cenal.gob.ve\/index.php?rest_route=\/wp\/v2\/posts\/23934\/revisions\/23936"}],"wp:featuredmedia":[{"embeddable":true,"href":"https:\/\/cenal.gob.ve\/index.php?rest_route=\/wp\/v2\/media\/23935"}],"wp:attachment":[{"href":"https:\/\/cenal.gob.ve\/index.php?rest_route=%2Fwp%2Fv2%2Fmedia&parent=23934"}],"wp:term":[{"taxonomy":"category","embeddable":true,"href":"https:\/\/cenal.gob.ve\/index.php?rest_route=%2Fwp%2Fv2%2Fcategories&post=23934"},{"taxonomy":"post_tag","embeddable":true,"href":"https:\/\/cenal.gob.ve\/index.php?rest_route=%2Fwp%2Fv2%2Ftags&post=23934"}],"curies":[{"name":"wp","href":"https:\/\/api.w.org\/{rel}","templated":true}]}}