{"id":23946,"date":"2024-04-18T10:57:30","date_gmt":"2024-04-18T14:57:30","guid":{"rendered":"http:\/\/cenal.gob.ve\/?p=23946"},"modified":"2024-04-18T11:18:31","modified_gmt":"2024-04-18T15:18:31","slug":"novedades-editoriales-de-venezuela-llegan-a-la-filbo-2024","status":"publish","type":"post","link":"https:\/\/cenal.gob.ve\/?p=23946","title":{"rendered":"Novedades editoriales de Venezuela llegan a la FilBo 2024"},"content":{"rendered":"\n<p>La edici\u00f3n n\u00famero 36 de la Feria Internacional del Libro de Bogot\u00e1 (FilBo 2024) inici\u00f3 este 17 de abril y la Rep\u00fablica Bolivariana de Venezuela participa con una importante muestra de su producci\u00f3n editorial y de las m\u00faltiples perspectivas en literatura que viene desarrollando.<\/p>\n\n\n\n<p>En este evento, organizado por la C\u00e1mara Colombiana del Libro y Corferias, el pa\u00eds ofrece en su stand m\u00e1s de 160 t\u00edtulos de diferentes g\u00e9neros con m\u00e1s de mil ejemplares, publicados por diferentes editoriales nacionales p\u00fablicas, privadas e independientes.<\/p>\n\n\n\n<p>Lectores colombianos pueden encontrar novedades literarias de El perro y la rana, Monte y Biblioteca Ayacucho, editoriales adscritas al Ministerio del Poder Popular para la Cultura de Venezuela, as\u00ed como textos de Fundarte, Amalivaca, Vadell Hermanos, Trinchera, Acirema y Garzamora.<\/p>\n\n\n\n<p><strong>Autores venezolanos presentes<\/strong><\/p>\n\n\n\n<p>Asimismo, asiste a este gran evento cultural de la naci\u00f3n hermana una delegaci\u00f3n de destacados autores venezolanos.<\/p>\n\n\n\n<p>Encabeza la delegaci\u00f3n Ernesto Villegas Poljak, quien es escritor, periodista y actual ministro del Poder Popular para la Cultura, autor de Maja M\u00eda (2024), libro que presenta este 18 de abril en la FilBo.<\/p>\n\n\n\n<p>Acompa\u00f1an a Villegas Poljak el escritor, periodista y editor Ra\u00fal Cazal, viceministro de Fomento para la Econom\u00eda Cultural y presidente del Centro Nacional del Libro de Venezuela y de la Fundaci\u00f3n Editorial El perro y la rana; Yris Villamizar, poeta, promotora cultural y facilitadora de talleres de mediaci\u00f3n lectora, coordinadora de Planificaci\u00f3n del Libro y la Lectura del Centro Nacional del Libro de Venezuela, y Elis Labrador, magister en literatura venezolana, facilitador de talleres sobre coordinaci\u00f3n editorial, actualmente director ejecutivo de la Fundaci\u00f3n Editorial El perro y la rana.<\/p>\n\n\n\n<p>Se unen la Premio Nacional de Literatura Laura Antillano, escritora de novelas, cuentos, ensayos, entrevistas, cr\u00f3nicas y poes\u00eda; Carmen Boh\u00f3rquez, escritora, fil\u00f3sofa e historiadora, considerada la autora con m\u00e1s autoridad en lo concerniente a Francisco de Miranda; Armando Jos\u00e9 Sequera, escritor, periodista y productor audiovisual con veinticuatro menciones en diversos concursos de narrativa, divulgaci\u00f3n cient\u00edfica y fotograf\u00eda.<\/p>\n\n\n\n<p>La lista crece con la participaci\u00f3n de Enrique Hern\u00e1ndez D\u00b4Jes\u00fas, escritor, poeta, fot\u00f3grafo y editor, acreedor de diversos premios de literatura y fotograf\u00eda; C\u00f3simo Mandrillo, escritor, investigador y docente, Doctor en Literatura Hispanoamericana, y Crist\u00f3bal Jim\u00e9nez, escritor, diputado y adem\u00e1s uno de los artistas m\u00e1s destacados de la m\u00fasica llanera en Venezuela, actual presidente de la Comisi\u00f3n Permanente de Cultura y Recreaci\u00f3n de la Asamblea Nacional.<\/p>\n\n\n\n<p>Tambi\u00e9n estar\u00e1n compartiendo con visitantes de la FilBo los autores Leonel P\u00e9rez, Aminta Bele\u00f1o G\u00f3mez y Kris Gonz\u00e1lez, as\u00ed como Jeycelith Jim\u00e9nez, presidenta de la Fundaci\u00f3n para la Cultura y las Artes de la Alcald\u00eda de Caracas (Fundarte), y Jes\u00fas M\u00e9ndez, presidente de la Fundaci\u00f3n Nacional de Educaci\u00f3n Ambiental (Fundambiente), adscrita al Ministerio del Poder Popular para el Ecosocialismo, quienes conversar\u00e1n en torno a publicaciones de estas instituciones venezolanas.<\/p>\n\n\n\n<p><strong>T\u00edtulos que se presentan<\/strong><\/p>\n\n\n\n<p>Entre los t\u00edtulos que se estar\u00e1n presentando por Venezuela est\u00e1n Leer a la orilla del cielo, de Laura Antillano; La vida fant\u00e1stica y real de Francisco de Miranda, de Carmen Boh\u00f3rquez; Chocolate y Granizo, de Armando Jos\u00e9 Sequera.<\/p>\n\n\n\n<p>Igualmente, Jorge Luis Borges. Utop\u00eda y realidad, de Stefania Mosca; El mar que me regalas, de Jorge Rodr\u00edguez G\u00f3mez; Mil maneras de decir Arauca, de Leonel P\u00e9rez; Tras las huella del gen maldito, de Aminta Bele\u00f1o; Digo adi\u00f3s a estos abismos, de Kris Gonz\u00e1lez; Antolog\u00eda: Los siglos venideros, de Ram\u00f3n Palomares, entre otros. <\/p>\n\n\n\n<p>La FilBo, que se mantiene como un trascendental espacio para el intercambio literario y la promoci\u00f3n de la lectura, tiene este a\u00f1o a Brasil como pa\u00eds invitado de honor y como lema Lee la naturaleza. Ofrece m\u00e1s de dos mil actividades con cerca de 500 invitados nacionales e internacionales provenientes de 25 pa\u00edses.<\/p>\n","protected":false},"excerpt":{"rendered":"<p>La edici\u00f3n n\u00famero 36 de la Feria Internacional del Libro de Bogot\u00e1 (FilBo 2024) inici\u00f3 este 17 de abril y la Rep\u00fablica Bolivariana de Venezuela participa con una importante muestra [&hellip;]<\/p>\n","protected":false},"author":10,"featured_media":23947,"comment_status":"open","ping_status":"closed","sticky":false,"template":"","format":"standard","meta":{"spay_email":"","jetpack_publicize_message":"","jetpack_is_tweetstorm":false,"jetpack_publicize_feature_enabled":true},"categories":[2],"tags":[81,9],"yoast_head":"<!-- This site is optimized with the Yoast SEO plugin v19.8 - https:\/\/yoast.com\/wordpress\/plugins\/seo\/ -->\n<title>Novedades editoriales de Venezuela llegan a la FilBo 2024<\/title>\n<meta name=\"robots\" content=\"index, follow, max-snippet:-1, max-image-preview:large, max-video-preview:-1\" \/>\n<link rel=\"canonical\" href=\"https:\/\/cenal.gob.ve\/?p=23946\" \/>\n<meta property=\"og:locale\" content=\"es_ES\" \/>\n<meta property=\"og:type\" content=\"article\" \/>\n<meta property=\"og:title\" content=\"Novedades editoriales de Venezuela llegan a la FilBo 2024\" \/>\n<meta property=\"og:description\" content=\"La edici\u00f3n n\u00famero 36 de la Feria Internacional del Libro de Bogot\u00e1 (FilBo 2024) inici\u00f3 este 17 de abril y la Rep\u00fablica Bolivariana de Venezuela participa con una importante muestra [&hellip;]\" \/>\n<meta property=\"og:url\" content=\"https:\/\/cenal.gob.ve\/?p=23946\" \/>\n<meta property=\"og:site_name\" content=\"Cenal\" \/>\n<meta property=\"article:published_time\" content=\"2024-04-18T14:57:30+00:00\" \/>\n<meta property=\"article:modified_time\" content=\"2024-04-18T15:18:31+00:00\" \/>\n<meta property=\"og:image\" content=\"https:\/\/i0.wp.com\/cenal.gob.ve\/wp-content\/uploads\/2024\/04\/IMG-20240418-WA0004.jpg?fit=1080%2C809&ssl=1\" \/>\n\t<meta property=\"og:image:width\" content=\"1080\" \/>\n\t<meta property=\"og:image:height\" content=\"809\" \/>\n\t<meta property=\"og:image:type\" content=\"image\/jpeg\" \/>\n<meta name=\"author\" content=\"Prensa Cenal\" \/>\n<meta name=\"twitter:card\" content=\"summary_large_image\" \/>\n<meta name=\"twitter:label1\" content=\"Written by\" \/>\n\t<meta name=\"twitter:data1\" content=\"Prensa Cenal\" \/>\n\t<meta name=\"twitter:label2\" content=\"Est. reading time\" \/>\n\t<meta name=\"twitter:data2\" content=\"3 minutos\" \/>\n<script type=\"application\/ld+json\" class=\"yoast-schema-graph\">{\"@context\":\"https:\/\/schema.org\",\"@graph\":[{\"@type\":\"Article\",\"@id\":\"https:\/\/cenal.gob.ve\/?p=23946#article\",\"isPartOf\":{\"@id\":\"https:\/\/cenal.gob.ve\/?p=23946\"},\"author\":{\"name\":\"Prensa Cenal\",\"@id\":\"https:\/\/cenal.gob.ve\/#\/schema\/person\/e3ed34623f400ffab8bc7a63b2f5533f\"},\"headline\":\"Novedades editoriales de Venezuela llegan a la FilBo 2024\",\"datePublished\":\"2024-04-18T14:57:30+00:00\",\"dateModified\":\"2024-04-18T15:18:31+00:00\",\"mainEntityOfPage\":{\"@id\":\"https:\/\/cenal.gob.ve\/?p=23946\"},\"wordCount\":686,\"commentCount\":1,\"publisher\":{\"@id\":\"https:\/\/cenal.gob.ve\/#organization\"},\"keywords\":[\"Libros\",\"Noticias\"],\"articleSection\":[\"Cenal\"],\"inLanguage\":\"es\",\"potentialAction\":[{\"@type\":\"CommentAction\",\"name\":\"Comment\",\"target\":[\"https:\/\/cenal.gob.ve\/?p=23946#respond\"]}]},{\"@type\":\"WebPage\",\"@id\":\"https:\/\/cenal.gob.ve\/?p=23946\",\"url\":\"https:\/\/cenal.gob.ve\/?p=23946\",\"name\":\"Novedades editoriales de Venezuela llegan a la FilBo 2024\",\"isPartOf\":{\"@id\":\"https:\/\/cenal.gob.ve\/#website\"},\"datePublished\":\"2024-04-18T14:57:30+00:00\",\"dateModified\":\"2024-04-18T15:18:31+00:00\",\"breadcrumb\":{\"@id\":\"https:\/\/cenal.gob.ve\/?p=23946#breadcrumb\"},\"inLanguage\":\"es\",\"potentialAction\":[{\"@type\":\"ReadAction\",\"target\":[\"https:\/\/cenal.gob.ve\/?p=23946\"]}]},{\"@type\":\"BreadcrumbList\",\"@id\":\"https:\/\/cenal.gob.ve\/?p=23946#breadcrumb\",\"itemListElement\":[{\"@type\":\"ListItem\",\"position\":1,\"name\":\"Home\",\"item\":\"https:\/\/cenal.gob.ve\/\"},{\"@type\":\"ListItem\",\"position\":2,\"name\":\"Novedades editoriales de Venezuela llegan a la FilBo 2024\"}]},{\"@type\":\"WebSite\",\"@id\":\"https:\/\/cenal.gob.ve\/#website\",\"url\":\"https:\/\/cenal.gob.ve\/\",\"name\":\"Cenal\",\"description\":\"\",\"publisher\":{\"@id\":\"https:\/\/cenal.gob.ve\/#organization\"},\"potentialAction\":[{\"@type\":\"SearchAction\",\"target\":{\"@type\":\"EntryPoint\",\"urlTemplate\":\"https:\/\/cenal.gob.ve\/?s={search_term_string}\"},\"query-input\":\"required name=search_term_string\"}],\"inLanguage\":\"es\"},{\"@type\":\"Organization\",\"@id\":\"https:\/\/cenal.gob.ve\/#organization\",\"name\":\"CENAL\",\"url\":\"https:\/\/cenal.gob.ve\/\",\"sameAs\":[],\"logo\":{\"@type\":\"ImageObject\",\"inLanguage\":\"es\",\"@id\":\"https:\/\/cenal.gob.ve\/#\/schema\/logo\/image\/\",\"url\":\"https:\/\/i0.wp.com\/cenal.gob.ve\/wp-content\/uploads\/2022\/10\/cropped-images.jpg?fit=512%2C512\",\"contentUrl\":\"https:\/\/i0.wp.com\/cenal.gob.ve\/wp-content\/uploads\/2022\/10\/cropped-images.jpg?fit=512%2C512\",\"width\":512,\"height\":512,\"caption\":\"CENAL\"},\"image\":{\"@id\":\"https:\/\/cenal.gob.ve\/#\/schema\/logo\/image\/\"}},{\"@type\":\"Person\",\"@id\":\"https:\/\/cenal.gob.ve\/#\/schema\/person\/e3ed34623f400ffab8bc7a63b2f5533f\",\"name\":\"Prensa Cenal\",\"image\":{\"@type\":\"ImageObject\",\"inLanguage\":\"es\",\"@id\":\"https:\/\/cenal.gob.ve\/#\/schema\/person\/image\/\",\"url\":\"https:\/\/secure.gravatar.com\/avatar\/594b4ed34090910c619ac3679001d491?s=96&d=mm&r=g\",\"contentUrl\":\"https:\/\/secure.gravatar.com\/avatar\/594b4ed34090910c619ac3679001d491?s=96&d=mm&r=g\",\"caption\":\"Prensa Cenal\"},\"url\":\"https:\/\/cenal.gob.ve\/?author=10\"}]}<\/script>\n<!-- \/ Yoast SEO plugin. -->","yoast_head_json":{"title":"Novedades editoriales de Venezuela llegan a la FilBo 2024","robots":{"index":"index","follow":"follow","max-snippet":"max-snippet:-1","max-image-preview":"max-image-preview:large","max-video-preview":"max-video-preview:-1"},"canonical":"https:\/\/cenal.gob.ve\/?p=23946","og_locale":"es_ES","og_type":"article","og_title":"Novedades editoriales de Venezuela llegan a la FilBo 2024","og_description":"La edici\u00f3n n\u00famero 36 de la Feria Internacional del Libro de Bogot\u00e1 (FilBo 2024) inici\u00f3 este 17 de abril y la Rep\u00fablica Bolivariana de Venezuela participa con una importante muestra [&hellip;]","og_url":"https:\/\/cenal.gob.ve\/?p=23946","og_site_name":"Cenal","article_published_time":"2024-04-18T14:57:30+00:00","article_modified_time":"2024-04-18T15:18:31+00:00","og_image":[{"width":1080,"height":809,"url":"https:\/\/i0.wp.com\/cenal.gob.ve\/wp-content\/uploads\/2024\/04\/IMG-20240418-WA0004.jpg?fit=1080%2C809&ssl=1","type":"image\/jpeg"}],"author":"Prensa Cenal","twitter_card":"summary_large_image","twitter_misc":{"Written by":"Prensa Cenal","Est. reading time":"3 minutos"},"schema":{"@context":"https:\/\/schema.org","@graph":[{"@type":"Article","@id":"https:\/\/cenal.gob.ve\/?p=23946#article","isPartOf":{"@id":"https:\/\/cenal.gob.ve\/?p=23946"},"author":{"name":"Prensa Cenal","@id":"https:\/\/cenal.gob.ve\/#\/schema\/person\/e3ed34623f400ffab8bc7a63b2f5533f"},"headline":"Novedades editoriales de Venezuela llegan a la FilBo 2024","datePublished":"2024-04-18T14:57:30+00:00","dateModified":"2024-04-18T15:18:31+00:00","mainEntityOfPage":{"@id":"https:\/\/cenal.gob.ve\/?p=23946"},"wordCount":686,"commentCount":1,"publisher":{"@id":"https:\/\/cenal.gob.ve\/#organization"},"keywords":["Libros","Noticias"],"articleSection":["Cenal"],"inLanguage":"es","potentialAction":[{"@type":"CommentAction","name":"Comment","target":["https:\/\/cenal.gob.ve\/?p=23946#respond"]}]},{"@type":"WebPage","@id":"https:\/\/cenal.gob.ve\/?p=23946","url":"https:\/\/cenal.gob.ve\/?p=23946","name":"Novedades editoriales de Venezuela llegan a la FilBo 2024","isPartOf":{"@id":"https:\/\/cenal.gob.ve\/#website"},"datePublished":"2024-04-18T14:57:30+00:00","dateModified":"2024-04-18T15:18:31+00:00","breadcrumb":{"@id":"https:\/\/cenal.gob.ve\/?p=23946#breadcrumb"},"inLanguage":"es","potentialAction":[{"@type":"ReadAction","target":["https:\/\/cenal.gob.ve\/?p=23946"]}]},{"@type":"BreadcrumbList","@id":"https:\/\/cenal.gob.ve\/?p=23946#breadcrumb","itemListElement":[{"@type":"ListItem","position":1,"name":"Home","item":"https:\/\/cenal.gob.ve\/"},{"@type":"ListItem","position":2,"name":"Novedades editoriales de Venezuela llegan a la FilBo 2024"}]},{"@type":"WebSite","@id":"https:\/\/cenal.gob.ve\/#website","url":"https:\/\/cenal.gob.ve\/","name":"Cenal","description":"","publisher":{"@id":"https:\/\/cenal.gob.ve\/#organization"},"potentialAction":[{"@type":"SearchAction","target":{"@type":"EntryPoint","urlTemplate":"https:\/\/cenal.gob.ve\/?s={search_term_string}"},"query-input":"required name=search_term_string"}],"inLanguage":"es"},{"@type":"Organization","@id":"https:\/\/cenal.gob.ve\/#organization","name":"CENAL","url":"https:\/\/cenal.gob.ve\/","sameAs":[],"logo":{"@type":"ImageObject","inLanguage":"es","@id":"https:\/\/cenal.gob.ve\/#\/schema\/logo\/image\/","url":"https:\/\/i0.wp.com\/cenal.gob.ve\/wp-content\/uploads\/2022\/10\/cropped-images.jpg?fit=512%2C512","contentUrl":"https:\/\/i0.wp.com\/cenal.gob.ve\/wp-content\/uploads\/2022\/10\/cropped-images.jpg?fit=512%2C512","width":512,"height":512,"caption":"CENAL"},"image":{"@id":"https:\/\/cenal.gob.ve\/#\/schema\/logo\/image\/"}},{"@type":"Person","@id":"https:\/\/cenal.gob.ve\/#\/schema\/person\/e3ed34623f400ffab8bc7a63b2f5533f","name":"Prensa Cenal","image":{"@type":"ImageObject","inLanguage":"es","@id":"https:\/\/cenal.gob.ve\/#\/schema\/person\/image\/","url":"https:\/\/secure.gravatar.com\/avatar\/594b4ed34090910c619ac3679001d491?s=96&d=mm&r=g","contentUrl":"https:\/\/secure.gravatar.com\/avatar\/594b4ed34090910c619ac3679001d491?s=96&d=mm&r=g","caption":"Prensa Cenal"},"url":"https:\/\/cenal.gob.ve\/?author=10"}]}},"jetpack_featured_media_url":"https:\/\/cenal.gob.ve\/wp-content\/uploads\/2024\/04\/IMG-20240418-WA0004.jpg","jetpack_publicize_connections":[],"jetpack_shortlink":"https:\/\/wp.me\/p5FMhp-6ee","_links":{"self":[{"href":"https:\/\/cenal.gob.ve\/index.php?rest_route=\/wp\/v2\/posts\/23946"}],"collection":[{"href":"https:\/\/cenal.gob.ve\/index.php?rest_route=\/wp\/v2\/posts"}],"about":[{"href":"https:\/\/cenal.gob.ve\/index.php?rest_route=\/wp\/v2\/types\/post"}],"author":[{"embeddable":true,"href":"https:\/\/cenal.gob.ve\/index.php?rest_route=\/wp\/v2\/users\/10"}],"replies":[{"embeddable":true,"href":"https:\/\/cenal.gob.ve\/index.php?rest_route=%2Fwp%2Fv2%2Fcomments&post=23946"}],"version-history":[{"count":2,"href":"https:\/\/cenal.gob.ve\/index.php?rest_route=\/wp\/v2\/posts\/23946\/revisions"}],"predecessor-version":[{"id":23949,"href":"https:\/\/cenal.gob.ve\/index.php?rest_route=\/wp\/v2\/posts\/23946\/revisions\/23949"}],"wp:featuredmedia":[{"embeddable":true,"href":"https:\/\/cenal.gob.ve\/index.php?rest_route=\/wp\/v2\/media\/23947"}],"wp:attachment":[{"href":"https:\/\/cenal.gob.ve\/index.php?rest_route=%2Fwp%2Fv2%2Fmedia&parent=23946"}],"wp:term":[{"taxonomy":"category","embeddable":true,"href":"https:\/\/cenal.gob.ve\/index.php?rest_route=%2Fwp%2Fv2%2Fcategories&post=23946"},{"taxonomy":"post_tag","embeddable":true,"href":"https:\/\/cenal.gob.ve\/index.php?rest_route=%2Fwp%2Fv2%2Ftags&post=23946"}],"curies":[{"name":"wp","href":"https:\/\/api.w.org\/{rel}","templated":true}]}}