{"id":24029,"date":"2024-04-21T12:00:20","date_gmt":"2024-04-21T16:00:20","guid":{"rendered":"http:\/\/cenal.gob.ve\/?p=24029"},"modified":"2024-04-21T15:02:20","modified_gmt":"2024-04-21T19:02:20","slug":"escritores-venezolanos-resaltaron-en-filbo-la-representacion-de-los-wayuu-en-la-literatura","status":"publish","type":"post","link":"https:\/\/cenal.gob.ve\/?p=24029","title":{"rendered":"Escritores venezolanos  abordaron en FilBo la representaci\u00f3n de los wayuu en obras literarias"},"content":{"rendered":"\n<p>Los escritores Laura Antillano y C\u00f3simo Mandrillo conversaron en el estand de Venezuela en la Feria Internacional del Libro de Bogot\u00e1 (FilBo 2024) sobre la representaci\u00f3n de los wayuu en la literatura, y especialmente en la infantil.<\/p>\n\n\n\n<p>Antillano es autora de &#8220;Diana en la tierra wayuu&#8221; y Mandrillo de &#8220;Conspiraci\u00f3n en el mercado&#8221;, t\u00edtulos que cuentan con ediciones de Monte \u00c1vila en los a\u00f1os 2022 y 2021, respectivamente, y en los que se hace menci\u00f3n a los wayuu, ind\u00edgenas que habitan en las zonas norte del estado Zulia de Venezuela y del departamento de La Guajira en Colombia.<\/p>\n\n\n\n<figure class=\"wp-block-gallery has-nested-images columns-default is-cropped\">\n<figure class=\"wp-block-image size-large\"><img width=\"1024\" height=\"682\" data-id=\"24031\"  src=\"http:\/\/cenal.gob.ve\/wp-content\/uploads\/2024\/04\/IMG_20240420_133803_901-1024x682.jpg\" alt=\"\" class=\"wp-image-24031\" srcset=\"https:\/\/cenal.gob.ve\/wp-content\/uploads\/2024\/04\/IMG_20240420_133803_901-1024x682.jpg 1024w, https:\/\/cenal.gob.ve\/wp-content\/uploads\/2024\/04\/IMG_20240420_133803_901-300x200.jpg 300w, https:\/\/cenal.gob.ve\/wp-content\/uploads\/2024\/04\/IMG_20240420_133803_901-768x512.jpg 768w, https:\/\/cenal.gob.ve\/wp-content\/uploads\/2024\/04\/IMG_20240420_133803_901-640x427.jpg 640w, https:\/\/cenal.gob.ve\/wp-content\/uploads\/2024\/04\/IMG_20240420_133803_901.jpg 1280w\" sizes=\"(max-width: 1024px) 100vw, 1024px\" \/><\/figure>\n<\/figure>\n\n\n\n<p>Antillano detall\u00f3 que su obra ya tiene m\u00e1s de 30 a\u00f1os escrita, publicada originalmente en 1992 por Alfaguara, y que gracias a su estancia en Maracaibo conoci\u00f3 la tierra wayuu, su cultura y la realidad de su vivencia.<\/p>\n\n\n\n<p>En ese sentido, en su novela relata las aventuras de Diana, una ni\u00f1a muy alta y con discapacidad visual, y un ni\u00f1o wayuu llamado Juy\u00e1, quienes forman una profunda amistad y deciden incursionar en el territorio de los wayuu para buscar un famoso tesoro que estar\u00eda supuestamente escondido ah\u00ed.<\/p>\n\n\n\n<p>Por su parte, Conspiraci\u00f3n en el mercado de<br>C\u00f3simo Mandrillo es una novela ubicada en el contexto de la vida de los wayuu en el tiempo contempor\u00e1neo.<\/p>\n\n\n\n<figure class=\"wp-block-gallery has-nested-images columns-default is-cropped\">\n<figure class=\"wp-block-image size-large\"><img width=\"1024\" height=\"682\" data-id=\"24032\"  src=\"http:\/\/cenal.gob.ve\/wp-content\/uploads\/2024\/04\/IMG_20240420_133804_591-1024x682.jpg\" alt=\"\" class=\"wp-image-24032\" srcset=\"https:\/\/cenal.gob.ve\/wp-content\/uploads\/2024\/04\/IMG_20240420_133804_591-1024x682.jpg 1024w, https:\/\/cenal.gob.ve\/wp-content\/uploads\/2024\/04\/IMG_20240420_133804_591-300x200.jpg 300w, https:\/\/cenal.gob.ve\/wp-content\/uploads\/2024\/04\/IMG_20240420_133804_591-768x512.jpg 768w, https:\/\/cenal.gob.ve\/wp-content\/uploads\/2024\/04\/IMG_20240420_133804_591-640x427.jpg 640w, https:\/\/cenal.gob.ve\/wp-content\/uploads\/2024\/04\/IMG_20240420_133804_591.jpg 1280w\" sizes=\"(max-width: 1024px) 100vw, 1024px\" \/><\/figure>\n<\/figure>\n\n\n\n<p>Su historia tiene por protagonista a un adolescente wayuu llamado Taluha. La trama pone a los lectores en contacto con un mundo de historias cruzadas de la verdad hist\u00f3rica contenida en la cotidianidad del d\u00eda a d\u00eda de esta etnia ubicada en la ciudad de Maracaibo por generaciones y en un mundo donde las relaciones de dominio parecieran estar escritas.<\/p>\n\n\n\n<p>Ha comentado Antillano sobre la novela de Mandrillo que \u00e9sta es todo un hallazgo en cuanto a novedad sobre un territorio poco incursionado en la literatura.<\/p>\n\n\n\n<p>Mandrillo se\u00f1al\u00f3 que de esta manera &#8220;se intenta visibilizar a esta magn\u00edfica cultura ind\u00edgena, resistente&#8221;.<\/p>\n\n\n\n<p>Agreg\u00f3 que los wayuu &#8220;han sido capaces de mezclarse con los blancos, de estar en todas las actividades y conservar su lengua (wayuunaiki)&#8221;.<\/p>\n\n\n\n<p>Venezuela participa en la FilBo 2024 con m\u00e1s de 160 t\u00edtulos literarios.<\/p>\n\n\n\n<figure class=\"wp-block-gallery has-nested-images columns-default is-cropped\">\n<figure class=\"wp-block-image size-large\"><img width=\"1024\" height=\"682\" data-id=\"24033\"  src=\"http:\/\/cenal.gob.ve\/wp-content\/uploads\/2024\/04\/IMG_20240420_133803_765-1024x682.jpg\" alt=\"\" class=\"wp-image-24033\" srcset=\"https:\/\/cenal.gob.ve\/wp-content\/uploads\/2024\/04\/IMG_20240420_133803_765-1024x682.jpg 1024w, https:\/\/cenal.gob.ve\/wp-content\/uploads\/2024\/04\/IMG_20240420_133803_765-300x200.jpg 300w, https:\/\/cenal.gob.ve\/wp-content\/uploads\/2024\/04\/IMG_20240420_133803_765-768x512.jpg 768w, https:\/\/cenal.gob.ve\/wp-content\/uploads\/2024\/04\/IMG_20240420_133803_765-640x427.jpg 640w, https:\/\/cenal.gob.ve\/wp-content\/uploads\/2024\/04\/IMG_20240420_133803_765.jpg 1280w\" sizes=\"(max-width: 1024px) 100vw, 1024px\" \/><\/figure>\n<\/figure>\n\n\n\n<figure class=\"wp-block-gallery has-nested-images columns-default is-cropped\">\n<figure class=\"wp-block-image size-large\"><img width=\"1024\" height=\"682\" data-id=\"24034\"  src=\"http:\/\/cenal.gob.ve\/wp-content\/uploads\/2024\/04\/IMG_20240420_133804_183-1024x682.jpg\" alt=\"\" class=\"wp-image-24034\" srcset=\"https:\/\/cenal.gob.ve\/wp-content\/uploads\/2024\/04\/IMG_20240420_133804_183-1024x682.jpg 1024w, https:\/\/cenal.gob.ve\/wp-content\/uploads\/2024\/04\/IMG_20240420_133804_183-300x200.jpg 300w, https:\/\/cenal.gob.ve\/wp-content\/uploads\/2024\/04\/IMG_20240420_133804_183-768x512.jpg 768w, https:\/\/cenal.gob.ve\/wp-content\/uploads\/2024\/04\/IMG_20240420_133804_183-640x427.jpg 640w, https:\/\/cenal.gob.ve\/wp-content\/uploads\/2024\/04\/IMG_20240420_133804_183.jpg 1280w\" sizes=\"(max-width: 1024px) 100vw, 1024px\" \/><\/figure>\n<\/figure>\n\n\n\n<figure class=\"wp-block-gallery has-nested-images columns-default is-cropped\">\n<figure class=\"wp-block-image size-large\"><img width=\"1024\" height=\"682\" data-id=\"24035\"  src=\"http:\/\/cenal.gob.ve\/wp-content\/uploads\/2024\/04\/IMG_20240420_133804_498-1024x682.jpg\" alt=\"\" class=\"wp-image-24035\" srcset=\"https:\/\/cenal.gob.ve\/wp-content\/uploads\/2024\/04\/IMG_20240420_133804_498-1024x682.jpg 1024w, https:\/\/cenal.gob.ve\/wp-content\/uploads\/2024\/04\/IMG_20240420_133804_498-300x200.jpg 300w, https:\/\/cenal.gob.ve\/wp-content\/uploads\/2024\/04\/IMG_20240420_133804_498-768x512.jpg 768w, https:\/\/cenal.gob.ve\/wp-content\/uploads\/2024\/04\/IMG_20240420_133804_498-640x427.jpg 640w, https:\/\/cenal.gob.ve\/wp-content\/uploads\/2024\/04\/IMG_20240420_133804_498.jpg 1280w\" sizes=\"(max-width: 1024px) 100vw, 1024px\" \/><\/figure>\n<\/figure>\n","protected":false},"excerpt":{"rendered":"<p>Los escritores Laura Antillano y C\u00f3simo Mandrillo conversaron en el estand de Venezuela en la Feria Internacional del Libro de Bogot\u00e1 (FilBo 2024) sobre la representaci\u00f3n de los wayuu en [&hellip;]<\/p>\n","protected":false},"author":10,"featured_media":24030,"comment_status":"open","ping_status":"closed","sticky":false,"template":"","format":"standard","meta":{"spay_email":"","jetpack_publicize_message":"","jetpack_is_tweetstorm":false,"jetpack_publicize_feature_enabled":true},"categories":[2],"tags":[],"yoast_head":"<!-- This site is optimized with the Yoast SEO plugin v19.8 - https:\/\/yoast.com\/wordpress\/plugins\/seo\/ -->\n<title>Escritores venezolanos abordaron en FilBo la representaci\u00f3n de los wayuu en obras literarias<\/title>\n<meta name=\"robots\" content=\"index, follow, max-snippet:-1, max-image-preview:large, max-video-preview:-1\" \/>\n<link rel=\"canonical\" href=\"https:\/\/cenal.gob.ve\/?p=24029\" \/>\n<meta property=\"og:locale\" content=\"es_ES\" \/>\n<meta property=\"og:type\" content=\"article\" \/>\n<meta property=\"og:title\" content=\"Escritores venezolanos abordaron en FilBo la representaci\u00f3n de los wayuu en obras literarias\" \/>\n<meta property=\"og:description\" content=\"Los escritores Laura Antillano y C\u00f3simo Mandrillo conversaron en el estand de Venezuela en la Feria Internacional del Libro de Bogot\u00e1 (FilBo 2024) sobre la representaci\u00f3n de los wayuu en [&hellip;]\" \/>\n<meta property=\"og:url\" content=\"https:\/\/cenal.gob.ve\/?p=24029\" \/>\n<meta property=\"og:site_name\" content=\"Cenal\" \/>\n<meta property=\"article:published_time\" content=\"2024-04-21T16:00:20+00:00\" \/>\n<meta property=\"article:modified_time\" content=\"2024-04-21T19:02:20+00:00\" \/>\n<meta property=\"og:image\" content=\"https:\/\/i0.wp.com\/cenal.gob.ve\/wp-content\/uploads\/2024\/04\/IMG_20240420_133804_312.jpg?fit=1280%2C853&ssl=1\" \/>\n\t<meta property=\"og:image:width\" content=\"1280\" \/>\n\t<meta property=\"og:image:height\" content=\"853\" \/>\n\t<meta property=\"og:image:type\" content=\"image\/jpeg\" \/>\n<meta name=\"author\" content=\"Prensa Cenal\" \/>\n<meta name=\"twitter:card\" content=\"summary_large_image\" \/>\n<meta name=\"twitter:label1\" content=\"Written by\" \/>\n\t<meta name=\"twitter:data1\" content=\"Prensa Cenal\" \/>\n\t<meta name=\"twitter:label2\" content=\"Est. reading time\" \/>\n\t<meta name=\"twitter:data2\" content=\"3 minutos\" \/>\n<script type=\"application\/ld+json\" class=\"yoast-schema-graph\">{\"@context\":\"https:\/\/schema.org\",\"@graph\":[{\"@type\":\"Article\",\"@id\":\"https:\/\/cenal.gob.ve\/?p=24029#article\",\"isPartOf\":{\"@id\":\"https:\/\/cenal.gob.ve\/?p=24029\"},\"author\":{\"name\":\"Prensa Cenal\",\"@id\":\"https:\/\/cenal.gob.ve\/#\/schema\/person\/e3ed34623f400ffab8bc7a63b2f5533f\"},\"headline\":\"Escritores venezolanos abordaron en FilBo la representaci\u00f3n de los wayuu en obras literarias\",\"datePublished\":\"2024-04-21T16:00:20+00:00\",\"dateModified\":\"2024-04-21T19:02:20+00:00\",\"mainEntityOfPage\":{\"@id\":\"https:\/\/cenal.gob.ve\/?p=24029\"},\"wordCount\":377,\"commentCount\":0,\"publisher\":{\"@id\":\"https:\/\/cenal.gob.ve\/#organization\"},\"articleSection\":[\"Cenal\"],\"inLanguage\":\"es\",\"potentialAction\":[{\"@type\":\"CommentAction\",\"name\":\"Comment\",\"target\":[\"https:\/\/cenal.gob.ve\/?p=24029#respond\"]}]},{\"@type\":\"WebPage\",\"@id\":\"https:\/\/cenal.gob.ve\/?p=24029\",\"url\":\"https:\/\/cenal.gob.ve\/?p=24029\",\"name\":\"Escritores venezolanos abordaron en FilBo la representaci\u00f3n de los wayuu en obras literarias\",\"isPartOf\":{\"@id\":\"https:\/\/cenal.gob.ve\/#website\"},\"datePublished\":\"2024-04-21T16:00:20+00:00\",\"dateModified\":\"2024-04-21T19:02:20+00:00\",\"breadcrumb\":{\"@id\":\"https:\/\/cenal.gob.ve\/?p=24029#breadcrumb\"},\"inLanguage\":\"es\",\"potentialAction\":[{\"@type\":\"ReadAction\",\"target\":[\"https:\/\/cenal.gob.ve\/?p=24029\"]}]},{\"@type\":\"BreadcrumbList\",\"@id\":\"https:\/\/cenal.gob.ve\/?p=24029#breadcrumb\",\"itemListElement\":[{\"@type\":\"ListItem\",\"position\":1,\"name\":\"Home\",\"item\":\"https:\/\/cenal.gob.ve\/\"},{\"@type\":\"ListItem\",\"position\":2,\"name\":\"Escritores venezolanos abordaron en FilBo la representaci\u00f3n de los wayuu en obras literarias\"}]},{\"@type\":\"WebSite\",\"@id\":\"https:\/\/cenal.gob.ve\/#website\",\"url\":\"https:\/\/cenal.gob.ve\/\",\"name\":\"Cenal\",\"description\":\"\",\"publisher\":{\"@id\":\"https:\/\/cenal.gob.ve\/#organization\"},\"potentialAction\":[{\"@type\":\"SearchAction\",\"target\":{\"@type\":\"EntryPoint\",\"urlTemplate\":\"https:\/\/cenal.gob.ve\/?s={search_term_string}\"},\"query-input\":\"required name=search_term_string\"}],\"inLanguage\":\"es\"},{\"@type\":\"Organization\",\"@id\":\"https:\/\/cenal.gob.ve\/#organization\",\"name\":\"CENAL\",\"url\":\"https:\/\/cenal.gob.ve\/\",\"sameAs\":[],\"logo\":{\"@type\":\"ImageObject\",\"inLanguage\":\"es\",\"@id\":\"https:\/\/cenal.gob.ve\/#\/schema\/logo\/image\/\",\"url\":\"https:\/\/i0.wp.com\/cenal.gob.ve\/wp-content\/uploads\/2022\/10\/cropped-images.jpg?fit=512%2C512\",\"contentUrl\":\"https:\/\/i0.wp.com\/cenal.gob.ve\/wp-content\/uploads\/2022\/10\/cropped-images.jpg?fit=512%2C512\",\"width\":512,\"height\":512,\"caption\":\"CENAL\"},\"image\":{\"@id\":\"https:\/\/cenal.gob.ve\/#\/schema\/logo\/image\/\"}},{\"@type\":\"Person\",\"@id\":\"https:\/\/cenal.gob.ve\/#\/schema\/person\/e3ed34623f400ffab8bc7a63b2f5533f\",\"name\":\"Prensa Cenal\",\"image\":{\"@type\":\"ImageObject\",\"inLanguage\":\"es\",\"@id\":\"https:\/\/cenal.gob.ve\/#\/schema\/person\/image\/\",\"url\":\"https:\/\/secure.gravatar.com\/avatar\/594b4ed34090910c619ac3679001d491?s=96&d=mm&r=g\",\"contentUrl\":\"https:\/\/secure.gravatar.com\/avatar\/594b4ed34090910c619ac3679001d491?s=96&d=mm&r=g\",\"caption\":\"Prensa Cenal\"},\"url\":\"https:\/\/cenal.gob.ve\/?author=10\"}]}<\/script>\n<!-- \/ Yoast SEO plugin. -->","yoast_head_json":{"title":"Escritores venezolanos abordaron en FilBo la representaci\u00f3n de los wayuu en obras literarias","robots":{"index":"index","follow":"follow","max-snippet":"max-snippet:-1","max-image-preview":"max-image-preview:large","max-video-preview":"max-video-preview:-1"},"canonical":"https:\/\/cenal.gob.ve\/?p=24029","og_locale":"es_ES","og_type":"article","og_title":"Escritores venezolanos abordaron en FilBo la representaci\u00f3n de los wayuu en obras literarias","og_description":"Los escritores Laura Antillano y C\u00f3simo Mandrillo conversaron en el estand de Venezuela en la Feria Internacional del Libro de Bogot\u00e1 (FilBo 2024) sobre la representaci\u00f3n de los wayuu en [&hellip;]","og_url":"https:\/\/cenal.gob.ve\/?p=24029","og_site_name":"Cenal","article_published_time":"2024-04-21T16:00:20+00:00","article_modified_time":"2024-04-21T19:02:20+00:00","og_image":[{"width":1280,"height":853,"url":"https:\/\/i0.wp.com\/cenal.gob.ve\/wp-content\/uploads\/2024\/04\/IMG_20240420_133804_312.jpg?fit=1280%2C853&ssl=1","type":"image\/jpeg"}],"author":"Prensa Cenal","twitter_card":"summary_large_image","twitter_misc":{"Written by":"Prensa Cenal","Est. reading time":"3 minutos"},"schema":{"@context":"https:\/\/schema.org","@graph":[{"@type":"Article","@id":"https:\/\/cenal.gob.ve\/?p=24029#article","isPartOf":{"@id":"https:\/\/cenal.gob.ve\/?p=24029"},"author":{"name":"Prensa Cenal","@id":"https:\/\/cenal.gob.ve\/#\/schema\/person\/e3ed34623f400ffab8bc7a63b2f5533f"},"headline":"Escritores venezolanos abordaron en FilBo la representaci\u00f3n de los wayuu en obras literarias","datePublished":"2024-04-21T16:00:20+00:00","dateModified":"2024-04-21T19:02:20+00:00","mainEntityOfPage":{"@id":"https:\/\/cenal.gob.ve\/?p=24029"},"wordCount":377,"commentCount":0,"publisher":{"@id":"https:\/\/cenal.gob.ve\/#organization"},"articleSection":["Cenal"],"inLanguage":"es","potentialAction":[{"@type":"CommentAction","name":"Comment","target":["https:\/\/cenal.gob.ve\/?p=24029#respond"]}]},{"@type":"WebPage","@id":"https:\/\/cenal.gob.ve\/?p=24029","url":"https:\/\/cenal.gob.ve\/?p=24029","name":"Escritores venezolanos abordaron en FilBo la representaci\u00f3n de los wayuu en obras literarias","isPartOf":{"@id":"https:\/\/cenal.gob.ve\/#website"},"datePublished":"2024-04-21T16:00:20+00:00","dateModified":"2024-04-21T19:02:20+00:00","breadcrumb":{"@id":"https:\/\/cenal.gob.ve\/?p=24029#breadcrumb"},"inLanguage":"es","potentialAction":[{"@type":"ReadAction","target":["https:\/\/cenal.gob.ve\/?p=24029"]}]},{"@type":"BreadcrumbList","@id":"https:\/\/cenal.gob.ve\/?p=24029#breadcrumb","itemListElement":[{"@type":"ListItem","position":1,"name":"Home","item":"https:\/\/cenal.gob.ve\/"},{"@type":"ListItem","position":2,"name":"Escritores venezolanos abordaron en FilBo la representaci\u00f3n de los wayuu en obras literarias"}]},{"@type":"WebSite","@id":"https:\/\/cenal.gob.ve\/#website","url":"https:\/\/cenal.gob.ve\/","name":"Cenal","description":"","publisher":{"@id":"https:\/\/cenal.gob.ve\/#organization"},"potentialAction":[{"@type":"SearchAction","target":{"@type":"EntryPoint","urlTemplate":"https:\/\/cenal.gob.ve\/?s={search_term_string}"},"query-input":"required name=search_term_string"}],"inLanguage":"es"},{"@type":"Organization","@id":"https:\/\/cenal.gob.ve\/#organization","name":"CENAL","url":"https:\/\/cenal.gob.ve\/","sameAs":[],"logo":{"@type":"ImageObject","inLanguage":"es","@id":"https:\/\/cenal.gob.ve\/#\/schema\/logo\/image\/","url":"https:\/\/i0.wp.com\/cenal.gob.ve\/wp-content\/uploads\/2022\/10\/cropped-images.jpg?fit=512%2C512","contentUrl":"https:\/\/i0.wp.com\/cenal.gob.ve\/wp-content\/uploads\/2022\/10\/cropped-images.jpg?fit=512%2C512","width":512,"height":512,"caption":"CENAL"},"image":{"@id":"https:\/\/cenal.gob.ve\/#\/schema\/logo\/image\/"}},{"@type":"Person","@id":"https:\/\/cenal.gob.ve\/#\/schema\/person\/e3ed34623f400ffab8bc7a63b2f5533f","name":"Prensa Cenal","image":{"@type":"ImageObject","inLanguage":"es","@id":"https:\/\/cenal.gob.ve\/#\/schema\/person\/image\/","url":"https:\/\/secure.gravatar.com\/avatar\/594b4ed34090910c619ac3679001d491?s=96&d=mm&r=g","contentUrl":"https:\/\/secure.gravatar.com\/avatar\/594b4ed34090910c619ac3679001d491?s=96&d=mm&r=g","caption":"Prensa Cenal"},"url":"https:\/\/cenal.gob.ve\/?author=10"}]}},"jetpack_featured_media_url":"https:\/\/cenal.gob.ve\/wp-content\/uploads\/2024\/04\/IMG_20240420_133804_312.jpg","jetpack_publicize_connections":[],"jetpack_shortlink":"https:\/\/wp.me\/p5FMhp-6fz","_links":{"self":[{"href":"https:\/\/cenal.gob.ve\/index.php?rest_route=\/wp\/v2\/posts\/24029"}],"collection":[{"href":"https:\/\/cenal.gob.ve\/index.php?rest_route=\/wp\/v2\/posts"}],"about":[{"href":"https:\/\/cenal.gob.ve\/index.php?rest_route=\/wp\/v2\/types\/post"}],"author":[{"embeddable":true,"href":"https:\/\/cenal.gob.ve\/index.php?rest_route=\/wp\/v2\/users\/10"}],"replies":[{"embeddable":true,"href":"https:\/\/cenal.gob.ve\/index.php?rest_route=%2Fwp%2Fv2%2Fcomments&post=24029"}],"version-history":[{"count":4,"href":"https:\/\/cenal.gob.ve\/index.php?rest_route=\/wp\/v2\/posts\/24029\/revisions"}],"predecessor-version":[{"id":24062,"href":"https:\/\/cenal.gob.ve\/index.php?rest_route=\/wp\/v2\/posts\/24029\/revisions\/24062"}],"wp:featuredmedia":[{"embeddable":true,"href":"https:\/\/cenal.gob.ve\/index.php?rest_route=\/wp\/v2\/media\/24030"}],"wp:attachment":[{"href":"https:\/\/cenal.gob.ve\/index.php?rest_route=%2Fwp%2Fv2%2Fmedia&parent=24029"}],"wp:term":[{"taxonomy":"category","embeddable":true,"href":"https:\/\/cenal.gob.ve\/index.php?rest_route=%2Fwp%2Fv2%2Fcategories&post=24029"},{"taxonomy":"post_tag","embeddable":true,"href":"https:\/\/cenal.gob.ve\/index.php?rest_route=%2Fwp%2Fv2%2Ftags&post=24029"}],"curies":[{"name":"wp","href":"https:\/\/api.w.org\/{rel}","templated":true}]}}