{"id":24108,"date":"2024-04-25T17:09:03","date_gmt":"2024-04-25T21:09:03","guid":{"rendered":"http:\/\/cenal.gob.ve\/?p=24108"},"modified":"2024-04-25T17:30:24","modified_gmt":"2024-04-25T21:30:24","slug":"carmen-bohorquez-en-filbo-2024-la-identidad-americana-y-francisco-de-miranda-como-precursor-de-independencias","status":"publish","type":"post","link":"https:\/\/cenal.gob.ve\/?p=24108","title":{"rendered":"Carmen Boh\u00f3rquez en FilBo 2024: La identidad americana y Francisco de Miranda como precursor de independencias"},"content":{"rendered":"\n<p>La escritora venezolana Carmen Boh\u00f3rquez, fil\u00f3sofa, doctora en Historia, presidenta del Instituto de Estudios Francisco de Miranda, lleg\u00f3 a la 36.\u00aa Feria Internacional del Libro de Bogot\u00e1 (FilBo 2024) para compartir las ediciones de los tomos XXI y XXII de la colecci\u00f3n Colombeia, Archivo del General Francisco de Miranda, que se erigen como obras de gran importancia hist\u00f3rica y patrimonial para el rescate y preservaci\u00f3n de la memoria de este personaje clave en la formaci\u00f3n de la gesta independendista en Am\u00e9rica.<\/p>\n\n\n\n<figure class=\"wp-block-gallery has-nested-images columns-default is-cropped\">\n<figure class=\"wp-block-image size-large\"><img width=\"1024\" height=\"682\" data-id=\"24120\"  src=\"http:\/\/cenal.gob.ve\/wp-content\/uploads\/2024\/04\/IMG_20240425_120239_651-1-1024x682.jpg\" alt=\"\" class=\"wp-image-24120\" srcset=\"https:\/\/cenal.gob.ve\/wp-content\/uploads\/2024\/04\/IMG_20240425_120239_651-1-1024x682.jpg 1024w, https:\/\/cenal.gob.ve\/wp-content\/uploads\/2024\/04\/IMG_20240425_120239_651-1-300x200.jpg 300w, https:\/\/cenal.gob.ve\/wp-content\/uploads\/2024\/04\/IMG_20240425_120239_651-1-768x512.jpg 768w, https:\/\/cenal.gob.ve\/wp-content\/uploads\/2024\/04\/IMG_20240425_120239_651-1-640x427.jpg 640w, https:\/\/cenal.gob.ve\/wp-content\/uploads\/2024\/04\/IMG_20240425_120239_651-1.jpg 1280w\" sizes=\"(max-width: 1024px) 100vw, 1024px\" \/><\/figure>\n<\/figure>\n\n\n\n<p>El tomo XXI recopila archivos, anotaciones, cartas, documentos y escritos de hechos hist\u00f3ricos entre 1804 y 1805. El tomo XXII<br>comprende toda la documentaci\u00f3n correspondiente al a\u00f1o 1806 sobre la expedici\u00f3n libertadora de Miranda a las costas venezolanas.<\/p>\n\n\n\n<figure class=\"wp-block-gallery has-nested-images columns-default is-cropped\">\n<figure class=\"wp-block-image size-large\"><img width=\"1024\" height=\"682\" data-id=\"24110\"  src=\"http:\/\/cenal.gob.ve\/wp-content\/uploads\/2024\/04\/IMG_20240425_120236_295-1024x682.jpg\" alt=\"\" class=\"wp-image-24110\" srcset=\"https:\/\/cenal.gob.ve\/wp-content\/uploads\/2024\/04\/IMG_20240425_120236_295-1024x682.jpg 1024w, https:\/\/cenal.gob.ve\/wp-content\/uploads\/2024\/04\/IMG_20240425_120236_295-300x200.jpg 300w, https:\/\/cenal.gob.ve\/wp-content\/uploads\/2024\/04\/IMG_20240425_120236_295-768x512.jpg 768w, https:\/\/cenal.gob.ve\/wp-content\/uploads\/2024\/04\/IMG_20240425_120236_295-640x427.jpg 640w, https:\/\/cenal.gob.ve\/wp-content\/uploads\/2024\/04\/IMG_20240425_120236_295.jpg 1280w\" sizes=\"(max-width: 1024px) 100vw, 1024px\" \/><\/figure>\n<\/figure>\n\n\n\n<p>&#8220;En el tomo XXII se reproducen documentos que hasta el momento nadie hab\u00eda reproducido ni traducido y donde se dan detalles de esa expedici\u00f3n desde que sale de Londres el 2 de febrero de 1806. La primera expedici\u00f3n militar que se hizo contra el dominio espa\u00f1ol en toda nuestra Am\u00e9rica&#8221;, apunt\u00f3 Boh\u00f3rquez durante la presentaci\u00f3n de estos textos como parte de una conferencia denominada &#8220;La fant\u00e1stica y real vida de Francisco de Miranda&#8221; que ofreci\u00f3 en el estand de Venezuela en la FilBo.<\/p>\n\n\n\n<p>Son libros coeditados por la Presidencia de la Rep\u00fablica Bolivariana de Venezuela, el Centro de Estudios Sim\u00f3n Bol\u00edvar (CESB) y la Gobernaci\u00f3n de Miranda, con los que se busca completar el trabajo conducido inicialmente desde 1976 por las historiadoras Josefina Rodr\u00edguez y Gloria Henr\u00edquez, quienes lograron preparar y editar los primeros veinte tomos.<\/p>\n\n\n\n<p>\u201cMiranda fue el primero en pensar en Am\u00e9rica como una unidad pol\u00edtica y cultural, una unidad indisoluble&#8221;, recuerda Boh\u00f3rquez, Premio Nacional de Cultura en Humanidades (2012) y Premio Nacional de Historia (2020).<\/p>\n\n\n\n<figure class=\"wp-block-gallery has-nested-images columns-default is-cropped\">\n<figure class=\"wp-block-image size-large\"><img width=\"1024\" height=\"682\" data-id=\"24112\"  src=\"http:\/\/cenal.gob.ve\/wp-content\/uploads\/2024\/04\/IMG_20240425_120239_342-1024x682.jpg\" alt=\"\" class=\"wp-image-24112\" srcset=\"https:\/\/cenal.gob.ve\/wp-content\/uploads\/2024\/04\/IMG_20240425_120239_342-1024x682.jpg 1024w, https:\/\/cenal.gob.ve\/wp-content\/uploads\/2024\/04\/IMG_20240425_120239_342-300x200.jpg 300w, https:\/\/cenal.gob.ve\/wp-content\/uploads\/2024\/04\/IMG_20240425_120239_342-768x512.jpg 768w, https:\/\/cenal.gob.ve\/wp-content\/uploads\/2024\/04\/IMG_20240425_120239_342-640x427.jpg 640w, https:\/\/cenal.gob.ve\/wp-content\/uploads\/2024\/04\/IMG_20240425_120239_342.jpg 1280w\" sizes=\"(max-width: 1024px) 100vw, 1024px\" \/><\/figure>\n<\/figure>\n\n\n\n<p>La investigadora explic\u00f3 que el archivo de Miranda, que recopil\u00f3 como un diario de viaje desde la primera vez que sali\u00f3 del pa\u00eds, est\u00e1 constituido por 63 vol\u00famenes con m\u00e1s de diez documentos y 31 mil 600 p\u00e1ginas.<\/p>\n\n\n\n<p>Estuvo extraviado desde 1812, cuando fue detenido en La Guaira y entregado a los espa\u00f1oles. Fue encontrado en 1926, 114 a\u00f1os despu\u00e9s, por el historiador Caracciolo Parra P\u00e9rez.<\/p>\n\n\n\n<p>Faltar\u00edan tres tomos por ser publicados, de acuerdo con Boh\u00f3rquez.<\/p>\n\n\n\n<figure class=\"wp-block-image size-large\"><img width=\"576\" height=\"1024\" src=\"http:\/\/cenal.gob.ve\/wp-content\/uploads\/2024\/04\/IMG_20240424_153758-576x1024.jpg\" alt=\"\" class=\"wp-image-24114\" srcset=\"https:\/\/cenal.gob.ve\/wp-content\/uploads\/2024\/04\/IMG_20240424_153758-576x1024.jpg 576w, https:\/\/cenal.gob.ve\/wp-content\/uploads\/2024\/04\/IMG_20240424_153758-169x300.jpg 169w, https:\/\/cenal.gob.ve\/wp-content\/uploads\/2024\/04\/IMG_20240424_153758-768x1365.jpg 768w, https:\/\/cenal.gob.ve\/wp-content\/uploads\/2024\/04\/IMG_20240424_153758-864x1536.jpg 864w, https:\/\/cenal.gob.ve\/wp-content\/uploads\/2024\/04\/IMG_20240424_153758-1152x2048.jpg 1152w, https:\/\/cenal.gob.ve\/wp-content\/uploads\/2024\/04\/IMG_20240424_153758-640x1138.jpg 640w, https:\/\/cenal.gob.ve\/wp-content\/uploads\/2024\/04\/IMG_20240424_153758-scaled.jpg 1440w\" sizes=\"(max-width: 576px) 100vw, 576px\" \/><\/figure>\n\n\n\n<p>\u201cNo hay algo que Miranda haya vivido que no est\u00e9 en estos archivos&#8221;, se\u00f1ala Boh\u00f3rquez. &#8220;La terminaci\u00f3n &#8216;eia&#8217; de Colombeia es un derivado de la lengua griega que significa &#8216;que pertenece a&#8217;, por lo que el nombre del archivo, puesto por el mismo Miranda, significa &#8216;lo que est\u00e1 relacionado con Colombia&#8217;, el nombre de la naci\u00f3n que se iba a crear&#8221;, detalla.<\/p>\n\n\n\n<p>Estos documentos tambi\u00e9n est\u00e1n disponibles en el portal www.franciscodemiranda.org.<\/p>\n\n\n\n<p><strong>El precursor<\/strong><\/p>\n\n\n\n<p>Boh\u00f3rquez pase\u00f3 a los presentes durante su conferencia por la vida de Miranda (1750-1816), el hombre y precursor de la independencia, aquel que se vio a s\u00ed mismo como ciudadano de Venezuela y de la Am\u00e9rica del Sur en su conjunto, el primero en proponer un discurso identitario suramericano, aquel que crey\u00f3 que el nombre de Colombia, del cual es creador, deb\u00eda designar a la Am\u00e9rica del Sur en su totalidad; el hombre de la ilustraci\u00f3n con habilidades excepcionales como difusor de ideas, conocedor de autores y sistemas pol\u00edticos, pero que, a su juicio, termin\u00f3 siendo olvidado o al que no se le ha reconocido del todo sus m\u00e9ritos.<\/p>\n\n\n\n<p>&#8220;El hombre m\u00e1s influyente y con ideas originales, el primero que piensa en la noci\u00f3n de identidad americana y de integraci\u00f3n, hab\u00eda sido reducido. Lo m\u00e1s que se dec\u00eda es que trajo la bandera tricolor a Venezuela y que muri\u00f3 en La Carraca&#8221;, sostiene Boh\u00f3rquez.<\/p>\n\n\n\n<p>Precisamente, tras observar que el pensamiento pol\u00edtico de Miranda no hab\u00eda sido estudiado como se merec\u00eda, Boh\u00f3rquez ha logrado tras el an\u00e1lisis de la bibliograf\u00eda existente tanto en Venezuela como en Europa esclarecer datos sobre la vida y obra de Miranda.<\/p>\n\n\n\n<figure class=\"wp-block-gallery has-nested-images columns-default is-cropped\">\n<figure class=\"wp-block-image size-large\"><img width=\"1024\" height=\"682\" data-id=\"24113\"  src=\"http:\/\/cenal.gob.ve\/wp-content\/uploads\/2024\/04\/IMG_20240425_120239_384-1024x682.jpg\" alt=\"\" class=\"wp-image-24113\" srcset=\"https:\/\/cenal.gob.ve\/wp-content\/uploads\/2024\/04\/IMG_20240425_120239_384-1024x682.jpg 1024w, https:\/\/cenal.gob.ve\/wp-content\/uploads\/2024\/04\/IMG_20240425_120239_384-300x200.jpg 300w, https:\/\/cenal.gob.ve\/wp-content\/uploads\/2024\/04\/IMG_20240425_120239_384-768x512.jpg 768w, https:\/\/cenal.gob.ve\/wp-content\/uploads\/2024\/04\/IMG_20240425_120239_384-640x427.jpg 640w, https:\/\/cenal.gob.ve\/wp-content\/uploads\/2024\/04\/IMG_20240425_120239_384.jpg 1280w\" sizes=\"(max-width: 1024px) 100vw, 1024px\" \/><\/figure>\n<\/figure>\n\n\n\n<p>En ese sentido, comparti\u00f3 con el p\u00fablico las etapas de la formaci\u00f3n de la conciencia americana en un suramericano que, record\u00f3, fue el \u00fanico en lograr participar, con las armas en la mano y al lado de la libertad, en tres grandes revoluciones ocurridas entre los siglos XVIII y XIX: la Revoluci\u00f3n de Independencia de los Estados Unidos, la Revoluci\u00f3n Francesa y la Revoluci\u00f3n de la Independencia de Venezuela.<\/p>\n\n\n\n<p>&#8220;El primero que va a tener conciencia clara del problema de la identidad americana y del derecho de todo grupo humano \u2013 con caracter\u00edsticas culturales bien diferenciadas de cualquier otro grupo \u2013 a decidir su propio destino ser\u00e1 Francisco de Miranda, quien comienza esta b\u00fasqueda de la identidad propia desde 1771, cuando habiendo llegado a Espa\u00f1a para entrar al ej\u00e9rcito real se ve constantemente confrontado por las diferencias culturales entre Espa\u00f1a y Am\u00e9rica&#8221;, expone Boh\u00f3rquez.<\/p>\n\n\n\n<figure class=\"wp-block-gallery has-nested-images columns-default is-cropped\">\n<figure class=\"wp-block-image size-large\"><img width=\"1024\" height=\"682\" data-id=\"24111\"  src=\"http:\/\/cenal.gob.ve\/wp-content\/uploads\/2024\/04\/IMG_20240425_120238_866-1024x682.jpg\" alt=\"\" class=\"wp-image-24111\" srcset=\"https:\/\/cenal.gob.ve\/wp-content\/uploads\/2024\/04\/IMG_20240425_120238_866-1024x682.jpg 1024w, https:\/\/cenal.gob.ve\/wp-content\/uploads\/2024\/04\/IMG_20240425_120238_866-300x200.jpg 300w, https:\/\/cenal.gob.ve\/wp-content\/uploads\/2024\/04\/IMG_20240425_120238_866-768x512.jpg 768w, https:\/\/cenal.gob.ve\/wp-content\/uploads\/2024\/04\/IMG_20240425_120238_866-640x427.jpg 640w, https:\/\/cenal.gob.ve\/wp-content\/uploads\/2024\/04\/IMG_20240425_120238_866.jpg 1280w\" sizes=\"(max-width: 1024px) 100vw, 1024px\" \/><\/figure>\n<\/figure>\n\n\n\n<p>Este choque, m\u00e1s su lectura de libros que hablan de una realidad pol\u00edtica de autonom\u00eda y participaci\u00f3n, prohibidos por la Inquisici\u00f3n, a lo que se suma su experiencia como soldado en el combate a favor de las colonias del norte contra la dominaci\u00f3n imperial de Inglaterra, hacen que ya en 1783 se imponga en su conciencia la necesidad de dedicar su vida a lograr la independencia de su propia tierra, narr\u00f3 Boh\u00f3rquez.<\/p>\n\n\n\n<p>&#8220;\u00c9l pens\u00f3 en cada detalle de esa naci\u00f3n libre que habr\u00eda de nacer&#8221;, asegur\u00f3.<\/p>\n\n\n\n<p>Como relata la historiadora, Miranda dedic\u00f3 su vida adulta a viajar desde los Estados a Europa para tratar de interesar a Inglaterra y a Francia en la independencia de su patria del yugo espa\u00f1ol. No obstante, convertido en general de la Revoluci\u00f3n Francesa, no tuvo \u00e9xito en sus intentos de liberar a Venezuela. A los sesenta a\u00f1os, al regresar en 1810 a Caracas tras cuarenta a\u00f1os de ausencia result\u00f3 dif\u00edcil el di\u00e1logo con los revolucionarios locales pese a ser una figura emblem\u00e1tica y en 1816 termina su vida aprisionado en Espa\u00f1a tras los sucesos derivados de su capitulaci\u00f3n en 1812 con Domingo Monteverde, comandante de tropas realistas, uno de los aspectos que podr\u00eda haber influido a lo largo de la historia en el poco reconocimiento de sus m\u00e9ritos anteriores.<\/p>\n\n\n\n<p>Otro aporte de Boh\u00f3rquez en la m\u00e1xima cita con las letras de Colombia para comprender la vida del americano m\u00e1s universal fue la presentaci\u00f3n de su publicaci\u00f3n Miranda en el Congreso Constituyente de 1811, que recoge las actas de las secciones donde \u00e9ste participa cuando es diputado de ese congreso, del 20 de junio de 1811 hasta el 5 de julio de ese a\u00f1o.<\/p>\n\n\n\n<p>&#8220;Y se van a sorprender porque aqu\u00ed van a descubrir c\u00f3mo Miranda fue figura clave de ese congreso y el que hizo realmente que se declarara la independencia de Venezuela&#8221;.<\/p>\n\n\n\n<p><strong>La mujer ind\u00edgena y la colonizaci\u00f3n de la er\u00f3tica<\/strong><\/p>\n\n\n\n<p>Igualmente, la escritora comparti\u00f3 su libro La mujer ind\u00edgena y la colonizaci\u00f3n de la er\u00f3tica en Am\u00e9rica Latina, editado por Monte \u00c1vila.<\/p>\n\n\n\n<figure class=\"wp-block-gallery has-nested-images columns-default is-cropped\">\n<figure class=\"wp-block-image size-large\"><img width=\"1024\" height=\"682\" data-id=\"24115\"  src=\"http:\/\/cenal.gob.ve\/wp-content\/uploads\/2024\/04\/IMG_20240425_153159_462-1024x682.jpg\" alt=\"\" class=\"wp-image-24115\" srcset=\"https:\/\/cenal.gob.ve\/wp-content\/uploads\/2024\/04\/IMG_20240425_153159_462-1024x682.jpg 1024w, https:\/\/cenal.gob.ve\/wp-content\/uploads\/2024\/04\/IMG_20240425_153159_462-300x200.jpg 300w, https:\/\/cenal.gob.ve\/wp-content\/uploads\/2024\/04\/IMG_20240425_153159_462-768x512.jpg 768w, https:\/\/cenal.gob.ve\/wp-content\/uploads\/2024\/04\/IMG_20240425_153159_462-640x427.jpg 640w, https:\/\/cenal.gob.ve\/wp-content\/uploads\/2024\/04\/IMG_20240425_153159_462.jpg 1280w\" sizes=\"(max-width: 1024px) 100vw, 1024px\" \/><\/figure>\n<\/figure>\n\n\n\n<p>La autora ofrece una investigaci\u00f3n hist\u00f3rica que permite entender qu\u00e9 grado de profundidad tiene la colonizaci\u00f3n de Espa\u00f1a no solo en el orden social y econ\u00f3mico, sino tambi\u00e9n en la mente y la er\u00f3tica del pueblo.<\/p>\n\n\n\n<p>Boh\u00f3rquez pone en evidencia c\u00f3mo tambi\u00e9n fue colonizada la forma de relacionamiento personal.<\/p>\n\n\n\n<figure class=\"wp-block-gallery has-nested-images columns-default is-cropped\">\n<figure class=\"wp-block-image size-large\"><img width=\"1024\" height=\"772\" data-id=\"24117\"  src=\"http:\/\/cenal.gob.ve\/wp-content\/uploads\/2024\/04\/IMG_20240425_134606-1024x772.jpg\" alt=\"\" class=\"wp-image-24117\" srcset=\"https:\/\/cenal.gob.ve\/wp-content\/uploads\/2024\/04\/IMG_20240425_134606-1024x772.jpg 1024w, https:\/\/cenal.gob.ve\/wp-content\/uploads\/2024\/04\/IMG_20240425_134606-300x226.jpg 300w, https:\/\/cenal.gob.ve\/wp-content\/uploads\/2024\/04\/IMG_20240425_134606-768x579.jpg 768w, https:\/\/cenal.gob.ve\/wp-content\/uploads\/2024\/04\/IMG_20240425_134606-1536x1158.jpg 1536w, https:\/\/cenal.gob.ve\/wp-content\/uploads\/2024\/04\/IMG_20240425_134606-2048x1544.jpg 2048w, https:\/\/cenal.gob.ve\/wp-content\/uploads\/2024\/04\/IMG_20240425_134606-640x483.jpg 640w\" sizes=\"(max-width: 1024px) 100vw, 1024px\" \/><\/figure>\n<\/figure>\n\n\n\n<p>De acuerdo con la fil\u00f3sofa, se busca con esta obra contar la verdadera historia de las mujeres ind\u00edgenas y su papel durante la conquista, por lo que cada palabra aclara el origen del maltrato que llegaron a sufrir a lo largo de ese proceso.<\/p>\n\n\n\n<p>Seg\u00fan la historiadora y docente, solo en contadas oportunidades la mujer ind\u00edgena ha sido considerada por la tradici\u00f3n hist\u00f3rica occidental como objeto valioso de estudio.<\/p>\n\n\n\n<figure class=\"wp-block-gallery has-nested-images columns-default is-cropped\">\n<figure class=\"wp-block-image size-large\"><img width=\"1024\" height=\"682\" data-id=\"24116\"  src=\"http:\/\/cenal.gob.ve\/wp-content\/uploads\/2024\/04\/IMG_20240425_153159_910-1024x682.jpg\" alt=\"\" class=\"wp-image-24116\" srcset=\"https:\/\/cenal.gob.ve\/wp-content\/uploads\/2024\/04\/IMG_20240425_153159_910-1024x682.jpg 1024w, https:\/\/cenal.gob.ve\/wp-content\/uploads\/2024\/04\/IMG_20240425_153159_910-300x200.jpg 300w, https:\/\/cenal.gob.ve\/wp-content\/uploads\/2024\/04\/IMG_20240425_153159_910-768x512.jpg 768w, https:\/\/cenal.gob.ve\/wp-content\/uploads\/2024\/04\/IMG_20240425_153159_910-640x427.jpg 640w, https:\/\/cenal.gob.ve\/wp-content\/uploads\/2024\/04\/IMG_20240425_153159_910.jpg 1280w\" sizes=\"(max-width: 1024px) 100vw, 1024px\" \/><\/figure>\n<\/figure>\n\n\n\n<p>Boh\u00f3rquez es autora de m\u00e1s de 90 publicaciones y ha participado en numerosos congresos. Egresada como fil\u00f3sofa de la Universidad de Zulia con m\u00e9rito summa cum laude. En la Universidad de Michigan, en los Estados Unidos, obtuvo su maestr\u00eda en Filosof\u00eda. En Par\u00eds se doctor\u00f3 en Historia en la Universidad de La Sorbona con el m\u00e1ximo m\u00e9rito.<\/p>\n\n\n\n<figure class=\"wp-block-gallery has-nested-images columns-default is-cropped\">\n<figure class=\"wp-block-image size-large\"><img width=\"1024\" height=\"682\" data-id=\"24119\"  src=\"http:\/\/cenal.gob.ve\/wp-content\/uploads\/2024\/04\/IMG_20240425_153159_887-1-1024x682.jpg\" alt=\"\" class=\"wp-image-24119\" srcset=\"https:\/\/cenal.gob.ve\/wp-content\/uploads\/2024\/04\/IMG_20240425_153159_887-1-1024x682.jpg 1024w, https:\/\/cenal.gob.ve\/wp-content\/uploads\/2024\/04\/IMG_20240425_153159_887-1-300x200.jpg 300w, https:\/\/cenal.gob.ve\/wp-content\/uploads\/2024\/04\/IMG_20240425_153159_887-1-768x512.jpg 768w, https:\/\/cenal.gob.ve\/wp-content\/uploads\/2024\/04\/IMG_20240425_153159_887-1-640x427.jpg 640w, https:\/\/cenal.gob.ve\/wp-content\/uploads\/2024\/04\/IMG_20240425_153159_887-1.jpg 1280w\" sizes=\"(max-width: 1024px) 100vw, 1024px\" \/><\/figure>\n<\/figure>\n\n\n\n<p>Form\u00f3 parte de la Comisi\u00f3n Presidencial para la Conmemoraci\u00f3n del Bicentenario de la Expedici\u00f3n Revolucionaria de Francisco de Miranda, de la Red de Intelectuales y Artistas en Defensa de la Humanidad (REDH) y fue diputada a la Asamblea Nacional de Venezuela.<\/p>\n","protected":false},"excerpt":{"rendered":"<p>La escritora venezolana Carmen Boh\u00f3rquez, fil\u00f3sofa, doctora en Historia, presidenta del Instituto de Estudios Francisco de Miranda, lleg\u00f3 a la 36.\u00aa Feria Internacional del Libro de Bogot\u00e1 (FilBo 2024) para [&hellip;]<\/p>\n","protected":false},"author":10,"featured_media":24121,"comment_status":"open","ping_status":"closed","sticky":false,"template":"","format":"standard","meta":{"spay_email":"","jetpack_publicize_message":"","jetpack_is_tweetstorm":false,"jetpack_publicize_feature_enabled":true},"categories":[2],"tags":[],"yoast_head":"<!-- This site is optimized with the Yoast SEO plugin v19.8 - https:\/\/yoast.com\/wordpress\/plugins\/seo\/ -->\n<title>Carmen Boh\u00f3rquez en FilBo 2024: La identidad americana y Francisco de Miranda como precursor de independencias<\/title>\n<meta name=\"robots\" content=\"index, follow, max-snippet:-1, max-image-preview:large, max-video-preview:-1\" \/>\n<link rel=\"canonical\" href=\"https:\/\/cenal.gob.ve\/?p=24108\" \/>\n<meta property=\"og:locale\" content=\"es_ES\" \/>\n<meta property=\"og:type\" content=\"article\" \/>\n<meta property=\"og:title\" content=\"Carmen Boh\u00f3rquez en FilBo 2024: La identidad americana y Francisco de Miranda como precursor de independencias\" \/>\n<meta property=\"og:description\" content=\"La escritora venezolana Carmen Boh\u00f3rquez, fil\u00f3sofa, doctora en Historia, presidenta del Instituto de Estudios Francisco de Miranda, lleg\u00f3 a la 36.\u00aa Feria Internacional del Libro de Bogot\u00e1 (FilBo 2024) para [&hellip;]\" \/>\n<meta property=\"og:url\" content=\"https:\/\/cenal.gob.ve\/?p=24108\" \/>\n<meta property=\"og:site_name\" content=\"Cenal\" \/>\n<meta property=\"article:published_time\" content=\"2024-04-25T21:09:03+00:00\" \/>\n<meta property=\"article:modified_time\" content=\"2024-04-25T21:30:24+00:00\" \/>\n<meta property=\"og:image\" content=\"https:\/\/i0.wp.com\/cenal.gob.ve\/wp-content\/uploads\/2024\/04\/IMG_20240425_153159_973.jpg?fit=1280%2C853&ssl=1\" \/>\n\t<meta property=\"og:image:width\" content=\"1280\" \/>\n\t<meta property=\"og:image:height\" content=\"853\" \/>\n\t<meta property=\"og:image:type\" content=\"image\/jpeg\" \/>\n<meta name=\"author\" content=\"Prensa Cenal\" \/>\n<meta name=\"twitter:card\" content=\"summary_large_image\" \/>\n<meta name=\"twitter:label1\" content=\"Written by\" \/>\n\t<meta name=\"twitter:data1\" content=\"Prensa Cenal\" \/>\n\t<meta name=\"twitter:label2\" content=\"Est. reading time\" \/>\n\t<meta name=\"twitter:data2\" content=\"9 minutos\" \/>\n<script type=\"application\/ld+json\" class=\"yoast-schema-graph\">{\"@context\":\"https:\/\/schema.org\",\"@graph\":[{\"@type\":\"Article\",\"@id\":\"https:\/\/cenal.gob.ve\/?p=24108#article\",\"isPartOf\":{\"@id\":\"https:\/\/cenal.gob.ve\/?p=24108\"},\"author\":{\"name\":\"Prensa Cenal\",\"@id\":\"https:\/\/cenal.gob.ve\/#\/schema\/person\/e3ed34623f400ffab8bc7a63b2f5533f\"},\"headline\":\"Carmen Boh\u00f3rquez en FilBo 2024: La identidad americana y Francisco de Miranda como precursor de independencias\",\"datePublished\":\"2024-04-25T21:09:03+00:00\",\"dateModified\":\"2024-04-25T21:30:24+00:00\",\"mainEntityOfPage\":{\"@id\":\"https:\/\/cenal.gob.ve\/?p=24108\"},\"wordCount\":1458,\"commentCount\":1,\"publisher\":{\"@id\":\"https:\/\/cenal.gob.ve\/#organization\"},\"articleSection\":[\"Cenal\"],\"inLanguage\":\"es\",\"potentialAction\":[{\"@type\":\"CommentAction\",\"name\":\"Comment\",\"target\":[\"https:\/\/cenal.gob.ve\/?p=24108#respond\"]}]},{\"@type\":\"WebPage\",\"@id\":\"https:\/\/cenal.gob.ve\/?p=24108\",\"url\":\"https:\/\/cenal.gob.ve\/?p=24108\",\"name\":\"Carmen Boh\u00f3rquez en FilBo 2024: La identidad americana y Francisco de Miranda como precursor de independencias\",\"isPartOf\":{\"@id\":\"https:\/\/cenal.gob.ve\/#website\"},\"datePublished\":\"2024-04-25T21:09:03+00:00\",\"dateModified\":\"2024-04-25T21:30:24+00:00\",\"breadcrumb\":{\"@id\":\"https:\/\/cenal.gob.ve\/?p=24108#breadcrumb\"},\"inLanguage\":\"es\",\"potentialAction\":[{\"@type\":\"ReadAction\",\"target\":[\"https:\/\/cenal.gob.ve\/?p=24108\"]}]},{\"@type\":\"BreadcrumbList\",\"@id\":\"https:\/\/cenal.gob.ve\/?p=24108#breadcrumb\",\"itemListElement\":[{\"@type\":\"ListItem\",\"position\":1,\"name\":\"Home\",\"item\":\"https:\/\/cenal.gob.ve\/\"},{\"@type\":\"ListItem\",\"position\":2,\"name\":\"Carmen Boh\u00f3rquez en FilBo 2024: La identidad americana y Francisco de Miranda como precursor de independencias\"}]},{\"@type\":\"WebSite\",\"@id\":\"https:\/\/cenal.gob.ve\/#website\",\"url\":\"https:\/\/cenal.gob.ve\/\",\"name\":\"Cenal\",\"description\":\"\",\"publisher\":{\"@id\":\"https:\/\/cenal.gob.ve\/#organization\"},\"potentialAction\":[{\"@type\":\"SearchAction\",\"target\":{\"@type\":\"EntryPoint\",\"urlTemplate\":\"https:\/\/cenal.gob.ve\/?s={search_term_string}\"},\"query-input\":\"required name=search_term_string\"}],\"inLanguage\":\"es\"},{\"@type\":\"Organization\",\"@id\":\"https:\/\/cenal.gob.ve\/#organization\",\"name\":\"CENAL\",\"url\":\"https:\/\/cenal.gob.ve\/\",\"sameAs\":[],\"logo\":{\"@type\":\"ImageObject\",\"inLanguage\":\"es\",\"@id\":\"https:\/\/cenal.gob.ve\/#\/schema\/logo\/image\/\",\"url\":\"https:\/\/i0.wp.com\/cenal.gob.ve\/wp-content\/uploads\/2022\/10\/cropped-images.jpg?fit=512%2C512\",\"contentUrl\":\"https:\/\/i0.wp.com\/cenal.gob.ve\/wp-content\/uploads\/2022\/10\/cropped-images.jpg?fit=512%2C512\",\"width\":512,\"height\":512,\"caption\":\"CENAL\"},\"image\":{\"@id\":\"https:\/\/cenal.gob.ve\/#\/schema\/logo\/image\/\"}},{\"@type\":\"Person\",\"@id\":\"https:\/\/cenal.gob.ve\/#\/schema\/person\/e3ed34623f400ffab8bc7a63b2f5533f\",\"name\":\"Prensa Cenal\",\"image\":{\"@type\":\"ImageObject\",\"inLanguage\":\"es\",\"@id\":\"https:\/\/cenal.gob.ve\/#\/schema\/person\/image\/\",\"url\":\"https:\/\/secure.gravatar.com\/avatar\/594b4ed34090910c619ac3679001d491?s=96&d=mm&r=g\",\"contentUrl\":\"https:\/\/secure.gravatar.com\/avatar\/594b4ed34090910c619ac3679001d491?s=96&d=mm&r=g\",\"caption\":\"Prensa Cenal\"},\"url\":\"https:\/\/cenal.gob.ve\/?author=10\"}]}<\/script>\n<!-- \/ Yoast SEO plugin. -->","yoast_head_json":{"title":"Carmen Boh\u00f3rquez en FilBo 2024: La identidad americana y Francisco de Miranda como precursor de independencias","robots":{"index":"index","follow":"follow","max-snippet":"max-snippet:-1","max-image-preview":"max-image-preview:large","max-video-preview":"max-video-preview:-1"},"canonical":"https:\/\/cenal.gob.ve\/?p=24108","og_locale":"es_ES","og_type":"article","og_title":"Carmen Boh\u00f3rquez en FilBo 2024: La identidad americana y Francisco de Miranda como precursor de independencias","og_description":"La escritora venezolana Carmen Boh\u00f3rquez, fil\u00f3sofa, doctora en Historia, presidenta del Instituto de Estudios Francisco de Miranda, lleg\u00f3 a la 36.\u00aa Feria Internacional del Libro de Bogot\u00e1 (FilBo 2024) para [&hellip;]","og_url":"https:\/\/cenal.gob.ve\/?p=24108","og_site_name":"Cenal","article_published_time":"2024-04-25T21:09:03+00:00","article_modified_time":"2024-04-25T21:30:24+00:00","og_image":[{"width":1280,"height":853,"url":"https:\/\/i0.wp.com\/cenal.gob.ve\/wp-content\/uploads\/2024\/04\/IMG_20240425_153159_973.jpg?fit=1280%2C853&ssl=1","type":"image\/jpeg"}],"author":"Prensa Cenal","twitter_card":"summary_large_image","twitter_misc":{"Written by":"Prensa Cenal","Est. reading time":"9 minutos"},"schema":{"@context":"https:\/\/schema.org","@graph":[{"@type":"Article","@id":"https:\/\/cenal.gob.ve\/?p=24108#article","isPartOf":{"@id":"https:\/\/cenal.gob.ve\/?p=24108"},"author":{"name":"Prensa Cenal","@id":"https:\/\/cenal.gob.ve\/#\/schema\/person\/e3ed34623f400ffab8bc7a63b2f5533f"},"headline":"Carmen Boh\u00f3rquez en FilBo 2024: La identidad americana y Francisco de Miranda como precursor de independencias","datePublished":"2024-04-25T21:09:03+00:00","dateModified":"2024-04-25T21:30:24+00:00","mainEntityOfPage":{"@id":"https:\/\/cenal.gob.ve\/?p=24108"},"wordCount":1458,"commentCount":1,"publisher":{"@id":"https:\/\/cenal.gob.ve\/#organization"},"articleSection":["Cenal"],"inLanguage":"es","potentialAction":[{"@type":"CommentAction","name":"Comment","target":["https:\/\/cenal.gob.ve\/?p=24108#respond"]}]},{"@type":"WebPage","@id":"https:\/\/cenal.gob.ve\/?p=24108","url":"https:\/\/cenal.gob.ve\/?p=24108","name":"Carmen Boh\u00f3rquez en FilBo 2024: La identidad americana y Francisco de Miranda como precursor de independencias","isPartOf":{"@id":"https:\/\/cenal.gob.ve\/#website"},"datePublished":"2024-04-25T21:09:03+00:00","dateModified":"2024-04-25T21:30:24+00:00","breadcrumb":{"@id":"https:\/\/cenal.gob.ve\/?p=24108#breadcrumb"},"inLanguage":"es","potentialAction":[{"@type":"ReadAction","target":["https:\/\/cenal.gob.ve\/?p=24108"]}]},{"@type":"BreadcrumbList","@id":"https:\/\/cenal.gob.ve\/?p=24108#breadcrumb","itemListElement":[{"@type":"ListItem","position":1,"name":"Home","item":"https:\/\/cenal.gob.ve\/"},{"@type":"ListItem","position":2,"name":"Carmen Boh\u00f3rquez en FilBo 2024: La identidad americana y Francisco de Miranda como precursor de independencias"}]},{"@type":"WebSite","@id":"https:\/\/cenal.gob.ve\/#website","url":"https:\/\/cenal.gob.ve\/","name":"Cenal","description":"","publisher":{"@id":"https:\/\/cenal.gob.ve\/#organization"},"potentialAction":[{"@type":"SearchAction","target":{"@type":"EntryPoint","urlTemplate":"https:\/\/cenal.gob.ve\/?s={search_term_string}"},"query-input":"required name=search_term_string"}],"inLanguage":"es"},{"@type":"Organization","@id":"https:\/\/cenal.gob.ve\/#organization","name":"CENAL","url":"https:\/\/cenal.gob.ve\/","sameAs":[],"logo":{"@type":"ImageObject","inLanguage":"es","@id":"https:\/\/cenal.gob.ve\/#\/schema\/logo\/image\/","url":"https:\/\/i0.wp.com\/cenal.gob.ve\/wp-content\/uploads\/2022\/10\/cropped-images.jpg?fit=512%2C512","contentUrl":"https:\/\/i0.wp.com\/cenal.gob.ve\/wp-content\/uploads\/2022\/10\/cropped-images.jpg?fit=512%2C512","width":512,"height":512,"caption":"CENAL"},"image":{"@id":"https:\/\/cenal.gob.ve\/#\/schema\/logo\/image\/"}},{"@type":"Person","@id":"https:\/\/cenal.gob.ve\/#\/schema\/person\/e3ed34623f400ffab8bc7a63b2f5533f","name":"Prensa Cenal","image":{"@type":"ImageObject","inLanguage":"es","@id":"https:\/\/cenal.gob.ve\/#\/schema\/person\/image\/","url":"https:\/\/secure.gravatar.com\/avatar\/594b4ed34090910c619ac3679001d491?s=96&d=mm&r=g","contentUrl":"https:\/\/secure.gravatar.com\/avatar\/594b4ed34090910c619ac3679001d491?s=96&d=mm&r=g","caption":"Prensa Cenal"},"url":"https:\/\/cenal.gob.ve\/?author=10"}]}},"jetpack_featured_media_url":"https:\/\/cenal.gob.ve\/wp-content\/uploads\/2024\/04\/IMG_20240425_153159_973.jpg","jetpack_publicize_connections":[],"jetpack_shortlink":"https:\/\/wp.me\/p5FMhp-6gQ","_links":{"self":[{"href":"https:\/\/cenal.gob.ve\/index.php?rest_route=\/wp\/v2\/posts\/24108"}],"collection":[{"href":"https:\/\/cenal.gob.ve\/index.php?rest_route=\/wp\/v2\/posts"}],"about":[{"href":"https:\/\/cenal.gob.ve\/index.php?rest_route=\/wp\/v2\/types\/post"}],"author":[{"embeddable":true,"href":"https:\/\/cenal.gob.ve\/index.php?rest_route=\/wp\/v2\/users\/10"}],"replies":[{"embeddable":true,"href":"https:\/\/cenal.gob.ve\/index.php?rest_route=%2Fwp%2Fv2%2Fcomments&post=24108"}],"version-history":[{"count":4,"href":"https:\/\/cenal.gob.ve\/index.php?rest_route=\/wp\/v2\/posts\/24108\/revisions"}],"predecessor-version":[{"id":24125,"href":"https:\/\/cenal.gob.ve\/index.php?rest_route=\/wp\/v2\/posts\/24108\/revisions\/24125"}],"wp:featuredmedia":[{"embeddable":true,"href":"https:\/\/cenal.gob.ve\/index.php?rest_route=\/wp\/v2\/media\/24121"}],"wp:attachment":[{"href":"https:\/\/cenal.gob.ve\/index.php?rest_route=%2Fwp%2Fv2%2Fmedia&parent=24108"}],"wp:term":[{"taxonomy":"category","embeddable":true,"href":"https:\/\/cenal.gob.ve\/index.php?rest_route=%2Fwp%2Fv2%2Fcategories&post=24108"},{"taxonomy":"post_tag","embeddable":true,"href":"https:\/\/cenal.gob.ve\/index.php?rest_route=%2Fwp%2Fv2%2Ftags&post=24108"}],"curies":[{"name":"wp","href":"https:\/\/api.w.org\/{rel}","templated":true}]}}