{"id":24213,"date":"2024-05-03T18:15:55","date_gmt":"2024-05-03T22:15:55","guid":{"rendered":"http:\/\/cenal.gob.ve\/?p=24213"},"modified":"2024-05-03T18:16:02","modified_gmt":"2024-05-03T22:16:02","slug":"canal-educativo-de-cuba-transmitira-las-formas-del-libro","status":"publish","type":"post","link":"https:\/\/cenal.gob.ve\/?p=24213","title":{"rendered":"Canal Educativo de Cuba transmitir\u00e1 Las formas del libro"},"content":{"rendered":"\n<p>El Canal Educativo de Cuba, con alcance nacional y orientado a instruir a la poblaci\u00f3n de la isla, comenzar\u00e1 a transmitir a partir de este domingo 5 de mayo, a las 18.00 horas (hora local), los episodios del programa de entrevistas venezolano Las formas del libro que viene emiti\u00e9ndose por el canal Multivisi\u00f3n.<\/p>\n\n\n\n<p>Las formas del libro se trata de un espacio televisivo producido por el Ministerio del Poder Popular para la Cultura de Venezuela a trav\u00e9s del Centro Nacional del Libro (Cenal).<\/p>\n\n\n\n<p>Con un formato \u00e1gil de entrevistas que van entre la de personalidad y de opini\u00f3n sobre la experiencia lectora de los invitados, bajo la direcci\u00f3n y conducci\u00f3n del periodista y viceministro de Fomento para la Econom\u00eda Cultural y presidente del Cenal, Ra\u00fal Cazal, se ha transformado en un programa para conversar, reflexionar, debatir e incluso vivir otras vidas a trav\u00e9s de las ficciones que residen en los libros.<\/p>\n\n\n\n<p>El Canal Educativo, fundado en 2002, desde donde ahora podr\u00e1 verse con alcance nacional Las formas del libro, tiene como misi\u00f3n producir programas de televisi\u00f3n que complementen los planes de estudio en el Sistema Nacional de Educaci\u00f3n de Cuba, con una alta incidencia en la elevaci\u00f3n de la cultura general-integral de la poblaci\u00f3n.<\/p>\n\n\n\n<p>Las formas del libro se estren\u00f3 el 16 de noviembre de 2021, con entrevistas al escritor homenajeado de la Feria Internacional del Libro de Venezuela (Filven) Vladimir Acosta, al fot\u00f3grafo Rodrigo Benavides y al historiador y cineasta Luis Alberto Lamata. Ha logrado hasta el momento 43 episodios en donde han participado los intelectuales Ignacio Ramonet, Atilio Boron, los poetas Tarek William Saab, Luis Alberto Crespo, Antonio Trujillo, el periodista y ministro de Cultura Ernesto Villegas Poljak, Akapellah, nombre art\u00edstico del rapero venezolano Pedro El\u00edas Aquino Cova, entre historiadores, dramaturgos y diversos protagonistas de la intelectualidad latinoamericana.<\/p>\n\n\n\n<p>En el sitio web lasformasdellibro.com se encuentran tambi\u00e9n todos los episodios a disposici\u00f3n de los usuarios.<\/p>\n\n\n\n<p>El programa recibi\u00f3 en 2023 menci\u00f3n especial en Periodismo Cultural del Premio Nacional de Periodismo Sim\u00f3n Bol\u00edvar.<\/p>\n\n\n\n<p>Inicialmente se cre\u00f3 para formar parte de la programaci\u00f3n del Canal Cultura Venezuela y ser difundido en las redes digitales, pero en 2022 el canal de la Asamblea Nacional de Venezuela, ANTV, lo incluy\u00f3 en su programaci\u00f3n y en 2023 el canal cultural y educativo Vive tambi\u00e9n hizo lo propio. El episodio 21 con el poeta Tarek William Saab fue transmitido y retransmitido como Programa Especial por el canal Globovision.<\/p>\n\n\n\n<p>Sobre su conductor, Ra\u00fal Cazal, es periodista, escritor y editor. Ha publicado los libros de cuentos El bolero se baila pegadito (1988) y Todo tiene su final (1992); de poes\u00eda, Algunas cuestiones sin importancia (1994); de ensayo, en coautor\u00eda con Freddy Fern\u00e1ndez, A qui\u00e9n le importa la opini\u00f3n de un ciego (2006). En 2019 fue merecedor del Premio Nacional de Periodismo por su libro de entrevistas y reportajes Gracias, medios de comunicaci\u00f3n (2018). Fue vicepresidente de la Agencia Venezolana de Noticias (2009-2013) y director de la edici\u00f3n venezolana de Le Monde diplomatic (2008-2013). Actualmente, adem\u00e1s de desempe\u00f1arse como viceministro de Fomento para la Econom\u00eda Cultural y presidente del Cenal, es tambi\u00e9n presidente de la Fundaci\u00f3n Editorial El Perro y la Rana.<\/p>\n\n\n\n<figure class=\"wp-block-gallery has-nested-images columns-default is-cropped\">\n<figure class=\"wp-block-image size-large\"><img width=\"926\" height=\"1024\" data-id=\"24215\"  src=\"http:\/\/cenal.gob.ve\/wp-content\/uploads\/2024\/05\/IMG-20240503-WA0012.jpg\" alt=\"\" class=\"wp-image-24215\" srcset=\"https:\/\/cenal.gob.ve\/wp-content\/uploads\/2024\/05\/IMG-20240503-WA0012.jpg 926w, https:\/\/cenal.gob.ve\/wp-content\/uploads\/2024\/05\/IMG-20240503-WA0012-271x300.jpg 271w, https:\/\/cenal.gob.ve\/wp-content\/uploads\/2024\/05\/IMG-20240503-WA0012-768x849.jpg 768w, https:\/\/cenal.gob.ve\/wp-content\/uploads\/2024\/05\/IMG-20240503-WA0012-640x708.jpg 640w\" sizes=\"(max-width: 926px) 100vw, 926px\" \/><\/figure>\n<figcaption class=\"blocks-gallery-caption\">Visita www.lasformasdellibro.com<\/figcaption><\/figure>\n\n\n\n<p><\/p>\n","protected":false},"excerpt":{"rendered":"<p>El Canal Educativo de Cuba, con alcance nacional y orientado a instruir a la poblaci\u00f3n de la isla, comenzar\u00e1 a transmitir a partir de este domingo 5 de mayo, a [&hellip;]<\/p>\n","protected":false},"author":10,"featured_media":24214,"comment_status":"open","ping_status":"closed","sticky":false,"template":"","format":"standard","meta":{"spay_email":"","jetpack_publicize_message":"","jetpack_is_tweetstorm":false,"jetpack_publicize_feature_enabled":true},"categories":[2],"tags":[],"yoast_head":"<!-- This site is optimized with the Yoast SEO plugin v19.8 - https:\/\/yoast.com\/wordpress\/plugins\/seo\/ -->\n<title>Canal Educativo de Cuba transmitir\u00e1 Las formas del libro<\/title>\n<meta name=\"robots\" content=\"index, follow, max-snippet:-1, max-image-preview:large, max-video-preview:-1\" \/>\n<link rel=\"canonical\" href=\"https:\/\/cenal.gob.ve\/?p=24213\" \/>\n<meta property=\"og:locale\" content=\"es_ES\" \/>\n<meta property=\"og:type\" content=\"article\" \/>\n<meta property=\"og:title\" content=\"Canal Educativo de Cuba transmitir\u00e1 Las formas del libro\" \/>\n<meta property=\"og:description\" content=\"El Canal Educativo de Cuba, con alcance nacional y orientado a instruir a la poblaci\u00f3n de la isla, comenzar\u00e1 a transmitir a partir de este domingo 5 de mayo, a [&hellip;]\" \/>\n<meta property=\"og:url\" content=\"https:\/\/cenal.gob.ve\/?p=24213\" \/>\n<meta property=\"og:site_name\" content=\"Cenal\" \/>\n<meta property=\"article:published_time\" content=\"2024-05-03T22:15:55+00:00\" \/>\n<meta property=\"article:modified_time\" content=\"2024-05-03T22:16:02+00:00\" \/>\n<meta property=\"og:image\" content=\"https:\/\/i0.wp.com\/cenal.gob.ve\/wp-content\/uploads\/2024\/05\/IMG-20240503-WA0017.jpg?fit=2560%2C1706&ssl=1\" \/>\n\t<meta property=\"og:image:width\" content=\"2560\" \/>\n\t<meta property=\"og:image:height\" content=\"1706\" \/>\n\t<meta property=\"og:image:type\" content=\"image\/jpeg\" \/>\n<meta name=\"author\" content=\"Prensa Cenal\" \/>\n<meta name=\"twitter:card\" content=\"summary_large_image\" \/>\n<meta name=\"twitter:label1\" content=\"Written by\" \/>\n\t<meta name=\"twitter:data1\" content=\"Prensa Cenal\" \/>\n\t<meta name=\"twitter:label2\" content=\"Est. reading time\" \/>\n\t<meta name=\"twitter:data2\" content=\"3 minutos\" \/>\n<script type=\"application\/ld+json\" class=\"yoast-schema-graph\">{\"@context\":\"https:\/\/schema.org\",\"@graph\":[{\"@type\":\"Article\",\"@id\":\"https:\/\/cenal.gob.ve\/?p=24213#article\",\"isPartOf\":{\"@id\":\"https:\/\/cenal.gob.ve\/?p=24213\"},\"author\":{\"name\":\"Prensa Cenal\",\"@id\":\"https:\/\/cenal.gob.ve\/#\/schema\/person\/e3ed34623f400ffab8bc7a63b2f5533f\"},\"headline\":\"Canal Educativo de Cuba transmitir\u00e1 Las formas del libro\",\"datePublished\":\"2024-05-03T22:15:55+00:00\",\"dateModified\":\"2024-05-03T22:16:02+00:00\",\"mainEntityOfPage\":{\"@id\":\"https:\/\/cenal.gob.ve\/?p=24213\"},\"wordCount\":561,\"commentCount\":0,\"publisher\":{\"@id\":\"https:\/\/cenal.gob.ve\/#organization\"},\"articleSection\":[\"Cenal\"],\"inLanguage\":\"es\",\"potentialAction\":[{\"@type\":\"CommentAction\",\"name\":\"Comment\",\"target\":[\"https:\/\/cenal.gob.ve\/?p=24213#respond\"]}]},{\"@type\":\"WebPage\",\"@id\":\"https:\/\/cenal.gob.ve\/?p=24213\",\"url\":\"https:\/\/cenal.gob.ve\/?p=24213\",\"name\":\"Canal Educativo de Cuba transmitir\u00e1 Las formas del libro\",\"isPartOf\":{\"@id\":\"https:\/\/cenal.gob.ve\/#website\"},\"datePublished\":\"2024-05-03T22:15:55+00:00\",\"dateModified\":\"2024-05-03T22:16:02+00:00\",\"breadcrumb\":{\"@id\":\"https:\/\/cenal.gob.ve\/?p=24213#breadcrumb\"},\"inLanguage\":\"es\",\"potentialAction\":[{\"@type\":\"ReadAction\",\"target\":[\"https:\/\/cenal.gob.ve\/?p=24213\"]}]},{\"@type\":\"BreadcrumbList\",\"@id\":\"https:\/\/cenal.gob.ve\/?p=24213#breadcrumb\",\"itemListElement\":[{\"@type\":\"ListItem\",\"position\":1,\"name\":\"Home\",\"item\":\"https:\/\/cenal.gob.ve\/\"},{\"@type\":\"ListItem\",\"position\":2,\"name\":\"Canal Educativo de Cuba transmitir\u00e1 Las formas del libro\"}]},{\"@type\":\"WebSite\",\"@id\":\"https:\/\/cenal.gob.ve\/#website\",\"url\":\"https:\/\/cenal.gob.ve\/\",\"name\":\"Cenal\",\"description\":\"\",\"publisher\":{\"@id\":\"https:\/\/cenal.gob.ve\/#organization\"},\"potentialAction\":[{\"@type\":\"SearchAction\",\"target\":{\"@type\":\"EntryPoint\",\"urlTemplate\":\"https:\/\/cenal.gob.ve\/?s={search_term_string}\"},\"query-input\":\"required name=search_term_string\"}],\"inLanguage\":\"es\"},{\"@type\":\"Organization\",\"@id\":\"https:\/\/cenal.gob.ve\/#organization\",\"name\":\"CENAL\",\"url\":\"https:\/\/cenal.gob.ve\/\",\"sameAs\":[],\"logo\":{\"@type\":\"ImageObject\",\"inLanguage\":\"es\",\"@id\":\"https:\/\/cenal.gob.ve\/#\/schema\/logo\/image\/\",\"url\":\"https:\/\/i0.wp.com\/cenal.gob.ve\/wp-content\/uploads\/2022\/10\/cropped-images.jpg?fit=512%2C512\",\"contentUrl\":\"https:\/\/i0.wp.com\/cenal.gob.ve\/wp-content\/uploads\/2022\/10\/cropped-images.jpg?fit=512%2C512\",\"width\":512,\"height\":512,\"caption\":\"CENAL\"},\"image\":{\"@id\":\"https:\/\/cenal.gob.ve\/#\/schema\/logo\/image\/\"}},{\"@type\":\"Person\",\"@id\":\"https:\/\/cenal.gob.ve\/#\/schema\/person\/e3ed34623f400ffab8bc7a63b2f5533f\",\"name\":\"Prensa Cenal\",\"image\":{\"@type\":\"ImageObject\",\"inLanguage\":\"es\",\"@id\":\"https:\/\/cenal.gob.ve\/#\/schema\/person\/image\/\",\"url\":\"https:\/\/secure.gravatar.com\/avatar\/594b4ed34090910c619ac3679001d491?s=96&d=mm&r=g\",\"contentUrl\":\"https:\/\/secure.gravatar.com\/avatar\/594b4ed34090910c619ac3679001d491?s=96&d=mm&r=g\",\"caption\":\"Prensa Cenal\"},\"url\":\"https:\/\/cenal.gob.ve\/?author=10\"}]}<\/script>\n<!-- \/ Yoast SEO plugin. -->","yoast_head_json":{"title":"Canal Educativo de Cuba transmitir\u00e1 Las formas del libro","robots":{"index":"index","follow":"follow","max-snippet":"max-snippet:-1","max-image-preview":"max-image-preview:large","max-video-preview":"max-video-preview:-1"},"canonical":"https:\/\/cenal.gob.ve\/?p=24213","og_locale":"es_ES","og_type":"article","og_title":"Canal Educativo de Cuba transmitir\u00e1 Las formas del libro","og_description":"El Canal Educativo de Cuba, con alcance nacional y orientado a instruir a la poblaci\u00f3n de la isla, comenzar\u00e1 a transmitir a partir de este domingo 5 de mayo, a [&hellip;]","og_url":"https:\/\/cenal.gob.ve\/?p=24213","og_site_name":"Cenal","article_published_time":"2024-05-03T22:15:55+00:00","article_modified_time":"2024-05-03T22:16:02+00:00","og_image":[{"width":2560,"height":1706,"url":"https:\/\/i0.wp.com\/cenal.gob.ve\/wp-content\/uploads\/2024\/05\/IMG-20240503-WA0017.jpg?fit=2560%2C1706&ssl=1","type":"image\/jpeg"}],"author":"Prensa Cenal","twitter_card":"summary_large_image","twitter_misc":{"Written by":"Prensa Cenal","Est. reading time":"3 minutos"},"schema":{"@context":"https:\/\/schema.org","@graph":[{"@type":"Article","@id":"https:\/\/cenal.gob.ve\/?p=24213#article","isPartOf":{"@id":"https:\/\/cenal.gob.ve\/?p=24213"},"author":{"name":"Prensa Cenal","@id":"https:\/\/cenal.gob.ve\/#\/schema\/person\/e3ed34623f400ffab8bc7a63b2f5533f"},"headline":"Canal Educativo de Cuba transmitir\u00e1 Las formas del libro","datePublished":"2024-05-03T22:15:55+00:00","dateModified":"2024-05-03T22:16:02+00:00","mainEntityOfPage":{"@id":"https:\/\/cenal.gob.ve\/?p=24213"},"wordCount":561,"commentCount":0,"publisher":{"@id":"https:\/\/cenal.gob.ve\/#organization"},"articleSection":["Cenal"],"inLanguage":"es","potentialAction":[{"@type":"CommentAction","name":"Comment","target":["https:\/\/cenal.gob.ve\/?p=24213#respond"]}]},{"@type":"WebPage","@id":"https:\/\/cenal.gob.ve\/?p=24213","url":"https:\/\/cenal.gob.ve\/?p=24213","name":"Canal Educativo de Cuba transmitir\u00e1 Las formas del libro","isPartOf":{"@id":"https:\/\/cenal.gob.ve\/#website"},"datePublished":"2024-05-03T22:15:55+00:00","dateModified":"2024-05-03T22:16:02+00:00","breadcrumb":{"@id":"https:\/\/cenal.gob.ve\/?p=24213#breadcrumb"},"inLanguage":"es","potentialAction":[{"@type":"ReadAction","target":["https:\/\/cenal.gob.ve\/?p=24213"]}]},{"@type":"BreadcrumbList","@id":"https:\/\/cenal.gob.ve\/?p=24213#breadcrumb","itemListElement":[{"@type":"ListItem","position":1,"name":"Home","item":"https:\/\/cenal.gob.ve\/"},{"@type":"ListItem","position":2,"name":"Canal Educativo de Cuba transmitir\u00e1 Las formas del libro"}]},{"@type":"WebSite","@id":"https:\/\/cenal.gob.ve\/#website","url":"https:\/\/cenal.gob.ve\/","name":"Cenal","description":"","publisher":{"@id":"https:\/\/cenal.gob.ve\/#organization"},"potentialAction":[{"@type":"SearchAction","target":{"@type":"EntryPoint","urlTemplate":"https:\/\/cenal.gob.ve\/?s={search_term_string}"},"query-input":"required name=search_term_string"}],"inLanguage":"es"},{"@type":"Organization","@id":"https:\/\/cenal.gob.ve\/#organization","name":"CENAL","url":"https:\/\/cenal.gob.ve\/","sameAs":[],"logo":{"@type":"ImageObject","inLanguage":"es","@id":"https:\/\/cenal.gob.ve\/#\/schema\/logo\/image\/","url":"https:\/\/i0.wp.com\/cenal.gob.ve\/wp-content\/uploads\/2022\/10\/cropped-images.jpg?fit=512%2C512","contentUrl":"https:\/\/i0.wp.com\/cenal.gob.ve\/wp-content\/uploads\/2022\/10\/cropped-images.jpg?fit=512%2C512","width":512,"height":512,"caption":"CENAL"},"image":{"@id":"https:\/\/cenal.gob.ve\/#\/schema\/logo\/image\/"}},{"@type":"Person","@id":"https:\/\/cenal.gob.ve\/#\/schema\/person\/e3ed34623f400ffab8bc7a63b2f5533f","name":"Prensa Cenal","image":{"@type":"ImageObject","inLanguage":"es","@id":"https:\/\/cenal.gob.ve\/#\/schema\/person\/image\/","url":"https:\/\/secure.gravatar.com\/avatar\/594b4ed34090910c619ac3679001d491?s=96&d=mm&r=g","contentUrl":"https:\/\/secure.gravatar.com\/avatar\/594b4ed34090910c619ac3679001d491?s=96&d=mm&r=g","caption":"Prensa Cenal"},"url":"https:\/\/cenal.gob.ve\/?author=10"}]}},"jetpack_featured_media_url":"https:\/\/cenal.gob.ve\/wp-content\/uploads\/2024\/05\/IMG-20240503-WA0017.jpg","jetpack_publicize_connections":[],"jetpack_shortlink":"https:\/\/wp.me\/p5FMhp-6ix","_links":{"self":[{"href":"https:\/\/cenal.gob.ve\/index.php?rest_route=\/wp\/v2\/posts\/24213"}],"collection":[{"href":"https:\/\/cenal.gob.ve\/index.php?rest_route=\/wp\/v2\/posts"}],"about":[{"href":"https:\/\/cenal.gob.ve\/index.php?rest_route=\/wp\/v2\/types\/post"}],"author":[{"embeddable":true,"href":"https:\/\/cenal.gob.ve\/index.php?rest_route=\/wp\/v2\/users\/10"}],"replies":[{"embeddable":true,"href":"https:\/\/cenal.gob.ve\/index.php?rest_route=%2Fwp%2Fv2%2Fcomments&post=24213"}],"version-history":[{"count":1,"href":"https:\/\/cenal.gob.ve\/index.php?rest_route=\/wp\/v2\/posts\/24213\/revisions"}],"predecessor-version":[{"id":24216,"href":"https:\/\/cenal.gob.ve\/index.php?rest_route=\/wp\/v2\/posts\/24213\/revisions\/24216"}],"wp:featuredmedia":[{"embeddable":true,"href":"https:\/\/cenal.gob.ve\/index.php?rest_route=\/wp\/v2\/media\/24214"}],"wp:attachment":[{"href":"https:\/\/cenal.gob.ve\/index.php?rest_route=%2Fwp%2Fv2%2Fmedia&parent=24213"}],"wp:term":[{"taxonomy":"category","embeddable":true,"href":"https:\/\/cenal.gob.ve\/index.php?rest_route=%2Fwp%2Fv2%2Fcategories&post=24213"},{"taxonomy":"post_tag","embeddable":true,"href":"https:\/\/cenal.gob.ve\/index.php?rest_route=%2Fwp%2Fv2%2Ftags&post=24213"}],"curies":[{"name":"wp","href":"https:\/\/api.w.org\/{rel}","templated":true}]}}