{"id":24276,"date":"2024-05-17T16:48:13","date_gmt":"2024-05-17T20:48:13","guid":{"rendered":"http:\/\/cenal.gob.ve\/?p=24276"},"modified":"2024-05-17T16:48:21","modified_gmt":"2024-05-17T20:48:21","slug":"presentaron-en-la-19-a-filven-monagas-la-reedicion-del-libro-guerra-y-millan-la-masacre-del-liceo-sanz","status":"publish","type":"post","link":"https:\/\/cenal.gob.ve\/?p=24276","title":{"rendered":"Presentaron en la 19.\u00aa Filven Monagas la reedici\u00f3n del libro \u201cGuerra y Mill\u00e1n, la masacre del Liceo Sanz\u201d"},"content":{"rendered":"\n<p>La Defensor\u00eda del Pueblo y la Alcald\u00eda Bolivariana del Municipio Matur\u00edn presentaron este jueves durante la 19.\u00aa Filven Monagas la reedici\u00f3n del libro \u201cGuerra y Mill\u00e1n, la masacre del Liceo Sanz, 1962\u201d, publicaci\u00f3n coeditada entre ambas instituciones.<\/p>\n\n\n\n<p>Carolina Brito, coordinadora de publicaciones de la Defensor\u00eda del Pueblo, expuso que esta tercera edici\u00f3n es el resultado de una investigaci\u00f3n que forma parte de la colecci\u00f3n Sin memoria no hay justicia, que busca visibilizar y denunciar lo que fue la violaci\u00f3n de los derechos humanos en el pa\u00eds entre los a\u00f1os 1958 y 1998, \u201cque fue una violaci\u00f3n sistem\u00e1tica de los derechos humanos como politica del Estado venezolano\u201d.<\/p>\n\n\n\n<p>En ese sentido, explic\u00f3 que la publicaci\u00f3n \u201cbusca educar en materia de derechos humanos, dar a conocer conocimientos de nuestra historia contempor\u00e1nea y hacer un an\u00e1lisis cr\u00edtico de \u00e9stos\u201d.<\/p>\n\n\n\n<p>A\u00f1adi\u00f3 que la masacre a la que hace referencia el libro no fue un hecho aislado, \u201cse da en el contexto de lo que fue aquel hecho c\u00edvico militar que se conoce como el Carupanazo y otros focos similares en los que el Estado venezolano, en ese momento dirigido por el presidente R\u00f3mulo Betancourt, en estado de alerta, respondi\u00f3 con violencia y represi\u00f3n\u201d.<\/p>\n\n\n\n<p><strong>J\u00f3venes como constructores de la Patria<\/strong><\/p>\n\n\n\n<p>Durante la presentaci\u00f3n estuvo presente el escritor e historiador Miguel Mendoza Barreto, jefe de la Oficina del Historiador de la Alcald\u00eda del Municipio Matur\u00edn, quien expuso que esta reedici\u00f3n se plantea \u201cfundamentalmente que el silencio no borre la memoria de nuestros m\u00e1rtires. Se plantea que de manera permanente nuestro pueblo, nuestra juventud, sepa los horrores de la persecuci\u00f3n pol\u00edtica y el crimen de los gobiernos de la Cuarta Rep\u00fablica en contra de la poblaci\u00f3n y la juventud en general\u201d.<\/p>\n\n\n\n<figure class=\"wp-block-image\"><img src=\"https:\/\/filven.com\/wp-content\/uploads\/2024\/05\/IMG_20240516_161818_033-1024x682.jpg\" alt=\"\" class=\"wp-image-16165\"\/><\/figure>\n\n\n\n<p>\u201cGuerra y Mill\u00e1n, la masacre del Liceo Sanz, 1962\u201d busca tambi\u00e9n \u201cevidenciar con claridad que las pol\u00edticas p\u00fablicas del Estado, del Gobierno Bolivariano, est\u00e1n al servicio de la gente y conciben a la juventud como los constructores de la Patria, y no como los enemigos del Gobierno, por eso no los perseguimos, no los reprimimos, no los asesinamos, sino que, por el contrario, los abrazamos, somos solidarios con ellos, y son la esencia y el fundamento de la gesti\u00f3n pol\u00edtica del Gobierno Revolucionario\u201d, expres\u00f3 Mendoza Barreto durante su intervenci\u00f3n.<\/p>\n\n\n\n<p><strong>Estudiantes presentes<\/strong><\/p>\n\n\n\n<p>Asistieron Hermelinda Cabello, Defensora del Pueblo del Estado Monagas; Luis Pe\u00f1alver, jefe de la Oficina del Historiador de esa entidad, y Rosa Elena Mill\u00e1n, hermana de Alberto C\u00e9sar Mill\u00e1n.<\/p>\n\n\n\n<figure class=\"wp-block-image\"><img src=\"https:\/\/filven.com\/wp-content\/uploads\/2024\/05\/IMG_20240516_161839_213-1024x682.jpg\" alt=\"\" class=\"wp-image-16164\"\/><\/figure>\n\n\n\n<p>En el auditorio estuvieron presentes los estudiantes del liceo Miguel Jos\u00e9 Sanz y de las Universidades de La Seguridad (Unes) y R\u00f3mulo Gallegos (Unerg).<\/p>\n\n\n\n<p>La reedici\u00f3n de este libro es una construcci\u00f3n colectiva que cuenta con textos del cronista y escritor monaguense Beltr\u00e1n Trujillo Centeno, baluarte imprescindible del periodismo regional y otros textos de poetas, escritores y cronistas de la regi\u00f3n, referidos a los hechos ocurridos en las instalaciones del liceo Miguel Jos\u00e9 Sanz en Matur\u00edn, el 4 de mayo de 1962, en el contexto de la represi\u00f3n Puntofijista.<\/p>\n\n\n\n<p>En la publicaci\u00f3n se rinde homenaje a los dos j\u00f3venes m\u00e1rtires monaguenses Jos\u00e9 Rafael Guerra Silva y Alberto C\u00e9sar Mill\u00e1n, quienes fueron v\u00edctimas de una masacre organizada por parte de bandas armadas del Gobierno de R\u00f3mulo Betancourt.<\/p>\n\n\n\n<figure class=\"wp-block-image\"><img src=\"https:\/\/filven.com\/wp-content\/uploads\/2024\/05\/IMG_20240516_161732_678-1024x682.jpg\" alt=\"\" class=\"wp-image-16166\"\/><\/figure>\n","protected":false},"excerpt":{"rendered":"<p>La Defensor\u00eda del Pueblo y la Alcald\u00eda Bolivariana del Municipio Matur\u00edn presentaron este jueves durante la 19.\u00aa Filven Monagas la reedici\u00f3n del libro \u201cGuerra y Mill\u00e1n, la masacre del Liceo [&hellip;]<\/p>\n","protected":false},"author":10,"featured_media":24277,"comment_status":"open","ping_status":"closed","sticky":false,"template":"","format":"standard","meta":{"spay_email":"","jetpack_publicize_message":"","jetpack_is_tweetstorm":false,"jetpack_publicize_feature_enabled":true},"categories":[12],"tags":[79,81,9],"yoast_head":"<!-- This site is optimized with the Yoast SEO plugin v19.8 - https:\/\/yoast.com\/wordpress\/plugins\/seo\/ -->\n<title>Presentaron en la 19.\u00aa Filven Monagas la reedici\u00f3n del libro \u201cGuerra y Mill\u00e1n, la masacre del Liceo Sanz\u201d<\/title>\n<meta name=\"robots\" content=\"index, follow, max-snippet:-1, max-image-preview:large, max-video-preview:-1\" \/>\n<link rel=\"canonical\" href=\"https:\/\/cenal.gob.ve\/?p=24276\" \/>\n<meta property=\"og:locale\" content=\"es_ES\" \/>\n<meta property=\"og:type\" content=\"article\" \/>\n<meta property=\"og:title\" content=\"Presentaron en la 19.\u00aa Filven Monagas la reedici\u00f3n del libro \u201cGuerra y Mill\u00e1n, la masacre del Liceo Sanz\u201d\" \/>\n<meta property=\"og:description\" content=\"La Defensor\u00eda del Pueblo y la Alcald\u00eda Bolivariana del Municipio Matur\u00edn presentaron este jueves durante la 19.\u00aa Filven Monagas la reedici\u00f3n del libro \u201cGuerra y Mill\u00e1n, la masacre del Liceo [&hellip;]\" \/>\n<meta property=\"og:url\" content=\"https:\/\/cenal.gob.ve\/?p=24276\" \/>\n<meta property=\"og:site_name\" content=\"Cenal\" \/>\n<meta property=\"article:published_time\" content=\"2024-05-17T20:48:13+00:00\" \/>\n<meta property=\"article:modified_time\" content=\"2024-05-17T20:48:21+00:00\" \/>\n<meta property=\"og:image\" content=\"https:\/\/i0.wp.com\/cenal.gob.ve\/wp-content\/uploads\/2024\/05\/WhatsApp-Image-2024-05-17-at-3.51.44-PM-3.jpeg?fit=1080%2C719&ssl=1\" \/>\n\t<meta property=\"og:image:width\" content=\"1080\" \/>\n\t<meta property=\"og:image:height\" content=\"719\" \/>\n\t<meta property=\"og:image:type\" content=\"image\/jpeg\" \/>\n<meta name=\"author\" content=\"Prensa Cenal\" \/>\n<meta name=\"twitter:card\" content=\"summary_large_image\" \/>\n<meta name=\"twitter:label1\" content=\"Written by\" \/>\n\t<meta name=\"twitter:data1\" content=\"Prensa Cenal\" \/>\n\t<meta name=\"twitter:label2\" content=\"Est. reading time\" \/>\n\t<meta name=\"twitter:data2\" content=\"4 minutos\" \/>\n<script type=\"application\/ld+json\" class=\"yoast-schema-graph\">{\"@context\":\"https:\/\/schema.org\",\"@graph\":[{\"@type\":\"Article\",\"@id\":\"https:\/\/cenal.gob.ve\/?p=24276#article\",\"isPartOf\":{\"@id\":\"https:\/\/cenal.gob.ve\/?p=24276\"},\"author\":{\"name\":\"Prensa Cenal\",\"@id\":\"https:\/\/cenal.gob.ve\/#\/schema\/person\/e3ed34623f400ffab8bc7a63b2f5533f\"},\"headline\":\"Presentaron en la 19.\u00aa Filven Monagas la reedici\u00f3n del libro \u201cGuerra y Mill\u00e1n, la masacre del Liceo Sanz\u201d\",\"datePublished\":\"2024-05-17T20:48:13+00:00\",\"dateModified\":\"2024-05-17T20:48:21+00:00\",\"mainEntityOfPage\":{\"@id\":\"https:\/\/cenal.gob.ve\/?p=24276\"},\"wordCount\":600,\"commentCount\":0,\"publisher\":{\"@id\":\"https:\/\/cenal.gob.ve\/#organization\"},\"keywords\":[\"FILVEN\",\"Libros\",\"Noticias\"],\"articleSection\":[\"Filven\"],\"inLanguage\":\"es\",\"potentialAction\":[{\"@type\":\"CommentAction\",\"name\":\"Comment\",\"target\":[\"https:\/\/cenal.gob.ve\/?p=24276#respond\"]}]},{\"@type\":\"WebPage\",\"@id\":\"https:\/\/cenal.gob.ve\/?p=24276\",\"url\":\"https:\/\/cenal.gob.ve\/?p=24276\",\"name\":\"Presentaron en la 19.\u00aa Filven Monagas la reedici\u00f3n del libro \u201cGuerra y Mill\u00e1n, la masacre del Liceo Sanz\u201d\",\"isPartOf\":{\"@id\":\"https:\/\/cenal.gob.ve\/#website\"},\"datePublished\":\"2024-05-17T20:48:13+00:00\",\"dateModified\":\"2024-05-17T20:48:21+00:00\",\"breadcrumb\":{\"@id\":\"https:\/\/cenal.gob.ve\/?p=24276#breadcrumb\"},\"inLanguage\":\"es\",\"potentialAction\":[{\"@type\":\"ReadAction\",\"target\":[\"https:\/\/cenal.gob.ve\/?p=24276\"]}]},{\"@type\":\"BreadcrumbList\",\"@id\":\"https:\/\/cenal.gob.ve\/?p=24276#breadcrumb\",\"itemListElement\":[{\"@type\":\"ListItem\",\"position\":1,\"name\":\"Home\",\"item\":\"https:\/\/cenal.gob.ve\/\"},{\"@type\":\"ListItem\",\"position\":2,\"name\":\"Presentaron en la 19.\u00aa Filven Monagas la reedici\u00f3n del libro \u201cGuerra y Mill\u00e1n, la masacre del Liceo Sanz\u201d\"}]},{\"@type\":\"WebSite\",\"@id\":\"https:\/\/cenal.gob.ve\/#website\",\"url\":\"https:\/\/cenal.gob.ve\/\",\"name\":\"Cenal\",\"description\":\"\",\"publisher\":{\"@id\":\"https:\/\/cenal.gob.ve\/#organization\"},\"potentialAction\":[{\"@type\":\"SearchAction\",\"target\":{\"@type\":\"EntryPoint\",\"urlTemplate\":\"https:\/\/cenal.gob.ve\/?s={search_term_string}\"},\"query-input\":\"required name=search_term_string\"}],\"inLanguage\":\"es\"},{\"@type\":\"Organization\",\"@id\":\"https:\/\/cenal.gob.ve\/#organization\",\"name\":\"CENAL\",\"url\":\"https:\/\/cenal.gob.ve\/\",\"sameAs\":[],\"logo\":{\"@type\":\"ImageObject\",\"inLanguage\":\"es\",\"@id\":\"https:\/\/cenal.gob.ve\/#\/schema\/logo\/image\/\",\"url\":\"https:\/\/i0.wp.com\/cenal.gob.ve\/wp-content\/uploads\/2022\/10\/cropped-images.jpg?fit=512%2C512\",\"contentUrl\":\"https:\/\/i0.wp.com\/cenal.gob.ve\/wp-content\/uploads\/2022\/10\/cropped-images.jpg?fit=512%2C512\",\"width\":512,\"height\":512,\"caption\":\"CENAL\"},\"image\":{\"@id\":\"https:\/\/cenal.gob.ve\/#\/schema\/logo\/image\/\"}},{\"@type\":\"Person\",\"@id\":\"https:\/\/cenal.gob.ve\/#\/schema\/person\/e3ed34623f400ffab8bc7a63b2f5533f\",\"name\":\"Prensa Cenal\",\"image\":{\"@type\":\"ImageObject\",\"inLanguage\":\"es\",\"@id\":\"https:\/\/cenal.gob.ve\/#\/schema\/person\/image\/\",\"url\":\"https:\/\/secure.gravatar.com\/avatar\/594b4ed34090910c619ac3679001d491?s=96&d=mm&r=g\",\"contentUrl\":\"https:\/\/secure.gravatar.com\/avatar\/594b4ed34090910c619ac3679001d491?s=96&d=mm&r=g\",\"caption\":\"Prensa Cenal\"},\"url\":\"https:\/\/cenal.gob.ve\/?author=10\"}]}<\/script>\n<!-- \/ Yoast SEO plugin. -->","yoast_head_json":{"title":"Presentaron en la 19.\u00aa Filven Monagas la reedici\u00f3n del libro \u201cGuerra y Mill\u00e1n, la masacre del Liceo Sanz\u201d","robots":{"index":"index","follow":"follow","max-snippet":"max-snippet:-1","max-image-preview":"max-image-preview:large","max-video-preview":"max-video-preview:-1"},"canonical":"https:\/\/cenal.gob.ve\/?p=24276","og_locale":"es_ES","og_type":"article","og_title":"Presentaron en la 19.\u00aa Filven Monagas la reedici\u00f3n del libro \u201cGuerra y Mill\u00e1n, la masacre del Liceo Sanz\u201d","og_description":"La Defensor\u00eda del Pueblo y la Alcald\u00eda Bolivariana del Municipio Matur\u00edn presentaron este jueves durante la 19.\u00aa Filven Monagas la reedici\u00f3n del libro \u201cGuerra y Mill\u00e1n, la masacre del Liceo [&hellip;]","og_url":"https:\/\/cenal.gob.ve\/?p=24276","og_site_name":"Cenal","article_published_time":"2024-05-17T20:48:13+00:00","article_modified_time":"2024-05-17T20:48:21+00:00","og_image":[{"width":1080,"height":719,"url":"https:\/\/i0.wp.com\/cenal.gob.ve\/wp-content\/uploads\/2024\/05\/WhatsApp-Image-2024-05-17-at-3.51.44-PM-3.jpeg?fit=1080%2C719&ssl=1","type":"image\/jpeg"}],"author":"Prensa Cenal","twitter_card":"summary_large_image","twitter_misc":{"Written by":"Prensa Cenal","Est. reading time":"4 minutos"},"schema":{"@context":"https:\/\/schema.org","@graph":[{"@type":"Article","@id":"https:\/\/cenal.gob.ve\/?p=24276#article","isPartOf":{"@id":"https:\/\/cenal.gob.ve\/?p=24276"},"author":{"name":"Prensa Cenal","@id":"https:\/\/cenal.gob.ve\/#\/schema\/person\/e3ed34623f400ffab8bc7a63b2f5533f"},"headline":"Presentaron en la 19.\u00aa Filven Monagas la reedici\u00f3n del libro \u201cGuerra y Mill\u00e1n, la masacre del Liceo Sanz\u201d","datePublished":"2024-05-17T20:48:13+00:00","dateModified":"2024-05-17T20:48:21+00:00","mainEntityOfPage":{"@id":"https:\/\/cenal.gob.ve\/?p=24276"},"wordCount":600,"commentCount":0,"publisher":{"@id":"https:\/\/cenal.gob.ve\/#organization"},"keywords":["FILVEN","Libros","Noticias"],"articleSection":["Filven"],"inLanguage":"es","potentialAction":[{"@type":"CommentAction","name":"Comment","target":["https:\/\/cenal.gob.ve\/?p=24276#respond"]}]},{"@type":"WebPage","@id":"https:\/\/cenal.gob.ve\/?p=24276","url":"https:\/\/cenal.gob.ve\/?p=24276","name":"Presentaron en la 19.\u00aa Filven Monagas la reedici\u00f3n del libro \u201cGuerra y Mill\u00e1n, la masacre del Liceo Sanz\u201d","isPartOf":{"@id":"https:\/\/cenal.gob.ve\/#website"},"datePublished":"2024-05-17T20:48:13+00:00","dateModified":"2024-05-17T20:48:21+00:00","breadcrumb":{"@id":"https:\/\/cenal.gob.ve\/?p=24276#breadcrumb"},"inLanguage":"es","potentialAction":[{"@type":"ReadAction","target":["https:\/\/cenal.gob.ve\/?p=24276"]}]},{"@type":"BreadcrumbList","@id":"https:\/\/cenal.gob.ve\/?p=24276#breadcrumb","itemListElement":[{"@type":"ListItem","position":1,"name":"Home","item":"https:\/\/cenal.gob.ve\/"},{"@type":"ListItem","position":2,"name":"Presentaron en la 19.\u00aa Filven Monagas la reedici\u00f3n del libro \u201cGuerra y Mill\u00e1n, la masacre del Liceo Sanz\u201d"}]},{"@type":"WebSite","@id":"https:\/\/cenal.gob.ve\/#website","url":"https:\/\/cenal.gob.ve\/","name":"Cenal","description":"","publisher":{"@id":"https:\/\/cenal.gob.ve\/#organization"},"potentialAction":[{"@type":"SearchAction","target":{"@type":"EntryPoint","urlTemplate":"https:\/\/cenal.gob.ve\/?s={search_term_string}"},"query-input":"required name=search_term_string"}],"inLanguage":"es"},{"@type":"Organization","@id":"https:\/\/cenal.gob.ve\/#organization","name":"CENAL","url":"https:\/\/cenal.gob.ve\/","sameAs":[],"logo":{"@type":"ImageObject","inLanguage":"es","@id":"https:\/\/cenal.gob.ve\/#\/schema\/logo\/image\/","url":"https:\/\/i0.wp.com\/cenal.gob.ve\/wp-content\/uploads\/2022\/10\/cropped-images.jpg?fit=512%2C512","contentUrl":"https:\/\/i0.wp.com\/cenal.gob.ve\/wp-content\/uploads\/2022\/10\/cropped-images.jpg?fit=512%2C512","width":512,"height":512,"caption":"CENAL"},"image":{"@id":"https:\/\/cenal.gob.ve\/#\/schema\/logo\/image\/"}},{"@type":"Person","@id":"https:\/\/cenal.gob.ve\/#\/schema\/person\/e3ed34623f400ffab8bc7a63b2f5533f","name":"Prensa Cenal","image":{"@type":"ImageObject","inLanguage":"es","@id":"https:\/\/cenal.gob.ve\/#\/schema\/person\/image\/","url":"https:\/\/secure.gravatar.com\/avatar\/594b4ed34090910c619ac3679001d491?s=96&d=mm&r=g","contentUrl":"https:\/\/secure.gravatar.com\/avatar\/594b4ed34090910c619ac3679001d491?s=96&d=mm&r=g","caption":"Prensa Cenal"},"url":"https:\/\/cenal.gob.ve\/?author=10"}]}},"jetpack_featured_media_url":"https:\/\/cenal.gob.ve\/wp-content\/uploads\/2024\/05\/WhatsApp-Image-2024-05-17-at-3.51.44-PM-3.jpeg","jetpack_publicize_connections":[],"jetpack_shortlink":"https:\/\/wp.me\/p5FMhp-6jy","_links":{"self":[{"href":"https:\/\/cenal.gob.ve\/index.php?rest_route=\/wp\/v2\/posts\/24276"}],"collection":[{"href":"https:\/\/cenal.gob.ve\/index.php?rest_route=\/wp\/v2\/posts"}],"about":[{"href":"https:\/\/cenal.gob.ve\/index.php?rest_route=\/wp\/v2\/types\/post"}],"author":[{"embeddable":true,"href":"https:\/\/cenal.gob.ve\/index.php?rest_route=\/wp\/v2\/users\/10"}],"replies":[{"embeddable":true,"href":"https:\/\/cenal.gob.ve\/index.php?rest_route=%2Fwp%2Fv2%2Fcomments&post=24276"}],"version-history":[{"count":1,"href":"https:\/\/cenal.gob.ve\/index.php?rest_route=\/wp\/v2\/posts\/24276\/revisions"}],"predecessor-version":[{"id":24278,"href":"https:\/\/cenal.gob.ve\/index.php?rest_route=\/wp\/v2\/posts\/24276\/revisions\/24278"}],"wp:featuredmedia":[{"embeddable":true,"href":"https:\/\/cenal.gob.ve\/index.php?rest_route=\/wp\/v2\/media\/24277"}],"wp:attachment":[{"href":"https:\/\/cenal.gob.ve\/index.php?rest_route=%2Fwp%2Fv2%2Fmedia&parent=24276"}],"wp:term":[{"taxonomy":"category","embeddable":true,"href":"https:\/\/cenal.gob.ve\/index.php?rest_route=%2Fwp%2Fv2%2Fcategories&post=24276"},{"taxonomy":"post_tag","embeddable":true,"href":"https:\/\/cenal.gob.ve\/index.php?rest_route=%2Fwp%2Fv2%2Ftags&post=24276"}],"curies":[{"name":"wp","href":"https:\/\/api.w.org\/{rel}","templated":true}]}}