{"id":24325,"date":"2024-05-24T18:33:24","date_gmt":"2024-05-24T22:33:24","guid":{"rendered":"http:\/\/cenal.gob.ve\/?p=24325"},"modified":"2024-05-24T19:51:58","modified_gmt":"2024-05-24T23:51:58","slug":"jovenes-y-mujeres-son-invitados-a-participar-en-bienales-nacionales-de-literatura","status":"publish","type":"post","link":"https:\/\/cenal.gob.ve\/?p=24325","title":{"rendered":"J\u00f3venes y mujeres son invitados a participar en Bienales Nacionales de Literatura"},"content":{"rendered":"\n<p>Durante este 2024 estar\u00e1n desarroll\u00e1ndose diferentes concursos literarios a trav\u00e9s de siete Bienales Nacionales de Literatura convocadas por el Ministerio del Poder Popular para la Cultura (Mppc) a trav\u00e9s del Centro Nacional del Libro (Cenal) y la Compa\u00f1\u00eda Nacional de Teatro (CNT), dirigidos a escritores y escritoras venezolanos y extranjeros residenciados en el pa\u00eds y en los cuales se espera lograr un mayor registro de j\u00f3venes y mujeres en comparaci\u00f3n con ediciones anteriores.<\/p>\n\n\n\n<figure class=\"wp-block-gallery has-nested-images columns-default is-cropped\">\n<figure class=\"wp-block-image size-large\"><img width=\"1024\" height=\"447\" data-id=\"24328\"  src=\"http:\/\/cenal.gob.ve\/wp-content\/uploads\/2024\/05\/WhatsApp-Image-2024-05-24-at-3.27.48-PM-1024x447.jpeg\" alt=\"\" class=\"wp-image-24328\" srcset=\"https:\/\/cenal.gob.ve\/wp-content\/uploads\/2024\/05\/WhatsApp-Image-2024-05-24-at-3.27.48-PM-1024x447.jpeg 1024w, https:\/\/cenal.gob.ve\/wp-content\/uploads\/2024\/05\/WhatsApp-Image-2024-05-24-at-3.27.48-PM-300x131.jpeg 300w, https:\/\/cenal.gob.ve\/wp-content\/uploads\/2024\/05\/WhatsApp-Image-2024-05-24-at-3.27.48-PM-768x335.jpeg 768w, https:\/\/cenal.gob.ve\/wp-content\/uploads\/2024\/05\/WhatsApp-Image-2024-05-24-at-3.27.48-PM-640x279.jpeg 640w, https:\/\/cenal.gob.ve\/wp-content\/uploads\/2024\/05\/WhatsApp-Image-2024-05-24-at-3.27.48-PM.jpeg 1080w\" sizes=\"(max-width: 1024px) 100vw, 1024px\" \/><\/figure>\n<\/figure>\n\n\n\n<p>As\u00ed lo se\u00f1alo este viernes 24 de mayo la gerente general del Cenal, Yris Villamizar, durante una entrevista en el programa de televisi\u00f3n Caf\u00e9 en la ma\u00f1ana que transmite Venezolana de Televisi\u00f3n (VTV).<\/p>\n\n\n\n<p>Villamizar convers\u00f3 acerca de las iniciativas que la instituci\u00f3n lleva a cabo para promover la lectura e incentivar la producci\u00f3n literaria, especialmente entre la juventud, que constituye la generaci\u00f3n de relevo, y, adem\u00e1s, consider\u00e1ndose la incorporaci\u00f3n de las mujeres para el encuentro de nuevas narradoras, particularmente en el marco del v\u00e9rtice Sistema de Comunicaci\u00f3n y Cultura de la Mujer de la Gran Misi\u00f3n Venezuela Mujer, a cargo del Ministerio del Poder Popular para la Cultura.<\/p>\n\n\n\n<p>&#8220;La convocatoria se lleva a nivel nacional y se observa una mayor participaci\u00f3n masculina, sin embargo, se est\u00e1 fomentando la participaci\u00f3n de las mujeres creadoras para lograr un equilibrio en las ediciones\u201d, expuso Villamizar.<\/p>\n\n\n\n<figure class=\"wp-block-image size-full\"><img width=\"720\" height=\"554\" src=\"http:\/\/cenal.gob.ve\/wp-content\/uploads\/2024\/05\/WhatsApp-Image-2024-05-24-at-12.15.56-PM.jpeg\" alt=\"\" class=\"wp-image-24329\" srcset=\"https:\/\/cenal.gob.ve\/wp-content\/uploads\/2024\/05\/WhatsApp-Image-2024-05-24-at-12.15.56-PM.jpeg 720w, https:\/\/cenal.gob.ve\/wp-content\/uploads\/2024\/05\/WhatsApp-Image-2024-05-24-at-12.15.56-PM-300x231.jpeg 300w, https:\/\/cenal.gob.ve\/wp-content\/uploads\/2024\/05\/WhatsApp-Image-2024-05-24-at-12.15.56-PM-640x492.jpeg 640w\" sizes=\"(max-width: 720px) 100vw, 720px\" \/><\/figure>\n\n\n\n<p>Durante su intervenci\u00f3n, enfatiz\u00f3 tambi\u00e9n que &#8220;es de suma importancia destacar la relevancia de involucrar a ni\u00f1os y j\u00f3venes en la literatura, ya que ser\u00e1n la generaci\u00f3n de relevo en este \u00e1mbito\u201d.<\/p>\n\n\n\n<p>Ilustr\u00f3 que uno de los ganadores del a\u00f1o pasado fue el joven escritor meride\u00f1o Ennio Tucci, quien gan\u00f3 el concurso de novela corta de la VI Bienal Nacional de Literatura Rafael Z\u00e1rraga con su obra En primera.<\/p>\n\n\n\n<p>As\u00ed mismo, se\u00f1al\u00f3: &#8220;Creemos que una de las cosas que podemos mejorar es la participaci\u00f3n de j\u00f3venes y mujeres en eventos como la Filven, donde se presentan nuestras editoriales y se muestra el talento literario venezolano; tienen tiempo para participar, los invitamos a hacerlo&#8221;, refiri\u00f3 Villamizar.<\/p>\n\n\n\n<p><strong>Publicaci\u00f3n de obras ganadoras<\/strong><\/p>\n\n\n\n<p>Las bienales como estas tambi\u00e9n tienen una ventaja mayor ahora: la obra ganadora ser\u00e1 editada por Monte \u00c1vila Editores en formatos f\u00edsico y digital, dijo Villamizar. De acuerdo con la gerente general del Cenal, al principio las obras participantes solo se quedaban en formato digital, pero actualmente se est\u00e1 incentivando la producci\u00f3n de libros f\u00edsicos.<\/p>\n\n\n\n<p>Respecto a detalles sobre la organizaci\u00f3n de las bienales nacionales de literatura, indic\u00f3 que dentro del Centro Nacional del Libro se han asumido estas en conjunto con la Casa Nacional de las Letras Andr\u00e9s Bello. Algunas bienales llegaron a la und\u00e9cima edici\u00f3n y otras son m\u00e1s recientes, como las de teatro, en las que tambi\u00e9n se brinda apoyo a la Compa\u00f1\u00eda Nacional de Teatro en cuanto a la convocatoria.<\/p>\n\n\n\n<p>En total, para 2024 se han programado siete bienales, entre las que se encuentran la VII Bienal Nacional de Literatura Jos\u00e9 Vicente Abreu, que se enfoca en el g\u00e9nero Novela Historica, y la IV Bienal Nacional de Literatura Lydda Franco Far\u00edas, menci\u00f3n Poes\u00eda, que es una bienal exclusiva para la participaci\u00f3n de mujeres, detall\u00f3 Villamizar.<\/p>\n\n\n\n<p>Asimismo, se llevar\u00e1 a cabo la s\u00e9ptima edici\u00f3n de la Bienal Nacional de Literatura Argimiro Gabald\u00f3n, que se centra en el g\u00e9nero Ensayo, la XI Bienal Orlando Araujo, en Narrativa Breve; la V Bienal Manuel Felipe Rugeles, en Poes\u00eda infantil, y las segundas ediciones de las bienales C\u00e9sar Rengifo, menci\u00f3n Ensayo Teatral, y Apacuana, menci\u00f3n Dramaturgia.<\/p>\n\n\n\n<p>&#8220;En estas bienales pueden participar aquellos venezolanos que no hayan concursado en ediciones anteriores. La convocatoria ya ha sido lanzada y las bienales de ensayo y novela hist\u00f3rica cierran en agosto, mientras que las de narrativa breve y literatura infantil cierran a finales de septiembre, y la de dramaturgia cierra en octubre; por otra parte, poes\u00eda y ensayo teatral cierran en julio&#8221;, inform\u00f3 Villamizar.<\/p>\n\n\n\n<p><strong>Estrategias para promoci\u00f3n de la lectura y creaci\u00f3n literaria<\/strong><\/p>\n\n\n\n<p>La gerente general del Centro Nacional del Libro apunt\u00f3 que &#8220;con el apoyo del ministro Ernesto Villegas se ha dise\u00f1ado un taller seminario en l\u00ednea para docentes, con el objetivo de motivar a los maestros y profesores de literatura a adquirir las herramientas necesarias para promover la participaci\u00f3n de ni\u00f1os y ni\u00f1as en el \u00e1mbito literario\u201d.<\/p>\n\n\n\n<p>Detall\u00f3 que en la primera convocatoria de este taller seminario, denominado Tras las huellas de Teresa de la Parra, m\u00e1s de 400 docentes se inscribieron, \u201cy se est\u00e1 planificando un segundo corte para continuar con esta iniciativa&#8221;.<\/p>\n\n\n\n<p>De acuerdo con Villamizar, se trabaja principalmente con adultos para que puedan conectarse con los j\u00f3venes, especialmente en el seminario &#8220;Tras la huella de Teresa de la Parra&#8221; dirigido a docentes.<\/p>\n\n\n\n<p>\u201cAl participar en este seminario, los docentes adquieren estrategias din\u00e1micas que facilitan la ense\u00f1anza de la lectura y estimulan la creatividad de los j\u00f3venes. Los j\u00f3venes tienen mayor destreza en lo digital, por lo que las clases en l\u00ednea asincr\u00f3nicas les resultan m\u00e1s accesibles. Utilizamos herramientas como Telegram para brindar apoyo y comunicaci\u00f3n directa con los facilitadores. Adem\u00e1s, ofrecemos atenci\u00f3n personalizada en el \u00e1mbito nacional para asegurar que todos los participantes puedan obtener y publicar su libro con \u00e9xito&#8221;, agreg\u00f3 la promotora de lectura.<\/p>\n\n\n\n<p>Otra de las iniciativas para la formaci\u00f3n de narradoras que actualmente est\u00e1 en marcha es el seminario taller Narradoras venezolanas, con 40 participantes que quedaron de m\u00e1s de 150 que se postularon, dirigido por Esmeralda Torres, en cuentos, y Sol Linares, en novela corta, adem\u00e1s de la participaci\u00f3n de Laura Antillano, Wafi Salih y Mirla Alcib\u00edades como facilitadoras.<\/p>\n\n\n\n<figure class=\"wp-block-image size-full\"><img width=\"720\" height=\"546\" src=\"http:\/\/cenal.gob.ve\/wp-content\/uploads\/2024\/05\/WhatsApp-Image-2024-05-24-at-12.07.02-PM.jpeg\" alt=\"\" class=\"wp-image-24330\" srcset=\"https:\/\/cenal.gob.ve\/wp-content\/uploads\/2024\/05\/WhatsApp-Image-2024-05-24-at-12.07.02-PM.jpeg 720w, https:\/\/cenal.gob.ve\/wp-content\/uploads\/2024\/05\/WhatsApp-Image-2024-05-24-at-12.07.02-PM-300x228.jpeg 300w, https:\/\/cenal.gob.ve\/wp-content\/uploads\/2024\/05\/WhatsApp-Image-2024-05-24-at-12.07.02-PM-640x485.jpeg 640w\" sizes=\"(max-width: 720px) 100vw, 720px\" \/><\/figure>\n\n\n\n<p>A esto se unen los talleres literarios A la carta en los que pueden participar de manera virtual y presencial los interesados en desarrollar habilidades relacionadas con la escritura en diferentes g\u00e9neros.<\/p>\n\n\n\n<p>&#8220;Tenemos alrededor de 300 inscritos en talleres cortos de tres meses, los cuales contin\u00faan manteniendo contacto con los facilitadores incluso despu\u00e9s de finalizar el curso. Sabemos que para las mujeres puede ser m\u00e1s dif\u00edcil encontrar tiempo para escribir entre sus m\u00faltiples responsabilidades. Una vez haz completado un taller, reorganizar y editar tu trabajo puede llevar tiempo y esfuerzo. Nosotros ofrecemos asesor\u00eda editorial, al igual que la editorial El perro y la rana, si est\u00e1s interesado en publicar tu obra&#8221;, destac\u00f3 Villamizar.<\/p>\n\n\n\n<p>&#8220;Apenas se lanza un proyecto creativo vamos a tener seguro una participaci\u00f3n, porque los espacios se est\u00e1n volviendo a retomar despu\u00e9s de la pandemia por la Covid 19&#8221;, apunt\u00f3 Villamizar.<\/p>\n\n\n\n<p>Adem\u00e1s, la gerente general del Cenal mencion\u00f3 que a trav\u00e9s del Plan Nacional de Lectura Manuel Vadell se ha registrado un crecimiento significativo de grupos de lectores en comunidades, especialmente en los estados Miranda y Aragua.<\/p>\n\n\n\n<p>\u201cPuedes unirte a estos grupos registr\u00e1ndote en la p\u00e1gina <a href=\"https:\/\/info.cenal.org.ve\/index.php?r=survey\/index&amp;sid=855835&amp;lang=es\">Unidad de Lectores<\/a>, donde puedes especificar si tu grupo es virtual o presencial, qui\u00e9n es el coordinador y cu\u00e1ntos integrantes tienen. Este registro nos permite invitarte a eventos como la Filven y a participar en encuentros del plan de lectura en las bienales, donde se presentan y muestran los t\u00edtulos ganadores&#8221;, adicion\u00f3 Villamizar. El registro se realiza en el sitio web del Cenal\u00a0www.cenal.gob.ve.<\/p>\n\n\n\n<p>Finalmente, invit\u00f3 a estar pendientes de las convocatorias realizadas por el Ministerio del Poder Popular para la Cultura y el Centro Nacional del Libro a trav\u00e9s de las redes sociales y sitios web, as\u00ed como las de otros entes que integran la plataforma del libro y la lectura, entre ellas las editoriales El perro y la rana, Monte \u00c1vila Editores y Biblioteca Ayacucho.<br><br><br><\/p>\n","protected":false},"excerpt":{"rendered":"<p>Durante este 2024 estar\u00e1n desarroll\u00e1ndose diferentes concursos literarios a trav\u00e9s de siete Bienales Nacionales de Literatura convocadas por el Ministerio del Poder Popular para la Cultura (Mppc) a trav\u00e9s del [&hellip;]<\/p>\n","protected":false},"author":10,"featured_media":24332,"comment_status":"open","ping_status":"closed","sticky":false,"template":"","format":"standard","meta":{"spay_email":"","jetpack_publicize_message":"","jetpack_is_tweetstorm":false,"jetpack_publicize_feature_enabled":true},"categories":[2],"tags":[23,79,81,97,211,9,216,96],"yoast_head":"<!-- This site is optimized with the Yoast SEO plugin v19.8 - https:\/\/yoast.com\/wordpress\/plugins\/seo\/ -->\n<title>J\u00f3venes y mujeres son invitados a participar en Bienales Nacionales de Literatura<\/title>\n<meta name=\"robots\" content=\"index, follow, max-snippet:-1, max-image-preview:large, max-video-preview:-1\" \/>\n<link rel=\"canonical\" href=\"https:\/\/cenal.gob.ve\/?p=24325\" \/>\n<meta property=\"og:locale\" content=\"es_ES\" \/>\n<meta property=\"og:type\" content=\"article\" \/>\n<meta property=\"og:title\" content=\"J\u00f3venes y mujeres son invitados a participar en Bienales Nacionales de Literatura\" \/>\n<meta property=\"og:description\" content=\"Durante este 2024 estar\u00e1n desarroll\u00e1ndose diferentes concursos literarios a trav\u00e9s de siete Bienales Nacionales de Literatura convocadas por el Ministerio del Poder Popular para la Cultura (Mppc) a trav\u00e9s del [&hellip;]\" \/>\n<meta property=\"og:url\" content=\"https:\/\/cenal.gob.ve\/?p=24325\" \/>\n<meta property=\"og:site_name\" content=\"Cenal\" \/>\n<meta property=\"article:published_time\" content=\"2024-05-24T22:33:24+00:00\" \/>\n<meta property=\"article:modified_time\" content=\"2024-05-24T23:51:58+00:00\" \/>\n<meta property=\"og:image\" content=\"https:\/\/i0.wp.com\/cenal.gob.ve\/wp-content\/uploads\/2024\/05\/WhatsApp-Image-2024-05-24-at-6.31.38-PM.jpeg?fit=1080%2C814&ssl=1\" \/>\n\t<meta property=\"og:image:width\" content=\"1080\" \/>\n\t<meta property=\"og:image:height\" content=\"814\" \/>\n\t<meta property=\"og:image:type\" content=\"image\/jpeg\" \/>\n<meta name=\"author\" content=\"Prensa Cenal\" \/>\n<meta name=\"twitter:card\" content=\"summary_large_image\" \/>\n<meta name=\"twitter:label1\" content=\"Written by\" \/>\n\t<meta name=\"twitter:data1\" content=\"Prensa Cenal\" \/>\n\t<meta name=\"twitter:label2\" content=\"Est. reading time\" \/>\n\t<meta name=\"twitter:data2\" content=\"7 minutos\" \/>\n<script type=\"application\/ld+json\" class=\"yoast-schema-graph\">{\"@context\":\"https:\/\/schema.org\",\"@graph\":[{\"@type\":\"Article\",\"@id\":\"https:\/\/cenal.gob.ve\/?p=24325#article\",\"isPartOf\":{\"@id\":\"https:\/\/cenal.gob.ve\/?p=24325\"},\"author\":{\"name\":\"Prensa Cenal\",\"@id\":\"https:\/\/cenal.gob.ve\/#\/schema\/person\/e3ed34623f400ffab8bc7a63b2f5533f\"},\"headline\":\"J\u00f3venes y mujeres son invitados a participar en Bienales Nacionales de Literatura\",\"datePublished\":\"2024-05-24T22:33:24+00:00\",\"dateModified\":\"2024-05-24T23:51:58+00:00\",\"mainEntityOfPage\":{\"@id\":\"https:\/\/cenal.gob.ve\/?p=24325\"},\"wordCount\":1336,\"commentCount\":1,\"publisher\":{\"@id\":\"https:\/\/cenal.gob.ve\/#organization\"},\"keywords\":[\"Bienales\",\"FILVEN\",\"Libros\",\"Libros infantiles\",\"Literatura\",\"Noticias\",\"Novelas\",\"Poes\u00eda para ni\u00f1os y ni\u00f1as\"],\"articleSection\":[\"Cenal\"],\"inLanguage\":\"es\",\"potentialAction\":[{\"@type\":\"CommentAction\",\"name\":\"Comment\",\"target\":[\"https:\/\/cenal.gob.ve\/?p=24325#respond\"]}]},{\"@type\":\"WebPage\",\"@id\":\"https:\/\/cenal.gob.ve\/?p=24325\",\"url\":\"https:\/\/cenal.gob.ve\/?p=24325\",\"name\":\"J\u00f3venes y mujeres son invitados a participar en Bienales Nacionales de Literatura\",\"isPartOf\":{\"@id\":\"https:\/\/cenal.gob.ve\/#website\"},\"datePublished\":\"2024-05-24T22:33:24+00:00\",\"dateModified\":\"2024-05-24T23:51:58+00:00\",\"breadcrumb\":{\"@id\":\"https:\/\/cenal.gob.ve\/?p=24325#breadcrumb\"},\"inLanguage\":\"es\",\"potentialAction\":[{\"@type\":\"ReadAction\",\"target\":[\"https:\/\/cenal.gob.ve\/?p=24325\"]}]},{\"@type\":\"BreadcrumbList\",\"@id\":\"https:\/\/cenal.gob.ve\/?p=24325#breadcrumb\",\"itemListElement\":[{\"@type\":\"ListItem\",\"position\":1,\"name\":\"Home\",\"item\":\"https:\/\/cenal.gob.ve\/\"},{\"@type\":\"ListItem\",\"position\":2,\"name\":\"J\u00f3venes y mujeres son invitados a participar en Bienales Nacionales de Literatura\"}]},{\"@type\":\"WebSite\",\"@id\":\"https:\/\/cenal.gob.ve\/#website\",\"url\":\"https:\/\/cenal.gob.ve\/\",\"name\":\"Cenal\",\"description\":\"\",\"publisher\":{\"@id\":\"https:\/\/cenal.gob.ve\/#organization\"},\"potentialAction\":[{\"@type\":\"SearchAction\",\"target\":{\"@type\":\"EntryPoint\",\"urlTemplate\":\"https:\/\/cenal.gob.ve\/?s={search_term_string}\"},\"query-input\":\"required name=search_term_string\"}],\"inLanguage\":\"es\"},{\"@type\":\"Organization\",\"@id\":\"https:\/\/cenal.gob.ve\/#organization\",\"name\":\"CENAL\",\"url\":\"https:\/\/cenal.gob.ve\/\",\"sameAs\":[],\"logo\":{\"@type\":\"ImageObject\",\"inLanguage\":\"es\",\"@id\":\"https:\/\/cenal.gob.ve\/#\/schema\/logo\/image\/\",\"url\":\"https:\/\/i0.wp.com\/cenal.gob.ve\/wp-content\/uploads\/2022\/10\/cropped-images.jpg?fit=512%2C512\",\"contentUrl\":\"https:\/\/i0.wp.com\/cenal.gob.ve\/wp-content\/uploads\/2022\/10\/cropped-images.jpg?fit=512%2C512\",\"width\":512,\"height\":512,\"caption\":\"CENAL\"},\"image\":{\"@id\":\"https:\/\/cenal.gob.ve\/#\/schema\/logo\/image\/\"}},{\"@type\":\"Person\",\"@id\":\"https:\/\/cenal.gob.ve\/#\/schema\/person\/e3ed34623f400ffab8bc7a63b2f5533f\",\"name\":\"Prensa Cenal\",\"image\":{\"@type\":\"ImageObject\",\"inLanguage\":\"es\",\"@id\":\"https:\/\/cenal.gob.ve\/#\/schema\/person\/image\/\",\"url\":\"https:\/\/secure.gravatar.com\/avatar\/594b4ed34090910c619ac3679001d491?s=96&d=mm&r=g\",\"contentUrl\":\"https:\/\/secure.gravatar.com\/avatar\/594b4ed34090910c619ac3679001d491?s=96&d=mm&r=g\",\"caption\":\"Prensa Cenal\"},\"url\":\"https:\/\/cenal.gob.ve\/?author=10\"}]}<\/script>\n<!-- \/ Yoast SEO plugin. -->","yoast_head_json":{"title":"J\u00f3venes y mujeres son invitados a participar en Bienales Nacionales de Literatura","robots":{"index":"index","follow":"follow","max-snippet":"max-snippet:-1","max-image-preview":"max-image-preview:large","max-video-preview":"max-video-preview:-1"},"canonical":"https:\/\/cenal.gob.ve\/?p=24325","og_locale":"es_ES","og_type":"article","og_title":"J\u00f3venes y mujeres son invitados a participar en Bienales Nacionales de Literatura","og_description":"Durante este 2024 estar\u00e1n desarroll\u00e1ndose diferentes concursos literarios a trav\u00e9s de siete Bienales Nacionales de Literatura convocadas por el Ministerio del Poder Popular para la Cultura (Mppc) a trav\u00e9s del [&hellip;]","og_url":"https:\/\/cenal.gob.ve\/?p=24325","og_site_name":"Cenal","article_published_time":"2024-05-24T22:33:24+00:00","article_modified_time":"2024-05-24T23:51:58+00:00","og_image":[{"width":1080,"height":814,"url":"https:\/\/i0.wp.com\/cenal.gob.ve\/wp-content\/uploads\/2024\/05\/WhatsApp-Image-2024-05-24-at-6.31.38-PM.jpeg?fit=1080%2C814&ssl=1","type":"image\/jpeg"}],"author":"Prensa Cenal","twitter_card":"summary_large_image","twitter_misc":{"Written by":"Prensa Cenal","Est. reading time":"7 minutos"},"schema":{"@context":"https:\/\/schema.org","@graph":[{"@type":"Article","@id":"https:\/\/cenal.gob.ve\/?p=24325#article","isPartOf":{"@id":"https:\/\/cenal.gob.ve\/?p=24325"},"author":{"name":"Prensa Cenal","@id":"https:\/\/cenal.gob.ve\/#\/schema\/person\/e3ed34623f400ffab8bc7a63b2f5533f"},"headline":"J\u00f3venes y mujeres son invitados a participar en Bienales Nacionales de Literatura","datePublished":"2024-05-24T22:33:24+00:00","dateModified":"2024-05-24T23:51:58+00:00","mainEntityOfPage":{"@id":"https:\/\/cenal.gob.ve\/?p=24325"},"wordCount":1336,"commentCount":1,"publisher":{"@id":"https:\/\/cenal.gob.ve\/#organization"},"keywords":["Bienales","FILVEN","Libros","Libros infantiles","Literatura","Noticias","Novelas","Poes\u00eda para ni\u00f1os y ni\u00f1as"],"articleSection":["Cenal"],"inLanguage":"es","potentialAction":[{"@type":"CommentAction","name":"Comment","target":["https:\/\/cenal.gob.ve\/?p=24325#respond"]}]},{"@type":"WebPage","@id":"https:\/\/cenal.gob.ve\/?p=24325","url":"https:\/\/cenal.gob.ve\/?p=24325","name":"J\u00f3venes y mujeres son invitados a participar en Bienales Nacionales de Literatura","isPartOf":{"@id":"https:\/\/cenal.gob.ve\/#website"},"datePublished":"2024-05-24T22:33:24+00:00","dateModified":"2024-05-24T23:51:58+00:00","breadcrumb":{"@id":"https:\/\/cenal.gob.ve\/?p=24325#breadcrumb"},"inLanguage":"es","potentialAction":[{"@type":"ReadAction","target":["https:\/\/cenal.gob.ve\/?p=24325"]}]},{"@type":"BreadcrumbList","@id":"https:\/\/cenal.gob.ve\/?p=24325#breadcrumb","itemListElement":[{"@type":"ListItem","position":1,"name":"Home","item":"https:\/\/cenal.gob.ve\/"},{"@type":"ListItem","position":2,"name":"J\u00f3venes y mujeres son invitados a participar en Bienales Nacionales de Literatura"}]},{"@type":"WebSite","@id":"https:\/\/cenal.gob.ve\/#website","url":"https:\/\/cenal.gob.ve\/","name":"Cenal","description":"","publisher":{"@id":"https:\/\/cenal.gob.ve\/#organization"},"potentialAction":[{"@type":"SearchAction","target":{"@type":"EntryPoint","urlTemplate":"https:\/\/cenal.gob.ve\/?s={search_term_string}"},"query-input":"required name=search_term_string"}],"inLanguage":"es"},{"@type":"Organization","@id":"https:\/\/cenal.gob.ve\/#organization","name":"CENAL","url":"https:\/\/cenal.gob.ve\/","sameAs":[],"logo":{"@type":"ImageObject","inLanguage":"es","@id":"https:\/\/cenal.gob.ve\/#\/schema\/logo\/image\/","url":"https:\/\/i0.wp.com\/cenal.gob.ve\/wp-content\/uploads\/2022\/10\/cropped-images.jpg?fit=512%2C512","contentUrl":"https:\/\/i0.wp.com\/cenal.gob.ve\/wp-content\/uploads\/2022\/10\/cropped-images.jpg?fit=512%2C512","width":512,"height":512,"caption":"CENAL"},"image":{"@id":"https:\/\/cenal.gob.ve\/#\/schema\/logo\/image\/"}},{"@type":"Person","@id":"https:\/\/cenal.gob.ve\/#\/schema\/person\/e3ed34623f400ffab8bc7a63b2f5533f","name":"Prensa Cenal","image":{"@type":"ImageObject","inLanguage":"es","@id":"https:\/\/cenal.gob.ve\/#\/schema\/person\/image\/","url":"https:\/\/secure.gravatar.com\/avatar\/594b4ed34090910c619ac3679001d491?s=96&d=mm&r=g","contentUrl":"https:\/\/secure.gravatar.com\/avatar\/594b4ed34090910c619ac3679001d491?s=96&d=mm&r=g","caption":"Prensa Cenal"},"url":"https:\/\/cenal.gob.ve\/?author=10"}]}},"jetpack_featured_media_url":"https:\/\/cenal.gob.ve\/wp-content\/uploads\/2024\/05\/WhatsApp-Image-2024-05-24-at-6.31.38-PM.jpeg","jetpack_publicize_connections":[],"jetpack_shortlink":"https:\/\/wp.me\/p5FMhp-6kl","_links":{"self":[{"href":"https:\/\/cenal.gob.ve\/index.php?rest_route=\/wp\/v2\/posts\/24325"}],"collection":[{"href":"https:\/\/cenal.gob.ve\/index.php?rest_route=\/wp\/v2\/posts"}],"about":[{"href":"https:\/\/cenal.gob.ve\/index.php?rest_route=\/wp\/v2\/types\/post"}],"author":[{"embeddable":true,"href":"https:\/\/cenal.gob.ve\/index.php?rest_route=\/wp\/v2\/users\/10"}],"replies":[{"embeddable":true,"href":"https:\/\/cenal.gob.ve\/index.php?rest_route=%2Fwp%2Fv2%2Fcomments&post=24325"}],"version-history":[{"count":4,"href":"https:\/\/cenal.gob.ve\/index.php?rest_route=\/wp\/v2\/posts\/24325\/revisions"}],"predecessor-version":[{"id":24335,"href":"https:\/\/cenal.gob.ve\/index.php?rest_route=\/wp\/v2\/posts\/24325\/revisions\/24335"}],"wp:featuredmedia":[{"embeddable":true,"href":"https:\/\/cenal.gob.ve\/index.php?rest_route=\/wp\/v2\/media\/24332"}],"wp:attachment":[{"href":"https:\/\/cenal.gob.ve\/index.php?rest_route=%2Fwp%2Fv2%2Fmedia&parent=24325"}],"wp:term":[{"taxonomy":"category","embeddable":true,"href":"https:\/\/cenal.gob.ve\/index.php?rest_route=%2Fwp%2Fv2%2Fcategories&post=24325"},{"taxonomy":"post_tag","embeddable":true,"href":"https:\/\/cenal.gob.ve\/index.php?rest_route=%2Fwp%2Fv2%2Ftags&post=24325"}],"curies":[{"name":"wp","href":"https:\/\/api.w.org\/{rel}","templated":true}]}}