{"id":24352,"date":"2024-05-27T22:35:21","date_gmt":"2024-05-28T02:35:21","guid":{"rendered":"http:\/\/cenal.gob.ve\/?p=24352"},"modified":"2024-05-27T22:35:27","modified_gmt":"2024-05-28T02:35:27","slug":"19-a-filven-lara-promovio-la-lectura-en-ninas-y-ninos","status":"publish","type":"post","link":"https:\/\/cenal.gob.ve\/?p=24352","title":{"rendered":"19.\u00aa\u00a0Filven Lara promovi\u00f3 la lectura en ni\u00f1as y ni\u00f1os"},"content":{"rendered":"\n<p>El pabell\u00f3n infantil de la 19.\u00aa Filven Lara ofreci\u00f3 una variada programaci\u00f3n y en las actividades desarrolladas destac\u00f3 la narraci\u00f3n oral, el canto, el humor y la puesta en escena de Flora Ovalles, directora de la compa\u00f1\u00eda de teatro y t\u00edteres El Tim\u00f3n, quien present\u00f3 su primera publicaci\u00f3n infantil \u201cNo estamos solos\u201d.<\/p>\n\n\n\n<figure class=\"wp-block-image\"><img src=\"https:\/\/filven.com\/wp-content\/uploads\/2024\/05\/IMG_20240527_150322_057-1024x682.jpg\" alt=\"\" class=\"wp-image-16317\"\/><\/figure>\n\n\n\n<p>La escritora, dramaturga, cuentacuentos, docente, titiritera, actriz y directora teatral estuvo acompa\u00f1ada en la musicalizaci\u00f3n por la guitarra de Andr\u00e9s M\u00e9ndez. Juntos captaron la atenci\u00f3n de los peque\u00f1os durante toda su presentaci\u00f3n.<\/p>\n\n\n\n<p>A trav\u00e9s de temas incidentales, Ovalles se pase\u00f3 por los cuentos que se recogen en su libro publicado por la editorial Amalivaca, perteneciente al Ministerio del Poder Popular para el Ecosocialismo.<\/p>\n\n\n\n<p>\u201cCada vez que monto una obra de teatro, de narraci\u00f3n o de t\u00edteres incorporo la m\u00fasica. Cuando hay un texto que no quiero decirlo de forma aleccionadora, aburrido para m\u00ed, entonces escribo canciones\u201d, explic\u00f3 Ovalles.<\/p>\n\n\n\n<p>Estas canciones que fueron presentadas como parte de su espect\u00e1culo de cuentacuentos resultaron de inter\u00e9s para Amalivaca y se publicaron en el libro de Ovalles, explic\u00f3 la autora. El texto fue compartido como una novedad en la Filven Lara junto a una propuesta esc\u00e9nica.<\/p>\n\n\n\n<p><strong>Libros infantiles que acercan a la venezolanidad<\/strong><\/p>\n\n\n\n<p>N\u00e9stor Curra, editor de cuentos para ni\u00f1os y ni\u00f1as y&nbsp; fundador de la editorial Tinta, papel y vida, coment\u00f3 que \u201cen esta obra la&nbsp; palabra y la imagen se&nbsp; convierten&nbsp; en un solo lenguaje. Es un libro con una l\u00fadica muy linda\u201d.<\/p>\n\n\n\n<figure class=\"wp-block-image\"><img src=\"https:\/\/filven.com\/wp-content\/uploads\/2024\/05\/IMG_20240527_150322_122-1024x682.jpg\" alt=\"\" class=\"wp-image-16318\"\/><\/figure>\n\n\n\n<p>Agreg\u00f3 que esta presentaci\u00f3n&nbsp; \u201ces muy importante, porque en Venezuela se est\u00e1 retomando la producci\u00f3n infantil; los ni\u00f1os necesitan publicaciones que los acerquen a la memoria, a la huella ancestral y a la venezolanidad\u201d.<\/p>\n\n\n\n<p>Durante la Filven Lara, el editor y promotor de lectura y escritura para ni\u00f1os N\u00e9stor Curra tambi\u00e9n dict\u00f3 el taller \u201cEl juego es una estrategia de formaci\u00f3n para la vida\u201d.<\/p>\n\n\n\n<p><strong>Pabell\u00f3n infantil, un espacio muy visitado<\/strong><\/p>\n\n\n\n<p>Mar\u00eda Manuela Romero, una de las encargadas del pabell\u00f3n infantil, dijo sentirse muy satisfecha porque este espacio&nbsp; fue uno de los m\u00e1s visitados en esta Filven, en la que se present\u00f3 una amplia programaci\u00f3n, mediante la cual se busc\u00f3&nbsp; promover la lectura en los ni\u00f1os y ni\u00f1as de una manera din\u00e1mica y entretenida.&nbsp;<\/p>\n\n\n\n<p>\u201cSe busca crear una mini Filven para ni\u00f1os y ni\u00f1as en donde ellos puedan disfrutar de un conjunto de actividades de promoci\u00f3n de la lectura de manera l\u00fadica,&nbsp; mediante la presentaci\u00f3n de puestas en escenas teatrales, titiriteros, poemas, m\u00fasica y recitales po\u00e9ticos\u201d, refiri\u00f3 Romero.<\/p>\n\n\n\n<p>Por este pabell\u00f3n pasaron varias agrupaciones e instituciones,&nbsp; entre ellas el grupo Jarana con cuentitos; El Sistema de Orquesta, a trav\u00e9s&nbsp; del Programa Sim\u00f3n Bol\u00edvar, M\u00f3dulo Pedro Le\u00f3n Torres, C\u00e1tedra de Cuatro, la Unidad Educativa Ra\u00fal Leoni, entre otras.<\/p>\n\n\n\n<figure class=\"wp-block-image\"><img src=\"https:\/\/filven.com\/wp-content\/uploads\/2024\/05\/IMG_20240527_150321_611-1024x682.jpg\" alt=\"\" class=\"wp-image-16319\"\/><\/figure>\n","protected":false},"excerpt":{"rendered":"<p>El pabell\u00f3n infantil de la 19.\u00aa Filven Lara ofreci\u00f3 una variada programaci\u00f3n y en las actividades desarrolladas destac\u00f3 la narraci\u00f3n oral, el canto, el humor y la puesta en escena [&hellip;]<\/p>\n","protected":false},"author":10,"featured_media":24353,"comment_status":"open","ping_status":"closed","sticky":false,"template":"","format":"standard","meta":{"spay_email":"","jetpack_publicize_message":"","jetpack_is_tweetstorm":false,"jetpack_publicize_feature_enabled":true},"categories":[1],"tags":[79,81,9],"yoast_head":"<!-- This site is optimized with the Yoast SEO plugin v19.8 - https:\/\/yoast.com\/wordpress\/plugins\/seo\/ -->\n<title>19.\u00aa\u00a0Filven Lara promovi\u00f3 la lectura en ni\u00f1as y ni\u00f1os<\/title>\n<meta name=\"robots\" content=\"index, follow, max-snippet:-1, max-image-preview:large, max-video-preview:-1\" \/>\n<link rel=\"canonical\" href=\"https:\/\/cenal.gob.ve\/?p=24352\" \/>\n<meta property=\"og:locale\" content=\"es_ES\" \/>\n<meta property=\"og:type\" content=\"article\" \/>\n<meta property=\"og:title\" content=\"19.\u00aa\u00a0Filven Lara promovi\u00f3 la lectura en ni\u00f1as y ni\u00f1os\" \/>\n<meta property=\"og:description\" content=\"El pabell\u00f3n infantil de la 19.\u00aa Filven Lara ofreci\u00f3 una variada programaci\u00f3n y en las actividades desarrolladas destac\u00f3 la narraci\u00f3n oral, el canto, el humor y la puesta en escena [&hellip;]\" \/>\n<meta property=\"og:url\" content=\"https:\/\/cenal.gob.ve\/?p=24352\" \/>\n<meta property=\"og:site_name\" content=\"Cenal\" \/>\n<meta property=\"article:published_time\" content=\"2024-05-28T02:35:21+00:00\" \/>\n<meta property=\"article:modified_time\" content=\"2024-05-28T02:35:27+00:00\" \/>\n<meta property=\"og:image\" content=\"http:\/\/cenal.gob.ve\/wp-content\/uploads\/2024\/05\/hgggg\u00b4ll.jpeg\" \/>\n\t<meta property=\"og:image:width\" content=\"1024\" \/>\n\t<meta property=\"og:image:height\" content=\"682\" \/>\n\t<meta property=\"og:image:type\" content=\"image\/jpeg\" \/>\n<meta name=\"author\" content=\"Prensa Cenal\" \/>\n<meta name=\"twitter:card\" content=\"summary_large_image\" \/>\n<meta name=\"twitter:label1\" content=\"Written by\" \/>\n\t<meta name=\"twitter:data1\" content=\"Prensa Cenal\" \/>\n\t<meta name=\"twitter:label2\" content=\"Est. reading time\" \/>\n\t<meta name=\"twitter:data2\" content=\"3 minutos\" \/>\n<script type=\"application\/ld+json\" class=\"yoast-schema-graph\">{\"@context\":\"https:\/\/schema.org\",\"@graph\":[{\"@type\":\"Article\",\"@id\":\"https:\/\/cenal.gob.ve\/?p=24352#article\",\"isPartOf\":{\"@id\":\"https:\/\/cenal.gob.ve\/?p=24352\"},\"author\":{\"name\":\"Prensa Cenal\",\"@id\":\"https:\/\/cenal.gob.ve\/#\/schema\/person\/e3ed34623f400ffab8bc7a63b2f5533f\"},\"headline\":\"19.\u00aa\u00a0Filven Lara promovi\u00f3 la lectura en ni\u00f1as y ni\u00f1os\",\"datePublished\":\"2024-05-28T02:35:21+00:00\",\"dateModified\":\"2024-05-28T02:35:27+00:00\",\"mainEntityOfPage\":{\"@id\":\"https:\/\/cenal.gob.ve\/?p=24352\"},\"wordCount\":525,\"commentCount\":2,\"publisher\":{\"@id\":\"https:\/\/cenal.gob.ve\/#organization\"},\"keywords\":[\"FILVEN\",\"Libros\",\"Noticias\"],\"articleSection\":[\"Sin categoria\"],\"inLanguage\":\"es\",\"potentialAction\":[{\"@type\":\"CommentAction\",\"name\":\"Comment\",\"target\":[\"https:\/\/cenal.gob.ve\/?p=24352#respond\"]}]},{\"@type\":\"WebPage\",\"@id\":\"https:\/\/cenal.gob.ve\/?p=24352\",\"url\":\"https:\/\/cenal.gob.ve\/?p=24352\",\"name\":\"19.\u00aa\u00a0Filven Lara promovi\u00f3 la lectura en ni\u00f1as y ni\u00f1os\",\"isPartOf\":{\"@id\":\"https:\/\/cenal.gob.ve\/#website\"},\"datePublished\":\"2024-05-28T02:35:21+00:00\",\"dateModified\":\"2024-05-28T02:35:27+00:00\",\"breadcrumb\":{\"@id\":\"https:\/\/cenal.gob.ve\/?p=24352#breadcrumb\"},\"inLanguage\":\"es\",\"potentialAction\":[{\"@type\":\"ReadAction\",\"target\":[\"https:\/\/cenal.gob.ve\/?p=24352\"]}]},{\"@type\":\"BreadcrumbList\",\"@id\":\"https:\/\/cenal.gob.ve\/?p=24352#breadcrumb\",\"itemListElement\":[{\"@type\":\"ListItem\",\"position\":1,\"name\":\"Home\",\"item\":\"https:\/\/cenal.gob.ve\/\"},{\"@type\":\"ListItem\",\"position\":2,\"name\":\"19.\u00aa\u00a0Filven Lara promovi\u00f3 la lectura en ni\u00f1as y ni\u00f1os\"}]},{\"@type\":\"WebSite\",\"@id\":\"https:\/\/cenal.gob.ve\/#website\",\"url\":\"https:\/\/cenal.gob.ve\/\",\"name\":\"Cenal\",\"description\":\"\",\"publisher\":{\"@id\":\"https:\/\/cenal.gob.ve\/#organization\"},\"potentialAction\":[{\"@type\":\"SearchAction\",\"target\":{\"@type\":\"EntryPoint\",\"urlTemplate\":\"https:\/\/cenal.gob.ve\/?s={search_term_string}\"},\"query-input\":\"required name=search_term_string\"}],\"inLanguage\":\"es\"},{\"@type\":\"Organization\",\"@id\":\"https:\/\/cenal.gob.ve\/#organization\",\"name\":\"CENAL\",\"url\":\"https:\/\/cenal.gob.ve\/\",\"sameAs\":[],\"logo\":{\"@type\":\"ImageObject\",\"inLanguage\":\"es\",\"@id\":\"https:\/\/cenal.gob.ve\/#\/schema\/logo\/image\/\",\"url\":\"https:\/\/i0.wp.com\/cenal.gob.ve\/wp-content\/uploads\/2022\/10\/cropped-images.jpg?fit=512%2C512\",\"contentUrl\":\"https:\/\/i0.wp.com\/cenal.gob.ve\/wp-content\/uploads\/2022\/10\/cropped-images.jpg?fit=512%2C512\",\"width\":512,\"height\":512,\"caption\":\"CENAL\"},\"image\":{\"@id\":\"https:\/\/cenal.gob.ve\/#\/schema\/logo\/image\/\"}},{\"@type\":\"Person\",\"@id\":\"https:\/\/cenal.gob.ve\/#\/schema\/person\/e3ed34623f400ffab8bc7a63b2f5533f\",\"name\":\"Prensa Cenal\",\"image\":{\"@type\":\"ImageObject\",\"inLanguage\":\"es\",\"@id\":\"https:\/\/cenal.gob.ve\/#\/schema\/person\/image\/\",\"url\":\"https:\/\/secure.gravatar.com\/avatar\/594b4ed34090910c619ac3679001d491?s=96&d=mm&r=g\",\"contentUrl\":\"https:\/\/secure.gravatar.com\/avatar\/594b4ed34090910c619ac3679001d491?s=96&d=mm&r=g\",\"caption\":\"Prensa Cenal\"},\"url\":\"https:\/\/cenal.gob.ve\/?author=10\"}]}<\/script>\n<!-- \/ Yoast SEO plugin. -->","yoast_head_json":{"title":"19.\u00aa\u00a0Filven Lara promovi\u00f3 la lectura en ni\u00f1as y ni\u00f1os","robots":{"index":"index","follow":"follow","max-snippet":"max-snippet:-1","max-image-preview":"max-image-preview:large","max-video-preview":"max-video-preview:-1"},"canonical":"https:\/\/cenal.gob.ve\/?p=24352","og_locale":"es_ES","og_type":"article","og_title":"19.\u00aa\u00a0Filven Lara promovi\u00f3 la lectura en ni\u00f1as y ni\u00f1os","og_description":"El pabell\u00f3n infantil de la 19.\u00aa Filven Lara ofreci\u00f3 una variada programaci\u00f3n y en las actividades desarrolladas destac\u00f3 la narraci\u00f3n oral, el canto, el humor y la puesta en escena [&hellip;]","og_url":"https:\/\/cenal.gob.ve\/?p=24352","og_site_name":"Cenal","article_published_time":"2024-05-28T02:35:21+00:00","article_modified_time":"2024-05-28T02:35:27+00:00","og_image":[{"width":1024,"height":682,"url":"http:\/\/cenal.gob.ve\/wp-content\/uploads\/2024\/05\/hgggg\u00b4ll.jpeg","type":"image\/jpeg"}],"author":"Prensa Cenal","twitter_card":"summary_large_image","twitter_misc":{"Written by":"Prensa Cenal","Est. reading time":"3 minutos"},"schema":{"@context":"https:\/\/schema.org","@graph":[{"@type":"Article","@id":"https:\/\/cenal.gob.ve\/?p=24352#article","isPartOf":{"@id":"https:\/\/cenal.gob.ve\/?p=24352"},"author":{"name":"Prensa Cenal","@id":"https:\/\/cenal.gob.ve\/#\/schema\/person\/e3ed34623f400ffab8bc7a63b2f5533f"},"headline":"19.\u00aa\u00a0Filven Lara promovi\u00f3 la lectura en ni\u00f1as y ni\u00f1os","datePublished":"2024-05-28T02:35:21+00:00","dateModified":"2024-05-28T02:35:27+00:00","mainEntityOfPage":{"@id":"https:\/\/cenal.gob.ve\/?p=24352"},"wordCount":525,"commentCount":2,"publisher":{"@id":"https:\/\/cenal.gob.ve\/#organization"},"keywords":["FILVEN","Libros","Noticias"],"articleSection":["Sin categoria"],"inLanguage":"es","potentialAction":[{"@type":"CommentAction","name":"Comment","target":["https:\/\/cenal.gob.ve\/?p=24352#respond"]}]},{"@type":"WebPage","@id":"https:\/\/cenal.gob.ve\/?p=24352","url":"https:\/\/cenal.gob.ve\/?p=24352","name":"19.\u00aa\u00a0Filven Lara promovi\u00f3 la lectura en ni\u00f1as y ni\u00f1os","isPartOf":{"@id":"https:\/\/cenal.gob.ve\/#website"},"datePublished":"2024-05-28T02:35:21+00:00","dateModified":"2024-05-28T02:35:27+00:00","breadcrumb":{"@id":"https:\/\/cenal.gob.ve\/?p=24352#breadcrumb"},"inLanguage":"es","potentialAction":[{"@type":"ReadAction","target":["https:\/\/cenal.gob.ve\/?p=24352"]}]},{"@type":"BreadcrumbList","@id":"https:\/\/cenal.gob.ve\/?p=24352#breadcrumb","itemListElement":[{"@type":"ListItem","position":1,"name":"Home","item":"https:\/\/cenal.gob.ve\/"},{"@type":"ListItem","position":2,"name":"19.\u00aa\u00a0Filven Lara promovi\u00f3 la lectura en ni\u00f1as y ni\u00f1os"}]},{"@type":"WebSite","@id":"https:\/\/cenal.gob.ve\/#website","url":"https:\/\/cenal.gob.ve\/","name":"Cenal","description":"","publisher":{"@id":"https:\/\/cenal.gob.ve\/#organization"},"potentialAction":[{"@type":"SearchAction","target":{"@type":"EntryPoint","urlTemplate":"https:\/\/cenal.gob.ve\/?s={search_term_string}"},"query-input":"required name=search_term_string"}],"inLanguage":"es"},{"@type":"Organization","@id":"https:\/\/cenal.gob.ve\/#organization","name":"CENAL","url":"https:\/\/cenal.gob.ve\/","sameAs":[],"logo":{"@type":"ImageObject","inLanguage":"es","@id":"https:\/\/cenal.gob.ve\/#\/schema\/logo\/image\/","url":"https:\/\/i0.wp.com\/cenal.gob.ve\/wp-content\/uploads\/2022\/10\/cropped-images.jpg?fit=512%2C512","contentUrl":"https:\/\/i0.wp.com\/cenal.gob.ve\/wp-content\/uploads\/2022\/10\/cropped-images.jpg?fit=512%2C512","width":512,"height":512,"caption":"CENAL"},"image":{"@id":"https:\/\/cenal.gob.ve\/#\/schema\/logo\/image\/"}},{"@type":"Person","@id":"https:\/\/cenal.gob.ve\/#\/schema\/person\/e3ed34623f400ffab8bc7a63b2f5533f","name":"Prensa Cenal","image":{"@type":"ImageObject","inLanguage":"es","@id":"https:\/\/cenal.gob.ve\/#\/schema\/person\/image\/","url":"https:\/\/secure.gravatar.com\/avatar\/594b4ed34090910c619ac3679001d491?s=96&d=mm&r=g","contentUrl":"https:\/\/secure.gravatar.com\/avatar\/594b4ed34090910c619ac3679001d491?s=96&d=mm&r=g","caption":"Prensa Cenal"},"url":"https:\/\/cenal.gob.ve\/?author=10"}]}},"jetpack_featured_media_url":"https:\/\/cenal.gob.ve\/wp-content\/uploads\/2024\/05\/hgggg\u00b4ll.jpeg","jetpack_publicize_connections":[],"jetpack_shortlink":"https:\/\/wp.me\/p5FMhp-6kM","_links":{"self":[{"href":"https:\/\/cenal.gob.ve\/index.php?rest_route=\/wp\/v2\/posts\/24352"}],"collection":[{"href":"https:\/\/cenal.gob.ve\/index.php?rest_route=\/wp\/v2\/posts"}],"about":[{"href":"https:\/\/cenal.gob.ve\/index.php?rest_route=\/wp\/v2\/types\/post"}],"author":[{"embeddable":true,"href":"https:\/\/cenal.gob.ve\/index.php?rest_route=\/wp\/v2\/users\/10"}],"replies":[{"embeddable":true,"href":"https:\/\/cenal.gob.ve\/index.php?rest_route=%2Fwp%2Fv2%2Fcomments&post=24352"}],"version-history":[{"count":1,"href":"https:\/\/cenal.gob.ve\/index.php?rest_route=\/wp\/v2\/posts\/24352\/revisions"}],"predecessor-version":[{"id":24354,"href":"https:\/\/cenal.gob.ve\/index.php?rest_route=\/wp\/v2\/posts\/24352\/revisions\/24354"}],"wp:featuredmedia":[{"embeddable":true,"href":"https:\/\/cenal.gob.ve\/index.php?rest_route=\/wp\/v2\/media\/24353"}],"wp:attachment":[{"href":"https:\/\/cenal.gob.ve\/index.php?rest_route=%2Fwp%2Fv2%2Fmedia&parent=24352"}],"wp:term":[{"taxonomy":"category","embeddable":true,"href":"https:\/\/cenal.gob.ve\/index.php?rest_route=%2Fwp%2Fv2%2Fcategories&post=24352"},{"taxonomy":"post_tag","embeddable":true,"href":"https:\/\/cenal.gob.ve\/index.php?rest_route=%2Fwp%2Fv2%2Ftags&post=24352"}],"curies":[{"name":"wp","href":"https:\/\/api.w.org\/{rel}","templated":true}]}}