{"id":24400,"date":"2024-06-10T13:40:10","date_gmt":"2024-06-10T17:40:10","guid":{"rendered":"http:\/\/cenal.gob.ve\/?p=24400"},"modified":"2024-06-10T13:40:20","modified_gmt":"2024-06-10T17:40:20","slug":"inaugurada-la-19-a-filven-miranda","status":"publish","type":"post","link":"https:\/\/cenal.gob.ve\/?p=24400","title":{"rendered":"Inaugurada la 19.\u00aa Filven Miranda"},"content":{"rendered":"\n<p>Con una variada oferta de libros y amplia programaci\u00f3n literaria, la 19.\u00aa Filven Miranda abri\u00f3 sus puertas este jueves 6 de junio en la plaza Francisco de Miranda de la urbanizaci\u00f3n caraque\u00f1a Los Dos Caminos, en el municipio Sucre del estado Miranda.<\/p>\n\n\n\n<p>Hasta este s\u00e1bado 8 el p\u00fablico puede disfrutar de presentaciones de libros, conversatorios, talleres, actividades para ni\u00f1as y ni\u00f1os en el tradicional pabell\u00f3n infantil y diversas representaciones art\u00edsticas y culturales. Hay m\u00e1s de 40 expositores participando.<\/p>\n\n\n\n<figure class=\"wp-block-image\"><img src=\"https:\/\/filven.com\/wp-content\/uploads\/2024\/06\/IMG_20240606_153839_454-1-1024x682.jpg\" alt=\"\" class=\"wp-image-16492\"\/><\/figure>\n\n\n\n<p>El acto de inauguraci\u00f3n de esta edici\u00f3n regional de la Filven estuvo encabezado por la Secretaria de Cultura de Miranda, Gabriela Simoza; el alcalde del municipio Sucre, Jos\u00e9 Vicente Rangel \u00c1valos, y el viceministro de Fomento para la Econom\u00eda Cultural y presidente del Centro Nacional del Libro (Cenal), Ra\u00fal Cazal, acompa\u00f1ados por los escritores homenajeados Armando Car\u00edas, en el \u00e1mbito nacional, y Kristel Guirado y Jes\u00fas \u201cChucho\u201d Garc\u00eda, en el campo regional, entre otras personalidades de la cultura, la pol\u00edtica y la comunidad nacional y mirandina, ente ellos el intelectual Luis Brito Garc\u00eda y el autor invitado Ennio Tucci.<\/p>\n\n\n\n<p><strong>Sabor a lo nuestro<\/strong><\/p>\n\n\n\n<p>\u201cBienvenidos a la Filven en Miranda, que inicia con sabor a lo nuestro, con parranda de Barlovento\u201d, destac\u00f3 la Secretaria de Cultura de Miranda, Gabriela Simoza, en representaci\u00f3n del gobernador H\u00e9ctor Rodr\u00edguez.<\/p>\n\n\n\n<figure class=\"wp-block-image\"><img src=\"https:\/\/filven.com\/wp-content\/uploads\/2024\/06\/IMG_20240606_153818_949-1024x682.jpg\" alt=\"\" class=\"wp-image-16493\"\/><\/figure>\n\n\n\n<p>El viceministro Ra\u00fal Cazal resalt\u00f3 la Filven Miranda como un nuevo punto de encuentro entre escritores y lectores en torno al libro bajo el lema Leer nos reencuentra. \u201cEstamos aqu\u00ed porque todos volvemos al libro, a la palabra\u201d, dijo.<\/p>\n\n\n\n<figure class=\"wp-block-image\"><img src=\"https:\/\/filven.com\/wp-content\/uploads\/2024\/06\/IMG_20240606_153730_678-1024x683.jpg\" alt=\"\" class=\"wp-image-16494\"\/><\/figure>\n\n\n\n<p>Agreg\u00f3 que se ha logrado una articulaci\u00f3n muy importante entre el Ministerio del Poder Popular para la Cultura, a trav\u00e9s del Cenal, y la Gobernaci\u00f3n de Miranda para el impulso de mediadores de lectura en esta entidad. \u201cCrear y creer en nuestra literatura, en nuestros libros y nuestras formas de leer\u201d, apunt\u00f3 Cazal, quien afirm\u00f3 que siempre habr\u00e1 ese contacto con la palabra.<\/p>\n\n\n\n<p>La escritora regional homenajeada Kristel Guirado manifesto su satisfacci\u00f3n por el reconocimiento que se le hace a su trayectoria. \u201cCelebramos el poder y el placer de la palabra que nos da ese conocimiento\u201d, refiri\u00f3 Guirado, quien se describi\u00f3 como una ciudadana de dos territorios al haber nacido en Villa de San Luis Rey de Cura, Aragua, en 1968, y luego residenciarse desde los 90 en Los Teques, estado Miranda, donde pudo acercarse al fervor po\u00e9tico, intelectual y cultural que ah\u00ed se daba y trabajar en diferentes instituciones relacionadas con la Cultura.<\/p>\n\n\n\n<figure class=\"wp-block-image\"><img src=\"https:\/\/filven.com\/wp-content\/uploads\/2024\/06\/IMG_20240606_153836_733-1024x683.jpg\" alt=\"\" class=\"wp-image-16495\"\/><\/figure>\n\n\n\n<p>\u201cConoc\u00ed todo el estado; Barlovento, que es un amor en mi coraz\u00f3n y mi sentir; los Valles del Tuy, que en la danza nos mueve el alma; el eje Guarenas-Guatire, y esto que est\u00e1 integrado a Caracas y que casi la ha impregnado: Petare. Entonces, yo digo que soy mirandina\u201d, coment\u00f3 Guirado.<\/p>\n\n\n\n<p>Por su parte, el tambi\u00e9n homenajeado Jes\u00fas \u201cChucho\u201d Garc\u00eda, escritor, activista de los derechos de los afrodescendientes y una referencia en los estudios sobre la afrovenezolanidad, salud\u00f3 con afecto a los presentes y enfatiz\u00f3 que hist\u00f3ricamente \u201cMiranda tiene un elemento esencial\u201d en referencia al asentamiento en este territorio de esclavos africanos durante la colonia y que fueron legando su cultura y tradiciones que hoy forman parte de la identidad venezolana.<\/p>\n\n\n\n<figure class=\"wp-block-image\"><img src=\"https:\/\/filven.com\/wp-content\/uploads\/2024\/06\/IMG_20240606_153828_652-1024x682.jpg\" alt=\"\" class=\"wp-image-16496\"\/><\/figure>\n\n\n\n<p>Como una muestra puso a Barlovento, de donde es originario y que fue punto de partida de sus investigaciones en los 80 para luego tambi\u00e9n recurrir a territorios afros urbanos e interior del pa\u00eds. En esta Filven comparte su libro Afrodescendientes en las Am\u00e9ricas y el Caribe, con edici\u00f3n de El perro y la rana.<\/p>\n\n\n\n<p>Asimismo, intervino el homenajeado nacional Armando Car\u00edas, comunicador, dramaturgo, actor y director teatral especializado en teatro infantil, quien ha estado presente en diferentes ediciones regionales de la 19.\u00aa Filven, lo que ha calificado como una experiencia maravillosa.<br>\u201cSoy un hombre de teatro que lleg\u00f3 a la escritura y dramaturgia por necesidad, porque siempre los escritores queremos montar una obra que se nos parezca y nos represente\u201d, explic\u00f3.<\/p>\n\n\n\n<figure class=\"wp-block-image\"><img src=\"https:\/\/filven.com\/wp-content\/uploads\/2024\/06\/IMG_20240606_153833_176-1024x682.jpg\" alt=\"\" class=\"wp-image-16497\"\/><\/figure>\n\n\n\n<p>\u201cEl rol que me ha correspondido ser como creador ha sido un poco, ser\u00e1 pretencioso decirlo, pero un poco ser abogago de la infancia en cuanto a defender sus espacios y derecho a la cultura, y felizmente eso ha ido progresivamente d\u00e1ndose generosamente en revoluci\u00f3n\u201d, expuso el autor de libros como Noticias de juguete, publicado por El perro y la rana, y Duro y a la cabeza. El teatro infantil de Armando Car\u00edas, por Monte \u00c1vila.<\/p>\n\n\n\n<figure class=\"wp-block-image\"><img src=\"https:\/\/filven.com\/wp-content\/uploads\/2024\/06\/IMG_20240606_153736_740-1024x682.jpg\" alt=\"\" class=\"wp-image-16498\"\/><\/figure>\n\n\n\n<p>Jose Vicente Rangel \u00c1valos, alcalde del municipio Sucre, invit\u00f3 a disfrutar de la Filven en la plaza Francisco de Miranda de Los Dos Caminos, la cual, subray\u00f3, fue construida como parte de la gesti\u00f3n de gobierno en revoluci\u00f3n para disfrute del pueblo. \u201cNosotros, en este proceso de nuestro Gobierno que tenemos, que empez\u00f3 con el Comandante Hugo Ch\u00e1vez y que ha continuado con el presidente Nicol\u00e1s Maduro, queremos que el pueblo venezolano se culturice y una de las formas m\u00e1s bellas y hermosas es con los libros. Es muy importante la literatura\u201d, se\u00f1al\u00f3.<\/p>\n\n\n\n<p><strong>Novedades literarias<\/strong><\/p>\n\n\n\n<p>En esta feria participan con sus novedades diferentes editoriales p\u00fablicas, privadas e independientes, libreros e instituciones. Est\u00e1n, a trav\u00e9s de Librer\u00edas del Sur, El perro y la rana, Monte \u00c1vila y Biblioteca Ayacucho, editoriales adscritas al Ministerio del Poder Popular para la Cultura (Mppc), y Vadell Hermanos, que tiene una participaci\u00f3n especial como editorial homenajeada por sus 50 a\u00f1os de existencia promoviendo el pensamiento cr\u00edtico.<\/p>\n\n\n\n<figure class=\"wp-block-image\"><img src=\"https:\/\/filven.com\/wp-content\/uploads\/2024\/06\/IMG_20240606_153936_580-1024x682.jpg\" alt=\"\" class=\"wp-image-16499\"\/><\/figure>\n\n\n\n<p>Entre las novedades que se presentan en esta Filven Miranda se hallan, por ejemplo, las novelas En primera, de Ennio Tucci, ganadora de la Bienal Nacional de Literatura Rafael Z\u00e1rraga que convoca el Mppc, y Happy, de Miguel P\u00e9rez Pirela, ambas publicadas por Monte \u00c1vila.<\/p>\n\n\n\n<p>La Filven Miranda es organizada por el Mppc a trav\u00e9s del Centro Nacional del Libro (Cenal) y el Gabinete Estadal de Cultura, en coordinaci\u00f3n con la Gobernaci\u00f3n del Estado Bolivariano de Miranda.<\/p>\n\n\n\n<figure class=\"wp-block-image\"><img src=\"https:\/\/filven.com\/wp-content\/uploads\/2024\/06\/IMG_20240606_153808_995-1024x682.jpg\" alt=\"\" class=\"wp-image-16505\"\/><\/figure>\n\n\n\n<figure class=\"wp-block-image\"><img src=\"https:\/\/filven.com\/wp-content\/uploads\/2024\/06\/IMG_20240606_153814_216-1024x682.jpg\" alt=\"\" class=\"wp-image-16504\"\/><\/figure>\n","protected":false},"excerpt":{"rendered":"<p>Con una variada oferta de libros y amplia programaci\u00f3n literaria, la 19.\u00aa Filven Miranda abri\u00f3 sus puertas este jueves 6 de junio en la plaza Francisco de Miranda de la [&hellip;]<\/p>\n","protected":false},"author":10,"featured_media":24401,"comment_status":"open","ping_status":"closed","sticky":false,"template":"","format":"standard","meta":{"spay_email":"","jetpack_publicize_message":"","jetpack_is_tweetstorm":false,"jetpack_publicize_feature_enabled":true},"categories":[12],"tags":[79,81,9],"yoast_head":"<!-- This site is optimized with the Yoast SEO plugin v19.8 - https:\/\/yoast.com\/wordpress\/plugins\/seo\/ -->\n<title>Inaugurada la 19.\u00aa Filven Miranda<\/title>\n<meta name=\"robots\" content=\"index, follow, max-snippet:-1, max-image-preview:large, max-video-preview:-1\" \/>\n<link rel=\"canonical\" href=\"https:\/\/cenal.gob.ve\/?p=24400\" \/>\n<meta property=\"og:locale\" content=\"es_ES\" \/>\n<meta property=\"og:type\" content=\"article\" \/>\n<meta property=\"og:title\" content=\"Inaugurada la 19.\u00aa Filven Miranda\" \/>\n<meta property=\"og:description\" content=\"Con una variada oferta de libros y amplia programaci\u00f3n literaria, la 19.\u00aa Filven Miranda abri\u00f3 sus puertas este jueves 6 de junio en la plaza Francisco de Miranda de la [&hellip;]\" \/>\n<meta property=\"og:url\" content=\"https:\/\/cenal.gob.ve\/?p=24400\" \/>\n<meta property=\"og:site_name\" content=\"Cenal\" \/>\n<meta property=\"article:published_time\" content=\"2024-06-10T17:40:10+00:00\" \/>\n<meta property=\"article:modified_time\" content=\"2024-06-10T17:40:20+00:00\" \/>\n<meta property=\"og:image\" content=\"https:\/\/i0.wp.com\/cenal.gob.ve\/wp-content\/uploads\/2024\/06\/IMG_20240606_153751_527-1024x682-1.jpg?fit=1024%2C682&ssl=1\" \/>\n\t<meta property=\"og:image:width\" content=\"1024\" \/>\n\t<meta property=\"og:image:height\" content=\"682\" \/>\n\t<meta property=\"og:image:type\" content=\"image\/jpeg\" \/>\n<meta name=\"author\" content=\"Prensa Cenal\" \/>\n<meta name=\"twitter:card\" content=\"summary_large_image\" \/>\n<meta name=\"twitter:label1\" content=\"Written by\" \/>\n\t<meta name=\"twitter:data1\" content=\"Prensa Cenal\" \/>\n\t<meta name=\"twitter:label2\" content=\"Est. reading time\" \/>\n\t<meta name=\"twitter:data2\" content=\"7 minutos\" \/>\n<script type=\"application\/ld+json\" class=\"yoast-schema-graph\">{\"@context\":\"https:\/\/schema.org\",\"@graph\":[{\"@type\":\"Article\",\"@id\":\"https:\/\/cenal.gob.ve\/?p=24400#article\",\"isPartOf\":{\"@id\":\"https:\/\/cenal.gob.ve\/?p=24400\"},\"author\":{\"name\":\"Prensa Cenal\",\"@id\":\"https:\/\/cenal.gob.ve\/#\/schema\/person\/e3ed34623f400ffab8bc7a63b2f5533f\"},\"headline\":\"Inaugurada la 19.\u00aa Filven Miranda\",\"datePublished\":\"2024-06-10T17:40:10+00:00\",\"dateModified\":\"2024-06-10T17:40:20+00:00\",\"mainEntityOfPage\":{\"@id\":\"https:\/\/cenal.gob.ve\/?p=24400\"},\"wordCount\":1018,\"commentCount\":0,\"publisher\":{\"@id\":\"https:\/\/cenal.gob.ve\/#organization\"},\"keywords\":[\"FILVEN\",\"Libros\",\"Noticias\"],\"articleSection\":[\"Filven\"],\"inLanguage\":\"es\",\"potentialAction\":[{\"@type\":\"CommentAction\",\"name\":\"Comment\",\"target\":[\"https:\/\/cenal.gob.ve\/?p=24400#respond\"]}]},{\"@type\":\"WebPage\",\"@id\":\"https:\/\/cenal.gob.ve\/?p=24400\",\"url\":\"https:\/\/cenal.gob.ve\/?p=24400\",\"name\":\"Inaugurada la 19.\u00aa Filven Miranda\",\"isPartOf\":{\"@id\":\"https:\/\/cenal.gob.ve\/#website\"},\"datePublished\":\"2024-06-10T17:40:10+00:00\",\"dateModified\":\"2024-06-10T17:40:20+00:00\",\"breadcrumb\":{\"@id\":\"https:\/\/cenal.gob.ve\/?p=24400#breadcrumb\"},\"inLanguage\":\"es\",\"potentialAction\":[{\"@type\":\"ReadAction\",\"target\":[\"https:\/\/cenal.gob.ve\/?p=24400\"]}]},{\"@type\":\"BreadcrumbList\",\"@id\":\"https:\/\/cenal.gob.ve\/?p=24400#breadcrumb\",\"itemListElement\":[{\"@type\":\"ListItem\",\"position\":1,\"name\":\"Home\",\"item\":\"https:\/\/cenal.gob.ve\/\"},{\"@type\":\"ListItem\",\"position\":2,\"name\":\"Inaugurada la 19.\u00aa Filven Miranda\"}]},{\"@type\":\"WebSite\",\"@id\":\"https:\/\/cenal.gob.ve\/#website\",\"url\":\"https:\/\/cenal.gob.ve\/\",\"name\":\"Cenal\",\"description\":\"\",\"publisher\":{\"@id\":\"https:\/\/cenal.gob.ve\/#organization\"},\"potentialAction\":[{\"@type\":\"SearchAction\",\"target\":{\"@type\":\"EntryPoint\",\"urlTemplate\":\"https:\/\/cenal.gob.ve\/?s={search_term_string}\"},\"query-input\":\"required name=search_term_string\"}],\"inLanguage\":\"es\"},{\"@type\":\"Organization\",\"@id\":\"https:\/\/cenal.gob.ve\/#organization\",\"name\":\"CENAL\",\"url\":\"https:\/\/cenal.gob.ve\/\",\"sameAs\":[],\"logo\":{\"@type\":\"ImageObject\",\"inLanguage\":\"es\",\"@id\":\"https:\/\/cenal.gob.ve\/#\/schema\/logo\/image\/\",\"url\":\"https:\/\/i0.wp.com\/cenal.gob.ve\/wp-content\/uploads\/2022\/10\/cropped-images.jpg?fit=512%2C512\",\"contentUrl\":\"https:\/\/i0.wp.com\/cenal.gob.ve\/wp-content\/uploads\/2022\/10\/cropped-images.jpg?fit=512%2C512\",\"width\":512,\"height\":512,\"caption\":\"CENAL\"},\"image\":{\"@id\":\"https:\/\/cenal.gob.ve\/#\/schema\/logo\/image\/\"}},{\"@type\":\"Person\",\"@id\":\"https:\/\/cenal.gob.ve\/#\/schema\/person\/e3ed34623f400ffab8bc7a63b2f5533f\",\"name\":\"Prensa Cenal\",\"image\":{\"@type\":\"ImageObject\",\"inLanguage\":\"es\",\"@id\":\"https:\/\/cenal.gob.ve\/#\/schema\/person\/image\/\",\"url\":\"https:\/\/secure.gravatar.com\/avatar\/594b4ed34090910c619ac3679001d491?s=96&d=mm&r=g\",\"contentUrl\":\"https:\/\/secure.gravatar.com\/avatar\/594b4ed34090910c619ac3679001d491?s=96&d=mm&r=g\",\"caption\":\"Prensa Cenal\"},\"url\":\"https:\/\/cenal.gob.ve\/?author=10\"}]}<\/script>\n<!-- \/ Yoast SEO plugin. -->","yoast_head_json":{"title":"Inaugurada la 19.\u00aa Filven Miranda","robots":{"index":"index","follow":"follow","max-snippet":"max-snippet:-1","max-image-preview":"max-image-preview:large","max-video-preview":"max-video-preview:-1"},"canonical":"https:\/\/cenal.gob.ve\/?p=24400","og_locale":"es_ES","og_type":"article","og_title":"Inaugurada la 19.\u00aa Filven Miranda","og_description":"Con una variada oferta de libros y amplia programaci\u00f3n literaria, la 19.\u00aa Filven Miranda abri\u00f3 sus puertas este jueves 6 de junio en la plaza Francisco de Miranda de la [&hellip;]","og_url":"https:\/\/cenal.gob.ve\/?p=24400","og_site_name":"Cenal","article_published_time":"2024-06-10T17:40:10+00:00","article_modified_time":"2024-06-10T17:40:20+00:00","og_image":[{"width":1024,"height":682,"url":"https:\/\/i0.wp.com\/cenal.gob.ve\/wp-content\/uploads\/2024\/06\/IMG_20240606_153751_527-1024x682-1.jpg?fit=1024%2C682&ssl=1","type":"image\/jpeg"}],"author":"Prensa Cenal","twitter_card":"summary_large_image","twitter_misc":{"Written by":"Prensa Cenal","Est. reading time":"7 minutos"},"schema":{"@context":"https:\/\/schema.org","@graph":[{"@type":"Article","@id":"https:\/\/cenal.gob.ve\/?p=24400#article","isPartOf":{"@id":"https:\/\/cenal.gob.ve\/?p=24400"},"author":{"name":"Prensa Cenal","@id":"https:\/\/cenal.gob.ve\/#\/schema\/person\/e3ed34623f400ffab8bc7a63b2f5533f"},"headline":"Inaugurada la 19.\u00aa Filven Miranda","datePublished":"2024-06-10T17:40:10+00:00","dateModified":"2024-06-10T17:40:20+00:00","mainEntityOfPage":{"@id":"https:\/\/cenal.gob.ve\/?p=24400"},"wordCount":1018,"commentCount":0,"publisher":{"@id":"https:\/\/cenal.gob.ve\/#organization"},"keywords":["FILVEN","Libros","Noticias"],"articleSection":["Filven"],"inLanguage":"es","potentialAction":[{"@type":"CommentAction","name":"Comment","target":["https:\/\/cenal.gob.ve\/?p=24400#respond"]}]},{"@type":"WebPage","@id":"https:\/\/cenal.gob.ve\/?p=24400","url":"https:\/\/cenal.gob.ve\/?p=24400","name":"Inaugurada la 19.\u00aa Filven Miranda","isPartOf":{"@id":"https:\/\/cenal.gob.ve\/#website"},"datePublished":"2024-06-10T17:40:10+00:00","dateModified":"2024-06-10T17:40:20+00:00","breadcrumb":{"@id":"https:\/\/cenal.gob.ve\/?p=24400#breadcrumb"},"inLanguage":"es","potentialAction":[{"@type":"ReadAction","target":["https:\/\/cenal.gob.ve\/?p=24400"]}]},{"@type":"BreadcrumbList","@id":"https:\/\/cenal.gob.ve\/?p=24400#breadcrumb","itemListElement":[{"@type":"ListItem","position":1,"name":"Home","item":"https:\/\/cenal.gob.ve\/"},{"@type":"ListItem","position":2,"name":"Inaugurada la 19.\u00aa Filven Miranda"}]},{"@type":"WebSite","@id":"https:\/\/cenal.gob.ve\/#website","url":"https:\/\/cenal.gob.ve\/","name":"Cenal","description":"","publisher":{"@id":"https:\/\/cenal.gob.ve\/#organization"},"potentialAction":[{"@type":"SearchAction","target":{"@type":"EntryPoint","urlTemplate":"https:\/\/cenal.gob.ve\/?s={search_term_string}"},"query-input":"required name=search_term_string"}],"inLanguage":"es"},{"@type":"Organization","@id":"https:\/\/cenal.gob.ve\/#organization","name":"CENAL","url":"https:\/\/cenal.gob.ve\/","sameAs":[],"logo":{"@type":"ImageObject","inLanguage":"es","@id":"https:\/\/cenal.gob.ve\/#\/schema\/logo\/image\/","url":"https:\/\/i0.wp.com\/cenal.gob.ve\/wp-content\/uploads\/2022\/10\/cropped-images.jpg?fit=512%2C512","contentUrl":"https:\/\/i0.wp.com\/cenal.gob.ve\/wp-content\/uploads\/2022\/10\/cropped-images.jpg?fit=512%2C512","width":512,"height":512,"caption":"CENAL"},"image":{"@id":"https:\/\/cenal.gob.ve\/#\/schema\/logo\/image\/"}},{"@type":"Person","@id":"https:\/\/cenal.gob.ve\/#\/schema\/person\/e3ed34623f400ffab8bc7a63b2f5533f","name":"Prensa Cenal","image":{"@type":"ImageObject","inLanguage":"es","@id":"https:\/\/cenal.gob.ve\/#\/schema\/person\/image\/","url":"https:\/\/secure.gravatar.com\/avatar\/594b4ed34090910c619ac3679001d491?s=96&d=mm&r=g","contentUrl":"https:\/\/secure.gravatar.com\/avatar\/594b4ed34090910c619ac3679001d491?s=96&d=mm&r=g","caption":"Prensa Cenal"},"url":"https:\/\/cenal.gob.ve\/?author=10"}]}},"jetpack_featured_media_url":"https:\/\/cenal.gob.ve\/wp-content\/uploads\/2024\/06\/IMG_20240606_153751_527-1024x682-1.jpg","jetpack_publicize_connections":[],"jetpack_shortlink":"https:\/\/wp.me\/p5FMhp-6ly","_links":{"self":[{"href":"https:\/\/cenal.gob.ve\/index.php?rest_route=\/wp\/v2\/posts\/24400"}],"collection":[{"href":"https:\/\/cenal.gob.ve\/index.php?rest_route=\/wp\/v2\/posts"}],"about":[{"href":"https:\/\/cenal.gob.ve\/index.php?rest_route=\/wp\/v2\/types\/post"}],"author":[{"embeddable":true,"href":"https:\/\/cenal.gob.ve\/index.php?rest_route=\/wp\/v2\/users\/10"}],"replies":[{"embeddable":true,"href":"https:\/\/cenal.gob.ve\/index.php?rest_route=%2Fwp%2Fv2%2Fcomments&post=24400"}],"version-history":[{"count":1,"href":"https:\/\/cenal.gob.ve\/index.php?rest_route=\/wp\/v2\/posts\/24400\/revisions"}],"predecessor-version":[{"id":24402,"href":"https:\/\/cenal.gob.ve\/index.php?rest_route=\/wp\/v2\/posts\/24400\/revisions\/24402"}],"wp:featuredmedia":[{"embeddable":true,"href":"https:\/\/cenal.gob.ve\/index.php?rest_route=\/wp\/v2\/media\/24401"}],"wp:attachment":[{"href":"https:\/\/cenal.gob.ve\/index.php?rest_route=%2Fwp%2Fv2%2Fmedia&parent=24400"}],"wp:term":[{"taxonomy":"category","embeddable":true,"href":"https:\/\/cenal.gob.ve\/index.php?rest_route=%2Fwp%2Fv2%2Fcategories&post=24400"},{"taxonomy":"post_tag","embeddable":true,"href":"https:\/\/cenal.gob.ve\/index.php?rest_route=%2Fwp%2Fv2%2Ftags&post=24400"}],"curies":[{"name":"wp","href":"https:\/\/api.w.org\/{rel}","templated":true}]}}