{"id":24414,"date":"2024-06-14T18:27:17","date_gmt":"2024-06-14T22:27:17","guid":{"rendered":"http:\/\/cenal.gob.ve\/?p=24414"},"modified":"2024-06-14T18:27:21","modified_gmt":"2024-06-14T22:27:21","slug":"andres-aguilar-perez-presento-su-novela-un-muerto-muy-especial-en-la-filven-zulia","status":"publish","type":"post","link":"https:\/\/cenal.gob.ve\/?p=24414","title":{"rendered":"Andr\u00e9s Aguilar-P\u00e9rez present\u00f3 su novela \u201cUn muerto muy especial\u201d en la Filven Zulia"},"content":{"rendered":"\n<p>En el marco de la celebraci\u00f3n de la 19.\u00aa Filven Zulia, que se realiza en los espacios de Pdvsa La Estancia, en Maracaibo, fue presentada la novela Un muerto muy especial, publicada por la editorial Galac.<\/p>\n\n\n\n<p>La presentaci\u00f3n estuvo a cargo del narrador, poeta y ensayista C\u00f3simo Mandrillo junto al autor de la obra. La actividad cont\u00f3 con la presencia del viceministro de Fomento para la Econom\u00eda Cultural y presidente del Centro Nacional del Libro (Cenal), Ra\u00fal Cazal.<\/p>\n\n\n\n<p>Aguilar-P\u00e9rez explic\u00f3 que esta novela tiene que ver con su vida, pero tambi\u00e9n con la c\u00e1rcel de Sabaneta (C\u00e1rcel Nacional de Maracaibo), una prisi\u00f3n de las m\u00e1s violentas en Venezuela en la Cuarta Rep\u00fablica, que calific\u00f3 como \u201cdifamante\u201d.<\/p>\n\n\n\n<figure class=\"wp-block-image\"><img src=\"https:\/\/filven.com\/wp-content\/uploads\/2024\/06\/IMG_20240614_143252_849-1024x682.jpg\" alt=\"\" class=\"wp-image-16552\"\/><\/figure>\n\n\n\n<p>\u201cYo estuve ah\u00ed seis a\u00f1os preso como procesado militar, con dos juicios militares. Estaba en el pabell\u00f3n de procesados militares de esa c\u00e1rcel y vi situaciones terribles (\u2026), los presos pol\u00edticos, los presos militares, que est\u00e1bamos all\u00ed tuvimos que intervenir en varias oportunidades en las peleas entre los colombianos con los guajiros, y eso trajo como consecuencia que yo escribiera sobre esas experiencias\u201d, cuenta el escritor.<\/p>\n\n\n\n<p>Esta c\u00e1rcel ya fue desalojada en su totalidad y se espera su demolici\u00f3n, para que ese espacio sea utilizado por el Gobierno nacional.<\/p>\n\n\n\n<figure class=\"wp-block-image\"><img src=\"https:\/\/filven.com\/wp-content\/uploads\/2024\/06\/IMG_20240614_143253_369-1024x682.jpg\" alt=\"\" class=\"wp-image-16554\"\/><\/figure>\n\n\n\n<p>Aguilar-P\u00e9rez agrega que adem\u00e1s plasma en el texto otras vertientes bien interesantes, como es la etapa de su ni\u00f1ez y la del joven que se hace guerrillero, as\u00ed como sus luchas revolucionarias. \u201cSobre todo de la ni\u00f1ez, d\u00f3nde queda una marca indeleble en el joven que es el protagonista de la novela\u201d.<\/p>\n\n\n\n<p>En cuanto al muerto muy especial, explic\u00f3 que es un alma en pena que sale en la casa del joven protagonista, a quien elige para que sea su interlocutor.<\/p>\n\n\n\n<p>Por su parte, Mandrillo expuso que la novela \u201ces un texto que mezcla magistralmente la cr\u00f3nica con la ficci\u00f3n, de manera que uno puede seguir eventos reales tratados desde la literatura, desde la imaginaci\u00f3n, lo que da como resultado un texto realmente logrado desde el punto de vista literario, desde el punto de vista de la ficci\u00f3n. Es adem\u00e1s muy agradable de leer, muy entretenido, quien se enfrente a este texto no se va a arrepentir\u201d.<\/p>\n\n\n\n<figure class=\"wp-block-image\"><img src=\"https:\/\/filven.com\/wp-content\/uploads\/2024\/06\/IMG_20240614_143253_159-1024x682.jpg\" alt=\"\" class=\"wp-image-16553\"\/><\/figure>\n\n\n\n<p>El viceministro Cazal tambi\u00e9n resalt\u00f3 la capacidad del autor para combinar los elementos reales con la ficci\u00f3n, hecho con tal maestr\u00eda que se pierde la frontera entre la cr\u00f3nica y la ficci\u00f3n.<\/p>\n","protected":false},"excerpt":{"rendered":"<p>En el marco de la celebraci\u00f3n de la 19.\u00aa Filven Zulia, que se realiza en los espacios de Pdvsa La Estancia, en Maracaibo, fue presentada la novela Un muerto muy [&hellip;]<\/p>\n","protected":false},"author":10,"featured_media":24416,"comment_status":"open","ping_status":"closed","sticky":false,"template":"","format":"standard","meta":{"spay_email":"","jetpack_publicize_message":"","jetpack_is_tweetstorm":false,"jetpack_publicize_feature_enabled":true},"categories":[12],"tags":[79,81,9],"yoast_head":"<!-- This site is optimized with the Yoast SEO plugin v19.8 - https:\/\/yoast.com\/wordpress\/plugins\/seo\/ -->\n<title>Andr\u00e9s Aguilar-P\u00e9rez present\u00f3 su novela \u201cUn muerto muy especial\u201d en la Filven Zulia<\/title>\n<meta name=\"robots\" content=\"index, follow, max-snippet:-1, max-image-preview:large, max-video-preview:-1\" \/>\n<link rel=\"canonical\" href=\"https:\/\/cenal.gob.ve\/?p=24414\" \/>\n<meta property=\"og:locale\" content=\"es_ES\" \/>\n<meta property=\"og:type\" content=\"article\" \/>\n<meta property=\"og:title\" content=\"Andr\u00e9s Aguilar-P\u00e9rez present\u00f3 su novela \u201cUn muerto muy especial\u201d en la Filven Zulia\" \/>\n<meta property=\"og:description\" content=\"En el marco de la celebraci\u00f3n de la 19.\u00aa Filven Zulia, que se realiza en los espacios de Pdvsa La Estancia, en Maracaibo, fue presentada la novela Un muerto muy [&hellip;]\" \/>\n<meta property=\"og:url\" content=\"https:\/\/cenal.gob.ve\/?p=24414\" \/>\n<meta property=\"og:site_name\" content=\"Cenal\" \/>\n<meta property=\"article:published_time\" content=\"2024-06-14T22:27:17+00:00\" \/>\n<meta property=\"article:modified_time\" content=\"2024-06-14T22:27:21+00:00\" \/>\n<meta property=\"og:image\" content=\"https:\/\/i0.wp.com\/cenal.gob.ve\/wp-content\/uploads\/2024\/06\/WhatsApp-Image-2024-06-14-at-5.42.49-PM.jpeg?fit=1080%2C719&ssl=1\" \/>\n\t<meta property=\"og:image:width\" content=\"1080\" \/>\n\t<meta property=\"og:image:height\" content=\"719\" \/>\n\t<meta property=\"og:image:type\" content=\"image\/jpeg\" \/>\n<meta name=\"author\" content=\"Prensa Cenal\" \/>\n<meta name=\"twitter:card\" content=\"summary_large_image\" \/>\n<meta name=\"twitter:label1\" content=\"Written by\" \/>\n\t<meta name=\"twitter:data1\" content=\"Prensa Cenal\" \/>\n\t<meta name=\"twitter:label2\" content=\"Est. reading time\" \/>\n\t<meta name=\"twitter:data2\" content=\"3 minutos\" \/>\n<script type=\"application\/ld+json\" class=\"yoast-schema-graph\">{\"@context\":\"https:\/\/schema.org\",\"@graph\":[{\"@type\":\"Article\",\"@id\":\"https:\/\/cenal.gob.ve\/?p=24414#article\",\"isPartOf\":{\"@id\":\"https:\/\/cenal.gob.ve\/?p=24414\"},\"author\":{\"name\":\"Prensa Cenal\",\"@id\":\"https:\/\/cenal.gob.ve\/#\/schema\/person\/e3ed34623f400ffab8bc7a63b2f5533f\"},\"headline\":\"Andr\u00e9s Aguilar-P\u00e9rez present\u00f3 su novela \u201cUn muerto muy especial\u201d en la Filven Zulia\",\"datePublished\":\"2024-06-14T22:27:17+00:00\",\"dateModified\":\"2024-06-14T22:27:21+00:00\",\"mainEntityOfPage\":{\"@id\":\"https:\/\/cenal.gob.ve\/?p=24414\"},\"wordCount\":441,\"commentCount\":0,\"publisher\":{\"@id\":\"https:\/\/cenal.gob.ve\/#organization\"},\"keywords\":[\"FILVEN\",\"Libros\",\"Noticias\"],\"articleSection\":[\"Filven\"],\"inLanguage\":\"es\",\"potentialAction\":[{\"@type\":\"CommentAction\",\"name\":\"Comment\",\"target\":[\"https:\/\/cenal.gob.ve\/?p=24414#respond\"]}]},{\"@type\":\"WebPage\",\"@id\":\"https:\/\/cenal.gob.ve\/?p=24414\",\"url\":\"https:\/\/cenal.gob.ve\/?p=24414\",\"name\":\"Andr\u00e9s Aguilar-P\u00e9rez present\u00f3 su novela \u201cUn muerto muy especial\u201d en la Filven Zulia\",\"isPartOf\":{\"@id\":\"https:\/\/cenal.gob.ve\/#website\"},\"datePublished\":\"2024-06-14T22:27:17+00:00\",\"dateModified\":\"2024-06-14T22:27:21+00:00\",\"breadcrumb\":{\"@id\":\"https:\/\/cenal.gob.ve\/?p=24414#breadcrumb\"},\"inLanguage\":\"es\",\"potentialAction\":[{\"@type\":\"ReadAction\",\"target\":[\"https:\/\/cenal.gob.ve\/?p=24414\"]}]},{\"@type\":\"BreadcrumbList\",\"@id\":\"https:\/\/cenal.gob.ve\/?p=24414#breadcrumb\",\"itemListElement\":[{\"@type\":\"ListItem\",\"position\":1,\"name\":\"Home\",\"item\":\"https:\/\/cenal.gob.ve\/\"},{\"@type\":\"ListItem\",\"position\":2,\"name\":\"Andr\u00e9s Aguilar-P\u00e9rez present\u00f3 su novela \u201cUn muerto muy especial\u201d en la Filven Zulia\"}]},{\"@type\":\"WebSite\",\"@id\":\"https:\/\/cenal.gob.ve\/#website\",\"url\":\"https:\/\/cenal.gob.ve\/\",\"name\":\"Cenal\",\"description\":\"\",\"publisher\":{\"@id\":\"https:\/\/cenal.gob.ve\/#organization\"},\"potentialAction\":[{\"@type\":\"SearchAction\",\"target\":{\"@type\":\"EntryPoint\",\"urlTemplate\":\"https:\/\/cenal.gob.ve\/?s={search_term_string}\"},\"query-input\":\"required name=search_term_string\"}],\"inLanguage\":\"es\"},{\"@type\":\"Organization\",\"@id\":\"https:\/\/cenal.gob.ve\/#organization\",\"name\":\"CENAL\",\"url\":\"https:\/\/cenal.gob.ve\/\",\"sameAs\":[],\"logo\":{\"@type\":\"ImageObject\",\"inLanguage\":\"es\",\"@id\":\"https:\/\/cenal.gob.ve\/#\/schema\/logo\/image\/\",\"url\":\"https:\/\/i0.wp.com\/cenal.gob.ve\/wp-content\/uploads\/2022\/10\/cropped-images.jpg?fit=512%2C512\",\"contentUrl\":\"https:\/\/i0.wp.com\/cenal.gob.ve\/wp-content\/uploads\/2022\/10\/cropped-images.jpg?fit=512%2C512\",\"width\":512,\"height\":512,\"caption\":\"CENAL\"},\"image\":{\"@id\":\"https:\/\/cenal.gob.ve\/#\/schema\/logo\/image\/\"}},{\"@type\":\"Person\",\"@id\":\"https:\/\/cenal.gob.ve\/#\/schema\/person\/e3ed34623f400ffab8bc7a63b2f5533f\",\"name\":\"Prensa Cenal\",\"image\":{\"@type\":\"ImageObject\",\"inLanguage\":\"es\",\"@id\":\"https:\/\/cenal.gob.ve\/#\/schema\/person\/image\/\",\"url\":\"https:\/\/secure.gravatar.com\/avatar\/594b4ed34090910c619ac3679001d491?s=96&d=mm&r=g\",\"contentUrl\":\"https:\/\/secure.gravatar.com\/avatar\/594b4ed34090910c619ac3679001d491?s=96&d=mm&r=g\",\"caption\":\"Prensa Cenal\"},\"url\":\"https:\/\/cenal.gob.ve\/?author=10\"}]}<\/script>\n<!-- \/ Yoast SEO plugin. -->","yoast_head_json":{"title":"Andr\u00e9s Aguilar-P\u00e9rez present\u00f3 su novela \u201cUn muerto muy especial\u201d en la Filven Zulia","robots":{"index":"index","follow":"follow","max-snippet":"max-snippet:-1","max-image-preview":"max-image-preview:large","max-video-preview":"max-video-preview:-1"},"canonical":"https:\/\/cenal.gob.ve\/?p=24414","og_locale":"es_ES","og_type":"article","og_title":"Andr\u00e9s Aguilar-P\u00e9rez present\u00f3 su novela \u201cUn muerto muy especial\u201d en la Filven Zulia","og_description":"En el marco de la celebraci\u00f3n de la 19.\u00aa Filven Zulia, que se realiza en los espacios de Pdvsa La Estancia, en Maracaibo, fue presentada la novela Un muerto muy [&hellip;]","og_url":"https:\/\/cenal.gob.ve\/?p=24414","og_site_name":"Cenal","article_published_time":"2024-06-14T22:27:17+00:00","article_modified_time":"2024-06-14T22:27:21+00:00","og_image":[{"width":1080,"height":719,"url":"https:\/\/i0.wp.com\/cenal.gob.ve\/wp-content\/uploads\/2024\/06\/WhatsApp-Image-2024-06-14-at-5.42.49-PM.jpeg?fit=1080%2C719&ssl=1","type":"image\/jpeg"}],"author":"Prensa Cenal","twitter_card":"summary_large_image","twitter_misc":{"Written by":"Prensa Cenal","Est. reading time":"3 minutos"},"schema":{"@context":"https:\/\/schema.org","@graph":[{"@type":"Article","@id":"https:\/\/cenal.gob.ve\/?p=24414#article","isPartOf":{"@id":"https:\/\/cenal.gob.ve\/?p=24414"},"author":{"name":"Prensa Cenal","@id":"https:\/\/cenal.gob.ve\/#\/schema\/person\/e3ed34623f400ffab8bc7a63b2f5533f"},"headline":"Andr\u00e9s Aguilar-P\u00e9rez present\u00f3 su novela \u201cUn muerto muy especial\u201d en la Filven Zulia","datePublished":"2024-06-14T22:27:17+00:00","dateModified":"2024-06-14T22:27:21+00:00","mainEntityOfPage":{"@id":"https:\/\/cenal.gob.ve\/?p=24414"},"wordCount":441,"commentCount":0,"publisher":{"@id":"https:\/\/cenal.gob.ve\/#organization"},"keywords":["FILVEN","Libros","Noticias"],"articleSection":["Filven"],"inLanguage":"es","potentialAction":[{"@type":"CommentAction","name":"Comment","target":["https:\/\/cenal.gob.ve\/?p=24414#respond"]}]},{"@type":"WebPage","@id":"https:\/\/cenal.gob.ve\/?p=24414","url":"https:\/\/cenal.gob.ve\/?p=24414","name":"Andr\u00e9s Aguilar-P\u00e9rez present\u00f3 su novela \u201cUn muerto muy especial\u201d en la Filven Zulia","isPartOf":{"@id":"https:\/\/cenal.gob.ve\/#website"},"datePublished":"2024-06-14T22:27:17+00:00","dateModified":"2024-06-14T22:27:21+00:00","breadcrumb":{"@id":"https:\/\/cenal.gob.ve\/?p=24414#breadcrumb"},"inLanguage":"es","potentialAction":[{"@type":"ReadAction","target":["https:\/\/cenal.gob.ve\/?p=24414"]}]},{"@type":"BreadcrumbList","@id":"https:\/\/cenal.gob.ve\/?p=24414#breadcrumb","itemListElement":[{"@type":"ListItem","position":1,"name":"Home","item":"https:\/\/cenal.gob.ve\/"},{"@type":"ListItem","position":2,"name":"Andr\u00e9s Aguilar-P\u00e9rez present\u00f3 su novela \u201cUn muerto muy especial\u201d en la Filven Zulia"}]},{"@type":"WebSite","@id":"https:\/\/cenal.gob.ve\/#website","url":"https:\/\/cenal.gob.ve\/","name":"Cenal","description":"","publisher":{"@id":"https:\/\/cenal.gob.ve\/#organization"},"potentialAction":[{"@type":"SearchAction","target":{"@type":"EntryPoint","urlTemplate":"https:\/\/cenal.gob.ve\/?s={search_term_string}"},"query-input":"required name=search_term_string"}],"inLanguage":"es"},{"@type":"Organization","@id":"https:\/\/cenal.gob.ve\/#organization","name":"CENAL","url":"https:\/\/cenal.gob.ve\/","sameAs":[],"logo":{"@type":"ImageObject","inLanguage":"es","@id":"https:\/\/cenal.gob.ve\/#\/schema\/logo\/image\/","url":"https:\/\/i0.wp.com\/cenal.gob.ve\/wp-content\/uploads\/2022\/10\/cropped-images.jpg?fit=512%2C512","contentUrl":"https:\/\/i0.wp.com\/cenal.gob.ve\/wp-content\/uploads\/2022\/10\/cropped-images.jpg?fit=512%2C512","width":512,"height":512,"caption":"CENAL"},"image":{"@id":"https:\/\/cenal.gob.ve\/#\/schema\/logo\/image\/"}},{"@type":"Person","@id":"https:\/\/cenal.gob.ve\/#\/schema\/person\/e3ed34623f400ffab8bc7a63b2f5533f","name":"Prensa Cenal","image":{"@type":"ImageObject","inLanguage":"es","@id":"https:\/\/cenal.gob.ve\/#\/schema\/person\/image\/","url":"https:\/\/secure.gravatar.com\/avatar\/594b4ed34090910c619ac3679001d491?s=96&d=mm&r=g","contentUrl":"https:\/\/secure.gravatar.com\/avatar\/594b4ed34090910c619ac3679001d491?s=96&d=mm&r=g","caption":"Prensa Cenal"},"url":"https:\/\/cenal.gob.ve\/?author=10"}]}},"jetpack_featured_media_url":"https:\/\/cenal.gob.ve\/wp-content\/uploads\/2024\/06\/WhatsApp-Image-2024-06-14-at-5.42.49-PM.jpeg","jetpack_publicize_connections":[],"jetpack_shortlink":"https:\/\/wp.me\/p5FMhp-6lM","_links":{"self":[{"href":"https:\/\/cenal.gob.ve\/index.php?rest_route=\/wp\/v2\/posts\/24414"}],"collection":[{"href":"https:\/\/cenal.gob.ve\/index.php?rest_route=\/wp\/v2\/posts"}],"about":[{"href":"https:\/\/cenal.gob.ve\/index.php?rest_route=\/wp\/v2\/types\/post"}],"author":[{"embeddable":true,"href":"https:\/\/cenal.gob.ve\/index.php?rest_route=\/wp\/v2\/users\/10"}],"replies":[{"embeddable":true,"href":"https:\/\/cenal.gob.ve\/index.php?rest_route=%2Fwp%2Fv2%2Fcomments&post=24414"}],"version-history":[{"count":1,"href":"https:\/\/cenal.gob.ve\/index.php?rest_route=\/wp\/v2\/posts\/24414\/revisions"}],"predecessor-version":[{"id":24415,"href":"https:\/\/cenal.gob.ve\/index.php?rest_route=\/wp\/v2\/posts\/24414\/revisions\/24415"}],"wp:featuredmedia":[{"embeddable":true,"href":"https:\/\/cenal.gob.ve\/index.php?rest_route=\/wp\/v2\/media\/24416"}],"wp:attachment":[{"href":"https:\/\/cenal.gob.ve\/index.php?rest_route=%2Fwp%2Fv2%2Fmedia&parent=24414"}],"wp:term":[{"taxonomy":"category","embeddable":true,"href":"https:\/\/cenal.gob.ve\/index.php?rest_route=%2Fwp%2Fv2%2Fcategories&post=24414"},{"taxonomy":"post_tag","embeddable":true,"href":"https:\/\/cenal.gob.ve\/index.php?rest_route=%2Fwp%2Fv2%2Ftags&post=24414"}],"curies":[{"name":"wp","href":"https:\/\/api.w.org\/{rel}","templated":true}]}}