{"id":24436,"date":"2024-06-17T15:52:23","date_gmt":"2024-06-17T19:52:23","guid":{"rendered":"http:\/\/cenal.gob.ve\/?p=24436"},"modified":"2024-06-17T15:52:30","modified_gmt":"2024-06-17T19:52:30","slug":"cesar-franco-presento-a-las-nubes-en-un-velero-en-la-19-a-filven-nueva-esparta","status":"publish","type":"post","link":"https:\/\/cenal.gob.ve\/?p=24436","title":{"rendered":"C\u00e9sar Franco present\u00f3 \u201cA las nubes en un velero\u201d en la 19.\u00aa Filven Nueva Esparta"},"content":{"rendered":"\n<p>A las nubes en un velero es un libro con 12 cuentos infantiles que le vali\u00f3 a su autor, C\u00e9sar Franco, el premio de la I Bienal Nacional de Literatura Carmen Delia Bencomo en 2023.<\/p>\n\n\n\n<p>La obra fue publicada por Monte \u00c1vila Editores y est\u00e1 disponible con Librer\u00edas del Sur en las sedes de la 19.\u00aa Filven Nueva Esparta abiertas en la plaza Luisa C\u00e1ceres de Arismendi de La Asunci\u00f3n y en el Complejo Cultural Francisco Larez Granado de Juan Griego, donde fue presentada por C\u00e9sar Franco.<\/p>\n\n\n\n<figure class=\"wp-block-image\"><img src=\"https:\/\/filven.com\/wp-content\/uploads\/2024\/06\/IMG_20240615_170500_611-656x1024.jpg\" alt=\"\" class=\"wp-image-16578\"\/><\/figure>\n\n\n\n<p>El autor explic\u00f3 que el texto trata de la vida de los ni\u00f1os, de la poblaciones y adem\u00e1s refleja valores, como la amistad y la cooperaci\u00f3n. Para ello presenta a tres ni\u00f1os en b\u00fasqueda de las nubes a trav\u00e9s de un velero por el Golfo de Cariaco.<\/p>\n\n\n\n<p>El autor indic\u00f3 que tambi\u00e9n se resalta la importancia de cuidar el medio ambiente, por cuanto los personajes se preocupan por el impacto que pueden tener en el entorno natural.<\/p>\n\n\n\n<figure class=\"wp-block-image\"><img src=\"https:\/\/filven.com\/wp-content\/uploads\/2024\/06\/IMG_20240615_170457_013-1024x683.jpg\" alt=\"\" class=\"wp-image-16579\"\/><\/figure>\n\n\n\n<p>\u201cLa literatura infantil es una herramienta maravillosa para estimular la mente de los peque\u00f1os\u201d, dijo Franco Rivero, autor de poemas, cuentos, obras de teatro y cultor popular nacido en Manicuare, quien invita a fomentar el amor por la lectura desde temprana edad.<\/p>\n\n\n\n<figure class=\"wp-block-image\"><img src=\"https:\/\/filven.com\/wp-content\/uploads\/2024\/06\/IMG_20240615_170451_451-1024x683.jpg\" alt=\"\" class=\"wp-image-16580\"\/><\/figure>\n\n\n\n<p>Franco fue escritor homenajeado en la 19.\u00aa Filven Sucre y tambi\u00e9n fue ganador de la VI Bienal Cruz Salmer\u00f3n Acosta, menci\u00f3n literatura infantil, con su poemario El cayuquito de Chucho, publicado por Monte \u00c1vila Editores Latinoamericana (2022).<\/p>\n\n\n\n<p>Aprovech\u00f3 la ocasi\u00f3n para invitar a los escritores y escritoras de Venezuela y extranjeros residenciados en el pa\u00eds a participar en las bienales nacionales de literatura de 2024 convocadas por el Ministerio del Poder Popular para la Cultura, cuyas bases est\u00e1n publicadas en el sitio web del Centro Nacional del Libro (Cenal): www.cenal.gob.ve.<\/p>\n\n\n\n<p>Adem\u00e1s, mostr\u00f3 su satisfacci\u00f3n por la celebraci\u00f3n de la Filven, un espacio que, destac\u00f3, permiten el reencuentro en el marco del libro y la lectura.<\/p>\n\n\n\n<p>La 19.\u00aa Filven Nueva Esparta abri\u00f3 el jueves 13 de junio y cierra este domingo 16.<\/p>\n\n\n\n<figure class=\"wp-block-image\"><img src=\"https:\/\/filven.com\/wp-content\/uploads\/2024\/06\/IMG_20240615_170507_205-1024x686.jpg\" alt=\"\" class=\"wp-image-16581\"\/><\/figure>\n\n\n\n<figure class=\"wp-block-image\"><img src=\"https:\/\/filven.com\/wp-content\/uploads\/2024\/06\/IMG_20240615_170448_105-1024x683.jpg\" alt=\"\" class=\"wp-image-16582\"\/><\/figure>\n","protected":false},"excerpt":{"rendered":"<p>A las nubes en un velero es un libro con 12 cuentos infantiles que le vali\u00f3 a su autor, C\u00e9sar Franco, el premio de la I Bienal Nacional de Literatura [&hellip;]<\/p>\n","protected":false},"author":10,"featured_media":24437,"comment_status":"open","ping_status":"closed","sticky":false,"template":"","format":"standard","meta":{"spay_email":"","jetpack_publicize_message":"","jetpack_is_tweetstorm":false,"jetpack_publicize_feature_enabled":true},"categories":[12],"tags":[79,81,211,9],"yoast_head":"<!-- This site is optimized with the Yoast SEO plugin v19.8 - https:\/\/yoast.com\/wordpress\/plugins\/seo\/ -->\n<title>C\u00e9sar Franco present\u00f3 \u201cA las nubes en un velero\u201d en la 19.\u00aa Filven Nueva Esparta<\/title>\n<meta name=\"robots\" content=\"index, follow, max-snippet:-1, max-image-preview:large, max-video-preview:-1\" \/>\n<link rel=\"canonical\" href=\"https:\/\/cenal.gob.ve\/?p=24436\" \/>\n<meta property=\"og:locale\" content=\"es_ES\" \/>\n<meta property=\"og:type\" content=\"article\" \/>\n<meta property=\"og:title\" content=\"C\u00e9sar Franco present\u00f3 \u201cA las nubes en un velero\u201d en la 19.\u00aa Filven Nueva Esparta\" \/>\n<meta property=\"og:description\" content=\"A las nubes en un velero es un libro con 12 cuentos infantiles que le vali\u00f3 a su autor, C\u00e9sar Franco, el premio de la I Bienal Nacional de Literatura [&hellip;]\" \/>\n<meta property=\"og:url\" content=\"https:\/\/cenal.gob.ve\/?p=24436\" \/>\n<meta property=\"og:site_name\" content=\"Cenal\" \/>\n<meta property=\"article:published_time\" content=\"2024-06-17T19:52:23+00:00\" \/>\n<meta property=\"article:modified_time\" content=\"2024-06-17T19:52:30+00:00\" \/>\n<meta property=\"og:image\" content=\"https:\/\/i0.wp.com\/cenal.gob.ve\/wp-content\/uploads\/2024\/06\/IMG_20240615_170531_828-1024x683-1.jpg?fit=1024%2C683&ssl=1\" \/>\n\t<meta property=\"og:image:width\" content=\"1024\" \/>\n\t<meta property=\"og:image:height\" content=\"683\" \/>\n\t<meta property=\"og:image:type\" content=\"image\/jpeg\" \/>\n<meta name=\"author\" content=\"Prensa Cenal\" \/>\n<meta name=\"twitter:card\" content=\"summary_large_image\" \/>\n<meta name=\"twitter:label1\" content=\"Written by\" \/>\n\t<meta name=\"twitter:data1\" content=\"Prensa Cenal\" \/>\n\t<meta name=\"twitter:label2\" content=\"Est. reading time\" \/>\n\t<meta name=\"twitter:data2\" content=\"3 minutos\" \/>\n<script type=\"application\/ld+json\" class=\"yoast-schema-graph\">{\"@context\":\"https:\/\/schema.org\",\"@graph\":[{\"@type\":\"Article\",\"@id\":\"https:\/\/cenal.gob.ve\/?p=24436#article\",\"isPartOf\":{\"@id\":\"https:\/\/cenal.gob.ve\/?p=24436\"},\"author\":{\"name\":\"Prensa Cenal\",\"@id\":\"https:\/\/cenal.gob.ve\/#\/schema\/person\/e3ed34623f400ffab8bc7a63b2f5533f\"},\"headline\":\"C\u00e9sar Franco present\u00f3 \u201cA las nubes en un velero\u201d en la 19.\u00aa Filven Nueva Esparta\",\"datePublished\":\"2024-06-17T19:52:23+00:00\",\"dateModified\":\"2024-06-17T19:52:30+00:00\",\"mainEntityOfPage\":{\"@id\":\"https:\/\/cenal.gob.ve\/?p=24436\"},\"wordCount\":368,\"commentCount\":2,\"publisher\":{\"@id\":\"https:\/\/cenal.gob.ve\/#organization\"},\"keywords\":[\"FILVEN\",\"Libros\",\"Literatura\",\"Noticias\"],\"articleSection\":[\"Filven\"],\"inLanguage\":\"es\",\"potentialAction\":[{\"@type\":\"CommentAction\",\"name\":\"Comment\",\"target\":[\"https:\/\/cenal.gob.ve\/?p=24436#respond\"]}]},{\"@type\":\"WebPage\",\"@id\":\"https:\/\/cenal.gob.ve\/?p=24436\",\"url\":\"https:\/\/cenal.gob.ve\/?p=24436\",\"name\":\"C\u00e9sar Franco present\u00f3 \u201cA las nubes en un velero\u201d en la 19.\u00aa Filven Nueva Esparta\",\"isPartOf\":{\"@id\":\"https:\/\/cenal.gob.ve\/#website\"},\"datePublished\":\"2024-06-17T19:52:23+00:00\",\"dateModified\":\"2024-06-17T19:52:30+00:00\",\"breadcrumb\":{\"@id\":\"https:\/\/cenal.gob.ve\/?p=24436#breadcrumb\"},\"inLanguage\":\"es\",\"potentialAction\":[{\"@type\":\"ReadAction\",\"target\":[\"https:\/\/cenal.gob.ve\/?p=24436\"]}]},{\"@type\":\"BreadcrumbList\",\"@id\":\"https:\/\/cenal.gob.ve\/?p=24436#breadcrumb\",\"itemListElement\":[{\"@type\":\"ListItem\",\"position\":1,\"name\":\"Home\",\"item\":\"https:\/\/cenal.gob.ve\/\"},{\"@type\":\"ListItem\",\"position\":2,\"name\":\"C\u00e9sar Franco present\u00f3 \u201cA las nubes en un velero\u201d en la 19.\u00aa Filven Nueva Esparta\"}]},{\"@type\":\"WebSite\",\"@id\":\"https:\/\/cenal.gob.ve\/#website\",\"url\":\"https:\/\/cenal.gob.ve\/\",\"name\":\"Cenal\",\"description\":\"\",\"publisher\":{\"@id\":\"https:\/\/cenal.gob.ve\/#organization\"},\"potentialAction\":[{\"@type\":\"SearchAction\",\"target\":{\"@type\":\"EntryPoint\",\"urlTemplate\":\"https:\/\/cenal.gob.ve\/?s={search_term_string}\"},\"query-input\":\"required name=search_term_string\"}],\"inLanguage\":\"es\"},{\"@type\":\"Organization\",\"@id\":\"https:\/\/cenal.gob.ve\/#organization\",\"name\":\"CENAL\",\"url\":\"https:\/\/cenal.gob.ve\/\",\"sameAs\":[],\"logo\":{\"@type\":\"ImageObject\",\"inLanguage\":\"es\",\"@id\":\"https:\/\/cenal.gob.ve\/#\/schema\/logo\/image\/\",\"url\":\"https:\/\/i0.wp.com\/cenal.gob.ve\/wp-content\/uploads\/2022\/10\/cropped-images.jpg?fit=512%2C512\",\"contentUrl\":\"https:\/\/i0.wp.com\/cenal.gob.ve\/wp-content\/uploads\/2022\/10\/cropped-images.jpg?fit=512%2C512\",\"width\":512,\"height\":512,\"caption\":\"CENAL\"},\"image\":{\"@id\":\"https:\/\/cenal.gob.ve\/#\/schema\/logo\/image\/\"}},{\"@type\":\"Person\",\"@id\":\"https:\/\/cenal.gob.ve\/#\/schema\/person\/e3ed34623f400ffab8bc7a63b2f5533f\",\"name\":\"Prensa Cenal\",\"image\":{\"@type\":\"ImageObject\",\"inLanguage\":\"es\",\"@id\":\"https:\/\/cenal.gob.ve\/#\/schema\/person\/image\/\",\"url\":\"https:\/\/secure.gravatar.com\/avatar\/594b4ed34090910c619ac3679001d491?s=96&d=mm&r=g\",\"contentUrl\":\"https:\/\/secure.gravatar.com\/avatar\/594b4ed34090910c619ac3679001d491?s=96&d=mm&r=g\",\"caption\":\"Prensa Cenal\"},\"url\":\"https:\/\/cenal.gob.ve\/?author=10\"}]}<\/script>\n<!-- \/ Yoast SEO plugin. -->","yoast_head_json":{"title":"C\u00e9sar Franco present\u00f3 \u201cA las nubes en un velero\u201d en la 19.\u00aa Filven Nueva Esparta","robots":{"index":"index","follow":"follow","max-snippet":"max-snippet:-1","max-image-preview":"max-image-preview:large","max-video-preview":"max-video-preview:-1"},"canonical":"https:\/\/cenal.gob.ve\/?p=24436","og_locale":"es_ES","og_type":"article","og_title":"C\u00e9sar Franco present\u00f3 \u201cA las nubes en un velero\u201d en la 19.\u00aa Filven Nueva Esparta","og_description":"A las nubes en un velero es un libro con 12 cuentos infantiles que le vali\u00f3 a su autor, C\u00e9sar Franco, el premio de la I Bienal Nacional de Literatura [&hellip;]","og_url":"https:\/\/cenal.gob.ve\/?p=24436","og_site_name":"Cenal","article_published_time":"2024-06-17T19:52:23+00:00","article_modified_time":"2024-06-17T19:52:30+00:00","og_image":[{"width":1024,"height":683,"url":"https:\/\/i0.wp.com\/cenal.gob.ve\/wp-content\/uploads\/2024\/06\/IMG_20240615_170531_828-1024x683-1.jpg?fit=1024%2C683&ssl=1","type":"image\/jpeg"}],"author":"Prensa Cenal","twitter_card":"summary_large_image","twitter_misc":{"Written by":"Prensa Cenal","Est. reading time":"3 minutos"},"schema":{"@context":"https:\/\/schema.org","@graph":[{"@type":"Article","@id":"https:\/\/cenal.gob.ve\/?p=24436#article","isPartOf":{"@id":"https:\/\/cenal.gob.ve\/?p=24436"},"author":{"name":"Prensa Cenal","@id":"https:\/\/cenal.gob.ve\/#\/schema\/person\/e3ed34623f400ffab8bc7a63b2f5533f"},"headline":"C\u00e9sar Franco present\u00f3 \u201cA las nubes en un velero\u201d en la 19.\u00aa Filven Nueva Esparta","datePublished":"2024-06-17T19:52:23+00:00","dateModified":"2024-06-17T19:52:30+00:00","mainEntityOfPage":{"@id":"https:\/\/cenal.gob.ve\/?p=24436"},"wordCount":368,"commentCount":2,"publisher":{"@id":"https:\/\/cenal.gob.ve\/#organization"},"keywords":["FILVEN","Libros","Literatura","Noticias"],"articleSection":["Filven"],"inLanguage":"es","potentialAction":[{"@type":"CommentAction","name":"Comment","target":["https:\/\/cenal.gob.ve\/?p=24436#respond"]}]},{"@type":"WebPage","@id":"https:\/\/cenal.gob.ve\/?p=24436","url":"https:\/\/cenal.gob.ve\/?p=24436","name":"C\u00e9sar Franco present\u00f3 \u201cA las nubes en un velero\u201d en la 19.\u00aa Filven Nueva Esparta","isPartOf":{"@id":"https:\/\/cenal.gob.ve\/#website"},"datePublished":"2024-06-17T19:52:23+00:00","dateModified":"2024-06-17T19:52:30+00:00","breadcrumb":{"@id":"https:\/\/cenal.gob.ve\/?p=24436#breadcrumb"},"inLanguage":"es","potentialAction":[{"@type":"ReadAction","target":["https:\/\/cenal.gob.ve\/?p=24436"]}]},{"@type":"BreadcrumbList","@id":"https:\/\/cenal.gob.ve\/?p=24436#breadcrumb","itemListElement":[{"@type":"ListItem","position":1,"name":"Home","item":"https:\/\/cenal.gob.ve\/"},{"@type":"ListItem","position":2,"name":"C\u00e9sar Franco present\u00f3 \u201cA las nubes en un velero\u201d en la 19.\u00aa Filven Nueva Esparta"}]},{"@type":"WebSite","@id":"https:\/\/cenal.gob.ve\/#website","url":"https:\/\/cenal.gob.ve\/","name":"Cenal","description":"","publisher":{"@id":"https:\/\/cenal.gob.ve\/#organization"},"potentialAction":[{"@type":"SearchAction","target":{"@type":"EntryPoint","urlTemplate":"https:\/\/cenal.gob.ve\/?s={search_term_string}"},"query-input":"required name=search_term_string"}],"inLanguage":"es"},{"@type":"Organization","@id":"https:\/\/cenal.gob.ve\/#organization","name":"CENAL","url":"https:\/\/cenal.gob.ve\/","sameAs":[],"logo":{"@type":"ImageObject","inLanguage":"es","@id":"https:\/\/cenal.gob.ve\/#\/schema\/logo\/image\/","url":"https:\/\/i0.wp.com\/cenal.gob.ve\/wp-content\/uploads\/2022\/10\/cropped-images.jpg?fit=512%2C512","contentUrl":"https:\/\/i0.wp.com\/cenal.gob.ve\/wp-content\/uploads\/2022\/10\/cropped-images.jpg?fit=512%2C512","width":512,"height":512,"caption":"CENAL"},"image":{"@id":"https:\/\/cenal.gob.ve\/#\/schema\/logo\/image\/"}},{"@type":"Person","@id":"https:\/\/cenal.gob.ve\/#\/schema\/person\/e3ed34623f400ffab8bc7a63b2f5533f","name":"Prensa Cenal","image":{"@type":"ImageObject","inLanguage":"es","@id":"https:\/\/cenal.gob.ve\/#\/schema\/person\/image\/","url":"https:\/\/secure.gravatar.com\/avatar\/594b4ed34090910c619ac3679001d491?s=96&d=mm&r=g","contentUrl":"https:\/\/secure.gravatar.com\/avatar\/594b4ed34090910c619ac3679001d491?s=96&d=mm&r=g","caption":"Prensa Cenal"},"url":"https:\/\/cenal.gob.ve\/?author=10"}]}},"jetpack_featured_media_url":"https:\/\/cenal.gob.ve\/wp-content\/uploads\/2024\/06\/IMG_20240615_170531_828-1024x683-1.jpg","jetpack_publicize_connections":[],"jetpack_shortlink":"https:\/\/wp.me\/p5FMhp-6m8","_links":{"self":[{"href":"https:\/\/cenal.gob.ve\/index.php?rest_route=\/wp\/v2\/posts\/24436"}],"collection":[{"href":"https:\/\/cenal.gob.ve\/index.php?rest_route=\/wp\/v2\/posts"}],"about":[{"href":"https:\/\/cenal.gob.ve\/index.php?rest_route=\/wp\/v2\/types\/post"}],"author":[{"embeddable":true,"href":"https:\/\/cenal.gob.ve\/index.php?rest_route=\/wp\/v2\/users\/10"}],"replies":[{"embeddable":true,"href":"https:\/\/cenal.gob.ve\/index.php?rest_route=%2Fwp%2Fv2%2Fcomments&post=24436"}],"version-history":[{"count":1,"href":"https:\/\/cenal.gob.ve\/index.php?rest_route=\/wp\/v2\/posts\/24436\/revisions"}],"predecessor-version":[{"id":24438,"href":"https:\/\/cenal.gob.ve\/index.php?rest_route=\/wp\/v2\/posts\/24436\/revisions\/24438"}],"wp:featuredmedia":[{"embeddable":true,"href":"https:\/\/cenal.gob.ve\/index.php?rest_route=\/wp\/v2\/media\/24437"}],"wp:attachment":[{"href":"https:\/\/cenal.gob.ve\/index.php?rest_route=%2Fwp%2Fv2%2Fmedia&parent=24436"}],"wp:term":[{"taxonomy":"category","embeddable":true,"href":"https:\/\/cenal.gob.ve\/index.php?rest_route=%2Fwp%2Fv2%2Fcategories&post=24436"},{"taxonomy":"post_tag","embeddable":true,"href":"https:\/\/cenal.gob.ve\/index.php?rest_route=%2Fwp%2Fv2%2Ftags&post=24436"}],"curies":[{"name":"wp","href":"https:\/\/api.w.org\/{rel}","templated":true}]}}