{"id":24464,"date":"2024-06-30T08:01:00","date_gmt":"2024-06-30T12:01:00","guid":{"rendered":"https:\/\/cenal.gob.ve\/?p=24464"},"modified":"2024-06-30T07:53:47","modified_gmt":"2024-06-30T11:53:47","slug":"el-escandaloso-silencio-del-crimen","status":"publish","type":"post","link":"https:\/\/cenal.gob.ve\/?p=24464","title":{"rendered":"El escandaloso silencio del crimen"},"content":{"rendered":"\n<p class=\"has-drop-cap\">Es antigua la t\u00e1ctica de negar la existencia y resistencia de un pueblo, advierte en un reportaje que public\u00f3 hace 50 a\u00f1os Rodolfo Walsh bajo el titul\u00f3 \u201c<a href=\"http:\/\/www.visconversa.com\/index.php\/2017\/12\/14\/la-revolucion-palestina\/\" target=\"_blank\" rel=\"noreferrer noopener\">La revoluci\u00f3n palestina<\/a>\u201d y comienza as\u00ed: \u201cTres millones de palestinos despojados de su patria cuestionan todo arreglo de paz en Medio Oriente\u201d.<\/p>\n\n\n\n<p>Walsh expone en los primeros p\u00e1rrafos la declaraci\u00f3n de quien fuera primera ministra de Israel, Golda Meir: \u201c\u00bfPalestinos? No s\u00e9 lo que es eso\u201d, para dar a conocer \u201cla eficacia ilusoria del argumento, utilizado en Argelia, Vietnam, colonias portuguesas, para negar la existencia de sus movimientos de liberaci\u00f3n\u201d.<\/p>\n\n\n\n<p>Parece <em>Un detalle menor<\/em>, como el t\u00edtulo de la novela de la escritora palestina Adania Shibli, hace 50 a\u00f1os naci\u00f3 en Galilea. En 2023 debi\u00f3 recibir en la 75\u00aa Feria del Libro de Fr\u00e1ncfort el premio LiBeraturpreis, pero fue censurada.\u00a0Detalles a tomar en cuenta.<\/p>\n\n\n\n<figure class=\"wp-block-image size-full\"><img width=\"404\" height=\"591\" src=\"http:\/\/cenal.gob.ve\/wp-content\/uploads\/2024\/06\/Un-detalle-menor.jpg\" alt=\"\" class=\"wp-image-24462\" srcset=\"https:\/\/cenal.gob.ve\/wp-content\/uploads\/2024\/06\/Un-detalle-menor.jpg 404w, https:\/\/cenal.gob.ve\/wp-content\/uploads\/2024\/06\/Un-detalle-menor-205x300.jpg 205w\" sizes=\"(max-width: 404px) 100vw, 404px\" \/><\/figure>\n\n\n\n<p>El eufemismo que utilizan los medios hegem\u00f3nicos es que est\u00e1 \u201cpostergada\u201d la ceremonia, solo que hasta ahora no hay fecha para la entrega del premio.<\/p>\n\n\n\n<p>La autora descree de todos aquellos que est\u00e1n al frente \u2014y detr\u00e1s\u2014 de la organizaci\u00f3n del premio literario. \u201cQuiz\u00e1s se pueda celebrar la ceremonia de entrega en el futuro. Quiz\u00e1s est\u00e1n esperando a que el libro se haga mejor con el tiempo\u201d, declar\u00f3 a la prensa durante la reciente Feria del Libro de Madrid.<\/p>\n\n\n\n<p>El uso del lenguaje no ha cambiado y la historia del crimen contra el pueblo palestino no empez\u00f3 ayer, como quieren hacer parecer. Shibli se hace las mismas preguntas en su novela y saca a relucir la violaci\u00f3n y asesinato de una muchacha palestina por soldados israel\u00eds durante la ocupaci\u00f3n en 1949.<\/p>\n\n\n\n<p><em>Un detalle menor<\/em> es la reconstrucci\u00f3n a partir de las nuevas situaciones que no son tan nov\u00edsimas, pero que el v\u00e9rtigo que han impuesto las nuevas redes de comunicaci\u00f3n ha logrado poner la mirada sobre los intereses de los grandes capitales.<\/p>\n\n\n\n<p>Los cr\u00edmenes son atroces y no merecen comparaci\u00f3n, pero tampoco hay canciones al estilo de \u201c<em>We are the world, we are the children<\/em>\u201d, para las ni\u00f1as y ni\u00f1os asesinados en Gaza por los ataques militares de Israel. El silencio mundial es escandaloso.<\/p>\n\n\n\n<p>El libro de Shibli usa el lenguaje del colonizador como forma de denuncia para mostrar que los palestinos son tratados como animales, que deben ser eliminados del territorio que los sionistas ocupan con violencia militar.<\/p>\n\n\n\n<p>Ella, el personaje, es palestina. Sus recuerdos se han desdibujados y busca respuestas en un tiempo en que todo es confuso o nos quieren hacer parecer que son otros tiempos y que ha cambiado. Todo comienza por un detalle menor, por lo que parece cotidiano, lo que sorprende y le hace evocar una historia, replantear en su memoria una geograf\u00eda que ahora es tierra ajena, militarizada.&nbsp;<\/p>\n\n\n\n<p>Debe vivir y sobrevivir a un aparato pol\u00edtico que no comprende porque la anula. Necesita desplazarse, apartar miedos, dudas e indagar.<\/p>\n\n\n\n<p>No es una historia de ciencia ficci\u00f3n pero me lleva a las palabras de uno de los autores fundamentales del g\u00e9nero, Philip K. Dick: \u201cEstoy seguro de que no me creen, y de que tampoco creen que creo en lo que afirmo. Son libres de creerme o no, pero al menos crean esto: no estoy bromeando\u201d.<\/p>\n\n\n\n<p>Pensemos por un momento en una ucron\u00eda \u2014as\u00ed como en <em>El hombre en el castillo<\/em>, de P. K. Dick\u2014, que en vez de entregar a Israel las tierras de Palestina prosper\u00f3 la tesis de Joseph Otmar Hefter y a los jud\u00edos se les dio \u201cun territorio entre la Guyana Brit\u00e1nica, Venezuela y Brasil\u201d, es decir, nuestra Guayana Esequiba.&nbsp;<\/p>\n\n\n\n<p>Los colonizadores se imponen a sangre y muerte. El lenguaje se expresa con la fuerza de sus fusiles y ca\u00f1ones. Las v\u00edctimas guardan silencio, resisten. Tienen todas las formas de luchas para la resistencia, entre ellas est\u00e1 la literatura.<\/p>\n\n\n\n<p>La autora en referencia a su libro e incluso a la realidad de su pueblo considera que el lenguaje de las v\u00edctimas \u201cest\u00e1 roto, no saben d\u00f3nde empezar y d\u00f3nde acabar, est\u00e1n confusas, mascullan. Es un lenguaje t\u00edpico del contexto palestino\u201d.<\/p>\n\n\n\n<p>Palestina ayer y hoy no es un detalle, mucho menos menor, y urge la comprensi\u00f3n del genocidio que est\u00e1 cometiendo el estado de Israel contra el pueblo palestino.<\/p>\n","protected":false},"excerpt":{"rendered":"<p>Un detalle menor es la reconstrucci\u00f3n a partir de las nuevas situaciones que no son tan nov\u00edsimas, pero que el v\u00e9rtigo que han impuesto las nuevas redes de comunicaci\u00f3n ha logrado poner la mirada sobre los intereses de los grandes capitales<\/p>\n","protected":false},"author":9,"featured_media":24466,"comment_status":"open","ping_status":"open","sticky":false,"template":"","format":"standard","meta":{"spay_email":"","jetpack_publicize_message":"","jetpack_is_tweetstorm":false,"jetpack_publicize_feature_enabled":true},"categories":[53,69],"tags":[216,227],"yoast_head":"<!-- This site is optimized with the Yoast SEO plugin v19.8 - https:\/\/yoast.com\/wordpress\/plugins\/seo\/ -->\n<title>El escandaloso silencio del crimen<\/title>\n<meta name=\"description\" content=\"Un detalle menor es la reconstrucci\u00f3n a partir de las nuevas situaciones que no son tan nov\u00edsimas, pero que el v\u00e9rtigo que han impuesto las nuevas redes de comunicaci\u00f3n ha logrado poner la mirada sobre los intereses de los grandes capitales\" \/>\n<meta name=\"robots\" content=\"index, follow, max-snippet:-1, max-image-preview:large, max-video-preview:-1\" \/>\n<link rel=\"canonical\" href=\"https:\/\/cenal.gob.ve\/?p=24464\" \/>\n<meta property=\"og:locale\" content=\"es_ES\" \/>\n<meta property=\"og:type\" content=\"article\" \/>\n<meta property=\"og:title\" content=\"El escandaloso silencio del crimen\" \/>\n<meta property=\"og:description\" content=\"Un detalle menor es la reconstrucci\u00f3n a partir de las nuevas situaciones que no son tan nov\u00edsimas, pero que el v\u00e9rtigo que han impuesto las nuevas redes de comunicaci\u00f3n ha logrado poner la mirada sobre los intereses de los grandes capitales\" \/>\n<meta property=\"og:url\" content=\"https:\/\/cenal.gob.ve\/?p=24464\" \/>\n<meta property=\"og:site_name\" content=\"Cenal\" \/>\n<meta property=\"article:published_time\" content=\"2024-06-30T12:01:00+00:00\" \/>\n<meta property=\"article:modified_time\" content=\"2024-06-30T11:53:47+00:00\" \/>\n<meta property=\"og:image\" content=\"https:\/\/i0.wp.com\/cenal.gob.ve\/wp-content\/uploads\/2024\/06\/Nin\u0303os.webp?fit=1200%2C836&ssl=1\" \/>\n\t<meta property=\"og:image:width\" content=\"1200\" \/>\n\t<meta property=\"og:image:height\" content=\"836\" \/>\n\t<meta property=\"og:image:type\" content=\"image\/webp\" \/>\n<meta name=\"author\" content=\"Ra\u00fal Cazal\" \/>\n<meta name=\"twitter:card\" content=\"summary_large_image\" \/>\n<meta name=\"twitter:title\" content=\"El escandaloso silencio del crimen\" \/>\n<meta name=\"twitter:description\" content=\"Un detalle menor es la reconstrucci\u00f3n a partir de las nuevas situaciones que no son tan nov\u00edsimas, pero que el v\u00e9rtigo que han impuesto las nuevas redes de comunicaci\u00f3n ha logrado poner la mirada sobre los intereses de los grandes capitales\" \/>\n<meta name=\"twitter:label1\" content=\"Written by\" \/>\n\t<meta name=\"twitter:data1\" content=\"Ra\u00fal Cazal\" \/>\n\t<meta name=\"twitter:label2\" content=\"Est. reading time\" \/>\n\t<meta name=\"twitter:data2\" content=\"4 minutos\" \/>\n<script type=\"application\/ld+json\" class=\"yoast-schema-graph\">{\"@context\":\"https:\/\/schema.org\",\"@graph\":[{\"@type\":\"Article\",\"@id\":\"https:\/\/cenal.gob.ve\/?p=24464#article\",\"isPartOf\":{\"@id\":\"https:\/\/cenal.gob.ve\/?p=24464\"},\"author\":{\"name\":\"Ra\u00fal Cazal\",\"@id\":\"https:\/\/cenal.gob.ve\/#\/schema\/person\/a6db8b0bfca231546dc925c41aead319\"},\"headline\":\"El escandaloso silencio del crimen\",\"datePublished\":\"2024-06-30T12:01:00+00:00\",\"dateModified\":\"2024-06-30T11:53:47+00:00\",\"mainEntityOfPage\":{\"@id\":\"https:\/\/cenal.gob.ve\/?p=24464\"},\"wordCount\":744,\"commentCount\":1,\"publisher\":{\"@id\":\"https:\/\/cenal.gob.ve\/#organization\"},\"keywords\":[\"Novelas\",\"Palestina\"],\"articleSection\":[\"Lecturas\",\"Ojo por hoja\"],\"inLanguage\":\"es\",\"potentialAction\":[{\"@type\":\"CommentAction\",\"name\":\"Comment\",\"target\":[\"https:\/\/cenal.gob.ve\/?p=24464#respond\"]}]},{\"@type\":\"WebPage\",\"@id\":\"https:\/\/cenal.gob.ve\/?p=24464\",\"url\":\"https:\/\/cenal.gob.ve\/?p=24464\",\"name\":\"El escandaloso silencio del crimen\",\"isPartOf\":{\"@id\":\"https:\/\/cenal.gob.ve\/#website\"},\"datePublished\":\"2024-06-30T12:01:00+00:00\",\"dateModified\":\"2024-06-30T11:53:47+00:00\",\"description\":\"Un detalle menor es la reconstrucci\u00f3n a partir de las nuevas situaciones que no son tan nov\u00edsimas, pero que el v\u00e9rtigo que han impuesto las nuevas redes de comunicaci\u00f3n ha logrado poner la mirada sobre los intereses de los grandes capitales\",\"breadcrumb\":{\"@id\":\"https:\/\/cenal.gob.ve\/?p=24464#breadcrumb\"},\"inLanguage\":\"es\",\"potentialAction\":[{\"@type\":\"ReadAction\",\"target\":[\"https:\/\/cenal.gob.ve\/?p=24464\"]}]},{\"@type\":\"BreadcrumbList\",\"@id\":\"https:\/\/cenal.gob.ve\/?p=24464#breadcrumb\",\"itemListElement\":[{\"@type\":\"ListItem\",\"position\":1,\"name\":\"Home\",\"item\":\"https:\/\/cenal.gob.ve\/\"},{\"@type\":\"ListItem\",\"position\":2,\"name\":\"El escandaloso silencio del crimen\"}]},{\"@type\":\"WebSite\",\"@id\":\"https:\/\/cenal.gob.ve\/#website\",\"url\":\"https:\/\/cenal.gob.ve\/\",\"name\":\"Cenal\",\"description\":\"\",\"publisher\":{\"@id\":\"https:\/\/cenal.gob.ve\/#organization\"},\"potentialAction\":[{\"@type\":\"SearchAction\",\"target\":{\"@type\":\"EntryPoint\",\"urlTemplate\":\"https:\/\/cenal.gob.ve\/?s={search_term_string}\"},\"query-input\":\"required name=search_term_string\"}],\"inLanguage\":\"es\"},{\"@type\":\"Organization\",\"@id\":\"https:\/\/cenal.gob.ve\/#organization\",\"name\":\"CENAL\",\"url\":\"https:\/\/cenal.gob.ve\/\",\"sameAs\":[],\"logo\":{\"@type\":\"ImageObject\",\"inLanguage\":\"es\",\"@id\":\"https:\/\/cenal.gob.ve\/#\/schema\/logo\/image\/\",\"url\":\"https:\/\/i0.wp.com\/cenal.gob.ve\/wp-content\/uploads\/2022\/10\/cropped-images.jpg?fit=512%2C512\",\"contentUrl\":\"https:\/\/i0.wp.com\/cenal.gob.ve\/wp-content\/uploads\/2022\/10\/cropped-images.jpg?fit=512%2C512\",\"width\":512,\"height\":512,\"caption\":\"CENAL\"},\"image\":{\"@id\":\"https:\/\/cenal.gob.ve\/#\/schema\/logo\/image\/\"}},{\"@type\":\"Person\",\"@id\":\"https:\/\/cenal.gob.ve\/#\/schema\/person\/a6db8b0bfca231546dc925c41aead319\",\"name\":\"Ra\u00fal Cazal\",\"image\":{\"@type\":\"ImageObject\",\"inLanguage\":\"es\",\"@id\":\"https:\/\/cenal.gob.ve\/#\/schema\/person\/image\/\",\"url\":\"https:\/\/secure.gravatar.com\/avatar\/efcec262923fa6cdb1746d5c7c9fb742?s=96&d=mm&r=g\",\"contentUrl\":\"https:\/\/secure.gravatar.com\/avatar\/efcec262923fa6cdb1746d5c7c9fb742?s=96&d=mm&r=g\",\"caption\":\"Ra\u00fal Cazal\"},\"description\":\"Escritor, periodista y editor. Presidente del Centro Nacional del Libro desde noviembre de 2018. En febrero de 2019 asume la Direcci\u00f3n General de la Fundaci\u00f3n Editorial El perro y la rana y en agosto es nombrado Viceministro de Fomento para la Econom\u00eda Cultural. Es autor de los libros\u00a0de cuentos El bolero se baila pegadito (1988), Todo tiene su final (1992) y de poes\u00eda Algunas cuestiones sin importancia (1994). Es coautor con Freddy Fern\u00e1ndez del ensayo A qui\u00e9n le importa la opini\u00f3n de un ciego (2006). Gracias, medios de comunicaci\u00f3n (2018) fue merecedor del Premio Nacional de Periodismo en 2019, menci\u00f3n Libro. Actualmente dirige y conduce Las formas del libro.\",\"url\":\"https:\/\/cenal.gob.ve\/?author=9\"}]}<\/script>\n<!-- \/ Yoast SEO plugin. -->","yoast_head_json":{"title":"El escandaloso silencio del crimen","description":"Un detalle menor es la reconstrucci\u00f3n a partir de las nuevas situaciones que no son tan nov\u00edsimas, pero que el v\u00e9rtigo que han impuesto las nuevas redes de comunicaci\u00f3n ha logrado poner la mirada sobre los intereses de los grandes capitales","robots":{"index":"index","follow":"follow","max-snippet":"max-snippet:-1","max-image-preview":"max-image-preview:large","max-video-preview":"max-video-preview:-1"},"canonical":"https:\/\/cenal.gob.ve\/?p=24464","og_locale":"es_ES","og_type":"article","og_title":"El escandaloso silencio del crimen","og_description":"Un detalle menor es la reconstrucci\u00f3n a partir de las nuevas situaciones que no son tan nov\u00edsimas, pero que el v\u00e9rtigo que han impuesto las nuevas redes de comunicaci\u00f3n ha logrado poner la mirada sobre los intereses de los grandes capitales","og_url":"https:\/\/cenal.gob.ve\/?p=24464","og_site_name":"Cenal","article_published_time":"2024-06-30T12:01:00+00:00","article_modified_time":"2024-06-30T11:53:47+00:00","og_image":[{"width":1200,"height":836,"url":"https:\/\/i0.wp.com\/cenal.gob.ve\/wp-content\/uploads\/2024\/06\/Nin\u0303os.webp?fit=1200%2C836&ssl=1","type":"image\/webp"}],"author":"Ra\u00fal Cazal","twitter_card":"summary_large_image","twitter_title":"El escandaloso silencio del crimen","twitter_description":"Un detalle menor es la reconstrucci\u00f3n a partir de las nuevas situaciones que no son tan nov\u00edsimas, pero que el v\u00e9rtigo que han impuesto las nuevas redes de comunicaci\u00f3n ha logrado poner la mirada sobre los intereses de los grandes capitales","twitter_misc":{"Written by":"Ra\u00fal Cazal","Est. reading time":"4 minutos"},"schema":{"@context":"https:\/\/schema.org","@graph":[{"@type":"Article","@id":"https:\/\/cenal.gob.ve\/?p=24464#article","isPartOf":{"@id":"https:\/\/cenal.gob.ve\/?p=24464"},"author":{"name":"Ra\u00fal Cazal","@id":"https:\/\/cenal.gob.ve\/#\/schema\/person\/a6db8b0bfca231546dc925c41aead319"},"headline":"El escandaloso silencio del crimen","datePublished":"2024-06-30T12:01:00+00:00","dateModified":"2024-06-30T11:53:47+00:00","mainEntityOfPage":{"@id":"https:\/\/cenal.gob.ve\/?p=24464"},"wordCount":744,"commentCount":1,"publisher":{"@id":"https:\/\/cenal.gob.ve\/#organization"},"keywords":["Novelas","Palestina"],"articleSection":["Lecturas","Ojo por hoja"],"inLanguage":"es","potentialAction":[{"@type":"CommentAction","name":"Comment","target":["https:\/\/cenal.gob.ve\/?p=24464#respond"]}]},{"@type":"WebPage","@id":"https:\/\/cenal.gob.ve\/?p=24464","url":"https:\/\/cenal.gob.ve\/?p=24464","name":"El escandaloso silencio del crimen","isPartOf":{"@id":"https:\/\/cenal.gob.ve\/#website"},"datePublished":"2024-06-30T12:01:00+00:00","dateModified":"2024-06-30T11:53:47+00:00","description":"Un detalle menor es la reconstrucci\u00f3n a partir de las nuevas situaciones que no son tan nov\u00edsimas, pero que el v\u00e9rtigo que han impuesto las nuevas redes de comunicaci\u00f3n ha logrado poner la mirada sobre los intereses de los grandes capitales","breadcrumb":{"@id":"https:\/\/cenal.gob.ve\/?p=24464#breadcrumb"},"inLanguage":"es","potentialAction":[{"@type":"ReadAction","target":["https:\/\/cenal.gob.ve\/?p=24464"]}]},{"@type":"BreadcrumbList","@id":"https:\/\/cenal.gob.ve\/?p=24464#breadcrumb","itemListElement":[{"@type":"ListItem","position":1,"name":"Home","item":"https:\/\/cenal.gob.ve\/"},{"@type":"ListItem","position":2,"name":"El escandaloso silencio del crimen"}]},{"@type":"WebSite","@id":"https:\/\/cenal.gob.ve\/#website","url":"https:\/\/cenal.gob.ve\/","name":"Cenal","description":"","publisher":{"@id":"https:\/\/cenal.gob.ve\/#organization"},"potentialAction":[{"@type":"SearchAction","target":{"@type":"EntryPoint","urlTemplate":"https:\/\/cenal.gob.ve\/?s={search_term_string}"},"query-input":"required name=search_term_string"}],"inLanguage":"es"},{"@type":"Organization","@id":"https:\/\/cenal.gob.ve\/#organization","name":"CENAL","url":"https:\/\/cenal.gob.ve\/","sameAs":[],"logo":{"@type":"ImageObject","inLanguage":"es","@id":"https:\/\/cenal.gob.ve\/#\/schema\/logo\/image\/","url":"https:\/\/i0.wp.com\/cenal.gob.ve\/wp-content\/uploads\/2022\/10\/cropped-images.jpg?fit=512%2C512","contentUrl":"https:\/\/i0.wp.com\/cenal.gob.ve\/wp-content\/uploads\/2022\/10\/cropped-images.jpg?fit=512%2C512","width":512,"height":512,"caption":"CENAL"},"image":{"@id":"https:\/\/cenal.gob.ve\/#\/schema\/logo\/image\/"}},{"@type":"Person","@id":"https:\/\/cenal.gob.ve\/#\/schema\/person\/a6db8b0bfca231546dc925c41aead319","name":"Ra\u00fal Cazal","image":{"@type":"ImageObject","inLanguage":"es","@id":"https:\/\/cenal.gob.ve\/#\/schema\/person\/image\/","url":"https:\/\/secure.gravatar.com\/avatar\/efcec262923fa6cdb1746d5c7c9fb742?s=96&d=mm&r=g","contentUrl":"https:\/\/secure.gravatar.com\/avatar\/efcec262923fa6cdb1746d5c7c9fb742?s=96&d=mm&r=g","caption":"Ra\u00fal Cazal"},"description":"Escritor, periodista y editor. Presidente del Centro Nacional del Libro desde noviembre de 2018. En febrero de 2019 asume la Direcci\u00f3n General de la Fundaci\u00f3n Editorial El perro y la rana y en agosto es nombrado Viceministro de Fomento para la Econom\u00eda Cultural. Es autor de los libros\u00a0de cuentos El bolero se baila pegadito (1988), Todo tiene su final (1992) y de poes\u00eda Algunas cuestiones sin importancia (1994). Es coautor con Freddy Fern\u00e1ndez del ensayo A qui\u00e9n le importa la opini\u00f3n de un ciego (2006). Gracias, medios de comunicaci\u00f3n (2018) fue merecedor del Premio Nacional de Periodismo en 2019, menci\u00f3n Libro. Actualmente dirige y conduce Las formas del libro.","url":"https:\/\/cenal.gob.ve\/?author=9"}]}},"jetpack_featured_media_url":"https:\/\/cenal.gob.ve\/wp-content\/uploads\/2024\/06\/Nin\u0303os.webp","jetpack_publicize_connections":[],"jetpack_shortlink":"https:\/\/wp.me\/p5FMhp-6mA","_links":{"self":[{"href":"https:\/\/cenal.gob.ve\/index.php?rest_route=\/wp\/v2\/posts\/24464"}],"collection":[{"href":"https:\/\/cenal.gob.ve\/index.php?rest_route=\/wp\/v2\/posts"}],"about":[{"href":"https:\/\/cenal.gob.ve\/index.php?rest_route=\/wp\/v2\/types\/post"}],"author":[{"embeddable":true,"href":"https:\/\/cenal.gob.ve\/index.php?rest_route=\/wp\/v2\/users\/9"}],"replies":[{"embeddable":true,"href":"https:\/\/cenal.gob.ve\/index.php?rest_route=%2Fwp%2Fv2%2Fcomments&post=24464"}],"version-history":[{"count":3,"href":"https:\/\/cenal.gob.ve\/index.php?rest_route=\/wp\/v2\/posts\/24464\/revisions"}],"predecessor-version":[{"id":24471,"href":"https:\/\/cenal.gob.ve\/index.php?rest_route=\/wp\/v2\/posts\/24464\/revisions\/24471"}],"wp:featuredmedia":[{"embeddable":true,"href":"https:\/\/cenal.gob.ve\/index.php?rest_route=\/wp\/v2\/media\/24466"}],"wp:attachment":[{"href":"https:\/\/cenal.gob.ve\/index.php?rest_route=%2Fwp%2Fv2%2Fmedia&parent=24464"}],"wp:term":[{"taxonomy":"category","embeddable":true,"href":"https:\/\/cenal.gob.ve\/index.php?rest_route=%2Fwp%2Fv2%2Fcategories&post=24464"},{"taxonomy":"post_tag","embeddable":true,"href":"https:\/\/cenal.gob.ve\/index.php?rest_route=%2Fwp%2Fv2%2Ftags&post=24464"}],"curies":[{"name":"wp","href":"https:\/\/api.w.org\/{rel}","templated":true}]}}