{"id":24478,"date":"2024-07-14T07:01:00","date_gmt":"2024-07-14T11:01:00","guid":{"rendered":"https:\/\/cenal.gob.ve\/?p=24478"},"modified":"2024-07-14T06:49:09","modified_gmt":"2024-07-14T10:49:09","slug":"benito-yrady-y-la-novela-del-petroleo","status":"publish","type":"post","link":"https:\/\/cenal.gob.ve\/?p=24478","title":{"rendered":"Benito Yrady y la novela del petr\u00f3leo"},"content":{"rendered":"\n<p class=\"has-drop-cap\">Exist\u00eda la leyenda de que el petr\u00f3leo no hab\u00eda llegado a la novela venezolana. Las p\u00e1ginas literarias hace m\u00e1s de 50 a\u00f1os atizaban esta ausencia o baja producci\u00f3n literaria frente a las novelas sobre la dictadura gomecista o perezjimenista.<\/p>\n\n\n\n<p>El ensayista Gustavo Luis Carrera en su libro <em>La novela del petr\u00f3leo de Venezuela,<\/em> publicado en 1971, afirma categ\u00f3ricamente que cinco novelas petroleras son las \u201cpropiamente dichas\u201d:&nbsp;<em>Mancha de aceite<\/em><em> <\/em><em>(1935), de C<\/em><em>\u00e9<\/em><em>sar Uribe Piedrah<\/em><em>\u00edta;<\/em>&nbsp;<em>Mene <\/em>(1936<em>)<\/em>&nbsp;y <em>Casandra<\/em><em> <\/em>(1957), de Ram\u00f3n D\u00edaz S\u00e1nchez;<em> <\/em><em>Guachimanes<\/em>&nbsp;(1954), de Gabriel Bracho Montiel,&nbsp;y&nbsp;<em>Oficina N\u00b0 <\/em><em>1 <\/em>(1961), de Miguel Otero Silva.<\/p>\n\n\n\n<p>Algunas otras novelas mencionan el petr\u00f3leo, su paisaje o las relaciones que se impusieron con las transnacionales petroleras y el gobierno estadounidense, sin embargo no pose\u00edan suficientes grados API como para considerarlas de novelas del petr\u00f3leo.<\/p>\n\n\n\n<p>Antes de finalizar esa d\u00e9cada, Benito Yrady, un joven escritor nacido en El Tigre, aparece en la escena literaria con el libro de cuentos, que tangencialmente toca el petr\u00f3leo, <em>Zona de tolerancia<\/em> (1978), y luego, pr\u00e1cticamente, el autor desaparece de este escenario para ocuparse en cuerpo y alma a lo que llaman la \u201cgerencia cultural\u201d. Se gan\u00f3 por un lado, y por otro, se acumularon conocimientos de los saberes de un pueblo tan variado en su cultura.<\/p>\n\n\n\n<p>Pasaron m\u00e1s de cincuenta a\u00f1os, pero la escritura y la literatura siempre estuvieron all\u00ed, en Benito Yrady, a la espera de su turno. Hasta que lleg\u00f3 la pandemia y la decisi\u00f3n de contar las nostalgias y sue\u00f1os de unos personajes for\u00e1neos que hablan de sus tierras \u2014en donde intervienen James Joyce, Ernest Hemingway, Walt Withman, entre otros\u2014, y de un \u201cpa\u00eds del petr\u00f3leo\u201d.<\/p>\n\n\n\n<p>La obra en cuesti\u00f3n es la novela <em>Historia del se\u00f1or Cody<\/em> (2024), que aparece en el cat\u00e1logo de Monte Avila Editores en los d\u00edas en que Benito Yrady es el escritor homenajeado de la 20.\u00aa Feria Internacional del Libro de Venezuela.<\/p>\n\n\n\n<figure class=\"wp-block-image size-full\"><img width=\"406\" height=\"615\" src=\"https:\/\/cenal.gob.ve\/wp-content\/uploads\/2024\/07\/La-historia-del-sen\u0303or-Cody-medios.png\" alt=\"\" class=\"wp-image-24482\" srcset=\"https:\/\/cenal.gob.ve\/wp-content\/uploads\/2024\/07\/La-historia-del-sen\u0303or-Cody-medios.png 406w, https:\/\/cenal.gob.ve\/wp-content\/uploads\/2024\/07\/La-historia-del-sen\u0303or-Cody-medios-198x300.png 198w\" sizes=\"(max-width: 406px) 100vw, 406px\" \/><\/figure>\n\n\n\n<p>En ella se mantiene una relaci\u00f3n l\u00fadica entre el lector y narrador. Nos transporta a una lectura de Joyce como si el escritor irland\u00e9s hablara y se paseara por este pa\u00eds del petr\u00f3leo.<\/p>\n\n\n\n<p>A veces pecamos al resumir una obra con una enumeraci\u00f3n o descripci\u00f3n que quiz\u00e1s no dice mucho. Ricardo Piglia dir\u00eda que cada lectura es una perspectiva del lector.<\/p>\n\n\n\n<p>La lectura, y con ella los sue\u00f1os y la nostalgia, es quiz\u00e1s el recurso literario que nos conduce a historias m\u00ednimas que transcurren paralelamente o son causas y consecuencias en la novela <em>Historia del se\u00f1or Cody. <\/em>Es \u201cel impulso de tener el hogar en todas partes\u201d, dir\u00eda el poeta Novalis.<\/p>\n\n\n\n<p>Pero la lectura no es solamente aquella que experimentamos con los libros, sino, tambi\u00e9n, con historias orales, mitos de nuestros pueblos originarios y, por supuesto, la realidad que enfrentamos constantemente por el simple hecho de vivir. Joyce, uno de los escritores que acompa\u00f1a toda la novela y a Benito, como lector, se preocupaba por la velocidad en que se lee en los sue\u00f1os.<\/p>\n\n\n\n<p>\u201cHay una relaci\u00f3n entre la lectura y lo real, pero tambi\u00e9n hay una relaci\u00f3n entre la lectura y los sue\u00f1os, y en ese doble v\u00ednculo la novela ha tramado su historia\u201d, reflexiona Piglia en <em>El \u00faltimo lector<\/em> para responder en parte \u201c\u00bfQu\u00e9 es un lector?\u201d.<\/p>\n\n\n\n<p>Pero tambi\u00e9n existe otra historia, la de la m\u00edtica b\u00fasqueda de El dorado, que por siglos buscaron colonos de los imperios brit\u00e1nicos, espa\u00f1oles y portugueses. La riqueza de variados minerales que no encontraron porque no estaba a simple vista los enloqueci\u00f3, pero el petr\u00f3leo, al final, fue el dorado buscado que le dio apellido a un pa\u00eds.<\/p>\n\n\n\n<p>David Cody, seg\u00fan recuerda Oscar Lynch, dijo que \u201cno hay pa\u00eds semejante y tan hermoso\u201d y entre delirios que lo puede confirmar la realidad, exclam\u00f3: \u201c\u00a1Como Raleigh tambi\u00e9n digo que no cubre el sol pa\u00eds tan rico en el mundo! Todo eso lo tiene el verdadero pa\u00eds del petr\u00f3leo\u201d.<\/p>\n\n\n\n<p>En <em>El hacedor<\/em>, Jorge Luis Borges incluy\u00f3 un extenso poema que su comienzo podr\u00eda ser lo que Benito Yrady logra con la novela <em>Historia del se\u00f1or Cody<\/em>: \u201cNadie puede escribir un libro. Para \/ que un libro sea verdaderamente, \/ se requieren la aurora y el poniente, \/ siglos, armas y el mar que une y separa\u201d.<\/p>\n","protected":false},"excerpt":{"rendered":"<p>La novela Historia del se\u00f1or Cody (2024) aparece en el cat\u00e1logo de Monte Avila Editores en los d\u00edas en que Benito Yrady es el escritor homenajeado de la 20.\u00aa Feria Internacional del Libro de Venezuela<\/p>\n","protected":false},"author":9,"featured_media":24481,"comment_status":"open","ping_status":"open","sticky":false,"template":"","format":"standard","meta":{"spay_email":"","jetpack_publicize_message":"","jetpack_is_tweetstorm":false,"jetpack_publicize_feature_enabled":true},"categories":[53,69],"tags":[212,216],"yoast_head":"<!-- This site is optimized with the Yoast SEO plugin v19.8 - https:\/\/yoast.com\/wordpress\/plugins\/seo\/ -->\n<title>Benito Yrady y la novela del petr\u00f3leo<\/title>\n<meta name=\"description\" content=\"La novela Historia del se\u00f1or Cody (2024) aparece en el cat\u00e1logo de Monte Avila Editores en los d\u00edas en que Benito Yrady es el escritor homenajeado de la 20.\u00aa Feria Internacional del Libro de Venezuela\" \/>\n<meta name=\"robots\" content=\"index, follow, max-snippet:-1, max-image-preview:large, max-video-preview:-1\" \/>\n<link rel=\"canonical\" href=\"https:\/\/cenal.gob.ve\/?p=24478\" \/>\n<meta property=\"og:locale\" content=\"es_ES\" \/>\n<meta property=\"og:type\" content=\"article\" \/>\n<meta property=\"og:title\" content=\"Benito Yrady y la novela del petr\u00f3leo\" \/>\n<meta property=\"og:description\" content=\"La novela Historia del se\u00f1or Cody (2024) aparece en el cat\u00e1logo de Monte Avila Editores en los d\u00edas en que Benito Yrady es el escritor homenajeado de la 20.\u00aa Feria Internacional del Libro de Venezuela\" \/>\n<meta property=\"og:url\" content=\"https:\/\/cenal.gob.ve\/?p=24478\" \/>\n<meta property=\"og:site_name\" content=\"Cenal\" \/>\n<meta property=\"article:published_time\" content=\"2024-07-14T11:01:00+00:00\" \/>\n<meta property=\"article:modified_time\" content=\"2024-07-14T10:49:09+00:00\" \/>\n<meta property=\"og:image\" content=\"https:\/\/i0.wp.com\/cenal.gob.ve\/wp-content\/uploads\/2024\/07\/Campo-de-petro\u0301leo.jpg?fit=863%2C580&ssl=1\" \/>\n\t<meta property=\"og:image:width\" content=\"863\" \/>\n\t<meta property=\"og:image:height\" content=\"580\" \/>\n\t<meta property=\"og:image:type\" content=\"image\/jpeg\" \/>\n<meta name=\"author\" content=\"Ra\u00fal Cazal\" \/>\n<meta name=\"twitter:card\" content=\"summary_large_image\" \/>\n<meta name=\"twitter:title\" content=\"Benito Yrady y la novela del petr\u00f3leo\" \/>\n<meta name=\"twitter:description\" content=\"La novela Historia del se\u00f1or Cody (2024) aparece en el cat\u00e1logo de Monte Avila Editores en los d\u00edas en que Benito Yrady es el escritor homenajeado de la 20.\u00aa Feria Internacional del Libro de Venezuela\" \/>\n<meta name=\"twitter:image\" content=\"https:\/\/cenal.gob.ve\/wp-content\/uploads\/2024\/07\/La-historia-del-sen\u0303or-Cody-medios.png\" \/>\n<meta name=\"twitter:label1\" content=\"Written by\" \/>\n\t<meta name=\"twitter:data1\" content=\"Ra\u00fal Cazal\" \/>\n\t<meta name=\"twitter:label2\" content=\"Est. reading time\" \/>\n\t<meta name=\"twitter:data2\" content=\"4 minutos\" \/>\n<script type=\"application\/ld+json\" class=\"yoast-schema-graph\">{\"@context\":\"https:\/\/schema.org\",\"@graph\":[{\"@type\":\"Article\",\"@id\":\"https:\/\/cenal.gob.ve\/?p=24478#article\",\"isPartOf\":{\"@id\":\"https:\/\/cenal.gob.ve\/?p=24478\"},\"author\":{\"name\":\"Ra\u00fal Cazal\",\"@id\":\"https:\/\/cenal.gob.ve\/#\/schema\/person\/a6db8b0bfca231546dc925c41aead319\"},\"headline\":\"Benito Yrady y la novela del petr\u00f3leo\",\"datePublished\":\"2024-07-14T11:01:00+00:00\",\"dateModified\":\"2024-07-14T10:49:09+00:00\",\"mainEntityOfPage\":{\"@id\":\"https:\/\/cenal.gob.ve\/?p=24478\"},\"wordCount\":765,\"commentCount\":0,\"publisher\":{\"@id\":\"https:\/\/cenal.gob.ve\/#organization\"},\"keywords\":[\"Literatura venezolana\",\"Novelas\"],\"articleSection\":[\"Lecturas\",\"Ojo por hoja\"],\"inLanguage\":\"es\",\"potentialAction\":[{\"@type\":\"CommentAction\",\"name\":\"Comment\",\"target\":[\"https:\/\/cenal.gob.ve\/?p=24478#respond\"]}]},{\"@type\":\"WebPage\",\"@id\":\"https:\/\/cenal.gob.ve\/?p=24478\",\"url\":\"https:\/\/cenal.gob.ve\/?p=24478\",\"name\":\"Benito Yrady y la novela del petr\u00f3leo\",\"isPartOf\":{\"@id\":\"https:\/\/cenal.gob.ve\/#website\"},\"datePublished\":\"2024-07-14T11:01:00+00:00\",\"dateModified\":\"2024-07-14T10:49:09+00:00\",\"description\":\"La novela Historia del se\u00f1or Cody (2024) aparece en el cat\u00e1logo de Monte Avila Editores en los d\u00edas en que Benito Yrady es el escritor homenajeado de la 20.\u00aa Feria Internacional del Libro de Venezuela\",\"breadcrumb\":{\"@id\":\"https:\/\/cenal.gob.ve\/?p=24478#breadcrumb\"},\"inLanguage\":\"es\",\"potentialAction\":[{\"@type\":\"ReadAction\",\"target\":[\"https:\/\/cenal.gob.ve\/?p=24478\"]}]},{\"@type\":\"BreadcrumbList\",\"@id\":\"https:\/\/cenal.gob.ve\/?p=24478#breadcrumb\",\"itemListElement\":[{\"@type\":\"ListItem\",\"position\":1,\"name\":\"Home\",\"item\":\"https:\/\/cenal.gob.ve\/\"},{\"@type\":\"ListItem\",\"position\":2,\"name\":\"Benito Yrady y la novela del petr\u00f3leo\"}]},{\"@type\":\"WebSite\",\"@id\":\"https:\/\/cenal.gob.ve\/#website\",\"url\":\"https:\/\/cenal.gob.ve\/\",\"name\":\"Cenal\",\"description\":\"\",\"publisher\":{\"@id\":\"https:\/\/cenal.gob.ve\/#organization\"},\"potentialAction\":[{\"@type\":\"SearchAction\",\"target\":{\"@type\":\"EntryPoint\",\"urlTemplate\":\"https:\/\/cenal.gob.ve\/?s={search_term_string}\"},\"query-input\":\"required name=search_term_string\"}],\"inLanguage\":\"es\"},{\"@type\":\"Organization\",\"@id\":\"https:\/\/cenal.gob.ve\/#organization\",\"name\":\"CENAL\",\"url\":\"https:\/\/cenal.gob.ve\/\",\"sameAs\":[],\"logo\":{\"@type\":\"ImageObject\",\"inLanguage\":\"es\",\"@id\":\"https:\/\/cenal.gob.ve\/#\/schema\/logo\/image\/\",\"url\":\"https:\/\/i0.wp.com\/cenal.gob.ve\/wp-content\/uploads\/2022\/10\/cropped-images.jpg?fit=512%2C512\",\"contentUrl\":\"https:\/\/i0.wp.com\/cenal.gob.ve\/wp-content\/uploads\/2022\/10\/cropped-images.jpg?fit=512%2C512\",\"width\":512,\"height\":512,\"caption\":\"CENAL\"},\"image\":{\"@id\":\"https:\/\/cenal.gob.ve\/#\/schema\/logo\/image\/\"}},{\"@type\":\"Person\",\"@id\":\"https:\/\/cenal.gob.ve\/#\/schema\/person\/a6db8b0bfca231546dc925c41aead319\",\"name\":\"Ra\u00fal Cazal\",\"image\":{\"@type\":\"ImageObject\",\"inLanguage\":\"es\",\"@id\":\"https:\/\/cenal.gob.ve\/#\/schema\/person\/image\/\",\"url\":\"https:\/\/secure.gravatar.com\/avatar\/efcec262923fa6cdb1746d5c7c9fb742?s=96&d=mm&r=g\",\"contentUrl\":\"https:\/\/secure.gravatar.com\/avatar\/efcec262923fa6cdb1746d5c7c9fb742?s=96&d=mm&r=g\",\"caption\":\"Ra\u00fal Cazal\"},\"description\":\"Escritor, periodista y editor. Presidente del Centro Nacional del Libro desde noviembre de 2018. En febrero de 2019 asume la Direcci\u00f3n General de la Fundaci\u00f3n Editorial El perro y la rana y en agosto es nombrado Viceministro de Fomento para la Econom\u00eda Cultural. Es autor de los libros\u00a0de cuentos El bolero se baila pegadito (1988), Todo tiene su final (1992) y de poes\u00eda Algunas cuestiones sin importancia (1994). Es coautor con Freddy Fern\u00e1ndez del ensayo A qui\u00e9n le importa la opini\u00f3n de un ciego (2006). Gracias, medios de comunicaci\u00f3n (2018) fue merecedor del Premio Nacional de Periodismo en 2019, menci\u00f3n Libro. Actualmente dirige y conduce Las formas del libro.\",\"url\":\"https:\/\/cenal.gob.ve\/?author=9\"}]}<\/script>\n<!-- \/ Yoast SEO plugin. -->","yoast_head_json":{"title":"Benito Yrady y la novela del petr\u00f3leo","description":"La novela Historia del se\u00f1or Cody (2024) aparece en el cat\u00e1logo de Monte Avila Editores en los d\u00edas en que Benito Yrady es el escritor homenajeado de la 20.\u00aa Feria Internacional del Libro de Venezuela","robots":{"index":"index","follow":"follow","max-snippet":"max-snippet:-1","max-image-preview":"max-image-preview:large","max-video-preview":"max-video-preview:-1"},"canonical":"https:\/\/cenal.gob.ve\/?p=24478","og_locale":"es_ES","og_type":"article","og_title":"Benito Yrady y la novela del petr\u00f3leo","og_description":"La novela Historia del se\u00f1or Cody (2024) aparece en el cat\u00e1logo de Monte Avila Editores en los d\u00edas en que Benito Yrady es el escritor homenajeado de la 20.\u00aa Feria Internacional del Libro de Venezuela","og_url":"https:\/\/cenal.gob.ve\/?p=24478","og_site_name":"Cenal","article_published_time":"2024-07-14T11:01:00+00:00","article_modified_time":"2024-07-14T10:49:09+00:00","og_image":[{"width":863,"height":580,"url":"https:\/\/i0.wp.com\/cenal.gob.ve\/wp-content\/uploads\/2024\/07\/Campo-de-petro\u0301leo.jpg?fit=863%2C580&ssl=1","type":"image\/jpeg"}],"author":"Ra\u00fal Cazal","twitter_card":"summary_large_image","twitter_title":"Benito Yrady y la novela del petr\u00f3leo","twitter_description":"La novela Historia del se\u00f1or Cody (2024) aparece en el cat\u00e1logo de Monte Avila Editores en los d\u00edas en que Benito Yrady es el escritor homenajeado de la 20.\u00aa Feria Internacional del Libro de Venezuela","twitter_image":"https:\/\/cenal.gob.ve\/wp-content\/uploads\/2024\/07\/La-historia-del-sen\u0303or-Cody-medios.png","twitter_misc":{"Written by":"Ra\u00fal Cazal","Est. reading time":"4 minutos"},"schema":{"@context":"https:\/\/schema.org","@graph":[{"@type":"Article","@id":"https:\/\/cenal.gob.ve\/?p=24478#article","isPartOf":{"@id":"https:\/\/cenal.gob.ve\/?p=24478"},"author":{"name":"Ra\u00fal Cazal","@id":"https:\/\/cenal.gob.ve\/#\/schema\/person\/a6db8b0bfca231546dc925c41aead319"},"headline":"Benito Yrady y la novela del petr\u00f3leo","datePublished":"2024-07-14T11:01:00+00:00","dateModified":"2024-07-14T10:49:09+00:00","mainEntityOfPage":{"@id":"https:\/\/cenal.gob.ve\/?p=24478"},"wordCount":765,"commentCount":0,"publisher":{"@id":"https:\/\/cenal.gob.ve\/#organization"},"keywords":["Literatura venezolana","Novelas"],"articleSection":["Lecturas","Ojo por hoja"],"inLanguage":"es","potentialAction":[{"@type":"CommentAction","name":"Comment","target":["https:\/\/cenal.gob.ve\/?p=24478#respond"]}]},{"@type":"WebPage","@id":"https:\/\/cenal.gob.ve\/?p=24478","url":"https:\/\/cenal.gob.ve\/?p=24478","name":"Benito Yrady y la novela del petr\u00f3leo","isPartOf":{"@id":"https:\/\/cenal.gob.ve\/#website"},"datePublished":"2024-07-14T11:01:00+00:00","dateModified":"2024-07-14T10:49:09+00:00","description":"La novela Historia del se\u00f1or Cody (2024) aparece en el cat\u00e1logo de Monte Avila Editores en los d\u00edas en que Benito Yrady es el escritor homenajeado de la 20.\u00aa Feria Internacional del Libro de Venezuela","breadcrumb":{"@id":"https:\/\/cenal.gob.ve\/?p=24478#breadcrumb"},"inLanguage":"es","potentialAction":[{"@type":"ReadAction","target":["https:\/\/cenal.gob.ve\/?p=24478"]}]},{"@type":"BreadcrumbList","@id":"https:\/\/cenal.gob.ve\/?p=24478#breadcrumb","itemListElement":[{"@type":"ListItem","position":1,"name":"Home","item":"https:\/\/cenal.gob.ve\/"},{"@type":"ListItem","position":2,"name":"Benito Yrady y la novela del petr\u00f3leo"}]},{"@type":"WebSite","@id":"https:\/\/cenal.gob.ve\/#website","url":"https:\/\/cenal.gob.ve\/","name":"Cenal","description":"","publisher":{"@id":"https:\/\/cenal.gob.ve\/#organization"},"potentialAction":[{"@type":"SearchAction","target":{"@type":"EntryPoint","urlTemplate":"https:\/\/cenal.gob.ve\/?s={search_term_string}"},"query-input":"required name=search_term_string"}],"inLanguage":"es"},{"@type":"Organization","@id":"https:\/\/cenal.gob.ve\/#organization","name":"CENAL","url":"https:\/\/cenal.gob.ve\/","sameAs":[],"logo":{"@type":"ImageObject","inLanguage":"es","@id":"https:\/\/cenal.gob.ve\/#\/schema\/logo\/image\/","url":"https:\/\/i0.wp.com\/cenal.gob.ve\/wp-content\/uploads\/2022\/10\/cropped-images.jpg?fit=512%2C512","contentUrl":"https:\/\/i0.wp.com\/cenal.gob.ve\/wp-content\/uploads\/2022\/10\/cropped-images.jpg?fit=512%2C512","width":512,"height":512,"caption":"CENAL"},"image":{"@id":"https:\/\/cenal.gob.ve\/#\/schema\/logo\/image\/"}},{"@type":"Person","@id":"https:\/\/cenal.gob.ve\/#\/schema\/person\/a6db8b0bfca231546dc925c41aead319","name":"Ra\u00fal Cazal","image":{"@type":"ImageObject","inLanguage":"es","@id":"https:\/\/cenal.gob.ve\/#\/schema\/person\/image\/","url":"https:\/\/secure.gravatar.com\/avatar\/efcec262923fa6cdb1746d5c7c9fb742?s=96&d=mm&r=g","contentUrl":"https:\/\/secure.gravatar.com\/avatar\/efcec262923fa6cdb1746d5c7c9fb742?s=96&d=mm&r=g","caption":"Ra\u00fal Cazal"},"description":"Escritor, periodista y editor. Presidente del Centro Nacional del Libro desde noviembre de 2018. En febrero de 2019 asume la Direcci\u00f3n General de la Fundaci\u00f3n Editorial El perro y la rana y en agosto es nombrado Viceministro de Fomento para la Econom\u00eda Cultural. Es autor de los libros\u00a0de cuentos El bolero se baila pegadito (1988), Todo tiene su final (1992) y de poes\u00eda Algunas cuestiones sin importancia (1994). Es coautor con Freddy Fern\u00e1ndez del ensayo A qui\u00e9n le importa la opini\u00f3n de un ciego (2006). Gracias, medios de comunicaci\u00f3n (2018) fue merecedor del Premio Nacional de Periodismo en 2019, menci\u00f3n Libro. Actualmente dirige y conduce Las formas del libro.","url":"https:\/\/cenal.gob.ve\/?author=9"}]}},"jetpack_featured_media_url":"https:\/\/cenal.gob.ve\/wp-content\/uploads\/2024\/07\/Campo-de-petro\u0301leo.jpg","jetpack_publicize_connections":[],"jetpack_shortlink":"https:\/\/wp.me\/p5FMhp-6mO","_links":{"self":[{"href":"https:\/\/cenal.gob.ve\/index.php?rest_route=\/wp\/v2\/posts\/24478"}],"collection":[{"href":"https:\/\/cenal.gob.ve\/index.php?rest_route=\/wp\/v2\/posts"}],"about":[{"href":"https:\/\/cenal.gob.ve\/index.php?rest_route=\/wp\/v2\/types\/post"}],"author":[{"embeddable":true,"href":"https:\/\/cenal.gob.ve\/index.php?rest_route=\/wp\/v2\/users\/9"}],"replies":[{"embeddable":true,"href":"https:\/\/cenal.gob.ve\/index.php?rest_route=%2Fwp%2Fv2%2Fcomments&post=24478"}],"version-history":[{"count":2,"href":"https:\/\/cenal.gob.ve\/index.php?rest_route=\/wp\/v2\/posts\/24478\/revisions"}],"predecessor-version":[{"id":24483,"href":"https:\/\/cenal.gob.ve\/index.php?rest_route=\/wp\/v2\/posts\/24478\/revisions\/24483"}],"wp:featuredmedia":[{"embeddable":true,"href":"https:\/\/cenal.gob.ve\/index.php?rest_route=\/wp\/v2\/media\/24481"}],"wp:attachment":[{"href":"https:\/\/cenal.gob.ve\/index.php?rest_route=%2Fwp%2Fv2%2Fmedia&parent=24478"}],"wp:term":[{"taxonomy":"category","embeddable":true,"href":"https:\/\/cenal.gob.ve\/index.php?rest_route=%2Fwp%2Fv2%2Fcategories&post=24478"},{"taxonomy":"post_tag","embeddable":true,"href":"https:\/\/cenal.gob.ve\/index.php?rest_route=%2Fwp%2Fv2%2Ftags&post=24478"}],"curies":[{"name":"wp","href":"https:\/\/api.w.org\/{rel}","templated":true}]}}