{"id":24487,"date":"2024-07-14T17:20:33","date_gmt":"2024-07-14T21:20:33","guid":{"rendered":"https:\/\/cenal.gob.ve\/?p=24487"},"modified":"2024-07-14T17:20:37","modified_gmt":"2024-07-14T21:20:37","slug":"el-libro-se-hizo-voz-y-vibro-este-viernes-en-la-20a-filven","status":"publish","type":"post","link":"https:\/\/cenal.gob.ve\/?p=24487","title":{"rendered":"El libro se hizo voz y vibr\u00f3 este viernes en la 20\u00aa Filven"},"content":{"rendered":"\n<p>El sabroso aroma del caf\u00e9, el olor particular de libros nuevos que invitan a la lectura, las miradas curiosas de miles de visitantes, la tensi\u00f3n esc\u00e9nica de quien toma un micr\u00f3fono para hablar en p\u00fablico y que luego va agarrando confianza y seguridad con la convicci\u00f3n de sus palabras en distintas \u00e1reas del conocimiento; todo este c\u00famulo de sensaciones rode\u00f3 la imponente Galer\u00eda de Arte Nacional (GAN) en la jornada de este viernes en la 20<sup>\u00aa<\/sup>&nbsp;Feria Internacional del Libro de Venezuela (Filven) 2024.<\/p>\n\n\n\n<p>La Filven viene a ratificar que la importancia de esta fiesta literaria radica en que solo bastan unas horas para convertirse en una cita perfecta para quienes disfrutamos sostener alguna conversaci\u00f3n en torno al arte. En la Filven el libro se hace voz a trav\u00e9s de la lectura, de discusiones, conversatorios, ponencias, charlas, conferencias y presentaciones de libros. Cada a\u00f1o convergen poetas, escritores, profesores, cultores, estudiantes y amantes de la lectura en general.<\/p>\n\n\n\n<p>En ese contexto, este viernes se desarrollaron actividades que pusieron en relieve temas importantes como la controversia por los l\u00edmites de la Guayana Esequiba, el fortalecimiento de las relaciones de Venezuela con potencias como China e Ir\u00e1n; as\u00ed como la diversidad y riqueza cultural de Sud\u00e1frica.<\/p>\n\n\n\n<p>La jornada abord\u00f3 la filosof\u00eda ancestral Ubuntu, propia de la cultura sudafricana, que contempla a la Humanidad como un todo, contraria a la filosof\u00eda del individualismo. La Filven tambi\u00e9n dio espacio a la resistencia cubana frente a la adversidad y esa b\u00fasqueda de oportunidades ante el bloqueo criminal de los pa\u00edses imperiales.<\/p>\n\n\n\n<figure class=\"wp-block-image\"><img src=\"https:\/\/filven.com\/wp-content\/uploads\/2024\/07\/photo_4938513805835611949_y-1024x682.jpg\" alt=\"\" class=\"wp-image-18005\"\/><\/figure>\n\n\n\n<p><strong>Una fiesta multicultural<\/strong><\/p>\n\n\n\n<p>Adem\u00e1s de las delegaciones de Cuba, China, Ir\u00e1n y Sud\u00e1frica como pa\u00edses aliados, la Filven lleg\u00f3 a Caracas acompa\u00f1ada de una gran variedad de expresiones culturales de distintos pa\u00edses. Cada d\u00eda los asistentes pueden disfrutar de novedosas e interesantes muestras literarias, art\u00edsticas y culturales.<\/p>\n\n\n\n<p>Los invitados internacionales aprovechan la ocasi\u00f3n para compartir con el pueblo venezolano un poco de su esencia y gentilicio, aquello que los hace sentirse orgullosos de sus or\u00edgenes. En otras palabras, la multiculturalidad viene a llenar de vida y color estas nuevas p\u00e1ginas de la Filven.<\/p>\n\n\n\n<p>Adicionalmente, en la jornada hubo encuentros que giraron en torno a la importancia de las redes sociales y su papel dentro de la comunicaci\u00f3n; la responsabilidad que implica el uso de estas plataformas digitales para promocionar la cultura y la literatura, as\u00ed como tambi\u00e9n la salud y el reconocimiento e importancia de la mujer como motor fundamental de la sociedad.<\/p>\n\n\n\n<figure class=\"wp-block-image\"><img src=\"https:\/\/filven.com\/wp-content\/uploads\/2024\/07\/Kuay-Nabaida-3-1024x682.jpg\" alt=\"\" class=\"wp-image-18183\"\/><\/figure>\n\n\n\n<p><strong>Reconocimiento a los ni\u00f1os<\/strong><\/p>\n\n\n\n<p>En otro espacio se rindi\u00f3 un merecido homenaje al periodista, caricaturista, humorista, escritor, dibujante, pintor y cineasta Rafael Rivero Oramas y su revista Tricolor, en el marco de los 75 a\u00f1os de su fundaci\u00f3n. Se record\u00f3 al popular \u201cT\u00edo Nicol\u00e1s\u201d como un insigne artista que dedic\u00f3 gran parte de su vida y de su obra literaria a los ni\u00f1os.<\/p>\n\n\n\n<p>Tras una hermosa jornada, la invitaci\u00f3n es para que este fin de semana se colme nuevamente la Feria con la presencia de todos. La cita con el libro, la lectura, el arte y la cultura es en la GAN, entre diez de la ma\u00f1ana y ocho de la noche. Todas las actividades son gratuitas y los ni\u00f1os y ni\u00f1as pueden visitar el pabell\u00f3n infantil, una miniferia concebida con din\u00e1micas divertidas y did\u00e1cticas.<\/p>\n\n\n\n<p>FIN\/FILVEN\/MG\/MR<\/p>\n\n\n\n<p><strong>Lee tambi\u00e9n:<\/strong><\/p>\n\n\n\n<p><a href=\"https:\/\/filven.com\/felipe-garcia-lleva-la-esencia-caribena-a-la-filven\/\">Felipe Garc\u00eda lleva la esencia caribe\u00f1a a la FILVEN<\/a><\/p>\n\n\n\n<p><a href=\"https:\/\/filven.com\/filven-da-merecido-reconocimiento-a-rafael-rivero-oramas-y-su-revista-tricolor\/\">Filven da merecido reconocimiento a Rafael Rivero Oramas y su revista Tricolor<\/a><\/p>\n\n\n\n<p><a href=\"https:\/\/filven.com\/la-literatura-china-y-la-venezolana-encuentran-nuevas-formas-de-expresion-en-la-filven\/\">La literatura china y la venezolana encuentran nuevas formas de expresi\u00f3n en la Filven<\/a><\/p>\n\n\n\n<p><a href=\"https:\/\/filven.com\/la-iniciativa-pedagogias-del-cuerpo-presento-su-agenda-menstrual\/\">La iniciativa Pedagog\u00edas del Cuerpo present\u00f3 su \u201cAgenda Menstrual\u201d<\/a><\/p>\n\n\n\n<p><a href=\"https:\/\/filven.com\/obras-de-german-de-la-reza-exaltan-aportes-de-simon-bolivar-a-la-unidad-regional\/\">Obras de Germ\u00e1n de la Reza exaltan aportes de Sim\u00f3n Bol\u00edvar a la unidad regional<\/a><\/p>\n\n\n\n<p><a href=\"https:\/\/filven.com\/el-realismo-magico-latinoamericano-brilla-en-las-letras-de-ana-luz-garcia-calzada\/\">El realismo m\u00e1gico latinoamericano brilla en las letras de Ana Luz Garc\u00eda Calzada<\/a><\/p>\n\n\n\n<p><a href=\"https:\/\/filven.com\/analizan-en-la-filven-impacto-de-las-redes-sociales-en-la-promocion-del-libro-y-la-lectura\/\">Analizan en la Filven impacto de las redes sociales en la promoci\u00f3n del libro y la lectura<\/a><\/p>\n\n\n\n<p><a href=\"https:\/\/filven.com\/carlos-sierra-presenta-mas-alla-de-la-locura-claves-para-la-salud-mental-en-la-filven\/\">Carlos Sierra presenta \u201cM\u00e1s All\u00e1 de la Locura: Claves para la Salud Mental\u201d en la Filven<\/a><\/p>\n\n\n\n<p><a href=\"https:\/\/filven.com\/biografia-de-domingo-antonio-sifontes-reconoce-el-valor-de-un-guayanes-de-corazon\/\">Biograf\u00eda de Domingo Antonio Sifontes reconoce el valor de un guayan\u00e9s de coraz\u00f3n<\/a><\/p>\n\n\n\n<p><a href=\"https:\/\/filven.com\/la-cultura-se-erige-como-un-camino-para-fortalecer-las-relaciones-iran-venezuela\/\">La cultura se erige como un camino para fortalecer las relaciones Ir\u00e1n-Venezuela<\/a><\/p>\n\n\n\n<p><a href=\"https:\/\/filven.com\/multiculturalidad-llena-de-vida-y-color-las-paginas-de-la-filven\/\">Multiculturalidad llena de vida y color las p\u00e1ginas de la Filven<\/a><\/p>\n\n\n\n<p><a href=\"https:\/\/filven.com\/presentado-el-libro-orinoco-tres-momentos-en-la-controversia-de-limites-de-guayana-en-la-filven\/\">Presentado el libro \u201cOrinoco. Tres momentos en la controversia de l\u00edmites de Guayana\u201d en la Filven<\/a><\/p>\n\n\n\n<p><a href=\"https:\/\/filven.com\/sudafrica-busca-alcanzar-nuevos-retos-en-literatura-y-reconoce-sus-cambios-positivos\/\">Sud\u00e1frica busca alcanzar nuevos retos en literatura y reconoce sus cambios positivos<\/a><\/p>\n\n\n\n<p><a href=\"https:\/\/filven.com\/el-poeta-jose-ramon-sanchez-habla-de-la-resistencia-cubana-frente-a-la-adversidad\/\">El poeta Jos\u00e9 Ram\u00f3n S\u00e1nchez habla de la resistencia cubana frente a la adversidad<\/a><\/p>\n\n\n\n<p><a href=\"https:\/\/filven.com\/el-valor-humano-y-solidario-de-la-filosofia-ubuntu-se-expone-en-la-filven\/\">El valor humano y solidario de la filosof\u00eda Ubuntu se expone en la Filven<\/a><\/p>\n\n\n\n<p><\/p>\n","protected":false},"excerpt":{"rendered":"<p>El sabroso aroma del caf\u00e9, el olor particular de libros nuevos que invitan a la lectura, las miradas curiosas de miles de visitantes, la tensi\u00f3n esc\u00e9nica de quien toma un [&hellip;]<\/p>\n","protected":false},"author":10,"featured_media":24488,"comment_status":"open","ping_status":"closed","sticky":false,"template":"","format":"standard","meta":{"spay_email":"","jetpack_publicize_message":"","jetpack_is_tweetstorm":false,"jetpack_publicize_feature_enabled":true},"categories":[12],"tags":[],"yoast_head":"<!-- This site is optimized with the Yoast SEO plugin v19.8 - https:\/\/yoast.com\/wordpress\/plugins\/seo\/ -->\n<title>El libro se hizo voz y vibr\u00f3 este viernes en la 20\u00aa Filven<\/title>\n<meta name=\"robots\" content=\"index, follow, max-snippet:-1, max-image-preview:large, max-video-preview:-1\" \/>\n<link rel=\"canonical\" href=\"https:\/\/cenal.gob.ve\/?p=24487\" \/>\n<meta property=\"og:locale\" content=\"es_ES\" \/>\n<meta property=\"og:type\" content=\"article\" \/>\n<meta property=\"og:title\" content=\"El libro se hizo voz y vibr\u00f3 este viernes en la 20\u00aa Filven\" \/>\n<meta property=\"og:description\" content=\"El sabroso aroma del caf\u00e9, el olor particular de libros nuevos que invitan a la lectura, las miradas curiosas de miles de visitantes, la tensi\u00f3n esc\u00e9nica de quien toma un [&hellip;]\" \/>\n<meta property=\"og:url\" content=\"https:\/\/cenal.gob.ve\/?p=24487\" \/>\n<meta property=\"og:site_name\" content=\"Cenal\" \/>\n<meta property=\"article:published_time\" content=\"2024-07-14T21:20:33+00:00\" \/>\n<meta property=\"article:modified_time\" content=\"2024-07-14T21:20:37+00:00\" \/>\n<meta property=\"og:image\" content=\"http:\/\/cenal.gob.ve\/wp-content\/uploads\/2024\/07\/Imagen-de-WhatsApp-2024-07-13-a-las-11.35.29_2d93bb03-1024x576-1.jpg\" \/>\n\t<meta property=\"og:image:width\" content=\"1024\" \/>\n\t<meta property=\"og:image:height\" content=\"576\" \/>\n\t<meta property=\"og:image:type\" content=\"image\/jpeg\" \/>\n<meta name=\"author\" content=\"Prensa Cenal\" \/>\n<meta name=\"twitter:card\" content=\"summary_large_image\" \/>\n<meta name=\"twitter:label1\" content=\"Written by\" \/>\n\t<meta name=\"twitter:data1\" content=\"Prensa Cenal\" \/>\n\t<meta name=\"twitter:label2\" content=\"Est. reading time\" \/>\n\t<meta name=\"twitter:data2\" content=\"4 minutos\" \/>\n<script type=\"application\/ld+json\" class=\"yoast-schema-graph\">{\"@context\":\"https:\/\/schema.org\",\"@graph\":[{\"@type\":\"Article\",\"@id\":\"https:\/\/cenal.gob.ve\/?p=24487#article\",\"isPartOf\":{\"@id\":\"https:\/\/cenal.gob.ve\/?p=24487\"},\"author\":{\"name\":\"Prensa Cenal\",\"@id\":\"https:\/\/cenal.gob.ve\/#\/schema\/person\/e3ed34623f400ffab8bc7a63b2f5533f\"},\"headline\":\"El libro se hizo voz y vibr\u00f3 este viernes en la 20\u00aa Filven\",\"datePublished\":\"2024-07-14T21:20:33+00:00\",\"dateModified\":\"2024-07-14T21:20:37+00:00\",\"mainEntityOfPage\":{\"@id\":\"https:\/\/cenal.gob.ve\/?p=24487\"},\"wordCount\":822,\"commentCount\":0,\"publisher\":{\"@id\":\"https:\/\/cenal.gob.ve\/#organization\"},\"articleSection\":[\"Filven\"],\"inLanguage\":\"es\",\"potentialAction\":[{\"@type\":\"CommentAction\",\"name\":\"Comment\",\"target\":[\"https:\/\/cenal.gob.ve\/?p=24487#respond\"]}]},{\"@type\":\"WebPage\",\"@id\":\"https:\/\/cenal.gob.ve\/?p=24487\",\"url\":\"https:\/\/cenal.gob.ve\/?p=24487\",\"name\":\"El libro se hizo voz y vibr\u00f3 este viernes en la 20\u00aa Filven\",\"isPartOf\":{\"@id\":\"https:\/\/cenal.gob.ve\/#website\"},\"datePublished\":\"2024-07-14T21:20:33+00:00\",\"dateModified\":\"2024-07-14T21:20:37+00:00\",\"breadcrumb\":{\"@id\":\"https:\/\/cenal.gob.ve\/?p=24487#breadcrumb\"},\"inLanguage\":\"es\",\"potentialAction\":[{\"@type\":\"ReadAction\",\"target\":[\"https:\/\/cenal.gob.ve\/?p=24487\"]}]},{\"@type\":\"BreadcrumbList\",\"@id\":\"https:\/\/cenal.gob.ve\/?p=24487#breadcrumb\",\"itemListElement\":[{\"@type\":\"ListItem\",\"position\":1,\"name\":\"Home\",\"item\":\"https:\/\/cenal.gob.ve\/\"},{\"@type\":\"ListItem\",\"position\":2,\"name\":\"El libro se hizo voz y vibr\u00f3 este viernes en la 20\u00aa Filven\"}]},{\"@type\":\"WebSite\",\"@id\":\"https:\/\/cenal.gob.ve\/#website\",\"url\":\"https:\/\/cenal.gob.ve\/\",\"name\":\"Cenal\",\"description\":\"\",\"publisher\":{\"@id\":\"https:\/\/cenal.gob.ve\/#organization\"},\"potentialAction\":[{\"@type\":\"SearchAction\",\"target\":{\"@type\":\"EntryPoint\",\"urlTemplate\":\"https:\/\/cenal.gob.ve\/?s={search_term_string}\"},\"query-input\":\"required name=search_term_string\"}],\"inLanguage\":\"es\"},{\"@type\":\"Organization\",\"@id\":\"https:\/\/cenal.gob.ve\/#organization\",\"name\":\"CENAL\",\"url\":\"https:\/\/cenal.gob.ve\/\",\"sameAs\":[],\"logo\":{\"@type\":\"ImageObject\",\"inLanguage\":\"es\",\"@id\":\"https:\/\/cenal.gob.ve\/#\/schema\/logo\/image\/\",\"url\":\"https:\/\/i0.wp.com\/cenal.gob.ve\/wp-content\/uploads\/2022\/10\/cropped-images.jpg?fit=512%2C512\",\"contentUrl\":\"https:\/\/i0.wp.com\/cenal.gob.ve\/wp-content\/uploads\/2022\/10\/cropped-images.jpg?fit=512%2C512\",\"width\":512,\"height\":512,\"caption\":\"CENAL\"},\"image\":{\"@id\":\"https:\/\/cenal.gob.ve\/#\/schema\/logo\/image\/\"}},{\"@type\":\"Person\",\"@id\":\"https:\/\/cenal.gob.ve\/#\/schema\/person\/e3ed34623f400ffab8bc7a63b2f5533f\",\"name\":\"Prensa Cenal\",\"image\":{\"@type\":\"ImageObject\",\"inLanguage\":\"es\",\"@id\":\"https:\/\/cenal.gob.ve\/#\/schema\/person\/image\/\",\"url\":\"https:\/\/secure.gravatar.com\/avatar\/594b4ed34090910c619ac3679001d491?s=96&d=mm&r=g\",\"contentUrl\":\"https:\/\/secure.gravatar.com\/avatar\/594b4ed34090910c619ac3679001d491?s=96&d=mm&r=g\",\"caption\":\"Prensa Cenal\"},\"url\":\"https:\/\/cenal.gob.ve\/?author=10\"}]}<\/script>\n<!-- \/ Yoast SEO plugin. -->","yoast_head_json":{"title":"El libro se hizo voz y vibr\u00f3 este viernes en la 20\u00aa Filven","robots":{"index":"index","follow":"follow","max-snippet":"max-snippet:-1","max-image-preview":"max-image-preview:large","max-video-preview":"max-video-preview:-1"},"canonical":"https:\/\/cenal.gob.ve\/?p=24487","og_locale":"es_ES","og_type":"article","og_title":"El libro se hizo voz y vibr\u00f3 este viernes en la 20\u00aa Filven","og_description":"El sabroso aroma del caf\u00e9, el olor particular de libros nuevos que invitan a la lectura, las miradas curiosas de miles de visitantes, la tensi\u00f3n esc\u00e9nica de quien toma un [&hellip;]","og_url":"https:\/\/cenal.gob.ve\/?p=24487","og_site_name":"Cenal","article_published_time":"2024-07-14T21:20:33+00:00","article_modified_time":"2024-07-14T21:20:37+00:00","og_image":[{"width":1024,"height":576,"url":"http:\/\/cenal.gob.ve\/wp-content\/uploads\/2024\/07\/Imagen-de-WhatsApp-2024-07-13-a-las-11.35.29_2d93bb03-1024x576-1.jpg","type":"image\/jpeg"}],"author":"Prensa Cenal","twitter_card":"summary_large_image","twitter_misc":{"Written by":"Prensa Cenal","Est. reading time":"4 minutos"},"schema":{"@context":"https:\/\/schema.org","@graph":[{"@type":"Article","@id":"https:\/\/cenal.gob.ve\/?p=24487#article","isPartOf":{"@id":"https:\/\/cenal.gob.ve\/?p=24487"},"author":{"name":"Prensa Cenal","@id":"https:\/\/cenal.gob.ve\/#\/schema\/person\/e3ed34623f400ffab8bc7a63b2f5533f"},"headline":"El libro se hizo voz y vibr\u00f3 este viernes en la 20\u00aa Filven","datePublished":"2024-07-14T21:20:33+00:00","dateModified":"2024-07-14T21:20:37+00:00","mainEntityOfPage":{"@id":"https:\/\/cenal.gob.ve\/?p=24487"},"wordCount":822,"commentCount":0,"publisher":{"@id":"https:\/\/cenal.gob.ve\/#organization"},"articleSection":["Filven"],"inLanguage":"es","potentialAction":[{"@type":"CommentAction","name":"Comment","target":["https:\/\/cenal.gob.ve\/?p=24487#respond"]}]},{"@type":"WebPage","@id":"https:\/\/cenal.gob.ve\/?p=24487","url":"https:\/\/cenal.gob.ve\/?p=24487","name":"El libro se hizo voz y vibr\u00f3 este viernes en la 20\u00aa Filven","isPartOf":{"@id":"https:\/\/cenal.gob.ve\/#website"},"datePublished":"2024-07-14T21:20:33+00:00","dateModified":"2024-07-14T21:20:37+00:00","breadcrumb":{"@id":"https:\/\/cenal.gob.ve\/?p=24487#breadcrumb"},"inLanguage":"es","potentialAction":[{"@type":"ReadAction","target":["https:\/\/cenal.gob.ve\/?p=24487"]}]},{"@type":"BreadcrumbList","@id":"https:\/\/cenal.gob.ve\/?p=24487#breadcrumb","itemListElement":[{"@type":"ListItem","position":1,"name":"Home","item":"https:\/\/cenal.gob.ve\/"},{"@type":"ListItem","position":2,"name":"El libro se hizo voz y vibr\u00f3 este viernes en la 20\u00aa Filven"}]},{"@type":"WebSite","@id":"https:\/\/cenal.gob.ve\/#website","url":"https:\/\/cenal.gob.ve\/","name":"Cenal","description":"","publisher":{"@id":"https:\/\/cenal.gob.ve\/#organization"},"potentialAction":[{"@type":"SearchAction","target":{"@type":"EntryPoint","urlTemplate":"https:\/\/cenal.gob.ve\/?s={search_term_string}"},"query-input":"required name=search_term_string"}],"inLanguage":"es"},{"@type":"Organization","@id":"https:\/\/cenal.gob.ve\/#organization","name":"CENAL","url":"https:\/\/cenal.gob.ve\/","sameAs":[],"logo":{"@type":"ImageObject","inLanguage":"es","@id":"https:\/\/cenal.gob.ve\/#\/schema\/logo\/image\/","url":"https:\/\/i0.wp.com\/cenal.gob.ve\/wp-content\/uploads\/2022\/10\/cropped-images.jpg?fit=512%2C512","contentUrl":"https:\/\/i0.wp.com\/cenal.gob.ve\/wp-content\/uploads\/2022\/10\/cropped-images.jpg?fit=512%2C512","width":512,"height":512,"caption":"CENAL"},"image":{"@id":"https:\/\/cenal.gob.ve\/#\/schema\/logo\/image\/"}},{"@type":"Person","@id":"https:\/\/cenal.gob.ve\/#\/schema\/person\/e3ed34623f400ffab8bc7a63b2f5533f","name":"Prensa Cenal","image":{"@type":"ImageObject","inLanguage":"es","@id":"https:\/\/cenal.gob.ve\/#\/schema\/person\/image\/","url":"https:\/\/secure.gravatar.com\/avatar\/594b4ed34090910c619ac3679001d491?s=96&d=mm&r=g","contentUrl":"https:\/\/secure.gravatar.com\/avatar\/594b4ed34090910c619ac3679001d491?s=96&d=mm&r=g","caption":"Prensa Cenal"},"url":"https:\/\/cenal.gob.ve\/?author=10"}]}},"jetpack_featured_media_url":"https:\/\/cenal.gob.ve\/wp-content\/uploads\/2024\/07\/Imagen-de-WhatsApp-2024-07-13-a-las-11.35.29_2d93bb03-1024x576-1.jpg","jetpack_publicize_connections":[],"jetpack_shortlink":"https:\/\/wp.me\/p5FMhp-6mX","_links":{"self":[{"href":"https:\/\/cenal.gob.ve\/index.php?rest_route=\/wp\/v2\/posts\/24487"}],"collection":[{"href":"https:\/\/cenal.gob.ve\/index.php?rest_route=\/wp\/v2\/posts"}],"about":[{"href":"https:\/\/cenal.gob.ve\/index.php?rest_route=\/wp\/v2\/types\/post"}],"author":[{"embeddable":true,"href":"https:\/\/cenal.gob.ve\/index.php?rest_route=\/wp\/v2\/users\/10"}],"replies":[{"embeddable":true,"href":"https:\/\/cenal.gob.ve\/index.php?rest_route=%2Fwp%2Fv2%2Fcomments&post=24487"}],"version-history":[{"count":1,"href":"https:\/\/cenal.gob.ve\/index.php?rest_route=\/wp\/v2\/posts\/24487\/revisions"}],"predecessor-version":[{"id":24489,"href":"https:\/\/cenal.gob.ve\/index.php?rest_route=\/wp\/v2\/posts\/24487\/revisions\/24489"}],"wp:featuredmedia":[{"embeddable":true,"href":"https:\/\/cenal.gob.ve\/index.php?rest_route=\/wp\/v2\/media\/24488"}],"wp:attachment":[{"href":"https:\/\/cenal.gob.ve\/index.php?rest_route=%2Fwp%2Fv2%2Fmedia&parent=24487"}],"wp:term":[{"taxonomy":"category","embeddable":true,"href":"https:\/\/cenal.gob.ve\/index.php?rest_route=%2Fwp%2Fv2%2Fcategories&post=24487"},{"taxonomy":"post_tag","embeddable":true,"href":"https:\/\/cenal.gob.ve\/index.php?rest_route=%2Fwp%2Fv2%2Ftags&post=24487"}],"curies":[{"name":"wp","href":"https:\/\/api.w.org\/{rel}","templated":true}]}}