{"id":24490,"date":"2024-07-14T17:45:06","date_gmt":"2024-07-14T21:45:06","guid":{"rendered":"https:\/\/cenal.gob.ve\/?p=24490"},"modified":"2024-07-14T17:45:08","modified_gmt":"2024-07-14T21:45:08","slug":"la-fiesta-literaria-de-la-filven-se-vive-con-pasion-lectora","status":"publish","type":"post","link":"https:\/\/cenal.gob.ve\/?p=24490","title":{"rendered":"La fiesta literaria de la Filven se vive con pasi\u00f3n lectora"},"content":{"rendered":"\n<p>Bajo el lema \u201cLeer transforma\u201d, la 20<sup>\u00aa<\/sup>&nbsp;Feria Internacional del Libro de Venezuela (Filven) 2024 ha sido un torbellino de cultura, con Sud\u00e1frica como pa\u00eds invitado de honor, trayendo el esp\u00edritu del \u201cUbuntu\u201d o la humanidad hacia otros a cada rinc\u00f3n del evento y con invitados internacionales que han aportado desde su riqueza cultural, imprimiendo una perspectiva global en cada encuentro.<\/p>\n\n\n\n<p>Este 13 de julio, el aire se llen\u00f3 de magia con la narraci\u00f3n oral venezolana, transportando al p\u00fablico a mundos imaginarios con el poder de la palabra hablada gracias a exponentes como Cristina Molinatti, Armando Car\u00edas, Mar\u00eda Colmenares, Marisa Cabello, Mariang\u00e9lica Delgado y Yenitza Anseume. Mientras tanto, otro grupo de asistentes se sumergi\u00f3 en las complejidades del Ir\u00e1n post-revoluci\u00f3n, desentra\u00f1ando los hilos de su fascinante historia reciente con la presentaci\u00f3n del libro \u201cSobre la situaci\u00f3n de Ir\u00e1n despu\u00e9s de la Revoluci\u00f3n Isl\u00e1mica\u201d, a cargo del Dr. Reza Sadrolhosseini.<\/p>\n\n\n\n<p>Un momento emotivo de la jornada fue el homenaje a la prestigiosa Biblioteca Ayacucho, que celebra 50 a\u00f1os de trayectoria. En un foro enriquecedor, se destac\u00f3 la invaluable labor de esta instituci\u00f3n en la preservaci\u00f3n y difusi\u00f3n de un extenso patrimonio intelectual latinoamericano, celebrando medio siglo de custodiar nuestros tesoros literarios.<\/p>\n\n\n\n<p>Importantes voces afrodescendientes tambi\u00e9n tomaron la palabra en un conversatorio que explor\u00f3 las ra\u00edces de la identidad \u00e9tnico-cultural venezolana, resaltando el valor de las bibliograf\u00edas de los afrodescendientes para el estudio de la diversidad en Venezuela, a cargo del historiador Jos\u00e9 Marcial Ramos Gu\u00e9dez, representante de la Biblioteca Nacional.<\/p>\n\n\n\n<p>Los asistentes tambi\u00e9n tuvieron la oportunidad de participar en un homenaje a Cruz Quinal, cultor popular, luthier y genio musical que se sembr\u00f3 hondo en la historia de nuestra m\u00fasica popular venezolana. El escritor y gestor cultural Benito Yrady estuvo a cargo de ello, con la presentaci\u00f3n de su obra \u201cEl libro de Cruz Quinal\u201d.<\/p>\n\n\n\n<p>Cruz Quinal ha tomado un lugar especial en la Galer\u00eda de Arte Nacional, donde se encuentra una muestra de los instrumentos musicales que construy\u00f3, incluido el singular \u201cbandol\u00edn morocho\u201d, y una exposici\u00f3n de las fotograf\u00edas de Rafael Salvatore que acompa\u00f1an el libro.<\/p>\n\n\n\n<p>Esta feria, que cerrar\u00e1 el 21 de julio, ha sido un verdadero crisol de culturas, ideas y narrativas, donde muchos rincones del mundo han encontrado su voz en amplias p\u00e1ginas abiertas. Es un evento que insiste en reflejar su lema al ofrecer un abanico de actividades que invitan a la reflexi\u00f3n, al cuestionamiento y al crecimiento personal. Al abordar temas de nuestra identidad, historia y pol\u00edtica contempor\u00e1nea, la feria subraya c\u00f3mo la lectura puede ser un catalizador para la transformaci\u00f3n social y personal.<\/p>\n\n\n\n<p>As\u00ed, entre libros y palabras, la feria nos recuerda que, efectivamente, leer no solo nos transporta, sino que nos transforma, dej\u00e1ndonos un poco m\u00e1s sabios, un poco m\u00e1s humanos y, sin duda, con hambre de m\u00e1s historias por descubrir.<\/p>\n\n\n\n<p>FIN\/FILVEN\/BC\/REP<\/p>\n\n\n\n<p><strong>Lee  tambi\u00e9n:<\/strong><\/p>\n\n\n\n<p><a href=\"https:\/\/filven.com\/entre-textos-y-poetas-tarek-william-saab-compartio-sus-obras-literarias-en-la-filven\/\">Entre textos y poetas, Tarek William Saab comparti\u00f3 sus obras literarias en la Filven<\/a><\/p>\n\n\n\n<p><a href=\"https:\/\/filven.com\/benito-yrady-rinde-homenaje-a-cruz-quinal-el-rey-del-bandolin-morocho\/\">Benito Yrady rinde homenaje a Cruz Quinal, el rey del bandol\u00edn morocho<\/a><\/p>\n\n\n\n<p><a href=\"https:\/\/filven.com\/biblioteca-ayacucho-un-viaje-por-la-historia-latinoamericana-que-cumple-50-anos\/\">Biblioteca Ayacucho, un viaje por la historia latinoamericana que cumple 50 a\u00f1os<\/a><\/p>\n\n\n\n<p><a href=\"https:\/\/filven.com\/filven-ofrece-un-recorrido-por-la-riqueza-cultural-de-delta-amacuro\/\">Filven ofrece un recorrido por la riqueza cultural de Delta Amacuro<\/a><\/p>\n\n\n\n<p><a href=\"https:\/\/filven.com\/centro-de-estudios-simon-bolivar-debatio-sobre-los-vinculos-del-libertador-con-mexico\/\">Centro de Estudios Sim\u00f3n Bol\u00edvar debati\u00f3 sobre los v\u00ednculos del Libertador con M\u00e9xico<\/a><\/p>\n\n\n\n<p><a href=\"https:\/\/filven.com\/cultura-warao-llega-a-pabellon-infantil-de-la-filven-junto-a-guadalupe-vivas\/\">Cultura Warao llega a Pabell\u00f3n Infantil de la Filven junto a Guadalupe Vivas<\/a><\/p>\n\n\n\n<p><a href=\"https:\/\/filven.com\/con-coloquio-de-araneros-recuerdan-en-la-filven-legado-del-comandante-chavez\/\">Con coloquio de \u201cAra\u00f1eros\u201d recuerdan en la Filven legado del comandante Ch\u00e1vez<\/a><\/p>\n\n\n\n<p><a href=\"https:\/\/filven.com\/egipto-y-venezuela-un-vinculo-fraterno-que-se-fortalece-en-la-cultura-y-las-letras\/\">Egipto y Venezuela, un v\u00ednculo fraterno que se fortalece en la cultura y las letras<\/a><\/p>\n\n\n\n<p><a href=\"https:\/\/filven.com\/narrativa-oral-venezolana-como-terapia-para-la-mente-y-el-alma\/\">Narrativa oral venezolana como terapia para la mente y el alma<\/a><\/p>\n\n\n\n<p><a href=\"https:\/\/filven.com\/fundarte-y-fundapatrimonio-presentan-estudio-para-promover-una-cultura-mas-cercana-a-los-caraquenos\/\">Fundarte y Fundapatrimonio presentan estudio para promover una cultura m\u00e1s cercana a los caraque\u00f1os<\/a><\/p>\n\n\n\n<p><a href=\"https:\/\/filven.com\/desde-la-filven-alzan-la-voz-para-denunciar-genocidio-contra-los-palestinos\/\">Desde la Filven alzan la voz para denunciar genocidio contra los palestinos<\/a><\/p>\n\n\n\n<p><a href=\"https:\/\/filven.com\/analizan-en-la-filven-realidad-de-iran-y-su-alianza-estrategica-con-venezuela\/\">Analizan en la Filven realidad de Ir\u00e1n y su alianza estrat\u00e9gica con Venezuela<\/a><\/p>\n\n\n\n<p><a href=\"https:\/\/filven.com\/filven-ofrece-un-viaje-inmersivo-a-los-paisajes-de-sudafrica\/\">Filven ofrece un viaje inmersivo a los paisajes de Sud\u00e1frica<\/a><\/p>\n\n\n\n<p><a href=\"https:\/\/filven.com\/la-leyenda-sudafricana-jerry-mofokeng-presento-su-autobiografia-i-am-a-man\/\">La leyenda sudafricana Jerry Mofokeng present\u00f3 su autobiograf\u00eda \u201cI am a man\u201d<\/a><\/p>\n\n\n\n<p><a href=\"https:\/\/filven.com\/melvin-ndulumina-kaabwe-los-libros-tienen-la-capacidad-de-empoderar-o-desempoderar\/\">Melvin Ndulumina Kaabwe: \u201cLos libros tienen la capacidad de empoderar o desempoderar\u201d<\/a><\/p>\n\n\n\n<p><a href=\"https:\/\/filven.com\/el-legado-pedagogico-del-maestro-militante-carlos-lanz-fue-honrado-en-la-filven\/\">El legado pedag\u00f3gico del maestro militante Carlos Lanz fue honrado en la Filven<\/a><\/p>\n\n\n\n<p><a href=\"https:\/\/filven.com\/observatorio-antibloqueo-expone-en-la-filven-politica-editorial-para-difundir-impacto-de-las-mcu\/\">Observatorio Antibloqueo expone en la Filven pol\u00edtica editorial para difundir impacto de las MCU<\/a><\/p>\n\n\n\n<p><a href=\"https:\/\/filven.com\/17-anos-por-el-corazon-de-un-pueblo-compila-logros-del-cardiologico-infantil\/\">\u201c17 a\u00f1os por el coraz\u00f3n de un pueblo\u201d compila logros del Cardiol\u00f3gico Infantil<\/a><\/p>\n\n\n\n<p><a href=\"https:\/\/filven.com\/resaltan-trayectoria-musical-del-guitarrista-venezolano-antonio-lauro\/\">Resaltan trayectoria musical del guitarrista venezolano Antonio Lauro<\/a><\/p>\n","protected":false},"excerpt":{"rendered":"<p>Bajo el lema \u201cLeer transforma\u201d, la 20\u00aa&nbsp;Feria Internacional del Libro de Venezuela (Filven) 2024 ha sido un torbellino de cultura, con Sud\u00e1frica como pa\u00eds invitado de honor, trayendo el esp\u00edritu [&hellip;]<\/p>\n","protected":false},"author":10,"featured_media":24491,"comment_status":"open","ping_status":"closed","sticky":false,"template":"","format":"standard","meta":{"spay_email":"","jetpack_publicize_message":"","jetpack_is_tweetstorm":false,"jetpack_publicize_feature_enabled":true},"categories":[12],"tags":[],"yoast_head":"<!-- This site is optimized with the Yoast SEO plugin v19.8 - https:\/\/yoast.com\/wordpress\/plugins\/seo\/ -->\n<title>La fiesta literaria de la Filven se vive con pasi\u00f3n lectora<\/title>\n<meta name=\"robots\" content=\"index, follow, max-snippet:-1, max-image-preview:large, max-video-preview:-1\" \/>\n<link rel=\"canonical\" href=\"https:\/\/cenal.gob.ve\/?p=24490\" \/>\n<meta property=\"og:locale\" content=\"es_ES\" \/>\n<meta property=\"og:type\" content=\"article\" \/>\n<meta property=\"og:title\" content=\"La fiesta literaria de la Filven se vive con pasi\u00f3n lectora\" \/>\n<meta property=\"og:description\" content=\"Bajo el lema \u201cLeer transforma\u201d, la 20\u00aa&nbsp;Feria Internacional del Libro de Venezuela (Filven) 2024 ha sido un torbellino de cultura, con Sud\u00e1frica como pa\u00eds invitado de honor, trayendo el esp\u00edritu [&hellip;]\" \/>\n<meta property=\"og:url\" content=\"https:\/\/cenal.gob.ve\/?p=24490\" \/>\n<meta property=\"og:site_name\" content=\"Cenal\" \/>\n<meta property=\"article:published_time\" content=\"2024-07-14T21:45:06+00:00\" \/>\n<meta property=\"article:modified_time\" content=\"2024-07-14T21:45:08+00:00\" \/>\n<meta property=\"og:image\" content=\"http:\/\/cenal.gob.ve\/wp-content\/uploads\/2024\/07\/Afrodescendientes-festejando-entredioses-1024x682-1.jpg\" \/>\n\t<meta property=\"og:image:width\" content=\"1024\" \/>\n\t<meta property=\"og:image:height\" content=\"682\" \/>\n\t<meta property=\"og:image:type\" content=\"image\/jpeg\" \/>\n<meta name=\"author\" content=\"Prensa Cenal\" \/>\n<meta name=\"twitter:card\" content=\"summary_large_image\" \/>\n<meta name=\"twitter:label1\" content=\"Written by\" \/>\n\t<meta name=\"twitter:data1\" content=\"Prensa Cenal\" \/>\n\t<meta name=\"twitter:label2\" content=\"Est. reading time\" \/>\n\t<meta name=\"twitter:data2\" content=\"4 minutos\" \/>\n<script type=\"application\/ld+json\" class=\"yoast-schema-graph\">{\"@context\":\"https:\/\/schema.org\",\"@graph\":[{\"@type\":\"Article\",\"@id\":\"https:\/\/cenal.gob.ve\/?p=24490#article\",\"isPartOf\":{\"@id\":\"https:\/\/cenal.gob.ve\/?p=24490\"},\"author\":{\"name\":\"Prensa Cenal\",\"@id\":\"https:\/\/cenal.gob.ve\/#\/schema\/person\/e3ed34623f400ffab8bc7a63b2f5533f\"},\"headline\":\"La fiesta literaria de la Filven se vive con pasi\u00f3n lectora\",\"datePublished\":\"2024-07-14T21:45:06+00:00\",\"dateModified\":\"2024-07-14T21:45:08+00:00\",\"mainEntityOfPage\":{\"@id\":\"https:\/\/cenal.gob.ve\/?p=24490\"},\"wordCount\":780,\"commentCount\":0,\"publisher\":{\"@id\":\"https:\/\/cenal.gob.ve\/#organization\"},\"articleSection\":[\"Filven\"],\"inLanguage\":\"es\",\"potentialAction\":[{\"@type\":\"CommentAction\",\"name\":\"Comment\",\"target\":[\"https:\/\/cenal.gob.ve\/?p=24490#respond\"]}]},{\"@type\":\"WebPage\",\"@id\":\"https:\/\/cenal.gob.ve\/?p=24490\",\"url\":\"https:\/\/cenal.gob.ve\/?p=24490\",\"name\":\"La fiesta literaria de la Filven se vive con pasi\u00f3n lectora\",\"isPartOf\":{\"@id\":\"https:\/\/cenal.gob.ve\/#website\"},\"datePublished\":\"2024-07-14T21:45:06+00:00\",\"dateModified\":\"2024-07-14T21:45:08+00:00\",\"breadcrumb\":{\"@id\":\"https:\/\/cenal.gob.ve\/?p=24490#breadcrumb\"},\"inLanguage\":\"es\",\"potentialAction\":[{\"@type\":\"ReadAction\",\"target\":[\"https:\/\/cenal.gob.ve\/?p=24490\"]}]},{\"@type\":\"BreadcrumbList\",\"@id\":\"https:\/\/cenal.gob.ve\/?p=24490#breadcrumb\",\"itemListElement\":[{\"@type\":\"ListItem\",\"position\":1,\"name\":\"Home\",\"item\":\"https:\/\/cenal.gob.ve\/\"},{\"@type\":\"ListItem\",\"position\":2,\"name\":\"La fiesta literaria de la Filven se vive con pasi\u00f3n lectora\"}]},{\"@type\":\"WebSite\",\"@id\":\"https:\/\/cenal.gob.ve\/#website\",\"url\":\"https:\/\/cenal.gob.ve\/\",\"name\":\"Cenal\",\"description\":\"\",\"publisher\":{\"@id\":\"https:\/\/cenal.gob.ve\/#organization\"},\"potentialAction\":[{\"@type\":\"SearchAction\",\"target\":{\"@type\":\"EntryPoint\",\"urlTemplate\":\"https:\/\/cenal.gob.ve\/?s={search_term_string}\"},\"query-input\":\"required name=search_term_string\"}],\"inLanguage\":\"es\"},{\"@type\":\"Organization\",\"@id\":\"https:\/\/cenal.gob.ve\/#organization\",\"name\":\"CENAL\",\"url\":\"https:\/\/cenal.gob.ve\/\",\"sameAs\":[],\"logo\":{\"@type\":\"ImageObject\",\"inLanguage\":\"es\",\"@id\":\"https:\/\/cenal.gob.ve\/#\/schema\/logo\/image\/\",\"url\":\"https:\/\/i0.wp.com\/cenal.gob.ve\/wp-content\/uploads\/2022\/10\/cropped-images.jpg?fit=512%2C512\",\"contentUrl\":\"https:\/\/i0.wp.com\/cenal.gob.ve\/wp-content\/uploads\/2022\/10\/cropped-images.jpg?fit=512%2C512\",\"width\":512,\"height\":512,\"caption\":\"CENAL\"},\"image\":{\"@id\":\"https:\/\/cenal.gob.ve\/#\/schema\/logo\/image\/\"}},{\"@type\":\"Person\",\"@id\":\"https:\/\/cenal.gob.ve\/#\/schema\/person\/e3ed34623f400ffab8bc7a63b2f5533f\",\"name\":\"Prensa Cenal\",\"image\":{\"@type\":\"ImageObject\",\"inLanguage\":\"es\",\"@id\":\"https:\/\/cenal.gob.ve\/#\/schema\/person\/image\/\",\"url\":\"https:\/\/secure.gravatar.com\/avatar\/594b4ed34090910c619ac3679001d491?s=96&d=mm&r=g\",\"contentUrl\":\"https:\/\/secure.gravatar.com\/avatar\/594b4ed34090910c619ac3679001d491?s=96&d=mm&r=g\",\"caption\":\"Prensa Cenal\"},\"url\":\"https:\/\/cenal.gob.ve\/?author=10\"}]}<\/script>\n<!-- \/ Yoast SEO plugin. -->","yoast_head_json":{"title":"La fiesta literaria de la Filven se vive con pasi\u00f3n lectora","robots":{"index":"index","follow":"follow","max-snippet":"max-snippet:-1","max-image-preview":"max-image-preview:large","max-video-preview":"max-video-preview:-1"},"canonical":"https:\/\/cenal.gob.ve\/?p=24490","og_locale":"es_ES","og_type":"article","og_title":"La fiesta literaria de la Filven se vive con pasi\u00f3n lectora","og_description":"Bajo el lema \u201cLeer transforma\u201d, la 20\u00aa&nbsp;Feria Internacional del Libro de Venezuela (Filven) 2024 ha sido un torbellino de cultura, con Sud\u00e1frica como pa\u00eds invitado de honor, trayendo el esp\u00edritu [&hellip;]","og_url":"https:\/\/cenal.gob.ve\/?p=24490","og_site_name":"Cenal","article_published_time":"2024-07-14T21:45:06+00:00","article_modified_time":"2024-07-14T21:45:08+00:00","og_image":[{"width":1024,"height":682,"url":"http:\/\/cenal.gob.ve\/wp-content\/uploads\/2024\/07\/Afrodescendientes-festejando-entredioses-1024x682-1.jpg","type":"image\/jpeg"}],"author":"Prensa Cenal","twitter_card":"summary_large_image","twitter_misc":{"Written by":"Prensa Cenal","Est. reading time":"4 minutos"},"schema":{"@context":"https:\/\/schema.org","@graph":[{"@type":"Article","@id":"https:\/\/cenal.gob.ve\/?p=24490#article","isPartOf":{"@id":"https:\/\/cenal.gob.ve\/?p=24490"},"author":{"name":"Prensa Cenal","@id":"https:\/\/cenal.gob.ve\/#\/schema\/person\/e3ed34623f400ffab8bc7a63b2f5533f"},"headline":"La fiesta literaria de la Filven se vive con pasi\u00f3n lectora","datePublished":"2024-07-14T21:45:06+00:00","dateModified":"2024-07-14T21:45:08+00:00","mainEntityOfPage":{"@id":"https:\/\/cenal.gob.ve\/?p=24490"},"wordCount":780,"commentCount":0,"publisher":{"@id":"https:\/\/cenal.gob.ve\/#organization"},"articleSection":["Filven"],"inLanguage":"es","potentialAction":[{"@type":"CommentAction","name":"Comment","target":["https:\/\/cenal.gob.ve\/?p=24490#respond"]}]},{"@type":"WebPage","@id":"https:\/\/cenal.gob.ve\/?p=24490","url":"https:\/\/cenal.gob.ve\/?p=24490","name":"La fiesta literaria de la Filven se vive con pasi\u00f3n lectora","isPartOf":{"@id":"https:\/\/cenal.gob.ve\/#website"},"datePublished":"2024-07-14T21:45:06+00:00","dateModified":"2024-07-14T21:45:08+00:00","breadcrumb":{"@id":"https:\/\/cenal.gob.ve\/?p=24490#breadcrumb"},"inLanguage":"es","potentialAction":[{"@type":"ReadAction","target":["https:\/\/cenal.gob.ve\/?p=24490"]}]},{"@type":"BreadcrumbList","@id":"https:\/\/cenal.gob.ve\/?p=24490#breadcrumb","itemListElement":[{"@type":"ListItem","position":1,"name":"Home","item":"https:\/\/cenal.gob.ve\/"},{"@type":"ListItem","position":2,"name":"La fiesta literaria de la Filven se vive con pasi\u00f3n lectora"}]},{"@type":"WebSite","@id":"https:\/\/cenal.gob.ve\/#website","url":"https:\/\/cenal.gob.ve\/","name":"Cenal","description":"","publisher":{"@id":"https:\/\/cenal.gob.ve\/#organization"},"potentialAction":[{"@type":"SearchAction","target":{"@type":"EntryPoint","urlTemplate":"https:\/\/cenal.gob.ve\/?s={search_term_string}"},"query-input":"required name=search_term_string"}],"inLanguage":"es"},{"@type":"Organization","@id":"https:\/\/cenal.gob.ve\/#organization","name":"CENAL","url":"https:\/\/cenal.gob.ve\/","sameAs":[],"logo":{"@type":"ImageObject","inLanguage":"es","@id":"https:\/\/cenal.gob.ve\/#\/schema\/logo\/image\/","url":"https:\/\/i0.wp.com\/cenal.gob.ve\/wp-content\/uploads\/2022\/10\/cropped-images.jpg?fit=512%2C512","contentUrl":"https:\/\/i0.wp.com\/cenal.gob.ve\/wp-content\/uploads\/2022\/10\/cropped-images.jpg?fit=512%2C512","width":512,"height":512,"caption":"CENAL"},"image":{"@id":"https:\/\/cenal.gob.ve\/#\/schema\/logo\/image\/"}},{"@type":"Person","@id":"https:\/\/cenal.gob.ve\/#\/schema\/person\/e3ed34623f400ffab8bc7a63b2f5533f","name":"Prensa Cenal","image":{"@type":"ImageObject","inLanguage":"es","@id":"https:\/\/cenal.gob.ve\/#\/schema\/person\/image\/","url":"https:\/\/secure.gravatar.com\/avatar\/594b4ed34090910c619ac3679001d491?s=96&d=mm&r=g","contentUrl":"https:\/\/secure.gravatar.com\/avatar\/594b4ed34090910c619ac3679001d491?s=96&d=mm&r=g","caption":"Prensa Cenal"},"url":"https:\/\/cenal.gob.ve\/?author=10"}]}},"jetpack_featured_media_url":"https:\/\/cenal.gob.ve\/wp-content\/uploads\/2024\/07\/Afrodescendientes-festejando-entredioses-1024x682-1.jpg","jetpack_publicize_connections":[],"jetpack_shortlink":"https:\/\/wp.me\/p5FMhp-6n0","_links":{"self":[{"href":"https:\/\/cenal.gob.ve\/index.php?rest_route=\/wp\/v2\/posts\/24490"}],"collection":[{"href":"https:\/\/cenal.gob.ve\/index.php?rest_route=\/wp\/v2\/posts"}],"about":[{"href":"https:\/\/cenal.gob.ve\/index.php?rest_route=\/wp\/v2\/types\/post"}],"author":[{"embeddable":true,"href":"https:\/\/cenal.gob.ve\/index.php?rest_route=\/wp\/v2\/users\/10"}],"replies":[{"embeddable":true,"href":"https:\/\/cenal.gob.ve\/index.php?rest_route=%2Fwp%2Fv2%2Fcomments&post=24490"}],"version-history":[{"count":1,"href":"https:\/\/cenal.gob.ve\/index.php?rest_route=\/wp\/v2\/posts\/24490\/revisions"}],"predecessor-version":[{"id":24492,"href":"https:\/\/cenal.gob.ve\/index.php?rest_route=\/wp\/v2\/posts\/24490\/revisions\/24492"}],"wp:featuredmedia":[{"embeddable":true,"href":"https:\/\/cenal.gob.ve\/index.php?rest_route=\/wp\/v2\/media\/24491"}],"wp:attachment":[{"href":"https:\/\/cenal.gob.ve\/index.php?rest_route=%2Fwp%2Fv2%2Fmedia&parent=24490"}],"wp:term":[{"taxonomy":"category","embeddable":true,"href":"https:\/\/cenal.gob.ve\/index.php?rest_route=%2Fwp%2Fv2%2Fcategories&post=24490"},{"taxonomy":"post_tag","embeddable":true,"href":"https:\/\/cenal.gob.ve\/index.php?rest_route=%2Fwp%2Fv2%2Ftags&post=24490"}],"curies":[{"name":"wp","href":"https:\/\/api.w.org\/{rel}","templated":true}]}}