{"id":24503,"date":"2024-07-18T14:45:42","date_gmt":"2024-07-18T18:45:42","guid":{"rendered":"https:\/\/cenal.gob.ve\/?p=24503"},"modified":"2024-07-18T14:45:51","modified_gmt":"2024-07-18T18:45:51","slug":"la-filven-es-un-espacio-para-el-reencuentro-y-el-disfrute-del-arte-y-la-literatura","status":"publish","type":"post","link":"https:\/\/cenal.gob.ve\/?p=24503","title":{"rendered":"La Filven es un espacio para el reencuentro y el disfrute del arte y la literatura"},"content":{"rendered":"\n<p>En la Galer\u00eda de Arte Nacional (GAN), situada en la avenida M\u00e9xico de Caracas, conviven las artes pl\u00e1sticas y la literatura tras acoger la 20<sup>\u00aa<\/sup>&nbsp;Feria Internacional del Libro de Venezuela (Filven) 2024, evento que fomenta la lectura y el intercambio cultural con otros pa\u00edses.<\/p>\n\n\n\n<p>Al entrar en la GAN, los visitantes pueden recorrer los estands de las distintas casas editoriales, tanto nacionales como internacionales, para escoger los libros de su preferencia. Novelas, poes\u00edas e historias son parte de los productos editoriales que pueden ojear mientras disfrutan el olor de los libros.<\/p>\n\n\n\n<p>Adem\u00e1s, la feria sirve para reencontrarse con amigos, conocer nuevas personas con gustos en com\u00fan, intercambiar saberes con otras naciones, disfrutar del arte, gozar de la literatura y hasta tomarse un cafecito.<\/p>\n\n\n\n<p>En la galer\u00eda se instalaron salas para las presentaciones de libros y conversatorios, donde se aborda la lectura como un acto de transformaci\u00f3n en la sociedad.<\/p>\n\n\n\n<p>De acuerdo con la soci\u00f3loga Mar\u00eda del Carmen Salinas, quien estaba recorriendo la feria, en el sitio las horas pasan y los visitantes pierden la noci\u00f3n del tiempo, al estar intercambiando conocimientos y dialogando con otras personas que comparten la misma afici\u00f3n por el libro.<\/p>\n\n\n\n<p>Para ella, la literatura permite fortalecer el intelecto, estimular la imaginaci\u00f3n y gestar sue\u00f1os, que luego \u201cse convierten en proyecto, por eso es importante leer\u201d.<\/p>\n\n\n\n<p>La feria estar\u00e1 en la GAN hasta el pr\u00f3ximo 21 de julio, con una amplia programaci\u00f3n que puede disfrutarse con amigos, familiares o de forma individual.<\/p>\n\n\n\n<p>Los ni\u00f1os tienen un espacio especial para escuchar cuentos y conocer m\u00e1s de la historia de Delta Amacuro, estado homenajeado en esta edici\u00f3n.<\/p>\n\n\n\n<p>FIN\/FILVEN\/FD\/REP<\/p>\n\n\n\n<p><strong>Lee tambi\u00e9n: <\/strong><\/p>\n\n\n\n<p><a href=\"https:\/\/filven.com\/promotores-de-lectura-debaten-el-acceso-al-libro-como-politica-publica\/\">Promotores de lectura debaten el acceso al libro como pol\u00edtica p\u00fablica<\/a><\/p>\n\n\n\n<p><a href=\"https:\/\/filven.com\/la-lectura-enriquece-la-diversidad-cultural-y-promueve-una-sociedad-mas-igualitaria\/\"> La lectura enriquece la diversidad cultural y promueve una sociedad m\u00e1s igualitaria<\/a><\/p>\n\n\n\n<p><a href=\"https:\/\/filven.com\/una-parte-de-la-historia-petrolera-de-venezuela-se-retrata-en-la-pluma-negra\/\">Una parte de la historia petrolera de Venezuela se retrata en \u201cPluma negra\u201d<\/a><\/p>\n\n\n\n<p><a href=\"https:\/\/filven.com\/escritoras-celebran-edicion-centenaria-de-ifigenia-y-llaman-a-promover-su-lectura-en-escuelas\/\">Escritoras celebran edici\u00f3n centenaria de \u201cIfigenia\u201d y llaman a promover su lectura en escuelas<\/a><\/p>\n\n\n\n<p><a href=\"https:\/\/filven.com\/la-filven-recordo-a-teresa-de-la-parra-mujer-de-letras-luchas-y-cultura\/\">La Filven record\u00f3 a Teresa de la Parra, mujer de letras, luchas y cultura<\/a><\/p>\n\n\n\n<p><a href=\"https:\/\/filven.com\/ninos-plasman-su-arte-y-creatividad-en-la-revista-tricolor-artesanal\/\">Ni\u00f1os plasman su arte y creatividad en la revista Tricolor artesanal<\/a><\/p>\n\n\n\n<p><a href=\"https:\/\/filven.com\/el-rol-de-un-editor-y-su-responsabilidad-de-llevar-a-buen-puerto-una-obra-literaria\/\">\u201cEl rol de un editor\u201d y su responsabilidad de llevar a buen puerto una obra literaria<\/a><\/p>\n\n\n\n<p><a href=\"https:\/\/filven.com\/la-isla-conohuan-narra-la-historia-de-muchos-pueblos-que-luchan-por-su-libertad\/\">\u201cLa isla Conohuan\u201d narra la historia de muchos pueblos que luchan por su libertad<\/a><\/p>\n\n\n\n<p><a href=\"https:\/\/filven.com\/espacio-geografico-en-venezuela-expone-el-valor-estrategico-de-la-cartografia\/\">Espacio Geogr\u00e1fico en Venezuela\u201d expone el valor estrat\u00e9gico de la cartograf\u00eda<\/a><\/p>\n\n\n\n<p><a href=\"https:\/\/filven.com\/daisy-barreto-defiende-el-culto-a-maria-lionza-y-su-derecho-a-ser-respetado-como-religion\/\">Escritora Daisy Barreto analiz\u00f3 en Filven ra\u00edces del culto a Mar\u00eda Lionza<\/a><\/p>\n","protected":false},"excerpt":{"rendered":"<p>En la Galer\u00eda de Arte Nacional (GAN), situada en la avenida M\u00e9xico de Caracas, conviven las artes pl\u00e1sticas y la literatura tras acoger la 20\u00aa&nbsp;Feria Internacional del Libro de Venezuela [&hellip;]<\/p>\n","protected":false},"author":10,"featured_media":24504,"comment_status":"open","ping_status":"closed","sticky":false,"template":"","format":"standard","meta":{"spay_email":"","jetpack_publicize_message":"","jetpack_is_tweetstorm":false,"jetpack_publicize_feature_enabled":true},"categories":[12],"tags":[],"yoast_head":"<!-- This site is optimized with the Yoast SEO plugin v19.8 - https:\/\/yoast.com\/wordpress\/plugins\/seo\/ -->\n<title>La Filven es un espacio para el reencuentro y el disfrute del arte y la literatura<\/title>\n<meta name=\"robots\" content=\"index, follow, max-snippet:-1, max-image-preview:large, max-video-preview:-1\" \/>\n<link rel=\"canonical\" href=\"https:\/\/cenal.gob.ve\/?p=24503\" \/>\n<meta property=\"og:locale\" content=\"es_ES\" \/>\n<meta property=\"og:type\" content=\"article\" \/>\n<meta property=\"og:title\" content=\"La Filven es un espacio para el reencuentro y el disfrute del arte y la literatura\" \/>\n<meta property=\"og:description\" content=\"En la Galer\u00eda de Arte Nacional (GAN), situada en la avenida M\u00e9xico de Caracas, conviven las artes pl\u00e1sticas y la literatura tras acoger la 20\u00aa&nbsp;Feria Internacional del Libro de Venezuela [&hellip;]\" \/>\n<meta property=\"og:url\" content=\"https:\/\/cenal.gob.ve\/?p=24503\" \/>\n<meta property=\"og:site_name\" content=\"Cenal\" \/>\n<meta property=\"article:published_time\" content=\"2024-07-18T18:45:42+00:00\" \/>\n<meta property=\"article:modified_time\" content=\"2024-07-18T18:45:51+00:00\" \/>\n<meta property=\"og:image\" content=\"http:\/\/cenal.gob.ve\/wp-content\/uploads\/2024\/07\/photo_4954014600504913736_y-1024x768-1.jpg\" \/>\n\t<meta property=\"og:image:width\" content=\"1024\" \/>\n\t<meta property=\"og:image:height\" content=\"768\" \/>\n\t<meta property=\"og:image:type\" content=\"image\/jpeg\" \/>\n<meta name=\"author\" content=\"Prensa Cenal\" \/>\n<meta name=\"twitter:card\" content=\"summary_large_image\" \/>\n<meta name=\"twitter:label1\" content=\"Written by\" \/>\n\t<meta name=\"twitter:data1\" content=\"Prensa Cenal\" \/>\n\t<meta name=\"twitter:label2\" content=\"Est. reading time\" \/>\n\t<meta name=\"twitter:data2\" content=\"2 minutos\" \/>\n<script type=\"application\/ld+json\" class=\"yoast-schema-graph\">{\"@context\":\"https:\/\/schema.org\",\"@graph\":[{\"@type\":\"Article\",\"@id\":\"https:\/\/cenal.gob.ve\/?p=24503#article\",\"isPartOf\":{\"@id\":\"https:\/\/cenal.gob.ve\/?p=24503\"},\"author\":{\"name\":\"Prensa Cenal\",\"@id\":\"https:\/\/cenal.gob.ve\/#\/schema\/person\/e3ed34623f400ffab8bc7a63b2f5533f\"},\"headline\":\"La Filven es un espacio para el reencuentro y el disfrute del arte y la literatura\",\"datePublished\":\"2024-07-18T18:45:42+00:00\",\"dateModified\":\"2024-07-18T18:45:51+00:00\",\"mainEntityOfPage\":{\"@id\":\"https:\/\/cenal.gob.ve\/?p=24503\"},\"wordCount\":448,\"commentCount\":0,\"publisher\":{\"@id\":\"https:\/\/cenal.gob.ve\/#organization\"},\"articleSection\":[\"Filven\"],\"inLanguage\":\"es\",\"potentialAction\":[{\"@type\":\"CommentAction\",\"name\":\"Comment\",\"target\":[\"https:\/\/cenal.gob.ve\/?p=24503#respond\"]}]},{\"@type\":\"WebPage\",\"@id\":\"https:\/\/cenal.gob.ve\/?p=24503\",\"url\":\"https:\/\/cenal.gob.ve\/?p=24503\",\"name\":\"La Filven es un espacio para el reencuentro y el disfrute del arte y la literatura\",\"isPartOf\":{\"@id\":\"https:\/\/cenal.gob.ve\/#website\"},\"datePublished\":\"2024-07-18T18:45:42+00:00\",\"dateModified\":\"2024-07-18T18:45:51+00:00\",\"breadcrumb\":{\"@id\":\"https:\/\/cenal.gob.ve\/?p=24503#breadcrumb\"},\"inLanguage\":\"es\",\"potentialAction\":[{\"@type\":\"ReadAction\",\"target\":[\"https:\/\/cenal.gob.ve\/?p=24503\"]}]},{\"@type\":\"BreadcrumbList\",\"@id\":\"https:\/\/cenal.gob.ve\/?p=24503#breadcrumb\",\"itemListElement\":[{\"@type\":\"ListItem\",\"position\":1,\"name\":\"Home\",\"item\":\"https:\/\/cenal.gob.ve\/\"},{\"@type\":\"ListItem\",\"position\":2,\"name\":\"La Filven es un espacio para el reencuentro y el disfrute del arte y la literatura\"}]},{\"@type\":\"WebSite\",\"@id\":\"https:\/\/cenal.gob.ve\/#website\",\"url\":\"https:\/\/cenal.gob.ve\/\",\"name\":\"Cenal\",\"description\":\"\",\"publisher\":{\"@id\":\"https:\/\/cenal.gob.ve\/#organization\"},\"potentialAction\":[{\"@type\":\"SearchAction\",\"target\":{\"@type\":\"EntryPoint\",\"urlTemplate\":\"https:\/\/cenal.gob.ve\/?s={search_term_string}\"},\"query-input\":\"required name=search_term_string\"}],\"inLanguage\":\"es\"},{\"@type\":\"Organization\",\"@id\":\"https:\/\/cenal.gob.ve\/#organization\",\"name\":\"CENAL\",\"url\":\"https:\/\/cenal.gob.ve\/\",\"sameAs\":[],\"logo\":{\"@type\":\"ImageObject\",\"inLanguage\":\"es\",\"@id\":\"https:\/\/cenal.gob.ve\/#\/schema\/logo\/image\/\",\"url\":\"https:\/\/i0.wp.com\/cenal.gob.ve\/wp-content\/uploads\/2022\/10\/cropped-images.jpg?fit=512%2C512\",\"contentUrl\":\"https:\/\/i0.wp.com\/cenal.gob.ve\/wp-content\/uploads\/2022\/10\/cropped-images.jpg?fit=512%2C512\",\"width\":512,\"height\":512,\"caption\":\"CENAL\"},\"image\":{\"@id\":\"https:\/\/cenal.gob.ve\/#\/schema\/logo\/image\/\"}},{\"@type\":\"Person\",\"@id\":\"https:\/\/cenal.gob.ve\/#\/schema\/person\/e3ed34623f400ffab8bc7a63b2f5533f\",\"name\":\"Prensa Cenal\",\"image\":{\"@type\":\"ImageObject\",\"inLanguage\":\"es\",\"@id\":\"https:\/\/cenal.gob.ve\/#\/schema\/person\/image\/\",\"url\":\"https:\/\/secure.gravatar.com\/avatar\/594b4ed34090910c619ac3679001d491?s=96&d=mm&r=g\",\"contentUrl\":\"https:\/\/secure.gravatar.com\/avatar\/594b4ed34090910c619ac3679001d491?s=96&d=mm&r=g\",\"caption\":\"Prensa Cenal\"},\"url\":\"https:\/\/cenal.gob.ve\/?author=10\"}]}<\/script>\n<!-- \/ Yoast SEO plugin. -->","yoast_head_json":{"title":"La Filven es un espacio para el reencuentro y el disfrute del arte y la literatura","robots":{"index":"index","follow":"follow","max-snippet":"max-snippet:-1","max-image-preview":"max-image-preview:large","max-video-preview":"max-video-preview:-1"},"canonical":"https:\/\/cenal.gob.ve\/?p=24503","og_locale":"es_ES","og_type":"article","og_title":"La Filven es un espacio para el reencuentro y el disfrute del arte y la literatura","og_description":"En la Galer\u00eda de Arte Nacional (GAN), situada en la avenida M\u00e9xico de Caracas, conviven las artes pl\u00e1sticas y la literatura tras acoger la 20\u00aa&nbsp;Feria Internacional del Libro de Venezuela [&hellip;]","og_url":"https:\/\/cenal.gob.ve\/?p=24503","og_site_name":"Cenal","article_published_time":"2024-07-18T18:45:42+00:00","article_modified_time":"2024-07-18T18:45:51+00:00","og_image":[{"width":1024,"height":768,"url":"http:\/\/cenal.gob.ve\/wp-content\/uploads\/2024\/07\/photo_4954014600504913736_y-1024x768-1.jpg","type":"image\/jpeg"}],"author":"Prensa Cenal","twitter_card":"summary_large_image","twitter_misc":{"Written by":"Prensa Cenal","Est. reading time":"2 minutos"},"schema":{"@context":"https:\/\/schema.org","@graph":[{"@type":"Article","@id":"https:\/\/cenal.gob.ve\/?p=24503#article","isPartOf":{"@id":"https:\/\/cenal.gob.ve\/?p=24503"},"author":{"name":"Prensa Cenal","@id":"https:\/\/cenal.gob.ve\/#\/schema\/person\/e3ed34623f400ffab8bc7a63b2f5533f"},"headline":"La Filven es un espacio para el reencuentro y el disfrute del arte y la literatura","datePublished":"2024-07-18T18:45:42+00:00","dateModified":"2024-07-18T18:45:51+00:00","mainEntityOfPage":{"@id":"https:\/\/cenal.gob.ve\/?p=24503"},"wordCount":448,"commentCount":0,"publisher":{"@id":"https:\/\/cenal.gob.ve\/#organization"},"articleSection":["Filven"],"inLanguage":"es","potentialAction":[{"@type":"CommentAction","name":"Comment","target":["https:\/\/cenal.gob.ve\/?p=24503#respond"]}]},{"@type":"WebPage","@id":"https:\/\/cenal.gob.ve\/?p=24503","url":"https:\/\/cenal.gob.ve\/?p=24503","name":"La Filven es un espacio para el reencuentro y el disfrute del arte y la literatura","isPartOf":{"@id":"https:\/\/cenal.gob.ve\/#website"},"datePublished":"2024-07-18T18:45:42+00:00","dateModified":"2024-07-18T18:45:51+00:00","breadcrumb":{"@id":"https:\/\/cenal.gob.ve\/?p=24503#breadcrumb"},"inLanguage":"es","potentialAction":[{"@type":"ReadAction","target":["https:\/\/cenal.gob.ve\/?p=24503"]}]},{"@type":"BreadcrumbList","@id":"https:\/\/cenal.gob.ve\/?p=24503#breadcrumb","itemListElement":[{"@type":"ListItem","position":1,"name":"Home","item":"https:\/\/cenal.gob.ve\/"},{"@type":"ListItem","position":2,"name":"La Filven es un espacio para el reencuentro y el disfrute del arte y la literatura"}]},{"@type":"WebSite","@id":"https:\/\/cenal.gob.ve\/#website","url":"https:\/\/cenal.gob.ve\/","name":"Cenal","description":"","publisher":{"@id":"https:\/\/cenal.gob.ve\/#organization"},"potentialAction":[{"@type":"SearchAction","target":{"@type":"EntryPoint","urlTemplate":"https:\/\/cenal.gob.ve\/?s={search_term_string}"},"query-input":"required name=search_term_string"}],"inLanguage":"es"},{"@type":"Organization","@id":"https:\/\/cenal.gob.ve\/#organization","name":"CENAL","url":"https:\/\/cenal.gob.ve\/","sameAs":[],"logo":{"@type":"ImageObject","inLanguage":"es","@id":"https:\/\/cenal.gob.ve\/#\/schema\/logo\/image\/","url":"https:\/\/i0.wp.com\/cenal.gob.ve\/wp-content\/uploads\/2022\/10\/cropped-images.jpg?fit=512%2C512","contentUrl":"https:\/\/i0.wp.com\/cenal.gob.ve\/wp-content\/uploads\/2022\/10\/cropped-images.jpg?fit=512%2C512","width":512,"height":512,"caption":"CENAL"},"image":{"@id":"https:\/\/cenal.gob.ve\/#\/schema\/logo\/image\/"}},{"@type":"Person","@id":"https:\/\/cenal.gob.ve\/#\/schema\/person\/e3ed34623f400ffab8bc7a63b2f5533f","name":"Prensa Cenal","image":{"@type":"ImageObject","inLanguage":"es","@id":"https:\/\/cenal.gob.ve\/#\/schema\/person\/image\/","url":"https:\/\/secure.gravatar.com\/avatar\/594b4ed34090910c619ac3679001d491?s=96&d=mm&r=g","contentUrl":"https:\/\/secure.gravatar.com\/avatar\/594b4ed34090910c619ac3679001d491?s=96&d=mm&r=g","caption":"Prensa Cenal"},"url":"https:\/\/cenal.gob.ve\/?author=10"}]}},"jetpack_featured_media_url":"https:\/\/cenal.gob.ve\/wp-content\/uploads\/2024\/07\/photo_4954014600504913736_y-1024x768-1.jpg","jetpack_publicize_connections":[],"jetpack_shortlink":"https:\/\/wp.me\/p5FMhp-6nd","_links":{"self":[{"href":"https:\/\/cenal.gob.ve\/index.php?rest_route=\/wp\/v2\/posts\/24503"}],"collection":[{"href":"https:\/\/cenal.gob.ve\/index.php?rest_route=\/wp\/v2\/posts"}],"about":[{"href":"https:\/\/cenal.gob.ve\/index.php?rest_route=\/wp\/v2\/types\/post"}],"author":[{"embeddable":true,"href":"https:\/\/cenal.gob.ve\/index.php?rest_route=\/wp\/v2\/users\/10"}],"replies":[{"embeddable":true,"href":"https:\/\/cenal.gob.ve\/index.php?rest_route=%2Fwp%2Fv2%2Fcomments&post=24503"}],"version-history":[{"count":1,"href":"https:\/\/cenal.gob.ve\/index.php?rest_route=\/wp\/v2\/posts\/24503\/revisions"}],"predecessor-version":[{"id":24505,"href":"https:\/\/cenal.gob.ve\/index.php?rest_route=\/wp\/v2\/posts\/24503\/revisions\/24505"}],"wp:featuredmedia":[{"embeddable":true,"href":"https:\/\/cenal.gob.ve\/index.php?rest_route=\/wp\/v2\/media\/24504"}],"wp:attachment":[{"href":"https:\/\/cenal.gob.ve\/index.php?rest_route=%2Fwp%2Fv2%2Fmedia&parent=24503"}],"wp:term":[{"taxonomy":"category","embeddable":true,"href":"https:\/\/cenal.gob.ve\/index.php?rest_route=%2Fwp%2Fv2%2Fcategories&post=24503"},{"taxonomy":"post_tag","embeddable":true,"href":"https:\/\/cenal.gob.ve\/index.php?rest_route=%2Fwp%2Fv2%2Ftags&post=24503"}],"curies":[{"name":"wp","href":"https:\/\/api.w.org\/{rel}","templated":true}]}}