{"id":24520,"date":"2024-07-28T08:00:00","date_gmt":"2024-07-28T12:00:00","guid":{"rendered":"https:\/\/cenal.gob.ve\/?p=24520"},"modified":"2024-07-27T22:28:59","modified_gmt":"2024-07-28T02:28:59","slug":"cronica-del-alfil-y-la-reina","status":"publish","type":"post","link":"https:\/\/cenal.gob.ve\/?p=24520","title":{"rendered":"Cr\u00f3nica del alfil y la reina"},"content":{"rendered":"\n<p>Esta es la novela m\u00e1s personal de Mayra Montero. Lo ha dicho ella misma. Narra un acontecimiento de su vida que mantuvo oculto, a lo largo de muchos a\u00f1os, incluso de sus parientes m\u00e1s cercanos, l\u00e9ase madre y marido. Ese hecho, en apariencia simple, puede que haya marcado no solo el rumbo que tomar\u00eda el relato, sino incluso la calidad del mismo al compararlo con otras de sus obras.<\/p>\n\n\n\n<p>Montero ha declarado que no escribi\u00f3 antes esta novela porque viv\u00edan su madre y su marido pues el asunto les pod\u00eda resultar muy espinoso. Por muy humano que parezca, no deja de ser controvertido que un autor justifique de ese modo lo que publica y lo que no. Antes bien, pone en juego un elemento de domesticidad que para nada ayuda a la idea que el lector puede hacerse de la obra, aun antes de leerla.<\/p>\n\n\n\n<p>La proximidad autobiogr\u00e1fica no es siempre un factor que potencie el relato. De hecho, es posible que se convierta en una r\u00e9mora implantada all\u00ed por una valoraci\u00f3n de lo que se cuenta que el lector no est\u00e1 obligado a compartir.<\/p>\n\n\n\n<p>La novela se desarrolla en dos grandes vertientes. De un lado, la reconstrucci\u00f3n de la vida habanera antes y despu\u00e9s de la revoluci\u00f3n; del otro, una mirada amplia al mundo de las competencias de ajedrez, especialmente en las d\u00e9cadas de los 50 y 60, con las implicaciones pol\u00edticas que esas competencias adquir\u00edan en la \u00e9poca de la guerra fr\u00eda.<\/p>\n\n\n\n<figure class=\"wp-block-image size-full\"><img width=\"360\" height=\"540\" src=\"https:\/\/cenal.gob.ve\/wp-content\/uploads\/2024\/07\/portada_la-tarde-que-bobby-no-bajo-a-jugar_mayra-montero_202404041328.webp\" alt=\"\" class=\"wp-image-24521\" srcset=\"https:\/\/cenal.gob.ve\/wp-content\/uploads\/2024\/07\/portada_la-tarde-que-bobby-no-bajo-a-jugar_mayra-montero_202404041328.webp 360w, https:\/\/cenal.gob.ve\/wp-content\/uploads\/2024\/07\/portada_la-tarde-que-bobby-no-bajo-a-jugar_mayra-montero_202404041328-200x300.webp 200w\" sizes=\"(max-width: 360px) 100vw, 360px\" \/><\/figure>\n\n\n\n<p>El seguimiento a Bobby Fischer se hace con una minuciosidad documental absolutamente convincente. De hecho, la escritora se&nbsp; ocupa, al final de su obra, de suministrar informaci\u00f3n acerca de sus fuentes y de agradecer a quienes colaboraron en la recopilaci\u00f3n de tales datos. Digamos que, para los aficionados al ajedrez, el relato ofrece un interesante seguimiento de la vida y desempe\u00f1o de uno de los grandes maestros del siglo XX; adem\u00e1s de dar una imagen no siempre edulcorada de unos individuos que, seg\u00fan la propia novela, son realmente guerreros que, apaciguando el \u00e1nimo belicista, se conforman con volcar su violencia sobre un tablero: aunque por momentos esa violencia pueda desbordar las sesenta y cuatro casillas &nbsp;e invadir la realidad hasta mancharla de sangre.<\/p>\n\n\n\n<p>Y aqu\u00ed viene el asunto de lo autobiogr\u00e1fico. La historia de una ni\u00f1a&nbsp; de catorce a\u00f1os que va en pos de un aut\u00f3grafo del ajedrecista estrella y termina con \u00e9l en la cama resulta poco convincente, por muy verdadera que sea la historia. Una prueba m\u00e1s de que la literatura solo sigue sus propias leyes y no suele prestarse para jugar solo el papel de registro documental.<\/p>\n\n\n\n<p>Aunque sea imposible saber d\u00f3nde termina lo autobiogr\u00e1fico y d\u00f3nde empieza la pura ficci\u00f3n, lo cierto es que el argumento seg\u00fan el cual un grupo de muchachas le imponen a la protagonista que consiga el aut\u00f3grafo para, todas ellas, recibir a cambio un disco de los Beatles resulta incre\u00edblemente d\u00e9bil. La narraci\u00f3n no logra, aqu\u00ed, que peripecia y personajes alcancen una m\u00ednima verosimilitud y que no terminen siendo un pretexto mal logrado para entrar a lo que verdaderamente importa, es decir, el encuentro con Bobby Fischer.<\/p>\n\n\n\n<p>Lo mejor &nbsp;de esta parte de la novela puede que sea la descripci\u00f3n de la cotidianidad familiar en la Cuba de la primera d\u00e9cada de la revoluci\u00f3n. Aunque contado desde el disentimiento, es posible familiarizarse con los avatares de un cambio pol\u00edtico que se inicia y el impacto, no siempre agradable, que tal cambio tuvo en la vida privada de los individuos.<\/p>\n\n\n\n<p>En cierta forma todo es tangencial en esta novela. Personajes y acontecimientos existen solo para que, casi por accidente, lleven agua al cauce que arrastrar\u00e1 a la ni\u00f1a que narra al encuentro con Bobby Fischer. Sucede con los tres individuos que integran la familia de relojeros de origen polaco. Sin duda los personajes m\u00e1s convincentes y mejor construidos de toda la obra, con una admirable complejidad de caracteres. La peripecia amorosa de uno de ellos produce algunos de los cap\u00edtulos m\u00e1s logradamente conmovedores de todo el libro, aunque tambi\u00e9n, todo hay que decirlo, algunos de los m\u00e1s telenovelescamente melodr\u00e1maticos.<\/p>\n\n\n\n<p>En fin, una novela bien escrita, con notables altibajos en el desarrollo de la an\u00e9cdota, que vale la pena leer siempre que se moderen las expectativas.<\/p>\n","protected":false},"excerpt":{"rendered":"<p>Esta es la novela m\u00e1s personal de Mayra Montero. Lo ha dicho ella misma. Narra un acontecimiento de su vida que mantuvo oculto, a lo largo de muchos a\u00f1os, incluso de sus parientes m\u00e1s cercanos, l\u00e9ase madre y marido. Ese hecho, en apariencia simple, puede que haya marcado no solo el rumbo que tomar\u00eda el relato, sino incluso la calidad del mismo al compararlo con otras de sus obras<\/p>\n","protected":false},"author":28,"featured_media":24522,"comment_status":"open","ping_status":"open","sticky":false,"template":"","format":"standard","meta":{"spay_email":"","jetpack_publicize_message":"","jetpack_is_tweetstorm":false,"jetpack_publicize_feature_enabled":true},"categories":[215,53],"tags":[228,216],"yoast_head":"<!-- This site is optimized with the Yoast SEO plugin v19.8 - https:\/\/yoast.com\/wordpress\/plugins\/seo\/ -->\n<title>Cr\u00f3nica del alfil y la reina<\/title>\n<meta name=\"description\" content=\"Esta es la novela m\u00e1s personal de Mayra Montero. Lo ha dicho ella misma. Narra un acontecimiento de su vida que mantuvo oculto, a lo largo de muchos a\u00f1os, incluso de sus parientes m\u00e1s cercanos, l\u00e9ase madre y marido. Ese hecho, en apariencia simple, puede que haya marcado no solo el rumbo que tomar\u00eda el relato, sino incluso la calidad del mismo al compararlo con otras de sus obras\" \/>\n<meta name=\"robots\" content=\"index, follow, max-snippet:-1, max-image-preview:large, max-video-preview:-1\" \/>\n<link rel=\"canonical\" href=\"https:\/\/cenal.gob.ve\/?p=24520\" \/>\n<meta property=\"og:locale\" content=\"es_ES\" \/>\n<meta property=\"og:type\" content=\"article\" \/>\n<meta property=\"og:title\" content=\"Cr\u00f3nica del alfil y la reina\" \/>\n<meta property=\"og:description\" content=\"Esta es la novela m\u00e1s personal de Mayra Montero. Lo ha dicho ella misma. Narra un acontecimiento de su vida que mantuvo oculto, a lo largo de muchos a\u00f1os, incluso de sus parientes m\u00e1s cercanos, l\u00e9ase madre y marido. Ese hecho, en apariencia simple, puede que haya marcado no solo el rumbo que tomar\u00eda el relato, sino incluso la calidad del mismo al compararlo con otras de sus obras.\" \/>\n<meta property=\"og:url\" content=\"https:\/\/cenal.gob.ve\/?p=24520\" \/>\n<meta property=\"og:site_name\" content=\"Cenal\" \/>\n<meta property=\"article:published_time\" content=\"2024-07-28T12:00:00+00:00\" \/>\n<meta property=\"article:modified_time\" content=\"2024-07-28T02:28:59+00:00\" \/>\n<meta property=\"og:image\" content=\"https:\/\/i0.wp.com\/cenal.gob.ve\/wp-content\/uploads\/2024\/07\/pexels-felixmittermeier-957312-scaled.jpg?fit=2560%2C1707&ssl=1\" \/>\n\t<meta property=\"og:image:width\" content=\"2560\" \/>\n\t<meta property=\"og:image:height\" content=\"1707\" \/>\n\t<meta property=\"og:image:type\" content=\"image\/jpeg\" \/>\n<meta name=\"author\" content=\"C\u00f3simo Mandrillo\" \/>\n<meta name=\"twitter:card\" content=\"summary_large_image\" \/>\n<meta name=\"twitter:title\" content=\"Cr\u00f3nica del alfil y la reina\" \/>\n<meta name=\"twitter:description\" content=\"Esta es la novela m\u00e1s personal de Mayra Montero. Lo ha dicho ella misma. Narra un acontecimiento de su vida que mantuvo oculto, a lo largo de muchos a\u00f1os, incluso de sus parientes m\u00e1s cercanos, l\u00e9ase madre y marido. Ese hecho, en apariencia simple, puede que haya marcado no solo el rumbo que tomar\u00eda el relato, sino incluso la calidad del mismo al compararlo con otras de sus obras.\" \/>\n<meta name=\"twitter:image\" content=\"https:\/\/cenal.gob.ve\/wp-content\/uploads\/2024\/07\/pexels-felixmittermeier-957312-scaled.jpg\" \/>\n<meta name=\"twitter:label1\" content=\"Written by\" \/>\n\t<meta name=\"twitter:data1\" content=\"C\u00f3simo Mandrillo\" \/>\n\t<meta name=\"twitter:label2\" content=\"Est. reading time\" \/>\n\t<meta name=\"twitter:data2\" content=\"4 minutos\" \/>\n<script type=\"application\/ld+json\" class=\"yoast-schema-graph\">{\"@context\":\"https:\/\/schema.org\",\"@graph\":[{\"@type\":\"Article\",\"@id\":\"https:\/\/cenal.gob.ve\/?p=24520#article\",\"isPartOf\":{\"@id\":\"https:\/\/cenal.gob.ve\/?p=24520\"},\"author\":{\"name\":\"C\u00f3simo Mandrillo\",\"@id\":\"https:\/\/cenal.gob.ve\/#\/schema\/person\/03f2ed4aa0ac06c17c6f979c5d7db558\"},\"headline\":\"Cr\u00f3nica del alfil y la reina\",\"datePublished\":\"2024-07-28T12:00:00+00:00\",\"dateModified\":\"2024-07-28T02:28:59+00:00\",\"mainEntityOfPage\":{\"@id\":\"https:\/\/cenal.gob.ve\/?p=24520\"},\"wordCount\":765,\"commentCount\":0,\"publisher\":{\"@id\":\"https:\/\/cenal.gob.ve\/#organization\"},\"keywords\":[\"Literatura er\u00f3tica\",\"Novelas\"],\"articleSection\":[\"Lectura m\u00ednima\",\"Lecturas\"],\"inLanguage\":\"es\",\"potentialAction\":[{\"@type\":\"CommentAction\",\"name\":\"Comment\",\"target\":[\"https:\/\/cenal.gob.ve\/?p=24520#respond\"]}]},{\"@type\":\"WebPage\",\"@id\":\"https:\/\/cenal.gob.ve\/?p=24520\",\"url\":\"https:\/\/cenal.gob.ve\/?p=24520\",\"name\":\"Cr\u00f3nica del alfil y la reina\",\"isPartOf\":{\"@id\":\"https:\/\/cenal.gob.ve\/#website\"},\"datePublished\":\"2024-07-28T12:00:00+00:00\",\"dateModified\":\"2024-07-28T02:28:59+00:00\",\"description\":\"Esta es la novela m\u00e1s personal de Mayra Montero. Lo ha dicho ella misma. Narra un acontecimiento de su vida que mantuvo oculto, a lo largo de muchos a\u00f1os, incluso de sus parientes m\u00e1s cercanos, l\u00e9ase madre y marido. Ese hecho, en apariencia simple, puede que haya marcado no solo el rumbo que tomar\u00eda el relato, sino incluso la calidad del mismo al compararlo con otras de sus obras\",\"breadcrumb\":{\"@id\":\"https:\/\/cenal.gob.ve\/?p=24520#breadcrumb\"},\"inLanguage\":\"es\",\"potentialAction\":[{\"@type\":\"ReadAction\",\"target\":[\"https:\/\/cenal.gob.ve\/?p=24520\"]}]},{\"@type\":\"BreadcrumbList\",\"@id\":\"https:\/\/cenal.gob.ve\/?p=24520#breadcrumb\",\"itemListElement\":[{\"@type\":\"ListItem\",\"position\":1,\"name\":\"Home\",\"item\":\"https:\/\/cenal.gob.ve\/\"},{\"@type\":\"ListItem\",\"position\":2,\"name\":\"Cr\u00f3nica del alfil y la reina\"}]},{\"@type\":\"WebSite\",\"@id\":\"https:\/\/cenal.gob.ve\/#website\",\"url\":\"https:\/\/cenal.gob.ve\/\",\"name\":\"Cenal\",\"description\":\"\",\"publisher\":{\"@id\":\"https:\/\/cenal.gob.ve\/#organization\"},\"potentialAction\":[{\"@type\":\"SearchAction\",\"target\":{\"@type\":\"EntryPoint\",\"urlTemplate\":\"https:\/\/cenal.gob.ve\/?s={search_term_string}\"},\"query-input\":\"required name=search_term_string\"}],\"inLanguage\":\"es\"},{\"@type\":\"Organization\",\"@id\":\"https:\/\/cenal.gob.ve\/#organization\",\"name\":\"CENAL\",\"url\":\"https:\/\/cenal.gob.ve\/\",\"sameAs\":[],\"logo\":{\"@type\":\"ImageObject\",\"inLanguage\":\"es\",\"@id\":\"https:\/\/cenal.gob.ve\/#\/schema\/logo\/image\/\",\"url\":\"https:\/\/i0.wp.com\/cenal.gob.ve\/wp-content\/uploads\/2022\/10\/cropped-images.jpg?fit=512%2C512\",\"contentUrl\":\"https:\/\/i0.wp.com\/cenal.gob.ve\/wp-content\/uploads\/2022\/10\/cropped-images.jpg?fit=512%2C512\",\"width\":512,\"height\":512,\"caption\":\"CENAL\"},\"image\":{\"@id\":\"https:\/\/cenal.gob.ve\/#\/schema\/logo\/image\/\"}},{\"@type\":\"Person\",\"@id\":\"https:\/\/cenal.gob.ve\/#\/schema\/person\/03f2ed4aa0ac06c17c6f979c5d7db558\",\"name\":\"C\u00f3simo Mandrillo\",\"image\":{\"@type\":\"ImageObject\",\"inLanguage\":\"es\",\"@id\":\"https:\/\/cenal.gob.ve\/#\/schema\/person\/image\/\",\"url\":\"https:\/\/secure.gravatar.com\/avatar\/4bf48f2ee4391517938cc9a456a58c4f?s=96&d=mm&r=g\",\"contentUrl\":\"https:\/\/secure.gravatar.com\/avatar\/4bf48f2ee4391517938cc9a456a58c4f?s=96&d=mm&r=g\",\"caption\":\"C\u00f3simo Mandrillo\"},\"description\":\"Escritor, doctor en Literatura Hispanoamericana por la Universidad de Iowa, mag\u00edster en Literatura Latinoamericana y profesor jubilado de la Universidad del Zulia. Fue galardonado con el Premio Regional de Literatura Jes\u00fas Enrique Losada (2000). Asimismo, se hizo acreedor del segundo lugar del concurso Los ni\u00f1os del Mercosur, de la editorial Comunicarte (Argentina, 2007).\",\"url\":\"https:\/\/cenal.gob.ve\/?author=28\"}]}<\/script>\n<!-- \/ Yoast SEO plugin. -->","yoast_head_json":{"title":"Cr\u00f3nica del alfil y la reina","description":"Esta es la novela m\u00e1s personal de Mayra Montero. Lo ha dicho ella misma. Narra un acontecimiento de su vida que mantuvo oculto, a lo largo de muchos a\u00f1os, incluso de sus parientes m\u00e1s cercanos, l\u00e9ase madre y marido. Ese hecho, en apariencia simple, puede que haya marcado no solo el rumbo que tomar\u00eda el relato, sino incluso la calidad del mismo al compararlo con otras de sus obras","robots":{"index":"index","follow":"follow","max-snippet":"max-snippet:-1","max-image-preview":"max-image-preview:large","max-video-preview":"max-video-preview:-1"},"canonical":"https:\/\/cenal.gob.ve\/?p=24520","og_locale":"es_ES","og_type":"article","og_title":"Cr\u00f3nica del alfil y la reina","og_description":"Esta es la novela m\u00e1s personal de Mayra Montero. Lo ha dicho ella misma. Narra un acontecimiento de su vida que mantuvo oculto, a lo largo de muchos a\u00f1os, incluso de sus parientes m\u00e1s cercanos, l\u00e9ase madre y marido. Ese hecho, en apariencia simple, puede que haya marcado no solo el rumbo que tomar\u00eda el relato, sino incluso la calidad del mismo al compararlo con otras de sus obras.","og_url":"https:\/\/cenal.gob.ve\/?p=24520","og_site_name":"Cenal","article_published_time":"2024-07-28T12:00:00+00:00","article_modified_time":"2024-07-28T02:28:59+00:00","og_image":[{"width":2560,"height":1707,"url":"https:\/\/i0.wp.com\/cenal.gob.ve\/wp-content\/uploads\/2024\/07\/pexels-felixmittermeier-957312-scaled.jpg?fit=2560%2C1707&ssl=1","type":"image\/jpeg"}],"author":"C\u00f3simo Mandrillo","twitter_card":"summary_large_image","twitter_title":"Cr\u00f3nica del alfil y la reina","twitter_description":"Esta es la novela m\u00e1s personal de Mayra Montero. Lo ha dicho ella misma. Narra un acontecimiento de su vida que mantuvo oculto, a lo largo de muchos a\u00f1os, incluso de sus parientes m\u00e1s cercanos, l\u00e9ase madre y marido. Ese hecho, en apariencia simple, puede que haya marcado no solo el rumbo que tomar\u00eda el relato, sino incluso la calidad del mismo al compararlo con otras de sus obras.","twitter_image":"https:\/\/cenal.gob.ve\/wp-content\/uploads\/2024\/07\/pexels-felixmittermeier-957312-scaled.jpg","twitter_misc":{"Written by":"C\u00f3simo Mandrillo","Est. reading time":"4 minutos"},"schema":{"@context":"https:\/\/schema.org","@graph":[{"@type":"Article","@id":"https:\/\/cenal.gob.ve\/?p=24520#article","isPartOf":{"@id":"https:\/\/cenal.gob.ve\/?p=24520"},"author":{"name":"C\u00f3simo Mandrillo","@id":"https:\/\/cenal.gob.ve\/#\/schema\/person\/03f2ed4aa0ac06c17c6f979c5d7db558"},"headline":"Cr\u00f3nica del alfil y la reina","datePublished":"2024-07-28T12:00:00+00:00","dateModified":"2024-07-28T02:28:59+00:00","mainEntityOfPage":{"@id":"https:\/\/cenal.gob.ve\/?p=24520"},"wordCount":765,"commentCount":0,"publisher":{"@id":"https:\/\/cenal.gob.ve\/#organization"},"keywords":["Literatura er\u00f3tica","Novelas"],"articleSection":["Lectura m\u00ednima","Lecturas"],"inLanguage":"es","potentialAction":[{"@type":"CommentAction","name":"Comment","target":["https:\/\/cenal.gob.ve\/?p=24520#respond"]}]},{"@type":"WebPage","@id":"https:\/\/cenal.gob.ve\/?p=24520","url":"https:\/\/cenal.gob.ve\/?p=24520","name":"Cr\u00f3nica del alfil y la reina","isPartOf":{"@id":"https:\/\/cenal.gob.ve\/#website"},"datePublished":"2024-07-28T12:00:00+00:00","dateModified":"2024-07-28T02:28:59+00:00","description":"Esta es la novela m\u00e1s personal de Mayra Montero. Lo ha dicho ella misma. Narra un acontecimiento de su vida que mantuvo oculto, a lo largo de muchos a\u00f1os, incluso de sus parientes m\u00e1s cercanos, l\u00e9ase madre y marido. Ese hecho, en apariencia simple, puede que haya marcado no solo el rumbo que tomar\u00eda el relato, sino incluso la calidad del mismo al compararlo con otras de sus obras","breadcrumb":{"@id":"https:\/\/cenal.gob.ve\/?p=24520#breadcrumb"},"inLanguage":"es","potentialAction":[{"@type":"ReadAction","target":["https:\/\/cenal.gob.ve\/?p=24520"]}]},{"@type":"BreadcrumbList","@id":"https:\/\/cenal.gob.ve\/?p=24520#breadcrumb","itemListElement":[{"@type":"ListItem","position":1,"name":"Home","item":"https:\/\/cenal.gob.ve\/"},{"@type":"ListItem","position":2,"name":"Cr\u00f3nica del alfil y la reina"}]},{"@type":"WebSite","@id":"https:\/\/cenal.gob.ve\/#website","url":"https:\/\/cenal.gob.ve\/","name":"Cenal","description":"","publisher":{"@id":"https:\/\/cenal.gob.ve\/#organization"},"potentialAction":[{"@type":"SearchAction","target":{"@type":"EntryPoint","urlTemplate":"https:\/\/cenal.gob.ve\/?s={search_term_string}"},"query-input":"required name=search_term_string"}],"inLanguage":"es"},{"@type":"Organization","@id":"https:\/\/cenal.gob.ve\/#organization","name":"CENAL","url":"https:\/\/cenal.gob.ve\/","sameAs":[],"logo":{"@type":"ImageObject","inLanguage":"es","@id":"https:\/\/cenal.gob.ve\/#\/schema\/logo\/image\/","url":"https:\/\/i0.wp.com\/cenal.gob.ve\/wp-content\/uploads\/2022\/10\/cropped-images.jpg?fit=512%2C512","contentUrl":"https:\/\/i0.wp.com\/cenal.gob.ve\/wp-content\/uploads\/2022\/10\/cropped-images.jpg?fit=512%2C512","width":512,"height":512,"caption":"CENAL"},"image":{"@id":"https:\/\/cenal.gob.ve\/#\/schema\/logo\/image\/"}},{"@type":"Person","@id":"https:\/\/cenal.gob.ve\/#\/schema\/person\/03f2ed4aa0ac06c17c6f979c5d7db558","name":"C\u00f3simo Mandrillo","image":{"@type":"ImageObject","inLanguage":"es","@id":"https:\/\/cenal.gob.ve\/#\/schema\/person\/image\/","url":"https:\/\/secure.gravatar.com\/avatar\/4bf48f2ee4391517938cc9a456a58c4f?s=96&d=mm&r=g","contentUrl":"https:\/\/secure.gravatar.com\/avatar\/4bf48f2ee4391517938cc9a456a58c4f?s=96&d=mm&r=g","caption":"C\u00f3simo Mandrillo"},"description":"Escritor, doctor en Literatura Hispanoamericana por la Universidad de Iowa, mag\u00edster en Literatura Latinoamericana y profesor jubilado de la Universidad del Zulia. Fue galardonado con el Premio Regional de Literatura Jes\u00fas Enrique Losada (2000). Asimismo, se hizo acreedor del segundo lugar del concurso Los ni\u00f1os del Mercosur, de la editorial Comunicarte (Argentina, 2007).","url":"https:\/\/cenal.gob.ve\/?author=28"}]}},"jetpack_featured_media_url":"https:\/\/cenal.gob.ve\/wp-content\/uploads\/2024\/07\/pexels-felixmittermeier-957312-scaled.jpg","jetpack_publicize_connections":[],"jetpack_shortlink":"https:\/\/wp.me\/p5FMhp-6nu","_links":{"self":[{"href":"https:\/\/cenal.gob.ve\/index.php?rest_route=\/wp\/v2\/posts\/24520"}],"collection":[{"href":"https:\/\/cenal.gob.ve\/index.php?rest_route=\/wp\/v2\/posts"}],"about":[{"href":"https:\/\/cenal.gob.ve\/index.php?rest_route=\/wp\/v2\/types\/post"}],"author":[{"embeddable":true,"href":"https:\/\/cenal.gob.ve\/index.php?rest_route=\/wp\/v2\/users\/28"}],"replies":[{"embeddable":true,"href":"https:\/\/cenal.gob.ve\/index.php?rest_route=%2Fwp%2Fv2%2Fcomments&post=24520"}],"version-history":[{"count":1,"href":"https:\/\/cenal.gob.ve\/index.php?rest_route=\/wp\/v2\/posts\/24520\/revisions"}],"predecessor-version":[{"id":24523,"href":"https:\/\/cenal.gob.ve\/index.php?rest_route=\/wp\/v2\/posts\/24520\/revisions\/24523"}],"wp:featuredmedia":[{"embeddable":true,"href":"https:\/\/cenal.gob.ve\/index.php?rest_route=\/wp\/v2\/media\/24522"}],"wp:attachment":[{"href":"https:\/\/cenal.gob.ve\/index.php?rest_route=%2Fwp%2Fv2%2Fmedia&parent=24520"}],"wp:term":[{"taxonomy":"category","embeddable":true,"href":"https:\/\/cenal.gob.ve\/index.php?rest_route=%2Fwp%2Fv2%2Fcategories&post=24520"},{"taxonomy":"post_tag","embeddable":true,"href":"https:\/\/cenal.gob.ve\/index.php?rest_route=%2Fwp%2Fv2%2Ftags&post=24520"}],"curies":[{"name":"wp","href":"https:\/\/api.w.org\/{rel}","templated":true}]}}