{"id":24524,"date":"2024-07-28T08:01:00","date_gmt":"2024-07-28T12:01:00","guid":{"rendered":"https:\/\/cenal.gob.ve\/?p=24524"},"modified":"2024-07-28T07:11:41","modified_gmt":"2024-07-28T11:11:41","slug":"ficciones-en-la-literatura-erotica","status":"publish","type":"post","link":"https:\/\/cenal.gob.ve\/?p=24524","title":{"rendered":"Ficciones en la literatura er\u00f3tica"},"content":{"rendered":"\n<p class=\"has-drop-cap\">Comenzaba a correr el a\u00f1o 2003 cuando el editor Leonardo Milla me invit\u00f3 a almorzar a un restaurant en Sabana Grande. Era la \u00e9poca en que yo dirig\u00eda una editorial y librer\u00eda virtual que se llam\u00f3 Comala.com. En medio del almuerzo, despu\u00e9s de conversaciones t\u00edpicas de editores y antes de la sobremesa, me dice que quiere crear una colecci\u00f3n y un premio de literatura er\u00f3tica.<\/p>\n\n\n\n<p>Para Milla era el momento propicio para lanzar este concurso literario debido a que en 2002 el Premio La Sonrisa Vertical, de la editorial Tusquets, el fallo fue desierto y ten\u00eda informaci\u00f3n de primera mano de que no continuar\u00eda por la poca calidad literaria. As\u00ed que me propuso que dirigiera la nov\u00edsima colecci\u00f3n para Alfadil y que participara en el jurado como presidente.<\/p>\n\n\n\n<p>El premio, que se llam\u00f3 Letra Erecta, tuvo tres ediciones y los ganadores fueron la cubana Vivian Jim\u00e9nez, el espa\u00f1ol Jos\u00e9 Luis Mu\u00f1oz (Premio Sonrisa Vertical, 1990) y el peruano-venezolano Jorge Gustavo Portella. La colecci\u00f3n logr\u00f3 tener las firmas de Denzil Romero con <em>La esposa del Dr. Thorne<\/em> (Premio La Sonrisa Vertical, 1988) y Ana Teresa Torres con su novela <em>La favorita del Se\u00f1or<\/em> (finalista del Premio La Sonrisa Vertical, 1993). Tambi\u00e9n entr\u00f3 en el cat\u00e1logo Israel Centeno con <em>La casa del drag\u00f3n<\/em> (2004).<\/p>\n\n\n\n<p>En la \u00faltima edici\u00f3n del premio una escritora pidi\u00f3 la valoraci\u00f3n de por qu\u00e9 no hab\u00eda logrado alguna distinci\u00f3n. El certamen era bajo seud\u00f3nimo y los manuscritos deb\u00edan ser in\u00e9ditos, pero revel\u00f3 su autor\u00eda al enviar la petici\u00f3n a trav\u00e9s de un correo electr\u00f3nico. Este no fue respondido porque no estaba estipulado en las bases, pero a los d\u00edas insisti\u00f3 con una llamada telef\u00f3nica a la gerente editorial de Alfadil pidiendo explicaciones.<\/p>\n\n\n\n<p>Mi respuesta a la Gerente, si mal no recuerdo, fue que para que una novela er\u00f3tica sea considerada como tal, primero tiene que ser novela y luego er\u00f3tica. No pongo comillas porque perd\u00ed el correo, pero es algo que puedo sostener en cualquier momento. \u201cSoy de pocas ideas, pero fijas\u201d, como dec\u00eda el matem\u00e1tico Frank Ba\u00edz Quevedo.<\/p>\n\n\n\n<figure class=\"wp-block-image size-full\"><img width=\"360\" height=\"540\" src=\"http:\/\/cenal.gob.ve\/wp-content\/uploads\/2024\/07\/portada_la-tarde-que-bobby-no-bajo-a-jugar_mayra-montero_202404041328.webp\" alt=\"\" class=\"wp-image-24521\" srcset=\"https:\/\/cenal.gob.ve\/wp-content\/uploads\/2024\/07\/portada_la-tarde-que-bobby-no-bajo-a-jugar_mayra-montero_202404041328.webp 360w, https:\/\/cenal.gob.ve\/wp-content\/uploads\/2024\/07\/portada_la-tarde-que-bobby-no-bajo-a-jugar_mayra-montero_202404041328-200x300.webp 200w\" sizes=\"(max-width: 360px) 100vw, 360px\" \/><\/figure>\n\n\n\n<p>Traigo a colaci\u00f3n esta historia personal porque en la v\u00edspera de la Feria del Libro de Madrid, Rosa Montero promocion\u00f3 por las redes sociales el libro de una autora que ha logrado fama con la literatura er\u00f3tica: \u201cSi quer\u00e9is comprar una novela magn\u00edfica, os aconsejo que compr\u00e9is <em>La tarde que Bobby no baj\u00f3 a jugar<\/em>, de la cubana-portorrique\u00f1a Mayra Montero (nada que ver conmigo pese al apellido) que es un libro fabuloso, que adem\u00e1s de ser literariamente buen\u00edsimo est\u00e1 basado en la realidad, en una historia incre\u00edble del tremendo ajedrecista Bobby Fisher. Os va a encantar, os lo aseguro\u201d.<\/p>\n\n\n\n<p>Mayra Montero (1952) fue finalista del premio La Sonrisa Vertical\u00a0 en 1991 con <em>La \u00faltima noche que pas\u00e9 contigo,<\/em> pero en 2000 logra alzarse con el premio con <em>P\u00farpura profundo<\/em>. Antes de aparecer su m\u00e1s reciente novela, public\u00f3 entre otras, una novela hist\u00f3rica sobre Francisco de Miranda, <em>El caballero de San Petesburgo<\/em>.<\/p>\n\n\n\n<p><em>La tarde que Bobby no baj\u00f3 a jugar<\/em> ha sido publicitada como una historia real. Supuestamente la autora guard\u00f3 el secreto hasta que desaparecieran f\u00edsicamente su madre; pero en especial, su esposo. El secreto tan bien guardado confirma que el morbo no escapa ni siquiera al mercado editorial espa\u00f1ol.<\/p>\n\n\n\n<p>La novela est\u00e1 escrita extraordinariamente bien, como una relojer\u00eda suiza, en donde adem\u00e1s, ten\u00eda que serlo, puesto que unos relojeros polacos \u2014y sus descendientes cubanos\u2014 son parte de la historia con Bobby Fischer, el talentoso ajedrecista, cuando fue a Cuba a la edad de 13 a\u00f1os con su madre a participar en las sesiones de simult\u00e1neas en el Club Capablanca, en donde gan\u00f3 diez partidas y empat\u00f3 dos. En ese a\u00f1o, 1956, comenz\u00f3 a ser reconocido por el p\u00fablico y la prensa.<\/p>\n\n\n\n<p>La historia transcurre en alternancias con 1966, su segunda visita a Cuba en donde Mayra, bajo el nombre de Miriam en la novela, ha sido utilizada como pe\u00f3n del tablero de ajedrez puesto que el personaje, desde sus 14 a\u00f1os critica a la revoluci\u00f3n cubana, pero idealiza el entramado en que ella estuvo sometida e idealiza una supuesta relaci\u00f3n amorosa. La abuela y escritora Mayra Montero, sin ser diestra en el juego del ej\u00e9rcito, hizo jaque al ajedrecista estrella de Estados Unidos, a quien ahora algunos lectores no ver\u00e1n con los mismos ojos.<\/p>\n","protected":false},"excerpt":{"rendered":"<p>La novela La tarde que Bobby no baj\u00f3 a jugar est\u00e1 escrita extraordinariamente bien, como una relojer\u00eda suiza, en donde adem\u00e1s, ten\u00eda que serlo, puesto que unos relojeros polacos \u2014y sus descendientes cubanos\u2014 son parte de la historia con Bobby Fischer, el talentoso ajedrecista<\/p>\n","protected":false},"author":9,"featured_media":24525,"comment_status":"open","ping_status":"closed","sticky":false,"template":"","format":"standard","meta":{"spay_email":"","jetpack_publicize_message":"","jetpack_is_tweetstorm":false,"jetpack_publicize_feature_enabled":true},"categories":[53,69],"tags":[228,216],"yoast_head":"<!-- This site is optimized with the Yoast SEO plugin v19.8 - https:\/\/yoast.com\/wordpress\/plugins\/seo\/ -->\n<title>Ficciones en la literatura er\u00f3tica<\/title>\n<meta name=\"description\" content=\"La novela est\u00e1 escrita extraordinariamente bien, como una relojer\u00eda suiza, en donde adem\u00e1s, ten\u00eda que serlo, puesto que unos relojeros polacos \u2014y sus descendientes cubanos\u2014 son parte de la historia con Bobby Fischer, el talentoso ajedrecista\" \/>\n<meta name=\"robots\" content=\"index, follow, max-snippet:-1, max-image-preview:large, max-video-preview:-1\" \/>\n<link rel=\"canonical\" href=\"https:\/\/cenal.gob.ve\/?p=24524\" \/>\n<meta property=\"og:locale\" content=\"es_ES\" \/>\n<meta property=\"og:type\" content=\"article\" \/>\n<meta property=\"og:title\" content=\"Ficciones en la literatura er\u00f3tica\" \/>\n<meta property=\"og:description\" content=\"La novela La tarde que Bobby no baj\u00f3 a jugar est\u00e1 escrita extraordinariamente bien, como una relojer\u00eda suiza, en donde adem\u00e1s, ten\u00eda que serlo, puesto que unos relojeros polacos \u2014y sus descendientes cubanos\u2014 son parte de la historia con Bobby Fischer, el talentoso ajedrecista\" \/>\n<meta property=\"og:url\" content=\"https:\/\/cenal.gob.ve\/?p=24524\" \/>\n<meta property=\"og:site_name\" content=\"Cenal\" \/>\n<meta property=\"article:published_time\" content=\"2024-07-28T12:01:00+00:00\" \/>\n<meta property=\"article:modified_time\" content=\"2024-07-28T11:11:41+00:00\" \/>\n<meta property=\"og:image\" content=\"https:\/\/i0.wp.com\/cenal.gob.ve\/wp-content\/uploads\/2024\/07\/portada_la-tarde-que-bobby-no-bajo-a-jugar_mayra-montero_202404041328.webp?fit=360%2C540&ssl=1\" \/>\n\t<meta property=\"og:image:width\" content=\"360\" \/>\n\t<meta property=\"og:image:height\" content=\"540\" \/>\n\t<meta property=\"og:image:type\" content=\"image\/webp\" \/>\n<meta name=\"author\" content=\"Ra\u00fal Cazal\" \/>\n<meta name=\"twitter:card\" content=\"summary_large_image\" \/>\n<meta name=\"twitter:title\" content=\"Ficciones en la literatura er\u00f3tica\" \/>\n<meta name=\"twitter:description\" content=\"La novela La tarde que Bobby no baj\u00f3 a jugar est\u00e1 escrita extraordinariamente bien, como una relojer\u00eda suiza, en donde adem\u00e1s, ten\u00eda que serlo, puesto que unos relojeros polacos \u2014y sus descendientes cubanos\u2014 son parte de la historia con Bobby Fischer, el talentoso ajedrecista\" \/>\n<meta name=\"twitter:image\" content=\"https:\/\/cenal.gob.ve\/wp-content\/uploads\/2024\/07\/portada_la-tarde-que-bobby-no-bajo-a-jugar_mayra-montero_202404041328.webp\" \/>\n<meta name=\"twitter:label1\" content=\"Written by\" \/>\n\t<meta name=\"twitter:data1\" content=\"Ra\u00fal Cazal\" \/>\n\t<meta name=\"twitter:label2\" content=\"Est. reading time\" \/>\n\t<meta name=\"twitter:data2\" content=\"4 minutos\" \/>\n<script type=\"application\/ld+json\" class=\"yoast-schema-graph\">{\"@context\":\"https:\/\/schema.org\",\"@graph\":[{\"@type\":\"Article\",\"@id\":\"https:\/\/cenal.gob.ve\/?p=24524#article\",\"isPartOf\":{\"@id\":\"https:\/\/cenal.gob.ve\/?p=24524\"},\"author\":{\"name\":\"Ra\u00fal Cazal\",\"@id\":\"https:\/\/cenal.gob.ve\/#\/schema\/person\/a6db8b0bfca231546dc925c41aead319\"},\"headline\":\"Ficciones en la literatura er\u00f3tica\",\"datePublished\":\"2024-07-28T12:01:00+00:00\",\"dateModified\":\"2024-07-28T11:11:41+00:00\",\"mainEntityOfPage\":{\"@id\":\"https:\/\/cenal.gob.ve\/?p=24524\"},\"wordCount\":776,\"commentCount\":1,\"publisher\":{\"@id\":\"https:\/\/cenal.gob.ve\/#organization\"},\"keywords\":[\"Literatura er\u00f3tica\",\"Novelas\"],\"articleSection\":[\"Lecturas\",\"Ojo por hoja\"],\"inLanguage\":\"es\",\"potentialAction\":[{\"@type\":\"CommentAction\",\"name\":\"Comment\",\"target\":[\"https:\/\/cenal.gob.ve\/?p=24524#respond\"]}]},{\"@type\":\"WebPage\",\"@id\":\"https:\/\/cenal.gob.ve\/?p=24524\",\"url\":\"https:\/\/cenal.gob.ve\/?p=24524\",\"name\":\"Ficciones en la literatura er\u00f3tica\",\"isPartOf\":{\"@id\":\"https:\/\/cenal.gob.ve\/#website\"},\"datePublished\":\"2024-07-28T12:01:00+00:00\",\"dateModified\":\"2024-07-28T11:11:41+00:00\",\"description\":\"La novela est\u00e1 escrita extraordinariamente bien, como una relojer\u00eda suiza, en donde adem\u00e1s, ten\u00eda que serlo, puesto que unos relojeros polacos \u2014y sus descendientes cubanos\u2014 son parte de la historia con Bobby Fischer, el talentoso ajedrecista\",\"breadcrumb\":{\"@id\":\"https:\/\/cenal.gob.ve\/?p=24524#breadcrumb\"},\"inLanguage\":\"es\",\"potentialAction\":[{\"@type\":\"ReadAction\",\"target\":[\"https:\/\/cenal.gob.ve\/?p=24524\"]}]},{\"@type\":\"BreadcrumbList\",\"@id\":\"https:\/\/cenal.gob.ve\/?p=24524#breadcrumb\",\"itemListElement\":[{\"@type\":\"ListItem\",\"position\":1,\"name\":\"Home\",\"item\":\"https:\/\/cenal.gob.ve\/\"},{\"@type\":\"ListItem\",\"position\":2,\"name\":\"Ficciones en la literatura er\u00f3tica\"}]},{\"@type\":\"WebSite\",\"@id\":\"https:\/\/cenal.gob.ve\/#website\",\"url\":\"https:\/\/cenal.gob.ve\/\",\"name\":\"Cenal\",\"description\":\"\",\"publisher\":{\"@id\":\"https:\/\/cenal.gob.ve\/#organization\"},\"potentialAction\":[{\"@type\":\"SearchAction\",\"target\":{\"@type\":\"EntryPoint\",\"urlTemplate\":\"https:\/\/cenal.gob.ve\/?s={search_term_string}\"},\"query-input\":\"required name=search_term_string\"}],\"inLanguage\":\"es\"},{\"@type\":\"Organization\",\"@id\":\"https:\/\/cenal.gob.ve\/#organization\",\"name\":\"CENAL\",\"url\":\"https:\/\/cenal.gob.ve\/\",\"sameAs\":[],\"logo\":{\"@type\":\"ImageObject\",\"inLanguage\":\"es\",\"@id\":\"https:\/\/cenal.gob.ve\/#\/schema\/logo\/image\/\",\"url\":\"https:\/\/i0.wp.com\/cenal.gob.ve\/wp-content\/uploads\/2022\/10\/cropped-images.jpg?fit=512%2C512\",\"contentUrl\":\"https:\/\/i0.wp.com\/cenal.gob.ve\/wp-content\/uploads\/2022\/10\/cropped-images.jpg?fit=512%2C512\",\"width\":512,\"height\":512,\"caption\":\"CENAL\"},\"image\":{\"@id\":\"https:\/\/cenal.gob.ve\/#\/schema\/logo\/image\/\"}},{\"@type\":\"Person\",\"@id\":\"https:\/\/cenal.gob.ve\/#\/schema\/person\/a6db8b0bfca231546dc925c41aead319\",\"name\":\"Ra\u00fal Cazal\",\"image\":{\"@type\":\"ImageObject\",\"inLanguage\":\"es\",\"@id\":\"https:\/\/cenal.gob.ve\/#\/schema\/person\/image\/\",\"url\":\"https:\/\/secure.gravatar.com\/avatar\/efcec262923fa6cdb1746d5c7c9fb742?s=96&d=mm&r=g\",\"contentUrl\":\"https:\/\/secure.gravatar.com\/avatar\/efcec262923fa6cdb1746d5c7c9fb742?s=96&d=mm&r=g\",\"caption\":\"Ra\u00fal Cazal\"},\"description\":\"Escritor, periodista y editor. Presidente del Centro Nacional del Libro desde noviembre de 2018. En febrero de 2019 asume la Direcci\u00f3n General de la Fundaci\u00f3n Editorial El perro y la rana y en agosto es nombrado Viceministro de Fomento para la Econom\u00eda Cultural. Es autor de los libros\u00a0de cuentos El bolero se baila pegadito (1988), Todo tiene su final (1992) y de poes\u00eda Algunas cuestiones sin importancia (1994). Es coautor con Freddy Fern\u00e1ndez del ensayo A qui\u00e9n le importa la opini\u00f3n de un ciego (2006). Gracias, medios de comunicaci\u00f3n (2018) fue merecedor del Premio Nacional de Periodismo en 2019, menci\u00f3n Libro. Actualmente dirige y conduce Las formas del libro.\",\"url\":\"https:\/\/cenal.gob.ve\/?author=9\"}]}<\/script>\n<!-- \/ Yoast SEO plugin. -->","yoast_head_json":{"title":"Ficciones en la literatura er\u00f3tica","description":"La novela est\u00e1 escrita extraordinariamente bien, como una relojer\u00eda suiza, en donde adem\u00e1s, ten\u00eda que serlo, puesto que unos relojeros polacos \u2014y sus descendientes cubanos\u2014 son parte de la historia con Bobby Fischer, el talentoso ajedrecista","robots":{"index":"index","follow":"follow","max-snippet":"max-snippet:-1","max-image-preview":"max-image-preview:large","max-video-preview":"max-video-preview:-1"},"canonical":"https:\/\/cenal.gob.ve\/?p=24524","og_locale":"es_ES","og_type":"article","og_title":"Ficciones en la literatura er\u00f3tica","og_description":"La novela La tarde que Bobby no baj\u00f3 a jugar est\u00e1 escrita extraordinariamente bien, como una relojer\u00eda suiza, en donde adem\u00e1s, ten\u00eda que serlo, puesto que unos relojeros polacos \u2014y sus descendientes cubanos\u2014 son parte de la historia con Bobby Fischer, el talentoso ajedrecista","og_url":"https:\/\/cenal.gob.ve\/?p=24524","og_site_name":"Cenal","article_published_time":"2024-07-28T12:01:00+00:00","article_modified_time":"2024-07-28T11:11:41+00:00","og_image":[{"width":360,"height":540,"url":"https:\/\/i0.wp.com\/cenal.gob.ve\/wp-content\/uploads\/2024\/07\/portada_la-tarde-que-bobby-no-bajo-a-jugar_mayra-montero_202404041328.webp?fit=360%2C540&ssl=1","type":"image\/webp"}],"author":"Ra\u00fal Cazal","twitter_card":"summary_large_image","twitter_title":"Ficciones en la literatura er\u00f3tica","twitter_description":"La novela La tarde que Bobby no baj\u00f3 a jugar est\u00e1 escrita extraordinariamente bien, como una relojer\u00eda suiza, en donde adem\u00e1s, ten\u00eda que serlo, puesto que unos relojeros polacos \u2014y sus descendientes cubanos\u2014 son parte de la historia con Bobby Fischer, el talentoso ajedrecista","twitter_image":"https:\/\/cenal.gob.ve\/wp-content\/uploads\/2024\/07\/portada_la-tarde-que-bobby-no-bajo-a-jugar_mayra-montero_202404041328.webp","twitter_misc":{"Written by":"Ra\u00fal Cazal","Est. reading time":"4 minutos"},"schema":{"@context":"https:\/\/schema.org","@graph":[{"@type":"Article","@id":"https:\/\/cenal.gob.ve\/?p=24524#article","isPartOf":{"@id":"https:\/\/cenal.gob.ve\/?p=24524"},"author":{"name":"Ra\u00fal Cazal","@id":"https:\/\/cenal.gob.ve\/#\/schema\/person\/a6db8b0bfca231546dc925c41aead319"},"headline":"Ficciones en la literatura er\u00f3tica","datePublished":"2024-07-28T12:01:00+00:00","dateModified":"2024-07-28T11:11:41+00:00","mainEntityOfPage":{"@id":"https:\/\/cenal.gob.ve\/?p=24524"},"wordCount":776,"commentCount":1,"publisher":{"@id":"https:\/\/cenal.gob.ve\/#organization"},"keywords":["Literatura er\u00f3tica","Novelas"],"articleSection":["Lecturas","Ojo por hoja"],"inLanguage":"es","potentialAction":[{"@type":"CommentAction","name":"Comment","target":["https:\/\/cenal.gob.ve\/?p=24524#respond"]}]},{"@type":"WebPage","@id":"https:\/\/cenal.gob.ve\/?p=24524","url":"https:\/\/cenal.gob.ve\/?p=24524","name":"Ficciones en la literatura er\u00f3tica","isPartOf":{"@id":"https:\/\/cenal.gob.ve\/#website"},"datePublished":"2024-07-28T12:01:00+00:00","dateModified":"2024-07-28T11:11:41+00:00","description":"La novela est\u00e1 escrita extraordinariamente bien, como una relojer\u00eda suiza, en donde adem\u00e1s, ten\u00eda que serlo, puesto que unos relojeros polacos \u2014y sus descendientes cubanos\u2014 son parte de la historia con Bobby Fischer, el talentoso ajedrecista","breadcrumb":{"@id":"https:\/\/cenal.gob.ve\/?p=24524#breadcrumb"},"inLanguage":"es","potentialAction":[{"@type":"ReadAction","target":["https:\/\/cenal.gob.ve\/?p=24524"]}]},{"@type":"BreadcrumbList","@id":"https:\/\/cenal.gob.ve\/?p=24524#breadcrumb","itemListElement":[{"@type":"ListItem","position":1,"name":"Home","item":"https:\/\/cenal.gob.ve\/"},{"@type":"ListItem","position":2,"name":"Ficciones en la literatura er\u00f3tica"}]},{"@type":"WebSite","@id":"https:\/\/cenal.gob.ve\/#website","url":"https:\/\/cenal.gob.ve\/","name":"Cenal","description":"","publisher":{"@id":"https:\/\/cenal.gob.ve\/#organization"},"potentialAction":[{"@type":"SearchAction","target":{"@type":"EntryPoint","urlTemplate":"https:\/\/cenal.gob.ve\/?s={search_term_string}"},"query-input":"required name=search_term_string"}],"inLanguage":"es"},{"@type":"Organization","@id":"https:\/\/cenal.gob.ve\/#organization","name":"CENAL","url":"https:\/\/cenal.gob.ve\/","sameAs":[],"logo":{"@type":"ImageObject","inLanguage":"es","@id":"https:\/\/cenal.gob.ve\/#\/schema\/logo\/image\/","url":"https:\/\/i0.wp.com\/cenal.gob.ve\/wp-content\/uploads\/2022\/10\/cropped-images.jpg?fit=512%2C512","contentUrl":"https:\/\/i0.wp.com\/cenal.gob.ve\/wp-content\/uploads\/2022\/10\/cropped-images.jpg?fit=512%2C512","width":512,"height":512,"caption":"CENAL"},"image":{"@id":"https:\/\/cenal.gob.ve\/#\/schema\/logo\/image\/"}},{"@type":"Person","@id":"https:\/\/cenal.gob.ve\/#\/schema\/person\/a6db8b0bfca231546dc925c41aead319","name":"Ra\u00fal Cazal","image":{"@type":"ImageObject","inLanguage":"es","@id":"https:\/\/cenal.gob.ve\/#\/schema\/person\/image\/","url":"https:\/\/secure.gravatar.com\/avatar\/efcec262923fa6cdb1746d5c7c9fb742?s=96&d=mm&r=g","contentUrl":"https:\/\/secure.gravatar.com\/avatar\/efcec262923fa6cdb1746d5c7c9fb742?s=96&d=mm&r=g","caption":"Ra\u00fal Cazal"},"description":"Escritor, periodista y editor. Presidente del Centro Nacional del Libro desde noviembre de 2018. En febrero de 2019 asume la Direcci\u00f3n General de la Fundaci\u00f3n Editorial El perro y la rana y en agosto es nombrado Viceministro de Fomento para la Econom\u00eda Cultural. Es autor de los libros\u00a0de cuentos El bolero se baila pegadito (1988), Todo tiene su final (1992) y de poes\u00eda Algunas cuestiones sin importancia (1994). Es coautor con Freddy Fern\u00e1ndez del ensayo A qui\u00e9n le importa la opini\u00f3n de un ciego (2006). Gracias, medios de comunicaci\u00f3n (2018) fue merecedor del Premio Nacional de Periodismo en 2019, menci\u00f3n Libro. Actualmente dirige y conduce Las formas del libro.","url":"https:\/\/cenal.gob.ve\/?author=9"}]}},"jetpack_featured_media_url":"https:\/\/cenal.gob.ve\/wp-content\/uploads\/2024\/07\/peo\u0301n-ajedrez-scaled.jpg","jetpack_publicize_connections":[],"jetpack_shortlink":"https:\/\/wp.me\/p5FMhp-6ny","_links":{"self":[{"href":"https:\/\/cenal.gob.ve\/index.php?rest_route=\/wp\/v2\/posts\/24524"}],"collection":[{"href":"https:\/\/cenal.gob.ve\/index.php?rest_route=\/wp\/v2\/posts"}],"about":[{"href":"https:\/\/cenal.gob.ve\/index.php?rest_route=\/wp\/v2\/types\/post"}],"author":[{"embeddable":true,"href":"https:\/\/cenal.gob.ve\/index.php?rest_route=\/wp\/v2\/users\/9"}],"replies":[{"embeddable":true,"href":"https:\/\/cenal.gob.ve\/index.php?rest_route=%2Fwp%2Fv2%2Fcomments&post=24524"}],"version-history":[{"count":1,"href":"https:\/\/cenal.gob.ve\/index.php?rest_route=\/wp\/v2\/posts\/24524\/revisions"}],"predecessor-version":[{"id":24526,"href":"https:\/\/cenal.gob.ve\/index.php?rest_route=\/wp\/v2\/posts\/24524\/revisions\/24526"}],"wp:featuredmedia":[{"embeddable":true,"href":"https:\/\/cenal.gob.ve\/index.php?rest_route=\/wp\/v2\/media\/24525"}],"wp:attachment":[{"href":"https:\/\/cenal.gob.ve\/index.php?rest_route=%2Fwp%2Fv2%2Fmedia&parent=24524"}],"wp:term":[{"taxonomy":"category","embeddable":true,"href":"https:\/\/cenal.gob.ve\/index.php?rest_route=%2Fwp%2Fv2%2Fcategories&post=24524"},{"taxonomy":"post_tag","embeddable":true,"href":"https:\/\/cenal.gob.ve\/index.php?rest_route=%2Fwp%2Fv2%2Ftags&post=24524"}],"curies":[{"name":"wp","href":"https:\/\/api.w.org\/{rel}","templated":true}]}}